{"id":50733,"date":"2025-09-18T22:34:47","date_gmt":"2025-09-18T20:34:47","guid":{"rendered":"https:\/\/orthodoxia.be\/?p=50733"},"modified":"2025-09-23T15:28:14","modified_gmt":"2025-09-23T13:28:14","slug":"conference-orthodoxos-logos-vivre-en-tant-que-chretiens-dans-un-monde-chaotique","status":"publish","type":"post","link":"https:\/\/orthodoxia.be\/fr\/2025\/09\/18\/conference-orthodoxos-logos-vivre-en-tant-que-chretiens-dans-un-monde-chaotique\/","title":{"rendered":"Conf\u00e9rence \u00ab\u00a0Orthodoxos Logos\u00a0\u00bb\u00a0:\u00a0\u00ab Vivre en tant que chr\u00e9tiens dans un monde chaotique\u00a0\u00bb"},"content":{"rendered":"\n<p>C\u2019est avec grand succ\u00e8s que s\u2019est tenue, jeudi 18 septembre 2025, au Centre Orthodoxe Ambiorix \u00e0 Bruxelles, la conf\u00e9rence programm\u00e9e dans le cadre du cycle \u00ab&nbsp;Orthodoxos Logos&nbsp;\u00bb de l\u2019Archev\u00each\u00e9 de Belgique, avec pour intervenant le Protopresbytre du Tr\u00f4ne \u0152cum\u00e9nique Dr Stavros Kofinas, sur le th\u00e8me&nbsp;:&nbsp;\u00ab&nbsp;Vivre en tant que chr\u00e9tiens dans un monde chaotique&nbsp;\u00bb.<\/p>\n\n\n\n<p>La conf\u00e9rence, qui s\u2019est d\u00e9roul\u00e9e en anglais, a attir\u00e9 une multitude de fid\u00e8les et d\u2019amis de l\u2019Orthodoxie de diverses nationalit\u00e9s, lesquels ont rempli la salle du Centre Orthodoxe et ont particip\u00e9 activement par des questions\/r\u00e9flexions.<\/p>\n\n\n\n<p>Le v\u00e9n\u00e9rable conf\u00e9rencier, avec une parole th\u00e9ologique profonde, une sensibilit\u00e9 pastorale et une longue exp\u00e9rience, a analys\u00e9 les d\u00e9fis auxquels l\u2019homme contemporain est confront\u00e9 dans un monde rempli de troubles, d\u2019instabilit\u00e9 et de confusion morale. \u00c0 la lumi\u00e8re de la spiritualit\u00e9 orthodoxe, il a soulign\u00e9 la n\u00e9cessit\u00e9 de pr\u00e9server l\u2019esp\u00e9rance, la foi et l\u2019amour comme fondements du t\u00e9moignage chr\u00e9tien dans le monde actuel.<\/p>\n\n\n\n<p>S\u2019ensuivit une discussion au cours de laquelle les participants eurent l\u2019occasion d\u2019approfondir davantage le sujet, en exprimant des questions et des r\u00e9flexions personnelles, auxquelles le p. Stavros r\u00e9pondit avec sagesse et discernement pastoral.&nbsp;<\/p>\n\n\n\n<p><\/p>\n\n\n\n<p><\/p>\n\n\n\n<figure class=\"wp-block-image size-full\"><img loading=\"lazy\" decoding=\"async\" width=\"1023\" height=\"767\" src=\"https:\/\/orthodoxia.be\/wp-content\/uploads\/2025\/09\/IMG_7067.jpeg\" alt=\"\" class=\"wp-image-50704\" srcset=\"https:\/\/orthodoxia.be\/wp-content\/uploads\/2025\/09\/IMG_7067.jpeg 1023w, https:\/\/orthodoxia.be\/wp-content\/uploads\/2025\/09\/IMG_7067-300x225.jpeg 300w, https:\/\/orthodoxia.be\/wp-content\/uploads\/2025\/09\/IMG_7067-768x576.jpeg 768w\" sizes=\"auto, (max-width: 1023px) 100vw, 1023px\" \/><\/figure>\n\n\n\n<figure class=\"wp-block-image size-full\"><img loading=\"lazy\" decoding=\"async\" width=\"1023\" height=\"767\" src=\"https:\/\/orthodoxia.be\/wp-content\/uploads\/2025\/09\/IMG_7241.jpeg\" alt=\"\" class=\"wp-image-50713\" srcset=\"https:\/\/orthodoxia.be\/wp-content\/uploads\/2025\/09\/IMG_7241.jpeg 1023w, https:\/\/orthodoxia.be\/wp-content\/uploads\/2025\/09\/IMG_7241-300x225.jpeg 300w, https:\/\/orthodoxia.be\/wp-content\/uploads\/2025\/09\/IMG_7241-768x576.jpeg 768w\" sizes=\"auto, (max-width: 1023px) 100vw, 1023px\" \/><\/figure>\n\n\n\n<figure class=\"wp-block-image size-full\"><img loading=\"lazy\" decoding=\"async\" width=\"1023\" height=\"767\" src=\"https:\/\/orthodoxia.be\/wp-content\/uploads\/2025\/09\/IMG_7256.jpeg\" alt=\"\" class=\"wp-image-50722\" srcset=\"https:\/\/orthodoxia.be\/wp-content\/uploads\/2025\/09\/IMG_7256.jpeg 1023w, https:\/\/orthodoxia.be\/wp-content\/uploads\/2025\/09\/IMG_7256-300x225.jpeg 300w, https:\/\/orthodoxia.be\/wp-content\/uploads\/2025\/09\/IMG_7256-768x576.jpeg 768w\" sizes=\"auto, (max-width: 1023px) 100vw, 1023px\" \/><\/figure>\n\n\n\n<p><\/p>\n","protected":false},"excerpt":{"rendered":"<p>C\u2019est avec grand succ\u00e8s que s\u2019est tenue, jeudi 18 septembre 2025, au Centre Orthodoxe Ambiorix \u00e0 Bruxelles, la conf\u00e9rence programm\u00e9e dans le cadre du cycle \u00ab&nbsp;Orthodoxos Logos&nbsp;\u00bb de l\u2019Archev\u00each\u00e9 de Belgique, avec pour intervenant le Protopresbytre du Tr\u00f4ne \u0152cum\u00e9nique Dr Stavros Kofinas, sur le th\u00e8me&nbsp;:&nbsp;\u00ab&nbsp;Vivre en tant que chr\u00e9tiens dans un monde chaotique&nbsp;\u00bb. La conf\u00e9rence, &hellip; <a href=\"https:\/\/orthodoxia.be\/fr\/2025\/09\/18\/conference-orthodoxos-logos-vivre-en-tant-que-chretiens-dans-un-monde-chaotique\/\">Continued<\/a><\/p>\n","protected":false},"author":13,"featured_media":50764,"comment_status":"closed","ping_status":"closed","sticky":false,"template":"","format":"standard","meta":{"_acf_changed":false,"footnotes":""},"categories":[14],"tags":[],"class_list":["post-50733","post","type-post","status-publish","format-standard","has-post-thumbnail","hentry","category-actualite"],"acf":[],"yoast_head":"<!-- This site is optimized with the Yoast SEO plugin v24.3 - https:\/\/yoast.com\/wordpress\/plugins\/seo\/ -->\n<title>Conf\u00e9rence \u00ab\u00a0Orthodoxos Logos\u00a0\u00bb\u00a0:\u00a0\u00ab Vivre en tant que chr\u00e9tiens dans un monde chaotique\u00a0\u00bb - Archev\u00each\u00e9 Orthodoxe de Belgique<\/title>\n<meta name=\"robots\" content=\"index, follow, max-snippet:-1, max-image-preview:large, max-video-preview:-1\" \/>\n<link rel=\"canonical\" href=\"https:\/\/orthodoxia.be\/fr\/2025\/09\/18\/conference-orthodoxos-logos-vivre-en-tant-que-chretiens-dans-un-monde-chaotique\/\" \/>\n<meta property=\"og:locale\" content=\"fr_FR\" \/>\n<meta property=\"og:type\" content=\"article\" \/>\n<meta property=\"og:title\" content=\"Conf\u00e9rence \u00ab\u00a0Orthodoxos Logos\u00a0\u00bb\u00a0:\u00a0\u00ab Vivre en tant que chr\u00e9tiens dans un monde chaotique\u00a0\u00bb - Archev\u00each\u00e9 Orthodoxe de Belgique\" \/>\n<meta property=\"og:description\" content=\"C\u2019est avec grand succ\u00e8s que s\u2019est tenue, jeudi 18 septembre 2025, au Centre Orthodoxe Ambiorix \u00e0 Bruxelles, la conf\u00e9rence programm\u00e9e dans le cadre du cycle \u00ab&nbsp;Orthodoxos Logos&nbsp;\u00bb de l\u2019Archev\u00each\u00e9 de Belgique, avec pour intervenant le Protopresbytre du Tr\u00f4ne \u0152cum\u00e9nique Dr Stavros Kofinas, sur le th\u00e8me&nbsp;:&nbsp;\u00ab&nbsp;Vivre en tant que chr\u00e9tiens dans un monde chaotique&nbsp;\u00bb. La conf\u00e9rence, &hellip; Continued\" \/>\n<meta property=\"og:url\" content=\"https:\/\/orthodoxia.be\/fr\/2025\/09\/18\/conference-orthodoxos-logos-vivre-en-tant-que-chretiens-dans-un-monde-chaotique\/\" \/>\n<meta property=\"og:site_name\" content=\"Archev\u00each\u00e9 Orthodoxe de Belgique\" \/>\n<meta property=\"article:publisher\" content=\"https:\/\/www.facebook.com\/orthobel\" \/>\n<meta property=\"article:published_time\" content=\"2025-09-18T20:34:47+00:00\" \/>\n<meta property=\"article:modified_time\" content=\"2025-09-23T13:28:14+00:00\" \/>\n<meta property=\"og:image\" content=\"https:\/\/orthodoxia.be\/wp-content\/uploads\/2025\/09\/IMG_7251-\u03b1\u03bd\u03c4\u03af\u03b3\u03c1\u03b1\u03c6\u03bf.jpeg\" \/>\n\t<meta property=\"og:image:width\" content=\"2260\" \/>\n\t<meta property=\"og:image:height\" content=\"2145\" \/>\n\t<meta property=\"og:image:type\" content=\"image\/jpeg\" \/>\n<meta name=\"author\" content=\"Constantin Garofalou\" \/>\n<meta name=\"twitter:card\" content=\"summary_large_image\" \/>\n<meta name=\"twitter:creator\" content=\"@orthobel\" \/>\n<meta name=\"twitter:site\" content=\"@orthobel\" \/>\n<meta name=\"twitter:label1\" content=\"\u00c9crit par\" \/>\n\t<meta name=\"twitter:data1\" content=\"Constantin Garofalou\" \/>\n\t<meta name=\"twitter:label2\" content=\"Dur\u00e9e de lecture est.\" \/>\n\t<meta name=\"twitter:data2\" content=\"2 minutes\" \/>\n<script type=\"application\/ld+json\" class=\"yoast-schema-graph\">{\"@context\":\"https:\/\/schema.org\",\"@graph\":[{\"@type\":\"Article\",\"@id\":\"https:\/\/orthodoxia.be\/fr\/2025\/09\/18\/conference-orthodoxos-logos-vivre-en-tant-que-chretiens-dans-un-monde-chaotique\/#article\",\"isPartOf\":{\"@id\":\"https:\/\/orthodoxia.be\/fr\/2025\/09\/18\/conference-orthodoxos-logos-vivre-en-tant-que-chretiens-dans-un-monde-chaotique\/\"},\"author\":{\"name\":\"Constantin Garofalou\",\"@id\":\"https:\/\/orthodoxia.be\/#\/schema\/person\/959a0ed5d554324fca6cae9980d6afbc\"},\"headline\":\"Conf\u00e9rence \u00ab\u00a0Orthodoxos Logos\u00a0\u00bb\u00a0:\u00a0\u00ab Vivre en tant que chr\u00e9tiens dans un monde chaotique\u00a0\u00bb\",\"datePublished\":\"2025-09-18T20:34:47+00:00\",\"dateModified\":\"2025-09-23T13:28:14+00:00\",\"mainEntityOfPage\":{\"@id\":\"https:\/\/orthodoxia.be\/fr\/2025\/09\/18\/conference-orthodoxos-logos-vivre-en-tant-que-chretiens-dans-un-monde-chaotique\/\"},\"wordCount\":244,\"publisher\":{\"@id\":\"https:\/\/orthodoxia.be\/#organization\"},\"image\":{\"@id\":\"https:\/\/orthodoxia.be\/fr\/2025\/09\/18\/conference-orthodoxos-logos-vivre-en-tant-que-chretiens-dans-un-monde-chaotique\/#primaryimage\"},\"thumbnailUrl\":\"https:\/\/orthodoxia.be\/wp-content\/uploads\/2025\/09\/IMG_7251-\u03b1\u03bd\u03c4\u03af\u03b3\u03c1\u03b1\u03c6\u03bf.jpeg\",\"articleSection\":[\"Actualit\u00e9\"],\"inLanguage\":\"fr-BE\"},{\"@type\":\"WebPage\",\"@id\":\"https:\/\/orthodoxia.be\/fr\/2025\/09\/18\/conference-orthodoxos-logos-vivre-en-tant-que-chretiens-dans-un-monde-chaotique\/\",\"url\":\"https:\/\/orthodoxia.be\/fr\/2025\/09\/18\/conference-orthodoxos-logos-vivre-en-tant-que-chretiens-dans-un-monde-chaotique\/\",\"name\":\"Conf\u00e9rence \u00ab\u00a0Orthodoxos Logos\u00a0\u00bb\u00a0:\u00a0\u00ab Vivre en tant que chr\u00e9tiens dans un monde chaotique\u00a0\u00bb - Archev\u00each\u00e9 Orthodoxe de Belgique\",\"isPartOf\":{\"@id\":\"https:\/\/orthodoxia.be\/#website\"},\"primaryImageOfPage\":{\"@id\":\"https:\/\/orthodoxia.be\/fr\/2025\/09\/18\/conference-orthodoxos-logos-vivre-en-tant-que-chretiens-dans-un-monde-chaotique\/#primaryimage\"},\"image\":{\"@id\":\"https:\/\/orthodoxia.be\/fr\/2025\/09\/18\/conference-orthodoxos-logos-vivre-en-tant-que-chretiens-dans-un-monde-chaotique\/#primaryimage\"},\"thumbnailUrl\":\"https:\/\/orthodoxia.be\/wp-content\/uploads\/2025\/09\/IMG_7251-\u03b1\u03bd\u03c4\u03af\u03b3\u03c1\u03b1\u03c6\u03bf.jpeg\",\"datePublished\":\"2025-09-18T20:34:47+00:00\",\"dateModified\":\"2025-09-23T13:28:14+00:00\",\"breadcrumb\":{\"@id\":\"https:\/\/orthodoxia.be\/fr\/2025\/09\/18\/conference-orthodoxos-logos-vivre-en-tant-que-chretiens-dans-un-monde-chaotique\/#breadcrumb\"},\"inLanguage\":\"fr-BE\",\"potentialAction\":[{\"@type\":\"ReadAction\",\"target\":[\"https:\/\/orthodoxia.be\/fr\/2025\/09\/18\/conference-orthodoxos-logos-vivre-en-tant-que-chretiens-dans-un-monde-chaotique\/\"]}]},{\"@type\":\"ImageObject\",\"inLanguage\":\"fr-BE\",\"@id\":\"https:\/\/orthodoxia.be\/fr\/2025\/09\/18\/conference-orthodoxos-logos-vivre-en-tant-que-chretiens-dans-un-monde-chaotique\/#primaryimage\",\"url\":\"https:\/\/orthodoxia.be\/wp-content\/uploads\/2025\/09\/IMG_7251-\u03b1\u03bd\u03c4\u03af\u03b3\u03c1\u03b1\u03c6\u03bf.jpeg\",\"contentUrl\":\"https:\/\/orthodoxia.be\/wp-content\/uploads\/2025\/09\/IMG_7251-\u03b1\u03bd\u03c4\u03af\u03b3\u03c1\u03b1\u03c6\u03bf.jpeg\",\"width\":2260,\"height\":2145},{\"@type\":\"BreadcrumbList\",\"@id\":\"https:\/\/orthodoxia.be\/fr\/2025\/09\/18\/conference-orthodoxos-logos-vivre-en-tant-que-chretiens-dans-un-monde-chaotique\/#breadcrumb\",\"itemListElement\":[{\"@type\":\"ListItem\",\"position\":1,\"name\":\"Home\",\"item\":\"https:\/\/orthodoxia.be\/fr\/\"},{\"@type\":\"ListItem\",\"position\":2,\"name\":\"Conf\u00e9rence \u00ab\u00a0Orthodoxos Logos\u00a0\u00bb\u00a0:\u00a0\u00ab Vivre en tant que chr\u00e9tiens dans un monde chaotique\u00a0\u00bb\"}]},{\"@type\":\"WebSite\",\"@id\":\"https:\/\/orthodoxia.be\/#website\",\"url\":\"https:\/\/orthodoxia.be\/\",\"name\":\"Orthodox Archdiocese of Belgium (Benelux)\",\"description\":\"Exarque des Pays-Bas et du Luxembourg\",\"publisher\":{\"@id\":\"https:\/\/orthodoxia.be\/#organization\"},\"alternateName\":\"IMB\",\"potentialAction\":[{\"@type\":\"SearchAction\",\"target\":{\"@type\":\"EntryPoint\",\"urlTemplate\":\"https:\/\/orthodoxia.be\/?s={search_term_string}\"},\"query-input\":{\"@type\":\"PropertyValueSpecification\",\"valueRequired\":true,\"valueName\":\"search_term_string\"}}],\"inLanguage\":\"fr-BE\"},{\"@type\":\"Organization\",\"@id\":\"https:\/\/orthodoxia.be\/#organization\",\"name\":\"Orthodox Archdiocese of Belgium (Benelux)\",\"url\":\"https:\/\/orthodoxia.be\/\",\"logo\":{\"@type\":\"ImageObject\",\"inLanguage\":\"fr-BE\",\"@id\":\"https:\/\/orthodoxia.be\/#\/schema\/logo\/image\/\",\"url\":\"https:\/\/orthodoxia.be\/wp-content\/uploads\/2024\/02\/cropped-IMB-logo-512-cl-1.png\",\"contentUrl\":\"https:\/\/orthodoxia.be\/wp-content\/uploads\/2024\/02\/cropped-IMB-logo-512-cl-1.png\",\"width\":512,\"height\":512,\"caption\":\"Orthodox Archdiocese of Belgium (Benelux)\"},\"image\":{\"@id\":\"https:\/\/orthodoxia.be\/#\/schema\/logo\/image\/\"},\"sameAs\":[\"https:\/\/www.facebook.com\/orthobel\",\"https:\/\/x.com\/orthobel\",\"https:\/\/www.youtube.com\/c\/orthobel\",\"https:\/\/www.mixcloud.com\/orthobel\/\",\"https:\/\/www.flickr.com\/photos\/148264890@N07\/albums\",\"https:\/\/www.dailymotion.com\/Orthobel\"]},{\"@type\":\"Person\",\"@id\":\"https:\/\/orthodoxia.be\/#\/schema\/person\/959a0ed5d554324fca6cae9980d6afbc\",\"name\":\"Constantin Garofalou\",\"image\":{\"@type\":\"ImageObject\",\"inLanguage\":\"fr-BE\",\"@id\":\"https:\/\/orthodoxia.be\/#\/schema\/person\/image\/\",\"url\":\"https:\/\/secure.gravatar.com\/avatar\/0e3a9e4cbbeadbb6586026e5f275a273?s=96&d=mm&r=g\",\"contentUrl\":\"https:\/\/secure.gravatar.com\/avatar\/0e3a9e4cbbeadbb6586026e5f275a273?s=96&d=mm&r=g\",\"caption\":\"Constantin Garofalou\"},\"url\":\"https:\/\/orthodoxia.be\/fr\/author\/garofalou\/\"}]}<\/script>\n<!-- \/ Yoast SEO plugin. -->","yoast_head_json":{"title":"Conf\u00e9rence \u00ab\u00a0Orthodoxos Logos\u00a0\u00bb\u00a0:\u00a0\u00ab Vivre en tant que chr\u00e9tiens dans un monde chaotique\u00a0\u00bb - Archev\u00each\u00e9 Orthodoxe de Belgique","robots":{"index":"index","follow":"follow","max-snippet":"max-snippet:-1","max-image-preview":"max-image-preview:large","max-video-preview":"max-video-preview:-1"},"canonical":"https:\/\/orthodoxia.be\/fr\/2025\/09\/18\/conference-orthodoxos-logos-vivre-en-tant-que-chretiens-dans-un-monde-chaotique\/","og_locale":"fr_FR","og_type":"article","og_title":"Conf\u00e9rence \u00ab\u00a0Orthodoxos Logos\u00a0\u00bb\u00a0:\u00a0\u00ab Vivre en tant que chr\u00e9tiens dans un monde chaotique\u00a0\u00bb - Archev\u00each\u00e9 Orthodoxe de Belgique","og_description":"C\u2019est avec grand succ\u00e8s que s\u2019est tenue, jeudi 18 septembre 2025, au Centre Orthodoxe Ambiorix \u00e0 Bruxelles, la conf\u00e9rence programm\u00e9e dans le cadre du cycle \u00ab&nbsp;Orthodoxos Logos&nbsp;\u00bb de l\u2019Archev\u00each\u00e9 de Belgique, avec pour intervenant le Protopresbytre du Tr\u00f4ne \u0152cum\u00e9nique Dr Stavros Kofinas, sur le th\u00e8me&nbsp;:&nbsp;\u00ab&nbsp;Vivre en tant que chr\u00e9tiens dans un monde chaotique&nbsp;\u00bb. La conf\u00e9rence, &hellip; Continued","og_url":"https:\/\/orthodoxia.be\/fr\/2025\/09\/18\/conference-orthodoxos-logos-vivre-en-tant-que-chretiens-dans-un-monde-chaotique\/","og_site_name":"Archev\u00each\u00e9 Orthodoxe de Belgique","article_publisher":"https:\/\/www.facebook.com\/orthobel","article_published_time":"2025-09-18T20:34:47+00:00","article_modified_time":"2025-09-23T13:28:14+00:00","og_image":[{"width":2260,"height":2145,"url":"https:\/\/orthodoxia.be\/wp-content\/uploads\/2025\/09\/IMG_7251-\u03b1\u03bd\u03c4\u03af\u03b3\u03c1\u03b1\u03c6\u03bf.jpeg","type":"image\/jpeg"}],"author":"Constantin Garofalou","twitter_card":"summary_large_image","twitter_creator":"@orthobel","twitter_site":"@orthobel","twitter_misc":{"\u00c9crit par":"Constantin Garofalou","Dur\u00e9e de lecture est.":"2 minutes"},"schema":{"@context":"https:\/\/schema.org","@graph":[{"@type":"Article","@id":"https:\/\/orthodoxia.be\/fr\/2025\/09\/18\/conference-orthodoxos-logos-vivre-en-tant-que-chretiens-dans-un-monde-chaotique\/#article","isPartOf":{"@id":"https:\/\/orthodoxia.be\/fr\/2025\/09\/18\/conference-orthodoxos-logos-vivre-en-tant-que-chretiens-dans-un-monde-chaotique\/"},"author":{"name":"Constantin Garofalou","@id":"https:\/\/orthodoxia.be\/#\/schema\/person\/959a0ed5d554324fca6cae9980d6afbc"},"headline":"Conf\u00e9rence \u00ab\u00a0Orthodoxos Logos\u00a0\u00bb\u00a0:\u00a0\u00ab Vivre en tant que chr\u00e9tiens dans un monde chaotique\u00a0\u00bb","datePublished":"2025-09-18T20:34:47+00:00","dateModified":"2025-09-23T13:28:14+00:00","mainEntityOfPage":{"@id":"https:\/\/orthodoxia.be\/fr\/2025\/09\/18\/conference-orthodoxos-logos-vivre-en-tant-que-chretiens-dans-un-monde-chaotique\/"},"wordCount":244,"publisher":{"@id":"https:\/\/orthodoxia.be\/#organization"},"image":{"@id":"https:\/\/orthodoxia.be\/fr\/2025\/09\/18\/conference-orthodoxos-logos-vivre-en-tant-que-chretiens-dans-un-monde-chaotique\/#primaryimage"},"thumbnailUrl":"https:\/\/orthodoxia.be\/wp-content\/uploads\/2025\/09\/IMG_7251-\u03b1\u03bd\u03c4\u03af\u03b3\u03c1\u03b1\u03c6\u03bf.jpeg","articleSection":["Actualit\u00e9"],"inLanguage":"fr-BE"},{"@type":"WebPage","@id":"https:\/\/orthodoxia.be\/fr\/2025\/09\/18\/conference-orthodoxos-logos-vivre-en-tant-que-chretiens-dans-un-monde-chaotique\/","url":"https:\/\/orthodoxia.be\/fr\/2025\/09\/18\/conference-orthodoxos-logos-vivre-en-tant-que-chretiens-dans-un-monde-chaotique\/","name":"Conf\u00e9rence \u00ab\u00a0Orthodoxos Logos\u00a0\u00bb\u00a0:\u00a0\u00ab Vivre en tant que chr\u00e9tiens dans un monde chaotique\u00a0\u00bb - Archev\u00each\u00e9 Orthodoxe de Belgique","isPartOf":{"@id":"https:\/\/orthodoxia.be\/#website"},"primaryImageOfPage":{"@id":"https:\/\/orthodoxia.be\/fr\/2025\/09\/18\/conference-orthodoxos-logos-vivre-en-tant-que-chretiens-dans-un-monde-chaotique\/#primaryimage"},"image":{"@id":"https:\/\/orthodoxia.be\/fr\/2025\/09\/18\/conference-orthodoxos-logos-vivre-en-tant-que-chretiens-dans-un-monde-chaotique\/#primaryimage"},"thumbnailUrl":"https:\/\/orthodoxia.be\/wp-content\/uploads\/2025\/09\/IMG_7251-\u03b1\u03bd\u03c4\u03af\u03b3\u03c1\u03b1\u03c6\u03bf.jpeg","datePublished":"2025-09-18T20:34:47+00:00","dateModified":"2025-09-23T13:28:14+00:00","breadcrumb":{"@id":"https:\/\/orthodoxia.be\/fr\/2025\/09\/18\/conference-orthodoxos-logos-vivre-en-tant-que-chretiens-dans-un-monde-chaotique\/#breadcrumb"},"inLanguage":"fr-BE","potentialAction":[{"@type":"ReadAction","target":["https:\/\/orthodoxia.be\/fr\/2025\/09\/18\/conference-orthodoxos-logos-vivre-en-tant-que-chretiens-dans-un-monde-chaotique\/"]}]},{"@type":"ImageObject","inLanguage":"fr-BE","@id":"https:\/\/orthodoxia.be\/fr\/2025\/09\/18\/conference-orthodoxos-logos-vivre-en-tant-que-chretiens-dans-un-monde-chaotique\/#primaryimage","url":"https:\/\/orthodoxia.be\/wp-content\/uploads\/2025\/09\/IMG_7251-\u03b1\u03bd\u03c4\u03af\u03b3\u03c1\u03b1\u03c6\u03bf.jpeg","contentUrl":"https:\/\/orthodoxia.be\/wp-content\/uploads\/2025\/09\/IMG_7251-\u03b1\u03bd\u03c4\u03af\u03b3\u03c1\u03b1\u03c6\u03bf.jpeg","width":2260,"height":2145},{"@type":"BreadcrumbList","@id":"https:\/\/orthodoxia.be\/fr\/2025\/09\/18\/conference-orthodoxos-logos-vivre-en-tant-que-chretiens-dans-un-monde-chaotique\/#breadcrumb","itemListElement":[{"@type":"ListItem","position":1,"name":"Home","item":"https:\/\/orthodoxia.be\/fr\/"},{"@type":"ListItem","position":2,"name":"Conf\u00e9rence \u00ab\u00a0Orthodoxos Logos\u00a0\u00bb\u00a0:\u00a0\u00ab Vivre en tant que chr\u00e9tiens dans un monde chaotique\u00a0\u00bb"}]},{"@type":"WebSite","@id":"https:\/\/orthodoxia.be\/#website","url":"https:\/\/orthodoxia.be\/","name":"Orthodox Archdiocese of Belgium (Benelux)","description":"Exarque des Pays-Bas et du Luxembourg","publisher":{"@id":"https:\/\/orthodoxia.be\/#organization"},"alternateName":"IMB","potentialAction":[{"@type":"SearchAction","target":{"@type":"EntryPoint","urlTemplate":"https:\/\/orthodoxia.be\/?s={search_term_string}"},"query-input":{"@type":"PropertyValueSpecification","valueRequired":true,"valueName":"search_term_string"}}],"inLanguage":"fr-BE"},{"@type":"Organization","@id":"https:\/\/orthodoxia.be\/#organization","name":"Orthodox Archdiocese of Belgium (Benelux)","url":"https:\/\/orthodoxia.be\/","logo":{"@type":"ImageObject","inLanguage":"fr-BE","@id":"https:\/\/orthodoxia.be\/#\/schema\/logo\/image\/","url":"https:\/\/orthodoxia.be\/wp-content\/uploads\/2024\/02\/cropped-IMB-logo-512-cl-1.png","contentUrl":"https:\/\/orthodoxia.be\/wp-content\/uploads\/2024\/02\/cropped-IMB-logo-512-cl-1.png","width":512,"height":512,"caption":"Orthodox Archdiocese of Belgium (Benelux)"},"image":{"@id":"https:\/\/orthodoxia.be\/#\/schema\/logo\/image\/"},"sameAs":["https:\/\/www.facebook.com\/orthobel","https:\/\/x.com\/orthobel","https:\/\/www.youtube.com\/c\/orthobel","https:\/\/www.mixcloud.com\/orthobel\/","https:\/\/www.flickr.com\/photos\/148264890@N07\/albums","https:\/\/www.dailymotion.com\/Orthobel"]},{"@type":"Person","@id":"https:\/\/orthodoxia.be\/#\/schema\/person\/959a0ed5d554324fca6cae9980d6afbc","name":"Constantin Garofalou","image":{"@type":"ImageObject","inLanguage":"fr-BE","@id":"https:\/\/orthodoxia.be\/#\/schema\/person\/image\/","url":"https:\/\/secure.gravatar.com\/avatar\/0e3a9e4cbbeadbb6586026e5f275a273?s=96&d=mm&r=g","contentUrl":"https:\/\/secure.gravatar.com\/avatar\/0e3a9e4cbbeadbb6586026e5f275a273?s=96&d=mm&r=g","caption":"Constantin Garofalou"},"url":"https:\/\/orthodoxia.be\/fr\/author\/garofalou\/"}]}},"_links":{"self":[{"href":"https:\/\/orthodoxia.be\/fr\/wp-json\/wp\/v2\/posts\/50733","targetHints":{"allow":["GET"]}}],"collection":[{"href":"https:\/\/orthodoxia.be\/fr\/wp-json\/wp\/v2\/posts"}],"about":[{"href":"https:\/\/orthodoxia.be\/fr\/wp-json\/wp\/v2\/types\/post"}],"author":[{"embeddable":true,"href":"https:\/\/orthodoxia.be\/fr\/wp-json\/wp\/v2\/users\/13"}],"replies":[{"embeddable":true,"href":"https:\/\/orthodoxia.be\/fr\/wp-json\/wp\/v2\/comments?post=50733"}],"version-history":[{"count":1,"href":"https:\/\/orthodoxia.be\/fr\/wp-json\/wp\/v2\/posts\/50733\/revisions"}],"predecessor-version":[{"id":50734,"href":"https:\/\/orthodoxia.be\/fr\/wp-json\/wp\/v2\/posts\/50733\/revisions\/50734"}],"wp:featuredmedia":[{"embeddable":true,"href":"https:\/\/orthodoxia.be\/fr\/wp-json\/wp\/v2\/media\/50764"}],"wp:attachment":[{"href":"https:\/\/orthodoxia.be\/fr\/wp-json\/wp\/v2\/media?parent=50733"}],"wp:term":[{"taxonomy":"category","embeddable":true,"href":"https:\/\/orthodoxia.be\/fr\/wp-json\/wp\/v2\/categories?post=50733"},{"taxonomy":"post_tag","embeddable":true,"href":"https:\/\/orthodoxia.be\/fr\/wp-json\/wp\/v2\/tags?post=50733"}],"curies":[{"name":"wp","href":"https:\/\/api.w.org\/{rel}","templated":true}]}}