{"id":51985,"date":"2025-12-02T14:33:53","date_gmt":"2025-12-02T13:33:53","guid":{"rendered":"https:\/\/orthodoxia.be\/?p=51985"},"modified":"2025-12-12T12:24:02","modified_gmt":"2025-12-12T11:24:02","slug":"fete-paroissiale-de-lapotre-andre-a-gand","status":"publish","type":"post","link":"https:\/\/orthodoxia.be\/fr\/2025\/12\/02\/fete-paroissiale-de-lapotre-andre-a-gand\/","title":{"rendered":"F\u00eate paroissiale de l\u2019Ap\u00f4tre Andr\u00e9 \u00e0 Gand"},"content":{"rendered":"\n<p>C\u2019est avec une grande joie et solennit\u00e9 que la Paroisse Orthodoxe de l\u2019Ap\u00f4tre Saint Andr\u00e9 le Premier-appel\u00e9 de Gand, en Belgique, a c\u00e9l\u00e9br\u00e9 la f\u00eate de son saint patron le dimanche 30 novembre. Sous la direction de son fondateur, l\u2019Archipr\u00eatre Ignace Peckstadt, cette paroisse fut la premi\u00e8re \u00e0 utiliser la langue locale, le n\u00e9erlandais, dans ses offices. Elle est d\u00e9di\u00e9e \u00e0 l\u2019Ap\u00f4tre Andr\u00e9 parce que, selon la tradition, il a pr\u00each\u00e9 l\u2019\u00c9vangile jusqu\u2019\u00e0 Kiev et en Roumanie, mais surtout parce qu\u2019il est le saint protecteur de l\u2019\u00c9glise M\u00e8re, notre Patriarcat \u0152cum\u00e9nique de Constantinople.<\/p>\n\n\n\n<p>Le week-end festif a commenc\u00e9 le vendredi soir par une conf\u00e9rence du Protopresbytre du Tr\u00f4ne \u0152cum\u00e9nique Alexis Struve, qui a parl\u00e9 des racines th\u00e9ologiques de cette paroisse, suivie d\u2019un \u00e9change de questions sur les d\u00e9fis actuels auxquels l\u2019\u00c9glise Orthodoxe est confront\u00e9e en Belgique et en Occident.<\/p>\n\n\n\n<p>Le point culminant fut la c\u00e9l\u00e9bration des Matines festives, de l\u2019Artoklasia et de la Divine Liturgie le dimanche. En raison d\u2019une maladie, Son Excellence l\u2019\u00c9v\u00eaque Joachim d\u2019Apollonia n\u2019a malheureusement pas pu pr\u00e9sider la Divine Liturgie, mais celle-ci fut c\u00e9l\u00e9br\u00e9e par les Protopresbytres du Tr\u00f4ne \u0152cum\u00e9nique Dominique Verbeke (Gand) et Alexis Struve (Nantes, France), le Pr\u00eatre Barnabas Genbrugge (Gand), le Protopresbytre Constantin Kenanidis (Bruxelles), le Hi\u00e9romoine Athanase Bukin (Namur), le Pr\u00eatre Jean Osseel (aum\u00f4nier des prisons en Flandre orientale) et le Diacre Sym\u00e9on Hini\u0107 (Courtrai), tandis que le P\u00e8re Joseph Sikora (Breda, Pays-Bas) \u00e9tait pr\u00e9sent en pri\u00e8re.<\/p>\n\n\n\n<p>La paroisse a \u00e9galement honor\u00e9 par sa pr\u00e9sence le Professeur \u00e9m\u00e9rite Dr Marcos Kanse, nouveau consul honoraire de Gr\u00e8ce \u00e0 Gand. Les offices sacr\u00e9s furent c\u00e9l\u00e9br\u00e9s en n\u00e9erlandais, mais aussi en grec, en slavon et en roumain.<\/p>\n\n\n\n<p>L\u2019hom\u00e9lie fut prononc\u00e9e par le P\u00e8re Dominique Verbeke, qui s\u2019est appuy\u00e9 sur l\u2019appel de l\u2019Ap\u00f4tre Andr\u00e9 et sur sa reconnaissance de J\u00e9sus comme Messie (Christ) pour illustrer l\u2019appel lanc\u00e9 aux nombreux fid\u00e8les pr\u00e9sents, qui avaient rempli l\u2019\u00e9glise.<\/p>\n\n\n\n<p>Apr\u00e8s la c\u00e9l\u00e9bration, le P\u00e8re Dominique a remerci\u00e9 le P\u00e8re Alexis Struve pour sa pr\u00e9sence, a transmis les v\u0153ux de Son \u00c9minence le M\u00e9tropolite Ath\u00e9nagoras depuis Constantinople, et a demand\u00e9 aux fid\u00e8les de prier pour le prompt r\u00e9tablissement de Son Excellence l\u2019\u00c9v\u00eaque Joachim.<\/p>\n\n\n\n<p>Ensuite, le P\u00e8re Barnabas, recteur de la paroisse, a remerci\u00e9 la chorale et tous les paroissiens, en particulier les jeunes, qui avaient travaill\u00e9 intens\u00e9ment les semaines pr\u00e9c\u00e9dentes pour pr\u00e9parer les b\u00e2timents de l\u2019\u00e9glise pour la f\u00eate, et a f\u00e9licit\u00e9 ceux qui c\u00e9l\u00e9braient leur f\u00eate patronale.<\/p>\n\n\n\n<p>Enfin, les fid\u00e8les ont particip\u00e9 au symposium traditionnel dans la salle paroissiale, auquel tous avaient contribu\u00e9, en particulier les restaurants grecs de la r\u00e9gion.<\/p>\n\n\n\n<p><\/p>\n\n\n\n<figure class=\"wp-block-image size-large\"><img loading=\"lazy\" decoding=\"async\" width=\"576\" height=\"1024\" src=\"https:\/\/orthodoxia.be\/wp-content\/uploads\/2025\/12\/1000060785-576x1024.jpg\" alt=\"\" class=\"wp-image-51648\" srcset=\"https:\/\/orthodoxia.be\/wp-content\/uploads\/2025\/12\/1000060785-576x1024.jpg 576w, https:\/\/orthodoxia.be\/wp-content\/uploads\/2025\/12\/1000060785-169x300.jpg 169w, https:\/\/orthodoxia.be\/wp-content\/uploads\/2025\/12\/1000060785-768x1365.jpg 768w, https:\/\/orthodoxia.be\/wp-content\/uploads\/2025\/12\/1000060785-864x1536.jpg 864w, https:\/\/orthodoxia.be\/wp-content\/uploads\/2025\/12\/1000060785.jpg 900w\" sizes=\"auto, (max-width: 576px) 100vw, 576px\" \/><\/figure>\n\n\n\n<figure class=\"wp-block-image size-large\"><img loading=\"lazy\" decoding=\"async\" width=\"768\" height=\"1024\" src=\"https:\/\/orthodoxia.be\/wp-content\/uploads\/2025\/12\/1000060707-768x1024.jpg\" alt=\"\" class=\"wp-image-51657\" srcset=\"https:\/\/orthodoxia.be\/wp-content\/uploads\/2025\/12\/1000060707-768x1024.jpg 768w, https:\/\/orthodoxia.be\/wp-content\/uploads\/2025\/12\/1000060707-225x300.jpg 225w, https:\/\/orthodoxia.be\/wp-content\/uploads\/2025\/12\/1000060707-1152x1536.jpg 1152w, https:\/\/orthodoxia.be\/wp-content\/uploads\/2025\/12\/1000060707.jpg 1200w\" sizes=\"auto, (max-width: 768px) 100vw, 768px\" \/><\/figure>\n\n\n\n<figure class=\"wp-block-image size-large\"><img loading=\"lazy\" decoding=\"async\" width=\"1024\" height=\"768\" src=\"https:\/\/orthodoxia.be\/wp-content\/uploads\/2025\/12\/1000060675-1024x768.jpg\" alt=\"\" class=\"wp-image-51666\" srcset=\"https:\/\/orthodoxia.be\/wp-content\/uploads\/2025\/12\/1000060675-1024x768.jpg 1024w, https:\/\/orthodoxia.be\/wp-content\/uploads\/2025\/12\/1000060675-300x225.jpg 300w, https:\/\/orthodoxia.be\/wp-content\/uploads\/2025\/12\/1000060675-768x576.jpg 768w, https:\/\/orthodoxia.be\/wp-content\/uploads\/2025\/12\/1000060675-1536x1152.jpg 1536w, https:\/\/orthodoxia.be\/wp-content\/uploads\/2025\/12\/1000060675.jpg 1600w\" sizes=\"auto, (max-width: 1024px) 100vw, 1024px\" \/><\/figure>\n\n\n\n<figure class=\"wp-block-image size-large\"><img loading=\"lazy\" decoding=\"async\" width=\"768\" height=\"1024\" src=\"https:\/\/orthodoxia.be\/wp-content\/uploads\/2025\/12\/1000060737-768x1024.jpg\" alt=\"\" class=\"wp-image-51675\" srcset=\"https:\/\/orthodoxia.be\/wp-content\/uploads\/2025\/12\/1000060737-768x1024.jpg 768w, https:\/\/orthodoxia.be\/wp-content\/uploads\/2025\/12\/1000060737-225x300.jpg 225w, https:\/\/orthodoxia.be\/wp-content\/uploads\/2025\/12\/1000060737-1152x1536.jpg 1152w, https:\/\/orthodoxia.be\/wp-content\/uploads\/2025\/12\/1000060737.jpg 1200w\" sizes=\"auto, (max-width: 768px) 100vw, 768px\" \/><\/figure>\n\n\n\n<figure class=\"wp-block-image size-large\"><img loading=\"lazy\" decoding=\"async\" width=\"768\" height=\"1024\" src=\"https:\/\/orthodoxia.be\/wp-content\/uploads\/2025\/12\/1000060698-768x1024.jpg\" alt=\"\" class=\"wp-image-51684\" srcset=\"https:\/\/orthodoxia.be\/wp-content\/uploads\/2025\/12\/1000060698-768x1024.jpg 768w, https:\/\/orthodoxia.be\/wp-content\/uploads\/2025\/12\/1000060698-225x300.jpg 225w, https:\/\/orthodoxia.be\/wp-content\/uploads\/2025\/12\/1000060698-1152x1536.jpg 1152w, https:\/\/orthodoxia.be\/wp-content\/uploads\/2025\/12\/1000060698.jpg 1200w\" sizes=\"auto, (max-width: 768px) 100vw, 768px\" \/><\/figure>\n\n\n\n<figure class=\"wp-block-image size-large\"><img loading=\"lazy\" decoding=\"async\" width=\"1024\" height=\"768\" src=\"https:\/\/orthodoxia.be\/wp-content\/uploads\/2025\/12\/1000060783-1024x768.jpg\" alt=\"\" class=\"wp-image-51693\" srcset=\"https:\/\/orthodoxia.be\/wp-content\/uploads\/2025\/12\/1000060783-1024x768.jpg 1024w, https:\/\/orthodoxia.be\/wp-content\/uploads\/2025\/12\/1000060783-300x225.jpg 300w, https:\/\/orthodoxia.be\/wp-content\/uploads\/2025\/12\/1000060783-768x576.jpg 768w, https:\/\/orthodoxia.be\/wp-content\/uploads\/2025\/12\/1000060783-1536x1152.jpg 1536w, https:\/\/orthodoxia.be\/wp-content\/uploads\/2025\/12\/1000060783.jpg 1600w\" sizes=\"auto, (max-width: 1024px) 100vw, 1024px\" \/><\/figure>\n\n\n\n<figure class=\"wp-block-image size-large\"><img loading=\"lazy\" decoding=\"async\" width=\"1024\" height=\"768\" src=\"https:\/\/orthodoxia.be\/wp-content\/uploads\/2025\/12\/1000060695-1024x768.jpg\" alt=\"\" class=\"wp-image-51702\" srcset=\"https:\/\/orthodoxia.be\/wp-content\/uploads\/2025\/12\/1000060695-1024x768.jpg 1024w, https:\/\/orthodoxia.be\/wp-content\/uploads\/2025\/12\/1000060695-300x225.jpg 300w, https:\/\/orthodoxia.be\/wp-content\/uploads\/2025\/12\/1000060695-768x576.jpg 768w, https:\/\/orthodoxia.be\/wp-content\/uploads\/2025\/12\/1000060695-1536x1152.jpg 1536w, https:\/\/orthodoxia.be\/wp-content\/uploads\/2025\/12\/1000060695.jpg 1600w\" sizes=\"auto, (max-width: 1024px) 100vw, 1024px\" \/><\/figure>\n\n\n\n<figure class=\"wp-block-image size-large\"><img loading=\"lazy\" decoding=\"async\" width=\"576\" height=\"1024\" src=\"https:\/\/orthodoxia.be\/wp-content\/uploads\/2025\/12\/1000060739-576x1024.jpg\" alt=\"\" class=\"wp-image-51711\" srcset=\"https:\/\/orthodoxia.be\/wp-content\/uploads\/2025\/12\/1000060739-576x1024.jpg 576w, https:\/\/orthodoxia.be\/wp-content\/uploads\/2025\/12\/1000060739-169x300.jpg 169w, https:\/\/orthodoxia.be\/wp-content\/uploads\/2025\/12\/1000060739-768x1365.jpg 768w, https:\/\/orthodoxia.be\/wp-content\/uploads\/2025\/12\/1000060739-864x1536.jpg 864w, https:\/\/orthodoxia.be\/wp-content\/uploads\/2025\/12\/1000060739.jpg 900w\" sizes=\"auto, (max-width: 576px) 100vw, 576px\" \/><\/figure>\n\n\n\n<figure class=\"wp-block-image size-large\"><img loading=\"lazy\" decoding=\"async\" width=\"768\" height=\"1024\" src=\"https:\/\/orthodoxia.be\/wp-content\/uploads\/2025\/12\/1000060692-768x1024.jpg\" alt=\"\" class=\"wp-image-51720\" srcset=\"https:\/\/orthodoxia.be\/wp-content\/uploads\/2025\/12\/1000060692-768x1024.jpg 768w, https:\/\/orthodoxia.be\/wp-content\/uploads\/2025\/12\/1000060692-225x300.jpg 225w, https:\/\/orthodoxia.be\/wp-content\/uploads\/2025\/12\/1000060692-1152x1536.jpg 1152w, https:\/\/orthodoxia.be\/wp-content\/uploads\/2025\/12\/1000060692.jpg 1200w\" sizes=\"auto, (max-width: 768px) 100vw, 768px\" \/><\/figure>\n","protected":false},"excerpt":{"rendered":"<p>C\u2019est avec une grande joie et solennit\u00e9 que la Paroisse Orthodoxe de l\u2019Ap\u00f4tre Saint Andr\u00e9 le Premier-appel\u00e9 de Gand, en Belgique, a c\u00e9l\u00e9br\u00e9 la f\u00eate de son saint patron le dimanche 30 novembre. Sous la direction de son fondateur, l\u2019Archipr\u00eatre Ignace Peckstadt, cette paroisse fut la premi\u00e8re \u00e0 utiliser la langue locale, le n\u00e9erlandais, dans &hellip; <a href=\"https:\/\/orthodoxia.be\/fr\/2025\/12\/02\/fete-paroissiale-de-lapotre-andre-a-gand\/\">Continued<\/a><\/p>\n","protected":false},"author":13,"featured_media":51643,"comment_status":"closed","ping_status":"closed","sticky":false,"template":"","format":"standard","meta":{"_acf_changed":false,"footnotes":""},"categories":[14,246],"tags":[],"class_list":["post-51985","post","type-post","status-publish","format-standard","has-post-thumbnail","hentry","category-actualite","category-paroisse-du-saint-apotre-andre-a-gand"],"acf":[],"yoast_head":"<!-- This site is optimized with the Yoast SEO plugin v24.3 - https:\/\/yoast.com\/wordpress\/plugins\/seo\/ -->\n<title>F\u00eate paroissiale de l\u2019Ap\u00f4tre Andr\u00e9 \u00e0 Gand - Archev\u00each\u00e9 Orthodoxe de Belgique<\/title>\n<meta name=\"robots\" content=\"index, follow, max-snippet:-1, max-image-preview:large, max-video-preview:-1\" \/>\n<link rel=\"canonical\" href=\"https:\/\/orthodoxia.be\/fr\/2025\/12\/02\/fete-paroissiale-de-lapotre-andre-a-gand\/\" \/>\n<meta property=\"og:locale\" content=\"fr_FR\" \/>\n<meta property=\"og:type\" content=\"article\" \/>\n<meta property=\"og:title\" content=\"F\u00eate paroissiale de l\u2019Ap\u00f4tre Andr\u00e9 \u00e0 Gand - Archev\u00each\u00e9 Orthodoxe de Belgique\" \/>\n<meta property=\"og:description\" content=\"C\u2019est avec une grande joie et solennit\u00e9 que la Paroisse Orthodoxe de l\u2019Ap\u00f4tre Saint Andr\u00e9 le Premier-appel\u00e9 de Gand, en Belgique, a c\u00e9l\u00e9br\u00e9 la f\u00eate de son saint patron le dimanche 30 novembre. Sous la direction de son fondateur, l\u2019Archipr\u00eatre Ignace Peckstadt, cette paroisse fut la premi\u00e8re \u00e0 utiliser la langue locale, le n\u00e9erlandais, dans &hellip; Continued\" \/>\n<meta property=\"og:url\" content=\"https:\/\/orthodoxia.be\/fr\/2025\/12\/02\/fete-paroissiale-de-lapotre-andre-a-gand\/\" \/>\n<meta property=\"og:site_name\" content=\"Archev\u00each\u00e9 Orthodoxe de Belgique\" \/>\n<meta property=\"article:publisher\" content=\"https:\/\/www.facebook.com\/orthobel\" \/>\n<meta property=\"article:published_time\" content=\"2025-12-02T13:33:53+00:00\" \/>\n<meta property=\"article:modified_time\" content=\"2025-12-12T11:24:02+00:00\" \/>\n<meta property=\"og:image\" content=\"https:\/\/orthodoxia.be\/wp-content\/uploads\/2025\/12\/1000060787.jpg\" \/>\n\t<meta property=\"og:image:width\" content=\"900\" \/>\n\t<meta property=\"og:image:height\" content=\"1600\" \/>\n\t<meta property=\"og:image:type\" content=\"image\/jpeg\" \/>\n<meta name=\"author\" content=\"Constantin Garofalou\" \/>\n<meta name=\"twitter:card\" content=\"summary_large_image\" \/>\n<meta name=\"twitter:creator\" content=\"@orthobel\" \/>\n<meta name=\"twitter:site\" content=\"@orthobel\" \/>\n<meta name=\"twitter:label1\" content=\"\u00c9crit par\" \/>\n\t<meta name=\"twitter:data1\" content=\"Constantin Garofalou\" \/>\n\t<meta name=\"twitter:label2\" content=\"Dur\u00e9e de lecture est.\" \/>\n\t<meta name=\"twitter:data2\" content=\"5 minutes\" \/>\n<script type=\"application\/ld+json\" class=\"yoast-schema-graph\">{\"@context\":\"https:\/\/schema.org\",\"@graph\":[{\"@type\":\"Article\",\"@id\":\"https:\/\/orthodoxia.be\/fr\/2025\/12\/02\/fete-paroissiale-de-lapotre-andre-a-gand\/#article\",\"isPartOf\":{\"@id\":\"https:\/\/orthodoxia.be\/fr\/2025\/12\/02\/fete-paroissiale-de-lapotre-andre-a-gand\/\"},\"author\":{\"name\":\"Constantin Garofalou\",\"@id\":\"https:\/\/orthodoxia.be\/#\/schema\/person\/959a0ed5d554324fca6cae9980d6afbc\"},\"headline\":\"F\u00eate paroissiale de l\u2019Ap\u00f4tre Andr\u00e9 \u00e0 Gand\",\"datePublished\":\"2025-12-02T13:33:53+00:00\",\"dateModified\":\"2025-12-12T11:24:02+00:00\",\"mainEntityOfPage\":{\"@id\":\"https:\/\/orthodoxia.be\/fr\/2025\/12\/02\/fete-paroissiale-de-lapotre-andre-a-gand\/\"},\"wordCount\":524,\"publisher\":{\"@id\":\"https:\/\/orthodoxia.be\/#organization\"},\"image\":{\"@id\":\"https:\/\/orthodoxia.be\/fr\/2025\/12\/02\/fete-paroissiale-de-lapotre-andre-a-gand\/#primaryimage\"},\"thumbnailUrl\":\"https:\/\/orthodoxia.be\/wp-content\/uploads\/2025\/12\/1000060787.jpg\",\"articleSection\":[\"Actualit\u00e9\",\"Paroisse du Saint Ap\u00f4tre Andr\u00e9 \u00e0 Gand\"],\"inLanguage\":\"fr-BE\"},{\"@type\":\"WebPage\",\"@id\":\"https:\/\/orthodoxia.be\/fr\/2025\/12\/02\/fete-paroissiale-de-lapotre-andre-a-gand\/\",\"url\":\"https:\/\/orthodoxia.be\/fr\/2025\/12\/02\/fete-paroissiale-de-lapotre-andre-a-gand\/\",\"name\":\"F\u00eate paroissiale de l\u2019Ap\u00f4tre Andr\u00e9 \u00e0 Gand - Archev\u00each\u00e9 Orthodoxe de Belgique\",\"isPartOf\":{\"@id\":\"https:\/\/orthodoxia.be\/#website\"},\"primaryImageOfPage\":{\"@id\":\"https:\/\/orthodoxia.be\/fr\/2025\/12\/02\/fete-paroissiale-de-lapotre-andre-a-gand\/#primaryimage\"},\"image\":{\"@id\":\"https:\/\/orthodoxia.be\/fr\/2025\/12\/02\/fete-paroissiale-de-lapotre-andre-a-gand\/#primaryimage\"},\"thumbnailUrl\":\"https:\/\/orthodoxia.be\/wp-content\/uploads\/2025\/12\/1000060787.jpg\",\"datePublished\":\"2025-12-02T13:33:53+00:00\",\"dateModified\":\"2025-12-12T11:24:02+00:00\",\"breadcrumb\":{\"@id\":\"https:\/\/orthodoxia.be\/fr\/2025\/12\/02\/fete-paroissiale-de-lapotre-andre-a-gand\/#breadcrumb\"},\"inLanguage\":\"fr-BE\",\"potentialAction\":[{\"@type\":\"ReadAction\",\"target\":[\"https:\/\/orthodoxia.be\/fr\/2025\/12\/02\/fete-paroissiale-de-lapotre-andre-a-gand\/\"]}]},{\"@type\":\"ImageObject\",\"inLanguage\":\"fr-BE\",\"@id\":\"https:\/\/orthodoxia.be\/fr\/2025\/12\/02\/fete-paroissiale-de-lapotre-andre-a-gand\/#primaryimage\",\"url\":\"https:\/\/orthodoxia.be\/wp-content\/uploads\/2025\/12\/1000060787.jpg\",\"contentUrl\":\"https:\/\/orthodoxia.be\/wp-content\/uploads\/2025\/12\/1000060787.jpg\",\"width\":900,\"height\":1600},{\"@type\":\"BreadcrumbList\",\"@id\":\"https:\/\/orthodoxia.be\/fr\/2025\/12\/02\/fete-paroissiale-de-lapotre-andre-a-gand\/#breadcrumb\",\"itemListElement\":[{\"@type\":\"ListItem\",\"position\":1,\"name\":\"Home\",\"item\":\"https:\/\/orthodoxia.be\/fr\/\"},{\"@type\":\"ListItem\",\"position\":2,\"name\":\"F\u00eate paroissiale de l\u2019Ap\u00f4tre Andr\u00e9 \u00e0 Gand\"}]},{\"@type\":\"WebSite\",\"@id\":\"https:\/\/orthodoxia.be\/#website\",\"url\":\"https:\/\/orthodoxia.be\/\",\"name\":\"Orthodox Archdiocese of Belgium (Benelux)\",\"description\":\"Exarque des Pays-Bas et du Luxembourg\",\"publisher\":{\"@id\":\"https:\/\/orthodoxia.be\/#organization\"},\"alternateName\":\"IMB\",\"potentialAction\":[{\"@type\":\"SearchAction\",\"target\":{\"@type\":\"EntryPoint\",\"urlTemplate\":\"https:\/\/orthodoxia.be\/?s={search_term_string}\"},\"query-input\":{\"@type\":\"PropertyValueSpecification\",\"valueRequired\":true,\"valueName\":\"search_term_string\"}}],\"inLanguage\":\"fr-BE\"},{\"@type\":\"Organization\",\"@id\":\"https:\/\/orthodoxia.be\/#organization\",\"name\":\"Orthodox Archdiocese of Belgium (Benelux)\",\"url\":\"https:\/\/orthodoxia.be\/\",\"logo\":{\"@type\":\"ImageObject\",\"inLanguage\":\"fr-BE\",\"@id\":\"https:\/\/orthodoxia.be\/#\/schema\/logo\/image\/\",\"url\":\"https:\/\/orthodoxia.be\/wp-content\/uploads\/2024\/02\/cropped-IMB-logo-512-cl-1.png\",\"contentUrl\":\"https:\/\/orthodoxia.be\/wp-content\/uploads\/2024\/02\/cropped-IMB-logo-512-cl-1.png\",\"width\":512,\"height\":512,\"caption\":\"Orthodox Archdiocese of Belgium (Benelux)\"},\"image\":{\"@id\":\"https:\/\/orthodoxia.be\/#\/schema\/logo\/image\/\"},\"sameAs\":[\"https:\/\/www.facebook.com\/orthobel\",\"https:\/\/x.com\/orthobel\",\"https:\/\/www.youtube.com\/c\/orthobel\",\"https:\/\/www.mixcloud.com\/orthobel\/\",\"https:\/\/www.flickr.com\/photos\/148264890@N07\/albums\",\"https:\/\/www.dailymotion.com\/Orthobel\"]},{\"@type\":\"Person\",\"@id\":\"https:\/\/orthodoxia.be\/#\/schema\/person\/959a0ed5d554324fca6cae9980d6afbc\",\"name\":\"Constantin Garofalou\",\"image\":{\"@type\":\"ImageObject\",\"inLanguage\":\"fr-BE\",\"@id\":\"https:\/\/orthodoxia.be\/#\/schema\/person\/image\/\",\"url\":\"https:\/\/secure.gravatar.com\/avatar\/0e3a9e4cbbeadbb6586026e5f275a273?s=96&d=mm&r=g\",\"contentUrl\":\"https:\/\/secure.gravatar.com\/avatar\/0e3a9e4cbbeadbb6586026e5f275a273?s=96&d=mm&r=g\",\"caption\":\"Constantin Garofalou\"},\"url\":\"https:\/\/orthodoxia.be\/fr\/author\/garofalou\/\"}]}<\/script>\n<!-- \/ Yoast SEO plugin. -->","yoast_head_json":{"title":"F\u00eate paroissiale de l\u2019Ap\u00f4tre Andr\u00e9 \u00e0 Gand - Archev\u00each\u00e9 Orthodoxe de Belgique","robots":{"index":"index","follow":"follow","max-snippet":"max-snippet:-1","max-image-preview":"max-image-preview:large","max-video-preview":"max-video-preview:-1"},"canonical":"https:\/\/orthodoxia.be\/fr\/2025\/12\/02\/fete-paroissiale-de-lapotre-andre-a-gand\/","og_locale":"fr_FR","og_type":"article","og_title":"F\u00eate paroissiale de l\u2019Ap\u00f4tre Andr\u00e9 \u00e0 Gand - Archev\u00each\u00e9 Orthodoxe de Belgique","og_description":"C\u2019est avec une grande joie et solennit\u00e9 que la Paroisse Orthodoxe de l\u2019Ap\u00f4tre Saint Andr\u00e9 le Premier-appel\u00e9 de Gand, en Belgique, a c\u00e9l\u00e9br\u00e9 la f\u00eate de son saint patron le dimanche 30 novembre. Sous la direction de son fondateur, l\u2019Archipr\u00eatre Ignace Peckstadt, cette paroisse fut la premi\u00e8re \u00e0 utiliser la langue locale, le n\u00e9erlandais, dans &hellip; Continued","og_url":"https:\/\/orthodoxia.be\/fr\/2025\/12\/02\/fete-paroissiale-de-lapotre-andre-a-gand\/","og_site_name":"Archev\u00each\u00e9 Orthodoxe de Belgique","article_publisher":"https:\/\/www.facebook.com\/orthobel","article_published_time":"2025-12-02T13:33:53+00:00","article_modified_time":"2025-12-12T11:24:02+00:00","og_image":[{"width":900,"height":1600,"url":"https:\/\/orthodoxia.be\/wp-content\/uploads\/2025\/12\/1000060787.jpg","type":"image\/jpeg"}],"author":"Constantin Garofalou","twitter_card":"summary_large_image","twitter_creator":"@orthobel","twitter_site":"@orthobel","twitter_misc":{"\u00c9crit par":"Constantin Garofalou","Dur\u00e9e de lecture est.":"5 minutes"},"schema":{"@context":"https:\/\/schema.org","@graph":[{"@type":"Article","@id":"https:\/\/orthodoxia.be\/fr\/2025\/12\/02\/fete-paroissiale-de-lapotre-andre-a-gand\/#article","isPartOf":{"@id":"https:\/\/orthodoxia.be\/fr\/2025\/12\/02\/fete-paroissiale-de-lapotre-andre-a-gand\/"},"author":{"name":"Constantin Garofalou","@id":"https:\/\/orthodoxia.be\/#\/schema\/person\/959a0ed5d554324fca6cae9980d6afbc"},"headline":"F\u00eate paroissiale de l\u2019Ap\u00f4tre Andr\u00e9 \u00e0 Gand","datePublished":"2025-12-02T13:33:53+00:00","dateModified":"2025-12-12T11:24:02+00:00","mainEntityOfPage":{"@id":"https:\/\/orthodoxia.be\/fr\/2025\/12\/02\/fete-paroissiale-de-lapotre-andre-a-gand\/"},"wordCount":524,"publisher":{"@id":"https:\/\/orthodoxia.be\/#organization"},"image":{"@id":"https:\/\/orthodoxia.be\/fr\/2025\/12\/02\/fete-paroissiale-de-lapotre-andre-a-gand\/#primaryimage"},"thumbnailUrl":"https:\/\/orthodoxia.be\/wp-content\/uploads\/2025\/12\/1000060787.jpg","articleSection":["Actualit\u00e9","Paroisse du Saint Ap\u00f4tre Andr\u00e9 \u00e0 Gand"],"inLanguage":"fr-BE"},{"@type":"WebPage","@id":"https:\/\/orthodoxia.be\/fr\/2025\/12\/02\/fete-paroissiale-de-lapotre-andre-a-gand\/","url":"https:\/\/orthodoxia.be\/fr\/2025\/12\/02\/fete-paroissiale-de-lapotre-andre-a-gand\/","name":"F\u00eate paroissiale de l\u2019Ap\u00f4tre Andr\u00e9 \u00e0 Gand - Archev\u00each\u00e9 Orthodoxe de Belgique","isPartOf":{"@id":"https:\/\/orthodoxia.be\/#website"},"primaryImageOfPage":{"@id":"https:\/\/orthodoxia.be\/fr\/2025\/12\/02\/fete-paroissiale-de-lapotre-andre-a-gand\/#primaryimage"},"image":{"@id":"https:\/\/orthodoxia.be\/fr\/2025\/12\/02\/fete-paroissiale-de-lapotre-andre-a-gand\/#primaryimage"},"thumbnailUrl":"https:\/\/orthodoxia.be\/wp-content\/uploads\/2025\/12\/1000060787.jpg","datePublished":"2025-12-02T13:33:53+00:00","dateModified":"2025-12-12T11:24:02+00:00","breadcrumb":{"@id":"https:\/\/orthodoxia.be\/fr\/2025\/12\/02\/fete-paroissiale-de-lapotre-andre-a-gand\/#breadcrumb"},"inLanguage":"fr-BE","potentialAction":[{"@type":"ReadAction","target":["https:\/\/orthodoxia.be\/fr\/2025\/12\/02\/fete-paroissiale-de-lapotre-andre-a-gand\/"]}]},{"@type":"ImageObject","inLanguage":"fr-BE","@id":"https:\/\/orthodoxia.be\/fr\/2025\/12\/02\/fete-paroissiale-de-lapotre-andre-a-gand\/#primaryimage","url":"https:\/\/orthodoxia.be\/wp-content\/uploads\/2025\/12\/1000060787.jpg","contentUrl":"https:\/\/orthodoxia.be\/wp-content\/uploads\/2025\/12\/1000060787.jpg","width":900,"height":1600},{"@type":"BreadcrumbList","@id":"https:\/\/orthodoxia.be\/fr\/2025\/12\/02\/fete-paroissiale-de-lapotre-andre-a-gand\/#breadcrumb","itemListElement":[{"@type":"ListItem","position":1,"name":"Home","item":"https:\/\/orthodoxia.be\/fr\/"},{"@type":"ListItem","position":2,"name":"F\u00eate paroissiale de l\u2019Ap\u00f4tre Andr\u00e9 \u00e0 Gand"}]},{"@type":"WebSite","@id":"https:\/\/orthodoxia.be\/#website","url":"https:\/\/orthodoxia.be\/","name":"Orthodox Archdiocese of Belgium (Benelux)","description":"Exarque des Pays-Bas et du Luxembourg","publisher":{"@id":"https:\/\/orthodoxia.be\/#organization"},"alternateName":"IMB","potentialAction":[{"@type":"SearchAction","target":{"@type":"EntryPoint","urlTemplate":"https:\/\/orthodoxia.be\/?s={search_term_string}"},"query-input":{"@type":"PropertyValueSpecification","valueRequired":true,"valueName":"search_term_string"}}],"inLanguage":"fr-BE"},{"@type":"Organization","@id":"https:\/\/orthodoxia.be\/#organization","name":"Orthodox Archdiocese of Belgium (Benelux)","url":"https:\/\/orthodoxia.be\/","logo":{"@type":"ImageObject","inLanguage":"fr-BE","@id":"https:\/\/orthodoxia.be\/#\/schema\/logo\/image\/","url":"https:\/\/orthodoxia.be\/wp-content\/uploads\/2024\/02\/cropped-IMB-logo-512-cl-1.png","contentUrl":"https:\/\/orthodoxia.be\/wp-content\/uploads\/2024\/02\/cropped-IMB-logo-512-cl-1.png","width":512,"height":512,"caption":"Orthodox Archdiocese of Belgium (Benelux)"},"image":{"@id":"https:\/\/orthodoxia.be\/#\/schema\/logo\/image\/"},"sameAs":["https:\/\/www.facebook.com\/orthobel","https:\/\/x.com\/orthobel","https:\/\/www.youtube.com\/c\/orthobel","https:\/\/www.mixcloud.com\/orthobel\/","https:\/\/www.flickr.com\/photos\/148264890@N07\/albums","https:\/\/www.dailymotion.com\/Orthobel"]},{"@type":"Person","@id":"https:\/\/orthodoxia.be\/#\/schema\/person\/959a0ed5d554324fca6cae9980d6afbc","name":"Constantin Garofalou","image":{"@type":"ImageObject","inLanguage":"fr-BE","@id":"https:\/\/orthodoxia.be\/#\/schema\/person\/image\/","url":"https:\/\/secure.gravatar.com\/avatar\/0e3a9e4cbbeadbb6586026e5f275a273?s=96&d=mm&r=g","contentUrl":"https:\/\/secure.gravatar.com\/avatar\/0e3a9e4cbbeadbb6586026e5f275a273?s=96&d=mm&r=g","caption":"Constantin Garofalou"},"url":"https:\/\/orthodoxia.be\/fr\/author\/garofalou\/"}]}},"_links":{"self":[{"href":"https:\/\/orthodoxia.be\/fr\/wp-json\/wp\/v2\/posts\/51985","targetHints":{"allow":["GET"]}}],"collection":[{"href":"https:\/\/orthodoxia.be\/fr\/wp-json\/wp\/v2\/posts"}],"about":[{"href":"https:\/\/orthodoxia.be\/fr\/wp-json\/wp\/v2\/types\/post"}],"author":[{"embeddable":true,"href":"https:\/\/orthodoxia.be\/fr\/wp-json\/wp\/v2\/users\/13"}],"replies":[{"embeddable":true,"href":"https:\/\/orthodoxia.be\/fr\/wp-json\/wp\/v2\/comments?post=51985"}],"version-history":[{"count":1,"href":"https:\/\/orthodoxia.be\/fr\/wp-json\/wp\/v2\/posts\/51985\/revisions"}],"predecessor-version":[{"id":51986,"href":"https:\/\/orthodoxia.be\/fr\/wp-json\/wp\/v2\/posts\/51985\/revisions\/51986"}],"wp:featuredmedia":[{"embeddable":true,"href":"https:\/\/orthodoxia.be\/fr\/wp-json\/wp\/v2\/media\/51643"}],"wp:attachment":[{"href":"https:\/\/orthodoxia.be\/fr\/wp-json\/wp\/v2\/media?parent=51985"}],"wp:term":[{"taxonomy":"category","embeddable":true,"href":"https:\/\/orthodoxia.be\/fr\/wp-json\/wp\/v2\/categories?post=51985"},{"taxonomy":"post_tag","embeddable":true,"href":"https:\/\/orthodoxia.be\/fr\/wp-json\/wp\/v2\/tags?post=51985"}],"curies":[{"name":"wp","href":"https:\/\/api.w.org\/{rel}","templated":true}]}}