{"id":53294,"date":"2026-03-25T21:41:24","date_gmt":"2026-03-25T20:41:24","guid":{"rendered":"https:\/\/orthodoxia.be\/?p=53294"},"modified":"2026-03-27T09:43:05","modified_gmt":"2026-03-27T08:43:05","slug":"croceu-a-celebre-le-1400e-anniversaire-de-lhymne-acathiste-par-une-reception-solennelle-a-bruxelles","status":"publish","type":"post","link":"https:\/\/orthodoxia.be\/fr\/2026\/03\/25\/croceu-a-celebre-le-1400e-anniversaire-de-lhymne-acathiste-par-une-reception-solennelle-a-bruxelles\/","title":{"rendered":"CROCEU a c\u00e9l\u00e9br\u00e9 le 1400e anniversaire de l\u2019Hymne Acathiste par une r\u00e9ception solennelle \u00e0 Bruxelles"},"content":{"rendered":"\n<p>Le Comit\u00e9 des Repr\u00e9sentants de l\u2019\u00c9glise orthodoxe aupr\u00e8s de l\u2019Union europ\u00e9enne (CROCEU) a organis\u00e9 une r\u00e9ception solennelle \u00e0 l\u2019occasion du 1400e anniversaire de l\u2019Hymne Acathiste \u00e0 la M\u00e8re de Dieu, le mercredi 25 mars 2026, au Centre orthodoxe Ambiorix \u00e0 Bruxelles.<\/p>\n\n\n\n<p>Parmi les invit\u00e9s figuraient des d\u00e9put\u00e9s europ\u00e9ens orthodoxes (de Gr\u00e8ce, de Chypre, de Roumanie et de Bulgarie), de hauts repr\u00e9sentants de la Commission europ\u00e9enne, dont M. Vincent Depaigne (responsable du dialogue interreligieux au titre de l\u2019article 17 du Trait\u00e9 de Lisbonne), des repr\u00e9sentants des \u00c9glises chr\u00e9tiennes aupr\u00e8s de l\u2019Union europ\u00e9enne (COMECE, CEC et autres), des responsables des \u00c9glises chr\u00e9tiennes en Belgique, ainsi que des repr\u00e9sentants d\u2019ambassades et de repr\u00e9sentations permanentes.<\/p>\n\n\n\n<p>La soir\u00e9e a d\u00e9but\u00e9 par le chant d\u2019un court extrait de l\u2019Office de l\u2019Acathiste \u00e0 la M\u00e8re de Dieu, d\u2019abord en grec, puis en anglais et en roumain.<\/p>\n\n\n\n<p>Des allocutions ont \u00e9t\u00e9 prononc\u00e9es par Son \u00c9minence le M\u00e9tropolite Ath\u00e9nagoras de Belgique, pr\u00e9sident de la CROCEU, et par l\u2019archipr\u00eatre Dr Sorin Selaru, directeur de la Repr\u00e9sentation du Patriarcat de Roumanie aupr\u00e8s de l\u2019Union europ\u00e9enne.<\/p>\n\n\n\n<p>Dans son intervention, le M\u00e9tropolite Ath\u00e9nagoras a soulign\u00e9 la profonde port\u00e9e spirituelle et th\u00e9ologique de l\u2019Hymne Acathiste, qu\u2019il a d\u00e9crit comme l\u2019un des tr\u00e9sors les plus remarquables de la tradition orthodoxe et comme un t\u00e9moignage vivant de la foi, unissant histoire, doctrine et pri\u00e8re. Il a \u00e9galement insist\u00e9 sur l\u2019importance du dialogue et de la compr\u00e9hension mutuelle dans le monde actuel, rappelant que, dans un contexte marqu\u00e9 par la fragmentation et l\u2019incertitude, un tel engagement n\u2019est pas un luxe, mais une n\u00e9cessit\u00e9 pour promouvoir la paix, la dignit\u00e9 humaine et la solidarit\u00e9 en Europe.<\/p>\n\n\n\n<p>Le p\u00e8re Sorin Selaru a mis en lumi\u00e8re la mission sp\u00e9cifique de CROCEU en tant qu\u2019organe de coordination des repr\u00e9sentations officielles des \u00c9glises orthodoxes locales aupr\u00e8s de l\u2019Union europ\u00e9enne, favorisant la coop\u00e9ration, le dialogue et un t\u00e9moignage orthodoxe commun au sein des institutions europ\u00e9ennes.<\/p>\n\n\n\n<p>L\u2019\u00c9glise de Gr\u00e8ce \u00e9tait repr\u00e9sent\u00e9e par Son Excellence l\u2019\u00e9v\u00eaque Apostolos de Tanagra, directeur de sa Repr\u00e9sentation aupr\u00e8s de l\u2019Union europ\u00e9enne. Parmi les participants figurait \u00e9galement Son Excellence l\u2019\u00e9v\u00eaque Ioakim d\u2019Apollonia, \u00e9v\u00eaque auxiliaire du M\u00e9tropolite de Belgique.<\/p>\n\n\n\n<p>La soir\u00e9e s\u2019est conclue par une r\u00e9ception conforme \u00e0 la p\u00e9riode de je\u00fbne, offrant aux invit\u00e9s l\u2019occasion de se rencontrer, d\u2019\u00e9changer et de renforcer les liens dans un esprit de convivialit\u00e9 et de dialogue.<\/p>\n\n\n\n\t\t\t\t\t\t\t<style>\n\t\t\t\t\t\t\t\t\t\t\t\t\t.flickr-img-responsive {\n\t\t\t\t\t\t\t\twidth:100% !important;\n\t\t\t\t\t\t\t\theight:auto !important;\n\t\t\t\t\t\t\t\tdisplay:block !important;\n\t\t\t\t\t\t\t}\n\t\t\t\t\t\t\t.LoadingImg img {\n\t\t\t\t\t\t\t\tmax-width: 45px;\n\t\t\t\t\t\t\t\tmax-height: 45px;\n\t\t\t\t\t\t\t\tbox-shadow:  none;\n\t\t\t\t\t\t\t}\n\t\t\t\t\t\t\t.wpfrank-flickr-div{\n\t\t\t\t\t\t\t\tpadding:15px;\n\t\t\t\t\t\t\t}\n\t\t\t\t\t\t\t@media (max-width: 786px){\n\t\t\t\t\t\t\t\t.col-md-3 {\n\t\t\t\t\t\t\t\t\twidth:49.9%;\n\t\t\t\t\t\t\t\t\tfloat:left;\n\t\t\t\t\t\t\t\t}\n\t\t\t\t\t\t\t}\n\t\t\t\t\t\t\t.play-pause {\n\t\t\t\t\t\t\t\tdisplay: none !important;\n\t\t\t\t\t\t\t}\n\t\t\t\t\t\t\t.gallery53282 {\n\t\t\t\t\t\t\t\toverflow:hidden;\n\t\t\t\t\t\t\t\tclear: both;\n\t\t\t\t\t\t\t}\n\t\t\t\t\t\t\t.fnf{\n\t\t\t\t\t\t\t\tbackground-color: #a92929;\n\t\t\t\t\t\t\t\tborder-radius: 5px;\n\t\t\t\t\t\t\t\tcolor: #fff;\n\t\t\t\t\t\t\t\tfont-family: initial;\n\t\t\t\t\t\t\t\ttext-align: center;\n\t\t\t\t\t\t\t\tpadding:12px;\n\t\t\t\t\t\t\t}\n\t\t\t\t\t\t\t<\/style>\n\t\t\t\t\t\t\t<script type=\"text\/javascript\">\n\t\t\t\t\t\t\tjQuery(function() {\n\t\t\t\t\t\t\t\tjQuery('.gallery53282').flickr({\n\t\t\t\t\t\t\t\t\tapiKey: '037c012784565c3b5691cc5a0aa912b7',\n\t\t\t\t\t\t\t\t\tphotosetId: '72177720332732715'\n\t\t\t\t\t\t\t\t});\n\t\t\t\t\t\t\t});\n\n\t\t\t\t\t\t\t;(function ($, window, document, undefined) {\n\t\t\t\t\t\t\t\t'use strict';\n\t\t\t\t\t\t\t\tvar pluginName = \"flickr\",\n\t\t\t\t\t\t\t\t\tdefaults = {\n\t\t\t\t\t\t\t\t\t\tapiKey: \"\",\n\t\t\t\t\t\t\t\t\t\tphotosetId: \"\",\n\t\t\t\t\t\t\t\t\t\terrorText: \"<div class='fnf'><i class='far fa-times-circle'><\/i> Error generating gallery.<\/div>\",\n\t\t\t\t\t\t\t\t\t\tloadingSpeed: 38,\n\t\t\t\t\t\t\t\t\t\tphotosLimit: 200\n\t\t\t\t\t\t\t\t\t},\n\t\t\t\t\t\t\t\t\tapiUrl = 'https:\/\/api.flickr.com\/services\/rest\/',\n\t\t\t\t\t\t\t\t\tphotos = [];\n\n\t\t\t\t\t\t\t\t\/\/ The actual plugin constructor\n\t\t\t\t\t\t\t\tfunction Plugin(element, options) {\n\t\t\t\t\t\t\t\t\tthis.element = $(element);\n\t\t\t\t\t\t\t\t\tthis.settings = $.extend({}, defaults, options);\n\t\t\t\t\t\t\t\t\tthis._defaults = defaults;\n\t\t\t\t\t\t\t\t\tthis._name = pluginName;\n\n\t\t\t\t\t\t\t\t\tthis._hideSpinner = function() {\n\t\t\t\t\t\t\t\t\t\tthis.element.find('.spinner-wrapper').hide().find('*').hide();\n\t\t\t\t\t\t\t\t\t};\n\n\t\t\t\t\t\t\t\t\tthis._printError = function() {\n\t\t\t\t\t\t\t\t\t\t \/\/this.element.find('.gallery-container').append($(\"<div><\/div>\", { \"class\": \"col-lg-12 col-lg-offset-1\" })\n\t\t\t\t\t\t\t\t\t\tthis.element.find('.gallery-container').append($(\"<div><\/div>\", { \"class\": \"col-lg-12\" })\n\t\t\t\t\t\t\t\t\t\t\t.append($(\"<div><\/div>\", { \"class\": \"error-wrapper\" })\n\t\t\t\t\t\t\t\t\t\t\t\t.append($(\"<span><\/span>\", { \"class\": \"label label-danger error\" })\n\t\t\t\t\t\t\t\t\t\t\t\t\t.html(this.settings.errorText))));\n\t\t\t\t\t\t\t\t\t};\n\n\t\t\t\t\t\t\t\t\tthis._flickrAnimate = function() {\n\t\t\t\t\t\t\t\t\t\tthis.element.find('.gallery-container img').each($.proxy(function(index, el) {\n\t\t\t\t\t\t\t\t\t\t\tvar image = el;\n\t\t\t\t\t\t\t\t\t\t\tsetTimeout(function() {\n\t\t\t\t\t\t\t\t\t\t\t\t$(image).parent().fadeIn();\n\t\t\t\t\t\t\t\t\t\t\t}, this.settings.loadingSpeed * index);\n\t\t\t\t\t\t\t\t\t\t}, this));\n\t\t\t\t\t\t\t\t\t};\n\n\t\t\t\t\t\t\t\t\tthis._printGallery = function(photos) {\n\t\t\t\t\t\t\t\t\t\tvar element = this.element.find('.gallery-container');\n\t\t\t\t\t\t\t\t\t\t$.each(photos, function(key, photo) {\n\t\t\t\t\t\t\t\t\t\t\tvar img = $('<img>', { 'class': 'thumb img-thumbnail flickr-img-responsive', src: photo.thumbnail, 'alt': photo.title });\n\t\t\t\t\t\t\t\t\t\t\telement.append($('<div><\/div>', { 'class': ' col-md-3 col-sm-4 col-center wpfrank-flickr-div' })\n\t\t\t\t\t\t\t\t\t\t\t\t.append($('<a><\/a>', { 'class': '', href: photo.href, 'data-gallery': '', 'title': photo.title }).hide()\n\t\t\t\t\t\t\t\t\t\t\t\t\t.append(img)));\n\t\t\t\t\t\t\t\t\t\t});\n\n\t\t\t\t\t\t\t\t\t\telement.imagesLoaded()\n\t\t\t\t\t\t\t\t\t\t\t.done($.proxy(this._flickrAnimate, this))\n\t\t\t\t\t\t\t\t\t\t\t.always($.proxy(this._hideSpinner, this));\n\t\t\t\t\t\t\t\t\t};\n\n\t\t\t\t\t\t\t\t\tthis._flickrPhotoset = function(photoset) {\n\t\t\t\t\t\t\t\t\t\tvar _this = this;\n\t\t\t\t\t\t\t\t\t\t\n\t\t\t\t\t\t\t\t\t\tphotos[photoset.id] = [];\n\t\t\t\t\t\t\t\t\t\t$.each(photoset.photo, function(key, photo) {\n\t\t\t\t\t\t\t\t\t\t\t\/\/ Limit number of photos.\n\t\t\t\t\t\t\t\t\t\t\tif(key >= _this.settings.photosLimit) {\n\t\t\t\t\t\t\t\t\t\t\t\treturn false;\n\t\t\t\t\t\t\t\t\t\t\t}\n\n\t\t\t\t\t\t\t\t\t\t\tphotos[photoset.id][key] = {\n\t\t\t\t\t\t\t\t\t\t\t\tthumbnail: 'https:\/\/farm' + photo.farm + '.static.flickr.com\/' + photo.server + '\/' + photo.id + '_' + photo.secret + '_q.jpg',\n\t\t\t\t\t\t\t\t\t\t\t\thref: 'https:\/\/farm' + photo.farm + '.static.flickr.com\/' + photo.server + '\/' + photo.id + '_' + photo.secret + '_b.jpg',\n\t\t\t\t\t\t\t\t\t\t\t\ttitle: photo.title\n\t\t\t\t\t\t\t\t\t\t\t};\n\t\t\t\t\t\t\t\t\t\t});\n\n\t\t\t\t\t\t\t\t\t\tthis._printGallery(photos[photoset.id]);\n\t\t\t\t\t\t\t\t\t};\n\n\t\t\t\t\t\t\t\t\tthis._onFlickrResponse = function(response) {\n\t\t\t\t\t\t\t\t\t\tif(response.stat === \"ok\") {\n\t\t\t\t\t\t\t\t\t\t\t this._flickrPhotoset(response.photoset);\n\t\t\t\t\t\t\t\t\t\t}\n\t\t\t\t\t\t\t\t\t\telse {\n\t\t\t\t\t\t\t\t\t\t\tthis._hideSpinner();\n\t\t\t\t\t\t\t\t\t\t\tthis._printError();\n\t\t\t\t\t\t\t\t\t\t}\n\t\t\t\t\t\t\t\t\t};\n\n\t\t\t\t\t\t\t\t\tthis._flickrRequest = function(method, data) {\n\t\t\t\t\t\t\t\t\t\tvar url = apiUrl + \"?format=json&jsoncallback=?&method=\" + method + \"&api_key=\" + this.settings.apiKey;\n\n\t\t\t\t\t\t\t\t\t\t$.each(data, function(key, value) {\n\t\t\t\t\t\t\t\t\t\t\turl += \"&\" + key + \"=\" + value;\n\t\t\t\t\t\t\t\t\t\t});\n\n\t\t\t\t\t\t\t\t\t\t$.ajax({\n\t\t\t\t\t\t\t\t\t\t\tdataType: \"json\",\n\t\t\t\t\t\t\t\t\t\t\turl: url,\n\t\t\t\t\t\t\t\t\t\t\tcontext: this,\n\t\t\t\t\t\t\t\t\t\t\tsuccess: this._onFlickrResponse\n\t\t\t\t\t\t\t\t\t\t});\n\t\t\t\t\t\t\t\t\t};\n\n\t\t\t\t\t\t\t\t\tthis._flickrInit = function () {\n\t\t\t\t\t\t\t\t\t\tthis._flickrRequest('flickr.photosets.getPhotos', {\n\t\t\t\t\t\t\t\t\t\t\tphotoset_id: this.settings.photosetId\n\t\t\t\t\t\t\t\t\t\t});\n\t\t\t\t\t\t\t\t\t};\n\n\t\t\t\t\t\t\t\t\t\/\/ Init\n\t\t\t\t\t\t\t\t\tthis.init();\n\t\t\t\t\t\t\t\t}\n\n\t\t\t\t\t\t\t\tPlugin.prototype = {\n\t\t\t\t\t\t\t\t\tinit: function () {\n\t\t\t\t\t\t\t\t\t\tthis._flickrInit();\n\t\t\t\t\t\t\t\t\t}\n\t\t\t\t\t\t\t\t};\n\n\t\t\t\t\t\t\t\t\/\/ Wrapper\n\t\t\t\t\t\t\t\t$.fn[pluginName] = function (options) {\n\t\t\t\t\t\t\t\t\tthis.each(function () {\n\t\t\t\t\t\t\t\t\t\tif (!$.data(this, \"plugin_\" + pluginName)) {\n\t\t\t\t\t\t\t\t\t\t\t$.data(this, \"plugin_\" + pluginName, new Plugin(this, options));\n\t\t\t\t\t\t\t\t\t\t}\n\t\t\t\t\t\t\t\t\t});\n\n\t\t\t\t\t\t\t\t\t\/\/ Chain\n\t\t\t\t\t\t\t\t\treturn this;\n\t\t\t\t\t\t\t\t};\n\t\t\t\t\t\t\t})(jQuery, window, document);\n\t\t\t\t\t\t\t<\/script>\n\t\t\t\t\t\t\t<div class=\"gallery53282\">\n\t\t\t\t\t\t\t\t<!-- Gallery Thumbnails -->\n\t\t\t\t\t\t\t\t\t\t\t\t\t\t<h3>CROCEU Marks the 1400th Anniversary of the Akathist Hymn with Festive Reception in Brussels<\/h3>\n\t\t\t\t\t\t\t\t\t\t\t\t\t\t\t\t<div class=\"row\">\n\t\t\t\t\t\t\t\t\t<div class=\"col-xs-12 spinner-wrapper\">\n\t\t\t\t\t\t\t\t\t\t<div class=\"LoadingImg\"><img decoding=\"async\" src=\"https:\/\/orthodoxia.be\/wp-content\/plugins\/flickr-album-gallery\/img\/loading.gif\" \/><\/div>\n\t\t\t\t\t\t\t\t\t<\/div>\n\t\t\t\t\t\t\t\t\t<div align=\"center\" class=\"gallery-container\"><\/div>\n\t\t\t\t\t\t\t\t<\/div>\n\t\t\t\t\t\t\t<\/div>\n\t\t\t\t\t\t\t\t\t\n\t\t\t<!-- Blueimp gallery -->\n\t\t\t<div id=\"blueimp-gallery\" class=\"blueimp-gallery blueimp-gallery-controls\">\n\t\t\t\t<div class=\"slides\"><\/div>\n\t\t\t\t<h3 class=\"title\"><\/h3>\n\t\t\t\t<a class=\"prev\">\u2039<\/a>\n\t\t\t\t<a class=\"next\">\u203a<\/a>\n\t\t\t\t<a class=\"close\">\u00d7<\/a>\n\t\t\t\t<a class=\"play-pause\"><\/a>\n\t\t\t\t<ol class=\"indicator\"><\/ol>\n\t\t\t\t<div class=\"modal fade\">\n\t\t\t\t\t<div class=\"modal-dialog\">\n\t\t\t\t\t\t<div class=\"modal-content\">\n\t\t\t\t\t\t\t<div class=\"modal-header\">\n\t\t\t\t\t\t\t\t<button type=\"button\" class=\"close\" aria-hidden=\"true\">&times;<\/button>\n\t\t\t\t\t\t\t\t<h4 class=\"modal-title\"><\/h4>\n\t\t\t\t\t\t\t<\/div>\n\t\t\t\t\t\t\t<div class=\"modal-body next\"><\/div>\n\t\t\t\t\t\t\t<div class=\"modal-footer\">\n\t\t\t\t\t\t\t\t<button type=\"button\" class=\"btn btn-default pull-left prev\">\n\t\t\t\t\t\t\t\t\t<i class=\"glyphicon glyphicon-chevron-left\"><\/i>\n\t\t\t\t\t\t\t\t\tPrevious\t\t\t\t\t\t\t\t<\/button>\n\t\t\t\t\t\t\t\t<button type=\"button\" class=\"btn btn-primary next\">\n\t\t\t\t\t\t\t\t\tNext\t\t\t\t\t\t\t\t\t<i class=\"glyphicon glyphicon-chevron-right\"><\/i>\n\t\t\t\t\t\t\t\t<\/button>\n\t\t\t\t\t\t\t<\/div>\n\t\t\t\t\t\t<\/div>\n\t\t\t\t\t<\/div>\n\t\t\t\t<\/div>\n\t\t\t<\/div>\n\t\t\t<script type=\"text\/javascript\">\n\t\t\tjQuery(function() {\n\t\t\t\t\/\/ Set blueimp gallery options\n\t\t\t\tjQuery.extend(blueimp.Gallery.prototype.options, {\n\t\t\t\t\tuseBootstrapModal: false,\n\t\t\t\t\thidePageScrollbars: false\n\t\t\t\t});\n\t\t\t});\n\t\t\t<\/script>\n\t\t\t\n","protected":false},"excerpt":{"rendered":"<p>Le Comit\u00e9 des Repr\u00e9sentants de l\u2019\u00c9glise orthodoxe aupr\u00e8s de l\u2019Union europ\u00e9enne (CROCEU) a organis\u00e9 une r\u00e9ception solennelle \u00e0 l\u2019occasion du 1400e anniversaire de l\u2019Hymne Acathiste \u00e0 la M\u00e8re de Dieu, le mercredi 25 mars 2026, au Centre orthodoxe Ambiorix \u00e0 Bruxelles. Parmi les invit\u00e9s figuraient des d\u00e9put\u00e9s europ\u00e9ens orthodoxes (de Gr\u00e8ce, de Chypre, de Roumanie &hellip; <a href=\"https:\/\/orthodoxia.be\/fr\/?p=53282\">Continued<\/a><\/p>\n","protected":false},"author":16,"featured_media":53288,"comment_status":"closed","ping_status":"closed","sticky":false,"template":"","format":"standard","meta":{"_acf_changed":false,"footnotes":""},"categories":[14],"tags":[],"class_list":["post-53294","post","type-post","status-publish","format-standard","has-post-thumbnail","hentry","category-actualite"],"acf":[],"yoast_head":"<!-- This site is optimized with the Yoast SEO plugin v24.3 - https:\/\/yoast.com\/wordpress\/plugins\/seo\/ -->\n<title>CROCEU a c\u00e9l\u00e9br\u00e9 le 1400e anniversaire de l\u2019Hymne Acathiste par une r\u00e9ception solennelle \u00e0 Bruxelles - Archev\u00each\u00e9 Orthodoxe de Belgique<\/title>\n<meta name=\"robots\" content=\"index, follow, max-snippet:-1, max-image-preview:large, max-video-preview:-1\" \/>\n<link rel=\"canonical\" href=\"https:\/\/orthodoxia.be\/fr\/2026\/03\/27\/croceu-a-celebre-le-1400e-anniversaire-de-lhymne-acathiste-par-une-reception-solennelle-a-bruxelles\/\" \/>\n<meta property=\"og:locale\" content=\"fr_FR\" \/>\n<meta property=\"og:type\" content=\"article\" \/>\n<meta property=\"og:title\" content=\"CROCEU a c\u00e9l\u00e9br\u00e9 le 1400e anniversaire de l\u2019Hymne Acathiste par une r\u00e9ception solennelle \u00e0 Bruxelles - Archev\u00each\u00e9 Orthodoxe de Belgique\" \/>\n<meta property=\"og:description\" content=\"Le Comit\u00e9 des Repr\u00e9sentants de l\u2019\u00c9glise orthodoxe aupr\u00e8s de l\u2019Union europ\u00e9enne (CROCEU) a organis\u00e9 une r\u00e9ception solennelle \u00e0 l\u2019occasion du 1400e anniversaire de l\u2019Hymne Acathiste \u00e0 la M\u00e8re de Dieu, le mercredi 25 mars 2026, au Centre orthodoxe Ambiorix \u00e0 Bruxelles. Parmi les invit\u00e9s figuraient des d\u00e9put\u00e9s europ\u00e9ens orthodoxes (de Gr\u00e8ce, de Chypre, de Roumanie &hellip; Continued\" \/>\n<meta property=\"og:url\" content=\"https:\/\/orthodoxia.be\/fr\/2026\/03\/27\/croceu-a-celebre-le-1400e-anniversaire-de-lhymne-acathiste-par-une-reception-solennelle-a-bruxelles\/\" \/>\n<meta property=\"og:site_name\" content=\"Archev\u00each\u00e9 Orthodoxe de Belgique\" \/>\n<meta property=\"article:publisher\" content=\"https:\/\/www.facebook.com\/orthobel\" \/>\n<meta property=\"article:published_time\" content=\"2026-03-25T20:41:24+00:00\" \/>\n<meta property=\"article:modified_time\" content=\"2026-03-27T08:43:05+00:00\" \/>\n<meta property=\"og:image\" content=\"https:\/\/orthodoxia.be\/wp-content\/uploads\/2026\/03\/55169228152_1d8538894a_c.jpg\" \/>\n\t<meta property=\"og:image:width\" content=\"800\" \/>\n\t<meta property=\"og:image:height\" content=\"800\" \/>\n\t<meta property=\"og:image:type\" content=\"image\/jpeg\" \/>\n<meta name=\"author\" content=\"\u03c0. \u03a0\u03b1\u03bd\u03c4\u03b5\u03bb\u03b5\u03ae\u03bc\u03c9\u03bd \u039c\u03c0\u03b1\u03ba\u03ac\u03bb\u03b7\u03c2\" \/>\n<meta name=\"twitter:card\" content=\"summary_large_image\" \/>\n<meta name=\"twitter:creator\" content=\"@orthobel\" \/>\n<meta name=\"twitter:site\" content=\"@orthobel\" \/>\n<meta name=\"twitter:label1\" content=\"\u00c9crit par\" \/>\n\t<meta name=\"twitter:data1\" content=\"\u03c0. \u03a0\u03b1\u03bd\u03c4\u03b5\u03bb\u03b5\u03ae\u03bc\u03c9\u03bd \u039c\u03c0\u03b1\u03ba\u03ac\u03bb\u03b7\u03c2\" \/>\n\t<meta name=\"twitter:label2\" content=\"Dur\u00e9e de lecture est.\" \/>\n\t<meta name=\"twitter:data2\" content=\"3 minutes\" \/>\n<script type=\"application\/ld+json\" class=\"yoast-schema-graph\">{\"@context\":\"https:\/\/schema.org\",\"@graph\":[{\"@type\":\"Article\",\"@id\":\"https:\/\/orthodoxia.be\/fr\/2026\/03\/27\/croceu-a-celebre-le-1400e-anniversaire-de-lhymne-acathiste-par-une-reception-solennelle-a-bruxelles\/#article\",\"isPartOf\":{\"@id\":\"https:\/\/orthodoxia.be\/fr\/2026\/03\/27\/croceu-a-celebre-le-1400e-anniversaire-de-lhymne-acathiste-par-une-reception-solennelle-a-bruxelles\/\"},\"author\":{\"name\":\"\u03c0. \u03a0\u03b1\u03bd\u03c4\u03b5\u03bb\u03b5\u03ae\u03bc\u03c9\u03bd \u039c\u03c0\u03b1\u03ba\u03ac\u03bb\u03b7\u03c2\",\"@id\":\"https:\/\/orthodoxia.be\/#\/schema\/person\/a696828f612fb51b22fe83a8ac79c97a\"},\"headline\":\"CROCEU a c\u00e9l\u00e9br\u00e9 le 1400e anniversaire de l\u2019Hymne Acathiste par une r\u00e9ception solennelle \u00e0 Bruxelles\",\"datePublished\":\"2026-03-25T20:41:24+00:00\",\"dateModified\":\"2026-03-27T08:43:05+00:00\",\"mainEntityOfPage\":{\"@id\":\"https:\/\/orthodoxia.be\/fr\/2026\/03\/27\/croceu-a-celebre-le-1400e-anniversaire-de-lhymne-acathiste-par-une-reception-solennelle-a-bruxelles\/\"},\"wordCount\":487,\"publisher\":{\"@id\":\"https:\/\/orthodoxia.be\/#organization\"},\"image\":{\"@id\":\"https:\/\/orthodoxia.be\/fr\/2026\/03\/27\/croceu-a-celebre-le-1400e-anniversaire-de-lhymne-acathiste-par-une-reception-solennelle-a-bruxelles\/#primaryimage\"},\"thumbnailUrl\":\"https:\/\/orthodoxia.be\/wp-content\/uploads\/2026\/03\/55169228152_1d8538894a_c.jpg\",\"articleSection\":[\"Actualit\u00e9\"],\"inLanguage\":\"fr-BE\"},{\"@type\":\"WebPage\",\"@id\":\"https:\/\/orthodoxia.be\/fr\/2026\/03\/27\/croceu-a-celebre-le-1400e-anniversaire-de-lhymne-acathiste-par-une-reception-solennelle-a-bruxelles\/\",\"url\":\"https:\/\/orthodoxia.be\/fr\/2026\/03\/27\/croceu-a-celebre-le-1400e-anniversaire-de-lhymne-acathiste-par-une-reception-solennelle-a-bruxelles\/\",\"name\":\"CROCEU a c\u00e9l\u00e9br\u00e9 le 1400e anniversaire de l\u2019Hymne Acathiste par une r\u00e9ception solennelle \u00e0 Bruxelles - Archev\u00each\u00e9 Orthodoxe de Belgique\",\"isPartOf\":{\"@id\":\"https:\/\/orthodoxia.be\/#website\"},\"primaryImageOfPage\":{\"@id\":\"https:\/\/orthodoxia.be\/fr\/2026\/03\/27\/croceu-a-celebre-le-1400e-anniversaire-de-lhymne-acathiste-par-une-reception-solennelle-a-bruxelles\/#primaryimage\"},\"image\":{\"@id\":\"https:\/\/orthodoxia.be\/fr\/2026\/03\/27\/croceu-a-celebre-le-1400e-anniversaire-de-lhymne-acathiste-par-une-reception-solennelle-a-bruxelles\/#primaryimage\"},\"thumbnailUrl\":\"https:\/\/orthodoxia.be\/wp-content\/uploads\/2026\/03\/55169228152_1d8538894a_c.jpg\",\"datePublished\":\"2026-03-25T20:41:24+00:00\",\"dateModified\":\"2026-03-27T08:43:05+00:00\",\"breadcrumb\":{\"@id\":\"https:\/\/orthodoxia.be\/fr\/2026\/03\/27\/croceu-a-celebre-le-1400e-anniversaire-de-lhymne-acathiste-par-une-reception-solennelle-a-bruxelles\/#breadcrumb\"},\"inLanguage\":\"fr-BE\",\"potentialAction\":[{\"@type\":\"ReadAction\",\"target\":[\"https:\/\/orthodoxia.be\/fr\/2026\/03\/27\/croceu-a-celebre-le-1400e-anniversaire-de-lhymne-acathiste-par-une-reception-solennelle-a-bruxelles\/\"]}]},{\"@type\":\"ImageObject\",\"inLanguage\":\"fr-BE\",\"@id\":\"https:\/\/orthodoxia.be\/fr\/2026\/03\/27\/croceu-a-celebre-le-1400e-anniversaire-de-lhymne-acathiste-par-une-reception-solennelle-a-bruxelles\/#primaryimage\",\"url\":\"https:\/\/orthodoxia.be\/wp-content\/uploads\/2026\/03\/55169228152_1d8538894a_c.jpg\",\"contentUrl\":\"https:\/\/orthodoxia.be\/wp-content\/uploads\/2026\/03\/55169228152_1d8538894a_c.jpg\",\"width\":800,\"height\":800},{\"@type\":\"BreadcrumbList\",\"@id\":\"https:\/\/orthodoxia.be\/fr\/2026\/03\/27\/croceu-a-celebre-le-1400e-anniversaire-de-lhymne-acathiste-par-une-reception-solennelle-a-bruxelles\/#breadcrumb\",\"itemListElement\":[{\"@type\":\"ListItem\",\"position\":1,\"name\":\"Home\",\"item\":\"https:\/\/orthodoxia.be\/fr\/\"},{\"@type\":\"ListItem\",\"position\":2,\"name\":\"CROCEU a c\u00e9l\u00e9br\u00e9 le 1400e anniversaire de l\u2019Hymne Acathiste par une r\u00e9ception solennelle \u00e0 Bruxelles\"}]},{\"@type\":\"WebSite\",\"@id\":\"https:\/\/orthodoxia.be\/#website\",\"url\":\"https:\/\/orthodoxia.be\/\",\"name\":\"Orthodox Archdiocese of Belgium (Benelux)\",\"description\":\"Exarque des Pays-Bas et du Luxembourg\",\"publisher\":{\"@id\":\"https:\/\/orthodoxia.be\/#organization\"},\"alternateName\":\"IMB\",\"potentialAction\":[{\"@type\":\"SearchAction\",\"target\":{\"@type\":\"EntryPoint\",\"urlTemplate\":\"https:\/\/orthodoxia.be\/?s={search_term_string}\"},\"query-input\":{\"@type\":\"PropertyValueSpecification\",\"valueRequired\":true,\"valueName\":\"search_term_string\"}}],\"inLanguage\":\"fr-BE\"},{\"@type\":\"Organization\",\"@id\":\"https:\/\/orthodoxia.be\/#organization\",\"name\":\"Orthodox Archdiocese of Belgium (Benelux)\",\"url\":\"https:\/\/orthodoxia.be\/\",\"logo\":{\"@type\":\"ImageObject\",\"inLanguage\":\"fr-BE\",\"@id\":\"https:\/\/orthodoxia.be\/#\/schema\/logo\/image\/\",\"url\":\"https:\/\/orthodoxia.be\/wp-content\/uploads\/2024\/02\/cropped-IMB-logo-512-cl-1.png\",\"contentUrl\":\"https:\/\/orthodoxia.be\/wp-content\/uploads\/2024\/02\/cropped-IMB-logo-512-cl-1.png\",\"width\":512,\"height\":512,\"caption\":\"Orthodox Archdiocese of Belgium (Benelux)\"},\"image\":{\"@id\":\"https:\/\/orthodoxia.be\/#\/schema\/logo\/image\/\"},\"sameAs\":[\"https:\/\/www.facebook.com\/orthobel\",\"https:\/\/x.com\/orthobel\",\"https:\/\/www.youtube.com\/c\/orthobel\",\"https:\/\/www.mixcloud.com\/orthobel\/\",\"https:\/\/www.flickr.com\/photos\/148264890@N07\/albums\",\"https:\/\/www.dailymotion.com\/Orthobel\"]},{\"@type\":\"Person\",\"@id\":\"https:\/\/orthodoxia.be\/#\/schema\/person\/a696828f612fb51b22fe83a8ac79c97a\",\"name\":\"\u03c0. \u03a0\u03b1\u03bd\u03c4\u03b5\u03bb\u03b5\u03ae\u03bc\u03c9\u03bd \u039c\u03c0\u03b1\u03ba\u03ac\u03bb\u03b7\u03c2\",\"image\":{\"@type\":\"ImageObject\",\"inLanguage\":\"fr-BE\",\"@id\":\"https:\/\/orthodoxia.be\/#\/schema\/person\/image\/\",\"url\":\"https:\/\/secure.gravatar.com\/avatar\/6dfde748a83c2d7e804d257a719e34f5?s=96&d=mm&r=g\",\"contentUrl\":\"https:\/\/secure.gravatar.com\/avatar\/6dfde748a83c2d7e804d257a719e34f5?s=96&d=mm&r=g\",\"caption\":\"\u03c0. \u03a0\u03b1\u03bd\u03c4\u03b5\u03bb\u03b5\u03ae\u03bc\u03c9\u03bd \u039c\u03c0\u03b1\u03ba\u03ac\u03bb\u03b7\u03c2\"},\"url\":\"https:\/\/orthodoxia.be\/fr\/author\/bakalis\/\"}]}<\/script>\n<!-- \/ Yoast SEO plugin. -->","yoast_head_json":{"title":"CROCEU a c\u00e9l\u00e9br\u00e9 le 1400e anniversaire de l\u2019Hymne Acathiste par une r\u00e9ception solennelle \u00e0 Bruxelles - Archev\u00each\u00e9 Orthodoxe de Belgique","robots":{"index":"index","follow":"follow","max-snippet":"max-snippet:-1","max-image-preview":"max-image-preview:large","max-video-preview":"max-video-preview:-1"},"canonical":"https:\/\/orthodoxia.be\/fr\/2026\/03\/27\/croceu-a-celebre-le-1400e-anniversaire-de-lhymne-acathiste-par-une-reception-solennelle-a-bruxelles\/","og_locale":"fr_FR","og_type":"article","og_title":"CROCEU a c\u00e9l\u00e9br\u00e9 le 1400e anniversaire de l\u2019Hymne Acathiste par une r\u00e9ception solennelle \u00e0 Bruxelles - Archev\u00each\u00e9 Orthodoxe de Belgique","og_description":"Le Comit\u00e9 des Repr\u00e9sentants de l\u2019\u00c9glise orthodoxe aupr\u00e8s de l\u2019Union europ\u00e9enne (CROCEU) a organis\u00e9 une r\u00e9ception solennelle \u00e0 l\u2019occasion du 1400e anniversaire de l\u2019Hymne Acathiste \u00e0 la M\u00e8re de Dieu, le mercredi 25 mars 2026, au Centre orthodoxe Ambiorix \u00e0 Bruxelles. Parmi les invit\u00e9s figuraient des d\u00e9put\u00e9s europ\u00e9ens orthodoxes (de Gr\u00e8ce, de Chypre, de Roumanie &hellip; Continued","og_url":"https:\/\/orthodoxia.be\/fr\/2026\/03\/27\/croceu-a-celebre-le-1400e-anniversaire-de-lhymne-acathiste-par-une-reception-solennelle-a-bruxelles\/","og_site_name":"Archev\u00each\u00e9 Orthodoxe de Belgique","article_publisher":"https:\/\/www.facebook.com\/orthobel","article_published_time":"2026-03-25T20:41:24+00:00","article_modified_time":"2026-03-27T08:43:05+00:00","og_image":[{"width":800,"height":800,"url":"https:\/\/orthodoxia.be\/wp-content\/uploads\/2026\/03\/55169228152_1d8538894a_c.jpg","type":"image\/jpeg"}],"author":"\u03c0. \u03a0\u03b1\u03bd\u03c4\u03b5\u03bb\u03b5\u03ae\u03bc\u03c9\u03bd \u039c\u03c0\u03b1\u03ba\u03ac\u03bb\u03b7\u03c2","twitter_card":"summary_large_image","twitter_creator":"@orthobel","twitter_site":"@orthobel","twitter_misc":{"\u00c9crit par":"\u03c0. \u03a0\u03b1\u03bd\u03c4\u03b5\u03bb\u03b5\u03ae\u03bc\u03c9\u03bd \u039c\u03c0\u03b1\u03ba\u03ac\u03bb\u03b7\u03c2","Dur\u00e9e de lecture est.":"3 minutes"},"schema":{"@context":"https:\/\/schema.org","@graph":[{"@type":"Article","@id":"https:\/\/orthodoxia.be\/fr\/2026\/03\/27\/croceu-a-celebre-le-1400e-anniversaire-de-lhymne-acathiste-par-une-reception-solennelle-a-bruxelles\/#article","isPartOf":{"@id":"https:\/\/orthodoxia.be\/fr\/2026\/03\/27\/croceu-a-celebre-le-1400e-anniversaire-de-lhymne-acathiste-par-une-reception-solennelle-a-bruxelles\/"},"author":{"name":"\u03c0. \u03a0\u03b1\u03bd\u03c4\u03b5\u03bb\u03b5\u03ae\u03bc\u03c9\u03bd \u039c\u03c0\u03b1\u03ba\u03ac\u03bb\u03b7\u03c2","@id":"https:\/\/orthodoxia.be\/#\/schema\/person\/a696828f612fb51b22fe83a8ac79c97a"},"headline":"CROCEU a c\u00e9l\u00e9br\u00e9 le 1400e anniversaire de l\u2019Hymne Acathiste par une r\u00e9ception solennelle \u00e0 Bruxelles","datePublished":"2026-03-25T20:41:24+00:00","dateModified":"2026-03-27T08:43:05+00:00","mainEntityOfPage":{"@id":"https:\/\/orthodoxia.be\/fr\/2026\/03\/27\/croceu-a-celebre-le-1400e-anniversaire-de-lhymne-acathiste-par-une-reception-solennelle-a-bruxelles\/"},"wordCount":487,"publisher":{"@id":"https:\/\/orthodoxia.be\/#organization"},"image":{"@id":"https:\/\/orthodoxia.be\/fr\/2026\/03\/27\/croceu-a-celebre-le-1400e-anniversaire-de-lhymne-acathiste-par-une-reception-solennelle-a-bruxelles\/#primaryimage"},"thumbnailUrl":"https:\/\/orthodoxia.be\/wp-content\/uploads\/2026\/03\/55169228152_1d8538894a_c.jpg","articleSection":["Actualit\u00e9"],"inLanguage":"fr-BE"},{"@type":"WebPage","@id":"https:\/\/orthodoxia.be\/fr\/2026\/03\/27\/croceu-a-celebre-le-1400e-anniversaire-de-lhymne-acathiste-par-une-reception-solennelle-a-bruxelles\/","url":"https:\/\/orthodoxia.be\/fr\/2026\/03\/27\/croceu-a-celebre-le-1400e-anniversaire-de-lhymne-acathiste-par-une-reception-solennelle-a-bruxelles\/","name":"CROCEU a c\u00e9l\u00e9br\u00e9 le 1400e anniversaire de l\u2019Hymne Acathiste par une r\u00e9ception solennelle \u00e0 Bruxelles - Archev\u00each\u00e9 Orthodoxe de Belgique","isPartOf":{"@id":"https:\/\/orthodoxia.be\/#website"},"primaryImageOfPage":{"@id":"https:\/\/orthodoxia.be\/fr\/2026\/03\/27\/croceu-a-celebre-le-1400e-anniversaire-de-lhymne-acathiste-par-une-reception-solennelle-a-bruxelles\/#primaryimage"},"image":{"@id":"https:\/\/orthodoxia.be\/fr\/2026\/03\/27\/croceu-a-celebre-le-1400e-anniversaire-de-lhymne-acathiste-par-une-reception-solennelle-a-bruxelles\/#primaryimage"},"thumbnailUrl":"https:\/\/orthodoxia.be\/wp-content\/uploads\/2026\/03\/55169228152_1d8538894a_c.jpg","datePublished":"2026-03-25T20:41:24+00:00","dateModified":"2026-03-27T08:43:05+00:00","breadcrumb":{"@id":"https:\/\/orthodoxia.be\/fr\/2026\/03\/27\/croceu-a-celebre-le-1400e-anniversaire-de-lhymne-acathiste-par-une-reception-solennelle-a-bruxelles\/#breadcrumb"},"inLanguage":"fr-BE","potentialAction":[{"@type":"ReadAction","target":["https:\/\/orthodoxia.be\/fr\/2026\/03\/27\/croceu-a-celebre-le-1400e-anniversaire-de-lhymne-acathiste-par-une-reception-solennelle-a-bruxelles\/"]}]},{"@type":"ImageObject","inLanguage":"fr-BE","@id":"https:\/\/orthodoxia.be\/fr\/2026\/03\/27\/croceu-a-celebre-le-1400e-anniversaire-de-lhymne-acathiste-par-une-reception-solennelle-a-bruxelles\/#primaryimage","url":"https:\/\/orthodoxia.be\/wp-content\/uploads\/2026\/03\/55169228152_1d8538894a_c.jpg","contentUrl":"https:\/\/orthodoxia.be\/wp-content\/uploads\/2026\/03\/55169228152_1d8538894a_c.jpg","width":800,"height":800},{"@type":"BreadcrumbList","@id":"https:\/\/orthodoxia.be\/fr\/2026\/03\/27\/croceu-a-celebre-le-1400e-anniversaire-de-lhymne-acathiste-par-une-reception-solennelle-a-bruxelles\/#breadcrumb","itemListElement":[{"@type":"ListItem","position":1,"name":"Home","item":"https:\/\/orthodoxia.be\/fr\/"},{"@type":"ListItem","position":2,"name":"CROCEU a c\u00e9l\u00e9br\u00e9 le 1400e anniversaire de l\u2019Hymne Acathiste par une r\u00e9ception solennelle \u00e0 Bruxelles"}]},{"@type":"WebSite","@id":"https:\/\/orthodoxia.be\/#website","url":"https:\/\/orthodoxia.be\/","name":"Orthodox Archdiocese of Belgium (Benelux)","description":"Exarque des Pays-Bas et du Luxembourg","publisher":{"@id":"https:\/\/orthodoxia.be\/#organization"},"alternateName":"IMB","potentialAction":[{"@type":"SearchAction","target":{"@type":"EntryPoint","urlTemplate":"https:\/\/orthodoxia.be\/?s={search_term_string}"},"query-input":{"@type":"PropertyValueSpecification","valueRequired":true,"valueName":"search_term_string"}}],"inLanguage":"fr-BE"},{"@type":"Organization","@id":"https:\/\/orthodoxia.be\/#organization","name":"Orthodox Archdiocese of Belgium (Benelux)","url":"https:\/\/orthodoxia.be\/","logo":{"@type":"ImageObject","inLanguage":"fr-BE","@id":"https:\/\/orthodoxia.be\/#\/schema\/logo\/image\/","url":"https:\/\/orthodoxia.be\/wp-content\/uploads\/2024\/02\/cropped-IMB-logo-512-cl-1.png","contentUrl":"https:\/\/orthodoxia.be\/wp-content\/uploads\/2024\/02\/cropped-IMB-logo-512-cl-1.png","width":512,"height":512,"caption":"Orthodox Archdiocese of Belgium (Benelux)"},"image":{"@id":"https:\/\/orthodoxia.be\/#\/schema\/logo\/image\/"},"sameAs":["https:\/\/www.facebook.com\/orthobel","https:\/\/x.com\/orthobel","https:\/\/www.youtube.com\/c\/orthobel","https:\/\/www.mixcloud.com\/orthobel\/","https:\/\/www.flickr.com\/photos\/148264890@N07\/albums","https:\/\/www.dailymotion.com\/Orthobel"]},{"@type":"Person","@id":"https:\/\/orthodoxia.be\/#\/schema\/person\/a696828f612fb51b22fe83a8ac79c97a","name":"\u03c0. \u03a0\u03b1\u03bd\u03c4\u03b5\u03bb\u03b5\u03ae\u03bc\u03c9\u03bd \u039c\u03c0\u03b1\u03ba\u03ac\u03bb\u03b7\u03c2","image":{"@type":"ImageObject","inLanguage":"fr-BE","@id":"https:\/\/orthodoxia.be\/#\/schema\/person\/image\/","url":"https:\/\/secure.gravatar.com\/avatar\/6dfde748a83c2d7e804d257a719e34f5?s=96&d=mm&r=g","contentUrl":"https:\/\/secure.gravatar.com\/avatar\/6dfde748a83c2d7e804d257a719e34f5?s=96&d=mm&r=g","caption":"\u03c0. \u03a0\u03b1\u03bd\u03c4\u03b5\u03bb\u03b5\u03ae\u03bc\u03c9\u03bd \u039c\u03c0\u03b1\u03ba\u03ac\u03bb\u03b7\u03c2"},"url":"https:\/\/orthodoxia.be\/fr\/author\/bakalis\/"}]}},"_links":{"self":[{"href":"https:\/\/orthodoxia.be\/fr\/wp-json\/wp\/v2\/posts\/53294","targetHints":{"allow":["GET"]}}],"collection":[{"href":"https:\/\/orthodoxia.be\/fr\/wp-json\/wp\/v2\/posts"}],"about":[{"href":"https:\/\/orthodoxia.be\/fr\/wp-json\/wp\/v2\/types\/post"}],"author":[{"embeddable":true,"href":"https:\/\/orthodoxia.be\/fr\/wp-json\/wp\/v2\/users\/16"}],"replies":[{"embeddable":true,"href":"https:\/\/orthodoxia.be\/fr\/wp-json\/wp\/v2\/comments?post=53294"}],"version-history":[{"count":1,"href":"https:\/\/orthodoxia.be\/fr\/wp-json\/wp\/v2\/posts\/53294\/revisions"}],"predecessor-version":[{"id":53295,"href":"https:\/\/orthodoxia.be\/fr\/wp-json\/wp\/v2\/posts\/53294\/revisions\/53295"}],"wp:featuredmedia":[{"embeddable":true,"href":"https:\/\/orthodoxia.be\/fr\/wp-json\/wp\/v2\/media\/53288"}],"wp:attachment":[{"href":"https:\/\/orthodoxia.be\/fr\/wp-json\/wp\/v2\/media?parent=53294"}],"wp:term":[{"taxonomy":"category","embeddable":true,"href":"https:\/\/orthodoxia.be\/fr\/wp-json\/wp\/v2\/categories?post=53294"},{"taxonomy":"post_tag","embeddable":true,"href":"https:\/\/orthodoxia.be\/fr\/wp-json\/wp\/v2\/tags?post=53294"}],"curies":[{"name":"wp","href":"https:\/\/api.w.org\/{rel}","templated":true}]}}