{"id":645,"date":"2017-05-06T19:05:12","date_gmt":"2017-05-06T19:05:12","guid":{"rendered":"http:\/\/new.orthodoxia.be\/?p=645"},"modified":"2017-10-18T10:42:27","modified_gmt":"2017-10-18T10:42:27","slug":"office-de-commemoration-annuelle-pour-le-pere-ignace-peckstadt-pere-du-metropolite-athenagoras-de-belgique","status":"publish","type":"post","link":"https:\/\/orthodoxia.be\/fr\/2017\/05\/06\/office-de-commemoration-annuelle-pour-le-pere-ignace-peckstadt-pere-du-metropolite-athenagoras-de-belgique\/","title":{"rendered":"OFFICE DE COMMEMORATION ANNUELLE  POUR LE PERE IGNACE PECKSTADT,  PERE DU METROPOLITE ATHENAGORAS DE BELGIQUE"},"content":{"rendered":"<p align=\"justify\"><span style=\"font-family: Arial;\">L\u2019office de comm\u00e9moration annuelle de l&#8217;Archipr\u00eatre Ignace Peckstadt a \u00e9t\u00e9 c\u00e9l\u00e9br\u00e9 le samedi 6 mai 2017 \u00e0 la paroisse de Saint Andr\u00e9 \u00e0 Gand.<\/span><\/p>\n<p align=\"justify\"><span style=\"font-family: Arial;\">Un an apr\u00e8s le d\u00e9c\u00e8s de feu le p\u00e8re Ignace, d&#8217;\u00e9ternelle m\u00e9moire, son fils, Son Eminence le M\u00e9tropolite Ath\u00e9nagoras de Belgique et Exarque des Pays-Bas et du Luxembourg, entour\u00e9 de pr\u00eatres et de nombreux fid\u00e8les de la Sainte M\u00e9tropole ont honor\u00e9 sa m\u00e9moire en priant pour son repos \u00e9ternel, et ce dans la paroisse de Gand qu&#8217;il avait lui-m\u00eame fond\u00e9e.<\/span><\/p>\n<p align=\"justify\"><span style=\"font-family: Arial;\">Aux c\u00f4t\u00e9s de Son Eminence se trouvaient Son Excellence l&#8217;Ev\u00eaque Evmenios de Lefkis, Ev\u00eaque auxiliaire de la Sainte M\u00e9tropole d&#8217;Allemagne et ancien ami du p. Ignace, ainsi que son fr\u00e8re p. Bernard et son gendre p. Dominique, accompagn\u00e9s des pr\u00eatres et diacres de la Sainte M\u00e9tropole de Belgique. Etaient \u00e9galement pr\u00e9sentes en union de pri\u00e8res soeur Ioanna, M\u00e8re sup\u00e9rieure du Monast\u00e8re de la Nativit\u00e9 de la M\u00e8re de Dieu \u00e0 Asten, aux Pays-Bas, et soeur Sophia, du Monast\u00e8re de Saint Jean-Baptiste \u00e0 Essex, en Grande Bretagne.<br \/>\n<\/span><\/p>\n<p align=\"justify\"><span style=\"font-family: Arial;\">P. Ignace \u00e9tait un avocat renomm\u00e9 \u00e0 son \u00e9poque, qui oeuvra activement avec Son Eminence Panteleimon, l&#8217;ancien M\u00e9tropolite de Belgique, pour la reconnaissance de l&#8217;Eglise orthodoxe par l&#8217;Etat Belge. Il devint lui-m\u00eame pr\u00eatre, organisant des paroisses en Flandre et offrant \u00e0 l&#8217;Eglise ses deux fils et son gendre qui servent aujourd\u2019hui comme clercs l&#8217;Orthodoxie en plein centre de l&#8217;Europe.<\/span><\/p>\n<p align=\"justify\"><span style=\"font-family: Arial;\">Apr\u00e8s la Divine Liturgie, Son Eminence le M\u00e9tropolite Ath\u00e9nagoras de Belgique c\u00e9l\u00e9bra avec \u00e9motion l&#8217;office de comm\u00e9moration puis remercia toutes les personnes pr\u00e9sentes soulignant \u00e9galement le message d\u2019espoir de R\u00e9surrection qui \u00e9mane de la R\u00e9surrection du Christ notre Sauveur.<\/span><\/p>\n<p align=\"justify\"><span style=\"font-family: Arial;\">Une petite r\u00e9ception devait ensuite \u00eatre offerte en la salle paroissiale.<\/p>\n<p><\/span><\/p>\n","protected":false},"excerpt":{"rendered":"<p>L\u2019office de comm\u00e9moration annuelle de l&#8217;Archipr\u00eatre Ignace Peckstadt a \u00e9t\u00e9 c\u00e9l\u00e9br\u00e9 le samedi 6 mai 2017 \u00e0 la paroisse de Saint Andr\u00e9 \u00e0 Gand. Un an apr\u00e8s le d\u00e9c\u00e8s de feu le p\u00e8re Ignace, d&#8217;\u00e9ternelle m\u00e9moire, son fils, Son Eminence le M\u00e9tropolite Ath\u00e9nagoras de Belgique et Exarque des Pays-Bas et du Luxembourg, entour\u00e9 de pr\u00eatres &hellip; <a href=\"https:\/\/orthodoxia.be\/fr\/2017\/05\/06\/office-de-commemoration-annuelle-pour-le-pere-ignace-peckstadt-pere-du-metropolite-athenagoras-de-belgique\/\">Continued<\/a><\/p>\n","protected":false},"author":12,"featured_media":639,"comment_status":"open","ping_status":"open","sticky":false,"template":"","format":"standard","meta":{"_acf_changed":false,"footnotes":""},"categories":[14,16],"tags":[],"class_list":["post-645","post","type-post","status-publish","format-standard","has-post-thumbnail","hentry","category-actualite","category-communique"],"acf":[],"yoast_head":"<!-- This site is optimized with the Yoast SEO plugin v24.3 - https:\/\/yoast.com\/wordpress\/plugins\/seo\/ -->\n<title>OFFICE DE COMMEMORATION ANNUELLE POUR LE PERE IGNACE PECKSTADT, PERE DU METROPOLITE ATHENAGORAS DE BELGIQUE - Archev\u00each\u00e9 Orthodoxe de Belgique<\/title>\n<meta name=\"robots\" content=\"index, follow, max-snippet:-1, max-image-preview:large, max-video-preview:-1\" \/>\n<link rel=\"canonical\" href=\"https:\/\/orthodoxia.be\/2017\/05\/06\/e\u03c4\u03ae\u03c3\u03b9\u03bf-\u03bc\u03bd\u03b7\u03bc\u03cc\u03c3\u03c5\u03bd\u03bf-\u03c4\u03bf\u03c5-\u03b1\u03b5\u03b9\u03bc\u03bd\u03b7\u03c3\u03c4\u03bf\u03c5-\u03c0\u03b1\u03c4\u03c1\u03cc\/\" \/>\n<meta property=\"og:locale\" content=\"fr_FR\" \/>\n<meta property=\"og:type\" content=\"article\" \/>\n<meta property=\"og:title\" content=\"OFFICE DE COMMEMORATION ANNUELLE POUR LE PERE IGNACE PECKSTADT, PERE DU METROPOLITE ATHENAGORAS DE BELGIQUE - Archev\u00each\u00e9 Orthodoxe de Belgique\" \/>\n<meta property=\"og:description\" content=\"L\u2019office de comm\u00e9moration annuelle de l&#8217;Archipr\u00eatre Ignace Peckstadt a \u00e9t\u00e9 c\u00e9l\u00e9br\u00e9 le samedi 6 mai 2017 \u00e0 la paroisse de Saint Andr\u00e9 \u00e0 Gand. Un an apr\u00e8s le d\u00e9c\u00e8s de feu le p\u00e8re Ignace, d&#8217;\u00e9ternelle m\u00e9moire, son fils, Son Eminence le M\u00e9tropolite Ath\u00e9nagoras de Belgique et Exarque des Pays-Bas et du Luxembourg, entour\u00e9 de pr\u00eatres &hellip; Continued\" \/>\n<meta property=\"og:url\" content=\"https:\/\/orthodoxia.be\/2017\/05\/06\/e\u03c4\u03ae\u03c3\u03b9\u03bf-\u03bc\u03bd\u03b7\u03bc\u03cc\u03c3\u03c5\u03bd\u03bf-\u03c4\u03bf\u03c5-\u03b1\u03b5\u03b9\u03bc\u03bd\u03b7\u03c3\u03c4\u03bf\u03c5-\u03c0\u03b1\u03c4\u03c1\u03cc\/\" \/>\n<meta property=\"og:site_name\" content=\"Archev\u00each\u00e9 Orthodoxe de Belgique\" \/>\n<meta property=\"article:publisher\" content=\"https:\/\/www.facebook.com\/orthobel\" \/>\n<meta property=\"article:published_time\" content=\"2017-05-06T19:05:12+00:00\" \/>\n<meta property=\"article:modified_time\" content=\"2017-10-18T10:42:27+00:00\" \/>\n<meta property=\"og:image\" content=\"https:\/\/orthodoxia.be\/wp-content\/uploads\/2017\/10\/18278119_10154504052526074_7894941218905184545_o.jpg\" \/>\n\t<meta property=\"og:image:width\" content=\"616\" \/>\n\t<meta property=\"og:image:height\" content=\"897\" \/>\n\t<meta property=\"og:image:type\" content=\"image\/jpeg\" \/>\n<meta name=\"author\" content=\"\u0391\u03c1\u03c7\u03b5\u03af\u03bf \u03a3\u03c5\u03bd\u03b5\u03c1\u03b3\u03b1\u03c4\u03ce\u03bd\" \/>\n<meta name=\"twitter:card\" content=\"summary_large_image\" \/>\n<meta name=\"twitter:creator\" content=\"@orthobel\" \/>\n<meta name=\"twitter:site\" content=\"@orthobel\" \/>\n<meta name=\"twitter:label1\" content=\"\u00c9crit par\" \/>\n\t<meta name=\"twitter:data1\" content=\"\u0391\u03c1\u03c7\u03b5\u03af\u03bf \u03a3\u03c5\u03bd\u03b5\u03c1\u03b3\u03b1\u03c4\u03ce\u03bd\" \/>\n\t<meta name=\"twitter:label2\" content=\"Dur\u00e9e de lecture est.\" \/>\n\t<meta name=\"twitter:data2\" content=\"2 minutes\" \/>\n<script type=\"application\/ld+json\" class=\"yoast-schema-graph\">{\"@context\":\"https:\/\/schema.org\",\"@graph\":[{\"@type\":\"Article\",\"@id\":\"https:\/\/orthodoxia.be\/2017\/05\/06\/e%cf%84%ce%ae%cf%83%ce%b9%ce%bf-%ce%bc%ce%bd%ce%b7%ce%bc%cf%8c%cf%83%cf%85%ce%bd%ce%bf-%cf%84%ce%bf%cf%85-%ce%b1%ce%b5%ce%b9%ce%bc%ce%bd%ce%b7%cf%83%cf%84%ce%bf%cf%85-%cf%80%ce%b1%cf%84%cf%81%cf%8c\/#article\",\"isPartOf\":{\"@id\":\"https:\/\/orthodoxia.be\/2017\/05\/06\/e%cf%84%ce%ae%cf%83%ce%b9%ce%bf-%ce%bc%ce%bd%ce%b7%ce%bc%cf%8c%cf%83%cf%85%ce%bd%ce%bf-%cf%84%ce%bf%cf%85-%ce%b1%ce%b5%ce%b9%ce%bc%ce%bd%ce%b7%cf%83%cf%84%ce%bf%cf%85-%cf%80%ce%b1%cf%84%cf%81%cf%8c\/\"},\"author\":{\"name\":\"\u0391\u03c1\u03c7\u03b5\u03af\u03bf \u03a3\u03c5\u03bd\u03b5\u03c1\u03b3\u03b1\u03c4\u03ce\u03bd\",\"@id\":\"https:\/\/orthodoxia.be\/#\/schema\/person\/4641c70600fbb1aac968996a0ef6d284\"},\"headline\":\"OFFICE DE COMMEMORATION ANNUELLE POUR LE PERE IGNACE PECKSTADT, PERE DU METROPOLITE ATHENAGORAS DE BELGIQUE\",\"datePublished\":\"2017-05-06T19:05:12+00:00\",\"dateModified\":\"2017-10-18T10:42:27+00:00\",\"mainEntityOfPage\":{\"@id\":\"https:\/\/orthodoxia.be\/2017\/05\/06\/e%cf%84%ce%ae%cf%83%ce%b9%ce%bf-%ce%bc%ce%bd%ce%b7%ce%bc%cf%8c%cf%83%cf%85%ce%bd%ce%bf-%cf%84%ce%bf%cf%85-%ce%b1%ce%b5%ce%b9%ce%bc%ce%bd%ce%b7%cf%83%cf%84%ce%bf%cf%85-%cf%80%ce%b1%cf%84%cf%81%cf%8c\/\"},\"wordCount\":347,\"commentCount\":0,\"publisher\":{\"@id\":\"https:\/\/orthodoxia.be\/#organization\"},\"image\":{\"@id\":\"https:\/\/orthodoxia.be\/2017\/05\/06\/e%cf%84%ce%ae%cf%83%ce%b9%ce%bf-%ce%bc%ce%bd%ce%b7%ce%bc%cf%8c%cf%83%cf%85%ce%bd%ce%bf-%cf%84%ce%bf%cf%85-%ce%b1%ce%b5%ce%b9%ce%bc%ce%bd%ce%b7%cf%83%cf%84%ce%bf%cf%85-%cf%80%ce%b1%cf%84%cf%81%cf%8c\/#primaryimage\"},\"thumbnailUrl\":\"https:\/\/orthodoxia.be\/wp-content\/uploads\/2017\/10\/18278119_10154504052526074_7894941218905184545_o.jpg\",\"articleSection\":[\"Actualit\u00e9\",\"Communiqu\u00e9\"],\"inLanguage\":\"fr-BE\",\"potentialAction\":[{\"@type\":\"CommentAction\",\"name\":\"Comment\",\"target\":[\"https:\/\/orthodoxia.be\/2017\/05\/06\/e%cf%84%ce%ae%cf%83%ce%b9%ce%bf-%ce%bc%ce%bd%ce%b7%ce%bc%cf%8c%cf%83%cf%85%ce%bd%ce%bf-%cf%84%ce%bf%cf%85-%ce%b1%ce%b5%ce%b9%ce%bc%ce%bd%ce%b7%cf%83%cf%84%ce%bf%cf%85-%cf%80%ce%b1%cf%84%cf%81%cf%8c\/#respond\"]}]},{\"@type\":\"WebPage\",\"@id\":\"https:\/\/orthodoxia.be\/2017\/05\/06\/e%cf%84%ce%ae%cf%83%ce%b9%ce%bf-%ce%bc%ce%bd%ce%b7%ce%bc%cf%8c%cf%83%cf%85%ce%bd%ce%bf-%cf%84%ce%bf%cf%85-%ce%b1%ce%b5%ce%b9%ce%bc%ce%bd%ce%b7%cf%83%cf%84%ce%bf%cf%85-%cf%80%ce%b1%cf%84%cf%81%cf%8c\/\",\"url\":\"https:\/\/orthodoxia.be\/2017\/05\/06\/e%cf%84%ce%ae%cf%83%ce%b9%ce%bf-%ce%bc%ce%bd%ce%b7%ce%bc%cf%8c%cf%83%cf%85%ce%bd%ce%bf-%cf%84%ce%bf%cf%85-%ce%b1%ce%b5%ce%b9%ce%bc%ce%bd%ce%b7%cf%83%cf%84%ce%bf%cf%85-%cf%80%ce%b1%cf%84%cf%81%cf%8c\/\",\"name\":\"OFFICE DE COMMEMORATION ANNUELLE POUR LE PERE IGNACE PECKSTADT, PERE DU METROPOLITE ATHENAGORAS DE BELGIQUE - Archev\u00each\u00e9 Orthodoxe de Belgique\",\"isPartOf\":{\"@id\":\"https:\/\/orthodoxia.be\/#website\"},\"primaryImageOfPage\":{\"@id\":\"https:\/\/orthodoxia.be\/2017\/05\/06\/e%cf%84%ce%ae%cf%83%ce%b9%ce%bf-%ce%bc%ce%bd%ce%b7%ce%bc%cf%8c%cf%83%cf%85%ce%bd%ce%bf-%cf%84%ce%bf%cf%85-%ce%b1%ce%b5%ce%b9%ce%bc%ce%bd%ce%b7%cf%83%cf%84%ce%bf%cf%85-%cf%80%ce%b1%cf%84%cf%81%cf%8c\/#primaryimage\"},\"image\":{\"@id\":\"https:\/\/orthodoxia.be\/2017\/05\/06\/e%cf%84%ce%ae%cf%83%ce%b9%ce%bf-%ce%bc%ce%bd%ce%b7%ce%bc%cf%8c%cf%83%cf%85%ce%bd%ce%bf-%cf%84%ce%bf%cf%85-%ce%b1%ce%b5%ce%b9%ce%bc%ce%bd%ce%b7%cf%83%cf%84%ce%bf%cf%85-%cf%80%ce%b1%cf%84%cf%81%cf%8c\/#primaryimage\"},\"thumbnailUrl\":\"https:\/\/orthodoxia.be\/wp-content\/uploads\/2017\/10\/18278119_10154504052526074_7894941218905184545_o.jpg\",\"datePublished\":\"2017-05-06T19:05:12+00:00\",\"dateModified\":\"2017-10-18T10:42:27+00:00\",\"breadcrumb\":{\"@id\":\"https:\/\/orthodoxia.be\/2017\/05\/06\/e%cf%84%ce%ae%cf%83%ce%b9%ce%bf-%ce%bc%ce%bd%ce%b7%ce%bc%cf%8c%cf%83%cf%85%ce%bd%ce%bf-%cf%84%ce%bf%cf%85-%ce%b1%ce%b5%ce%b9%ce%bc%ce%bd%ce%b7%cf%83%cf%84%ce%bf%cf%85-%cf%80%ce%b1%cf%84%cf%81%cf%8c\/#breadcrumb\"},\"inLanguage\":\"fr-BE\",\"potentialAction\":[{\"@type\":\"ReadAction\",\"target\":[\"https:\/\/orthodoxia.be\/2017\/05\/06\/e%cf%84%ce%ae%cf%83%ce%b9%ce%bf-%ce%bc%ce%bd%ce%b7%ce%bc%cf%8c%cf%83%cf%85%ce%bd%ce%bf-%cf%84%ce%bf%cf%85-%ce%b1%ce%b5%ce%b9%ce%bc%ce%bd%ce%b7%cf%83%cf%84%ce%bf%cf%85-%cf%80%ce%b1%cf%84%cf%81%cf%8c\/\"]}]},{\"@type\":\"ImageObject\",\"inLanguage\":\"fr-BE\",\"@id\":\"https:\/\/orthodoxia.be\/2017\/05\/06\/e%cf%84%ce%ae%cf%83%ce%b9%ce%bf-%ce%bc%ce%bd%ce%b7%ce%bc%cf%8c%cf%83%cf%85%ce%bd%ce%bf-%cf%84%ce%bf%cf%85-%ce%b1%ce%b5%ce%b9%ce%bc%ce%bd%ce%b7%cf%83%cf%84%ce%bf%cf%85-%cf%80%ce%b1%cf%84%cf%81%cf%8c\/#primaryimage\",\"url\":\"https:\/\/orthodoxia.be\/wp-content\/uploads\/2017\/10\/18278119_10154504052526074_7894941218905184545_o.jpg\",\"contentUrl\":\"https:\/\/orthodoxia.be\/wp-content\/uploads\/2017\/10\/18278119_10154504052526074_7894941218905184545_o.jpg\",\"width\":616,\"height\":897},{\"@type\":\"BreadcrumbList\",\"@id\":\"https:\/\/orthodoxia.be\/2017\/05\/06\/e%cf%84%ce%ae%cf%83%ce%b9%ce%bf-%ce%bc%ce%bd%ce%b7%ce%bc%cf%8c%cf%83%cf%85%ce%bd%ce%bf-%cf%84%ce%bf%cf%85-%ce%b1%ce%b5%ce%b9%ce%bc%ce%bd%ce%b7%cf%83%cf%84%ce%bf%cf%85-%cf%80%ce%b1%cf%84%cf%81%cf%8c\/#breadcrumb\",\"itemListElement\":[{\"@type\":\"ListItem\",\"position\":1,\"name\":\"Home\",\"item\":\"https:\/\/orthodoxia.be\/fr\/\"},{\"@type\":\"ListItem\",\"position\":2,\"name\":\"OFFICE DE COMMEMORATION ANNUELLE POUR LE PERE IGNACE PECKSTADT, PERE DU METROPOLITE ATHENAGORAS DE BELGIQUE\"}]},{\"@type\":\"WebSite\",\"@id\":\"https:\/\/orthodoxia.be\/#website\",\"url\":\"https:\/\/orthodoxia.be\/\",\"name\":\"Orthodox Archdiocese of Belgium (Benelux)\",\"description\":\"Exarque des Pays-Bas et du Luxembourg\",\"publisher\":{\"@id\":\"https:\/\/orthodoxia.be\/#organization\"},\"alternateName\":\"IMB\",\"potentialAction\":[{\"@type\":\"SearchAction\",\"target\":{\"@type\":\"EntryPoint\",\"urlTemplate\":\"https:\/\/orthodoxia.be\/?s={search_term_string}\"},\"query-input\":{\"@type\":\"PropertyValueSpecification\",\"valueRequired\":true,\"valueName\":\"search_term_string\"}}],\"inLanguage\":\"fr-BE\"},{\"@type\":\"Organization\",\"@id\":\"https:\/\/orthodoxia.be\/#organization\",\"name\":\"Orthodox Archdiocese of Belgium (Benelux)\",\"url\":\"https:\/\/orthodoxia.be\/\",\"logo\":{\"@type\":\"ImageObject\",\"inLanguage\":\"fr-BE\",\"@id\":\"https:\/\/orthodoxia.be\/#\/schema\/logo\/image\/\",\"url\":\"https:\/\/orthodoxia.be\/wp-content\/uploads\/2024\/02\/cropped-IMB-logo-512-cl-1.png\",\"contentUrl\":\"https:\/\/orthodoxia.be\/wp-content\/uploads\/2024\/02\/cropped-IMB-logo-512-cl-1.png\",\"width\":512,\"height\":512,\"caption\":\"Orthodox Archdiocese of Belgium (Benelux)\"},\"image\":{\"@id\":\"https:\/\/orthodoxia.be\/#\/schema\/logo\/image\/\"},\"sameAs\":[\"https:\/\/www.facebook.com\/orthobel\",\"https:\/\/x.com\/orthobel\",\"https:\/\/www.youtube.com\/c\/orthobel\",\"https:\/\/www.mixcloud.com\/orthobel\/\",\"https:\/\/www.flickr.com\/photos\/148264890@N07\/albums\",\"https:\/\/www.dailymotion.com\/Orthobel\"]},{\"@type\":\"Person\",\"@id\":\"https:\/\/orthodoxia.be\/#\/schema\/person\/4641c70600fbb1aac968996a0ef6d284\",\"name\":\"\u0391\u03c1\u03c7\u03b5\u03af\u03bf \u03a3\u03c5\u03bd\u03b5\u03c1\u03b3\u03b1\u03c4\u03ce\u03bd\",\"image\":{\"@type\":\"ImageObject\",\"inLanguage\":\"fr-BE\",\"@id\":\"https:\/\/orthodoxia.be\/#\/schema\/person\/image\/\",\"url\":\"https:\/\/secure.gravatar.com\/avatar\/0bf791bec6a55758e3ee18a1fc90f09b?s=96&d=mm&r=g\",\"contentUrl\":\"https:\/\/secure.gravatar.com\/avatar\/0bf791bec6a55758e3ee18a1fc90f09b?s=96&d=mm&r=g\",\"caption\":\"\u0391\u03c1\u03c7\u03b5\u03af\u03bf \u03a3\u03c5\u03bd\u03b5\u03c1\u03b3\u03b1\u03c4\u03ce\u03bd\"},\"url\":\"https:\/\/orthodoxia.be\/fr\/author\/archives\/\"}]}<\/script>\n<!-- \/ Yoast SEO plugin. -->","yoast_head_json":{"title":"OFFICE DE COMMEMORATION ANNUELLE POUR LE PERE IGNACE PECKSTADT, PERE DU METROPOLITE ATHENAGORAS DE BELGIQUE - Archev\u00each\u00e9 Orthodoxe de Belgique","robots":{"index":"index","follow":"follow","max-snippet":"max-snippet:-1","max-image-preview":"max-image-preview:large","max-video-preview":"max-video-preview:-1"},"canonical":"https:\/\/orthodoxia.be\/2017\/05\/06\/e\u03c4\u03ae\u03c3\u03b9\u03bf-\u03bc\u03bd\u03b7\u03bc\u03cc\u03c3\u03c5\u03bd\u03bf-\u03c4\u03bf\u03c5-\u03b1\u03b5\u03b9\u03bc\u03bd\u03b7\u03c3\u03c4\u03bf\u03c5-\u03c0\u03b1\u03c4\u03c1\u03cc\/","og_locale":"fr_FR","og_type":"article","og_title":"OFFICE DE COMMEMORATION ANNUELLE POUR LE PERE IGNACE PECKSTADT, PERE DU METROPOLITE ATHENAGORAS DE BELGIQUE - Archev\u00each\u00e9 Orthodoxe de Belgique","og_description":"L\u2019office de comm\u00e9moration annuelle de l&#8217;Archipr\u00eatre Ignace Peckstadt a \u00e9t\u00e9 c\u00e9l\u00e9br\u00e9 le samedi 6 mai 2017 \u00e0 la paroisse de Saint Andr\u00e9 \u00e0 Gand. Un an apr\u00e8s le d\u00e9c\u00e8s de feu le p\u00e8re Ignace, d&#8217;\u00e9ternelle m\u00e9moire, son fils, Son Eminence le M\u00e9tropolite Ath\u00e9nagoras de Belgique et Exarque des Pays-Bas et du Luxembourg, entour\u00e9 de pr\u00eatres &hellip; Continued","og_url":"https:\/\/orthodoxia.be\/2017\/05\/06\/e\u03c4\u03ae\u03c3\u03b9\u03bf-\u03bc\u03bd\u03b7\u03bc\u03cc\u03c3\u03c5\u03bd\u03bf-\u03c4\u03bf\u03c5-\u03b1\u03b5\u03b9\u03bc\u03bd\u03b7\u03c3\u03c4\u03bf\u03c5-\u03c0\u03b1\u03c4\u03c1\u03cc\/","og_site_name":"Archev\u00each\u00e9 Orthodoxe de Belgique","article_publisher":"https:\/\/www.facebook.com\/orthobel","article_published_time":"2017-05-06T19:05:12+00:00","article_modified_time":"2017-10-18T10:42:27+00:00","og_image":[{"width":616,"height":897,"url":"https:\/\/orthodoxia.be\/wp-content\/uploads\/2017\/10\/18278119_10154504052526074_7894941218905184545_o.jpg","type":"image\/jpeg"}],"author":"\u0391\u03c1\u03c7\u03b5\u03af\u03bf \u03a3\u03c5\u03bd\u03b5\u03c1\u03b3\u03b1\u03c4\u03ce\u03bd","twitter_card":"summary_large_image","twitter_creator":"@orthobel","twitter_site":"@orthobel","twitter_misc":{"\u00c9crit par":"\u0391\u03c1\u03c7\u03b5\u03af\u03bf \u03a3\u03c5\u03bd\u03b5\u03c1\u03b3\u03b1\u03c4\u03ce\u03bd","Dur\u00e9e de lecture est.":"2 minutes"},"schema":{"@context":"https:\/\/schema.org","@graph":[{"@type":"Article","@id":"https:\/\/orthodoxia.be\/2017\/05\/06\/e%cf%84%ce%ae%cf%83%ce%b9%ce%bf-%ce%bc%ce%bd%ce%b7%ce%bc%cf%8c%cf%83%cf%85%ce%bd%ce%bf-%cf%84%ce%bf%cf%85-%ce%b1%ce%b5%ce%b9%ce%bc%ce%bd%ce%b7%cf%83%cf%84%ce%bf%cf%85-%cf%80%ce%b1%cf%84%cf%81%cf%8c\/#article","isPartOf":{"@id":"https:\/\/orthodoxia.be\/2017\/05\/06\/e%cf%84%ce%ae%cf%83%ce%b9%ce%bf-%ce%bc%ce%bd%ce%b7%ce%bc%cf%8c%cf%83%cf%85%ce%bd%ce%bf-%cf%84%ce%bf%cf%85-%ce%b1%ce%b5%ce%b9%ce%bc%ce%bd%ce%b7%cf%83%cf%84%ce%bf%cf%85-%cf%80%ce%b1%cf%84%cf%81%cf%8c\/"},"author":{"name":"\u0391\u03c1\u03c7\u03b5\u03af\u03bf \u03a3\u03c5\u03bd\u03b5\u03c1\u03b3\u03b1\u03c4\u03ce\u03bd","@id":"https:\/\/orthodoxia.be\/#\/schema\/person\/4641c70600fbb1aac968996a0ef6d284"},"headline":"OFFICE DE COMMEMORATION ANNUELLE POUR LE PERE IGNACE PECKSTADT, PERE DU METROPOLITE ATHENAGORAS DE BELGIQUE","datePublished":"2017-05-06T19:05:12+00:00","dateModified":"2017-10-18T10:42:27+00:00","mainEntityOfPage":{"@id":"https:\/\/orthodoxia.be\/2017\/05\/06\/e%cf%84%ce%ae%cf%83%ce%b9%ce%bf-%ce%bc%ce%bd%ce%b7%ce%bc%cf%8c%cf%83%cf%85%ce%bd%ce%bf-%cf%84%ce%bf%cf%85-%ce%b1%ce%b5%ce%b9%ce%bc%ce%bd%ce%b7%cf%83%cf%84%ce%bf%cf%85-%cf%80%ce%b1%cf%84%cf%81%cf%8c\/"},"wordCount":347,"commentCount":0,"publisher":{"@id":"https:\/\/orthodoxia.be\/#organization"},"image":{"@id":"https:\/\/orthodoxia.be\/2017\/05\/06\/e%cf%84%ce%ae%cf%83%ce%b9%ce%bf-%ce%bc%ce%bd%ce%b7%ce%bc%cf%8c%cf%83%cf%85%ce%bd%ce%bf-%cf%84%ce%bf%cf%85-%ce%b1%ce%b5%ce%b9%ce%bc%ce%bd%ce%b7%cf%83%cf%84%ce%bf%cf%85-%cf%80%ce%b1%cf%84%cf%81%cf%8c\/#primaryimage"},"thumbnailUrl":"https:\/\/orthodoxia.be\/wp-content\/uploads\/2017\/10\/18278119_10154504052526074_7894941218905184545_o.jpg","articleSection":["Actualit\u00e9","Communiqu\u00e9"],"inLanguage":"fr-BE","potentialAction":[{"@type":"CommentAction","name":"Comment","target":["https:\/\/orthodoxia.be\/2017\/05\/06\/e%cf%84%ce%ae%cf%83%ce%b9%ce%bf-%ce%bc%ce%bd%ce%b7%ce%bc%cf%8c%cf%83%cf%85%ce%bd%ce%bf-%cf%84%ce%bf%cf%85-%ce%b1%ce%b5%ce%b9%ce%bc%ce%bd%ce%b7%cf%83%cf%84%ce%bf%cf%85-%cf%80%ce%b1%cf%84%cf%81%cf%8c\/#respond"]}]},{"@type":"WebPage","@id":"https:\/\/orthodoxia.be\/2017\/05\/06\/e%cf%84%ce%ae%cf%83%ce%b9%ce%bf-%ce%bc%ce%bd%ce%b7%ce%bc%cf%8c%cf%83%cf%85%ce%bd%ce%bf-%cf%84%ce%bf%cf%85-%ce%b1%ce%b5%ce%b9%ce%bc%ce%bd%ce%b7%cf%83%cf%84%ce%bf%cf%85-%cf%80%ce%b1%cf%84%cf%81%cf%8c\/","url":"https:\/\/orthodoxia.be\/2017\/05\/06\/e%cf%84%ce%ae%cf%83%ce%b9%ce%bf-%ce%bc%ce%bd%ce%b7%ce%bc%cf%8c%cf%83%cf%85%ce%bd%ce%bf-%cf%84%ce%bf%cf%85-%ce%b1%ce%b5%ce%b9%ce%bc%ce%bd%ce%b7%cf%83%cf%84%ce%bf%cf%85-%cf%80%ce%b1%cf%84%cf%81%cf%8c\/","name":"OFFICE DE COMMEMORATION ANNUELLE POUR LE PERE IGNACE PECKSTADT, PERE DU METROPOLITE ATHENAGORAS DE BELGIQUE - Archev\u00each\u00e9 Orthodoxe de Belgique","isPartOf":{"@id":"https:\/\/orthodoxia.be\/#website"},"primaryImageOfPage":{"@id":"https:\/\/orthodoxia.be\/2017\/05\/06\/e%cf%84%ce%ae%cf%83%ce%b9%ce%bf-%ce%bc%ce%bd%ce%b7%ce%bc%cf%8c%cf%83%cf%85%ce%bd%ce%bf-%cf%84%ce%bf%cf%85-%ce%b1%ce%b5%ce%b9%ce%bc%ce%bd%ce%b7%cf%83%cf%84%ce%bf%cf%85-%cf%80%ce%b1%cf%84%cf%81%cf%8c\/#primaryimage"},"image":{"@id":"https:\/\/orthodoxia.be\/2017\/05\/06\/e%cf%84%ce%ae%cf%83%ce%b9%ce%bf-%ce%bc%ce%bd%ce%b7%ce%bc%cf%8c%cf%83%cf%85%ce%bd%ce%bf-%cf%84%ce%bf%cf%85-%ce%b1%ce%b5%ce%b9%ce%bc%ce%bd%ce%b7%cf%83%cf%84%ce%bf%cf%85-%cf%80%ce%b1%cf%84%cf%81%cf%8c\/#primaryimage"},"thumbnailUrl":"https:\/\/orthodoxia.be\/wp-content\/uploads\/2017\/10\/18278119_10154504052526074_7894941218905184545_o.jpg","datePublished":"2017-05-06T19:05:12+00:00","dateModified":"2017-10-18T10:42:27+00:00","breadcrumb":{"@id":"https:\/\/orthodoxia.be\/2017\/05\/06\/e%cf%84%ce%ae%cf%83%ce%b9%ce%bf-%ce%bc%ce%bd%ce%b7%ce%bc%cf%8c%cf%83%cf%85%ce%bd%ce%bf-%cf%84%ce%bf%cf%85-%ce%b1%ce%b5%ce%b9%ce%bc%ce%bd%ce%b7%cf%83%cf%84%ce%bf%cf%85-%cf%80%ce%b1%cf%84%cf%81%cf%8c\/#breadcrumb"},"inLanguage":"fr-BE","potentialAction":[{"@type":"ReadAction","target":["https:\/\/orthodoxia.be\/2017\/05\/06\/e%cf%84%ce%ae%cf%83%ce%b9%ce%bf-%ce%bc%ce%bd%ce%b7%ce%bc%cf%8c%cf%83%cf%85%ce%bd%ce%bf-%cf%84%ce%bf%cf%85-%ce%b1%ce%b5%ce%b9%ce%bc%ce%bd%ce%b7%cf%83%cf%84%ce%bf%cf%85-%cf%80%ce%b1%cf%84%cf%81%cf%8c\/"]}]},{"@type":"ImageObject","inLanguage":"fr-BE","@id":"https:\/\/orthodoxia.be\/2017\/05\/06\/e%cf%84%ce%ae%cf%83%ce%b9%ce%bf-%ce%bc%ce%bd%ce%b7%ce%bc%cf%8c%cf%83%cf%85%ce%bd%ce%bf-%cf%84%ce%bf%cf%85-%ce%b1%ce%b5%ce%b9%ce%bc%ce%bd%ce%b7%cf%83%cf%84%ce%bf%cf%85-%cf%80%ce%b1%cf%84%cf%81%cf%8c\/#primaryimage","url":"https:\/\/orthodoxia.be\/wp-content\/uploads\/2017\/10\/18278119_10154504052526074_7894941218905184545_o.jpg","contentUrl":"https:\/\/orthodoxia.be\/wp-content\/uploads\/2017\/10\/18278119_10154504052526074_7894941218905184545_o.jpg","width":616,"height":897},{"@type":"BreadcrumbList","@id":"https:\/\/orthodoxia.be\/2017\/05\/06\/e%cf%84%ce%ae%cf%83%ce%b9%ce%bf-%ce%bc%ce%bd%ce%b7%ce%bc%cf%8c%cf%83%cf%85%ce%bd%ce%bf-%cf%84%ce%bf%cf%85-%ce%b1%ce%b5%ce%b9%ce%bc%ce%bd%ce%b7%cf%83%cf%84%ce%bf%cf%85-%cf%80%ce%b1%cf%84%cf%81%cf%8c\/#breadcrumb","itemListElement":[{"@type":"ListItem","position":1,"name":"Home","item":"https:\/\/orthodoxia.be\/fr\/"},{"@type":"ListItem","position":2,"name":"OFFICE DE COMMEMORATION ANNUELLE POUR LE PERE IGNACE PECKSTADT, PERE DU METROPOLITE ATHENAGORAS DE BELGIQUE"}]},{"@type":"WebSite","@id":"https:\/\/orthodoxia.be\/#website","url":"https:\/\/orthodoxia.be\/","name":"Orthodox Archdiocese of Belgium (Benelux)","description":"Exarque des Pays-Bas et du Luxembourg","publisher":{"@id":"https:\/\/orthodoxia.be\/#organization"},"alternateName":"IMB","potentialAction":[{"@type":"SearchAction","target":{"@type":"EntryPoint","urlTemplate":"https:\/\/orthodoxia.be\/?s={search_term_string}"},"query-input":{"@type":"PropertyValueSpecification","valueRequired":true,"valueName":"search_term_string"}}],"inLanguage":"fr-BE"},{"@type":"Organization","@id":"https:\/\/orthodoxia.be\/#organization","name":"Orthodox Archdiocese of Belgium (Benelux)","url":"https:\/\/orthodoxia.be\/","logo":{"@type":"ImageObject","inLanguage":"fr-BE","@id":"https:\/\/orthodoxia.be\/#\/schema\/logo\/image\/","url":"https:\/\/orthodoxia.be\/wp-content\/uploads\/2024\/02\/cropped-IMB-logo-512-cl-1.png","contentUrl":"https:\/\/orthodoxia.be\/wp-content\/uploads\/2024\/02\/cropped-IMB-logo-512-cl-1.png","width":512,"height":512,"caption":"Orthodox Archdiocese of Belgium (Benelux)"},"image":{"@id":"https:\/\/orthodoxia.be\/#\/schema\/logo\/image\/"},"sameAs":["https:\/\/www.facebook.com\/orthobel","https:\/\/x.com\/orthobel","https:\/\/www.youtube.com\/c\/orthobel","https:\/\/www.mixcloud.com\/orthobel\/","https:\/\/www.flickr.com\/photos\/148264890@N07\/albums","https:\/\/www.dailymotion.com\/Orthobel"]},{"@type":"Person","@id":"https:\/\/orthodoxia.be\/#\/schema\/person\/4641c70600fbb1aac968996a0ef6d284","name":"\u0391\u03c1\u03c7\u03b5\u03af\u03bf \u03a3\u03c5\u03bd\u03b5\u03c1\u03b3\u03b1\u03c4\u03ce\u03bd","image":{"@type":"ImageObject","inLanguage":"fr-BE","@id":"https:\/\/orthodoxia.be\/#\/schema\/person\/image\/","url":"https:\/\/secure.gravatar.com\/avatar\/0bf791bec6a55758e3ee18a1fc90f09b?s=96&d=mm&r=g","contentUrl":"https:\/\/secure.gravatar.com\/avatar\/0bf791bec6a55758e3ee18a1fc90f09b?s=96&d=mm&r=g","caption":"\u0391\u03c1\u03c7\u03b5\u03af\u03bf \u03a3\u03c5\u03bd\u03b5\u03c1\u03b3\u03b1\u03c4\u03ce\u03bd"},"url":"https:\/\/orthodoxia.be\/fr\/author\/archives\/"}]}},"_links":{"self":[{"href":"https:\/\/orthodoxia.be\/fr\/wp-json\/wp\/v2\/posts\/645","targetHints":{"allow":["GET"]}}],"collection":[{"href":"https:\/\/orthodoxia.be\/fr\/wp-json\/wp\/v2\/posts"}],"about":[{"href":"https:\/\/orthodoxia.be\/fr\/wp-json\/wp\/v2\/types\/post"}],"author":[{"embeddable":true,"href":"https:\/\/orthodoxia.be\/fr\/wp-json\/wp\/v2\/users\/12"}],"replies":[{"embeddable":true,"href":"https:\/\/orthodoxia.be\/fr\/wp-json\/wp\/v2\/comments?post=645"}],"version-history":[{"count":1,"href":"https:\/\/orthodoxia.be\/fr\/wp-json\/wp\/v2\/posts\/645\/revisions"}],"predecessor-version":[{"id":646,"href":"https:\/\/orthodoxia.be\/fr\/wp-json\/wp\/v2\/posts\/645\/revisions\/646"}],"wp:featuredmedia":[{"embeddable":true,"href":"https:\/\/orthodoxia.be\/fr\/wp-json\/wp\/v2\/media\/639"}],"wp:attachment":[{"href":"https:\/\/orthodoxia.be\/fr\/wp-json\/wp\/v2\/media?parent=645"}],"wp:term":[{"taxonomy":"category","embeddable":true,"href":"https:\/\/orthodoxia.be\/fr\/wp-json\/wp\/v2\/categories?post=645"},{"taxonomy":"post_tag","embeddable":true,"href":"https:\/\/orthodoxia.be\/fr\/wp-json\/wp\/v2\/tags?post=645"}],"curies":[{"name":"wp","href":"https:\/\/api.w.org\/{rel}","templated":true}]}}