{"id":13257,"date":"2018-10-10T23:35:39","date_gmt":"2018-10-10T21:35:39","guid":{"rendered":"http:\/\/orthodoxia.be\/?p=13257"},"modified":"2018-10-18T13:03:49","modified_gmt":"2018-10-18T11:03:49","slug":"opening-van-het-academiejaar-van-het-orthodox-theologisch-instituut-apostel-paulus-en-de-voordrachtencyclus-orthodoxos-logos-in-brussel","status":"publish","type":"post","link":"https:\/\/orthodoxia.be\/nl\/2018\/10\/10\/opening-van-het-academiejaar-van-het-orthodox-theologisch-instituut-apostel-paulus-en-de-voordrachtencyclus-orthodoxos-logos-in-brussel\/","title":{"rendered":"Opening van het Academiejaar van het Orthodox Theologisch Instituut \u201cApostel Paulus\u201d en de Voordrachtencyclus \u201cOrthodoxos Logos\u201d in Brussel"},"content":{"rendered":"<p>Het orthodox aartsbisdom van Belgi\u00eb opende op woensdag 10 oktober 2018 het academiejaar 2018-2019 van het Orthodox Theologisch Instituut &#8220;Apostel Paulus&#8221;, en van de Voordrachtencyclus &#8220;Orthodoxos Logos&#8221; in Brussel. Dit ging door in de conferentiezaal van het Dominicanenklooster, in het centrum van de stad Brussel.<\/p>\n<p>De bijeenkomst begon met een ceremonie voor de opening van het nieuwe academiejaar waarbij Zijne Eminentie Metropoliet Athenagoras van Belgi\u00eb zowel het begin van de lessen aan het Instituut als de nieuwe voordrachtencyclus inzegende. Tijdens zijn toespraak dankte hij de aanwezigen en verwees naar de geschiedenis en de troeven van het Instituut.<\/p>\n<p>Het orthodoxe aartsbisdom van Belgi\u00eb en haar verantwoordelijke, de Metropoliet van het Oecumenisch Patriarchaat, heeft, als deel van de rechten en plichten hem opgelegd door de Belgische Staat, de mogelijkheid om leerkrachten voor te dragen voor het orthodoxe godsdienstonderwijs in de scholen van officieel onderwijs. Dit privilege heeft geleid tot de noodzaak een instituut te op te richten dat in staat is om kandidaat docenten voor dit onderwijs te informeren en op te leiden, alsmede leden van de clerus en catecheten. Het Instituut is sinds 1991 werkzaam, met twee afdelingen: \u00e9\u00e9n in Gent voor de Nederlandstaligen en \u00e9\u00e9n in Brussel voor de Franstaligen.<\/p>\n<p>Onder de inspiratie van de voormalige Metropoliet van Belgi\u00eb , Monseigneur Panteleimon, maar ook met de ondersteuning en begeleiding van de toenmalige bisschop van Sinope, Monseigneur Athenagoras, op vandaag de Metropoliet van Belgi\u00eb, worden leraren aangeduid, met de mogelijkheid zich te vormen in een van de twee afdelingen van het Instituut om zo degelijk godsdienstonderwijs te kunnen geven in de cycli van het offici\u00eble onderwijs.<\/p>\n<p>Opgemerkt moet worden dat godsdienstles in het offici\u00eble onderwijs in Belgi\u00eb een verplichte optie is, waarbij elke ouder de vrijheid van godsdienstkeuze heeft. De keuze voor orthodoxe godsdienst van \u00e9\u00e9n enkele leerling in een klas verplicht de schooldirecteur of de inrichtende macht van de instelling het aartsbisdom te contacteren met de vraag een leraar aan te duiden voor de lessen.<\/p>\n<p>Metropoliet Athenagoras onderstreepte derhalve het belang van het bestaan \u200b\u200ben de werking van de Orthodoxe Theologisch Instituut in Belgi\u00eb, niet alleen om aan de onderwijsbehoeften te voldoen, maar ook voor de ontwikkeling van het denken en de orthodoxe traditie in het hart van Europa.<\/p>\n<p>Daarop stelde de directeur van het Instituut Apostel Paulus, Aartspriester Dr. Constantin Kenanidis, het nieuwe curriculum en het professorenkorps voor, doorgewinterde theologen, priesters van diverse orthodoxe en seculiere aanwezigheden die toezien op alle aspecten van een adequate opleiding van toekomstige leraren, zonder de vorming te vergeten van al diegenen die zich interesseren in orthodoxe theologie.<\/p>\n<p>Het tweede deel van de avond was voorbehouden voor de eerste conferentie in het kader van de Voordrachtencyclus \u201cOrthodox Logos\u201d van het aartsbisdom. Gastspreker was hoogleraar theologie en beroemd Frans schrijver, Dr. Jean-Claude Larchet, die uitweidde over het onderwerp: &#8220;Hoe het christelijk geloof bewaren en overdragen in een wereld die dechristianiseert? &#8221;<\/p>\n<p>Aanvankelijk had de befaamde theoloog het over de vele uitdagingen in onze ontkerstende samenleving die zich steeds verder van God en het geloof verwijdert. De ontmanteling van het geloof doet Europa, met zijn christelijke identiteit, en met als basis van de cultuur het christendom, schudden op zijn grondvesten. Daarom stelde hij oplossingen en antwoorden voor over wat bewuste christenen zouden kunnen aanbieden om het christendom in het dagelijks leven terug te brengen als een belangrijk deel, niet alleen van het leven, maar van onze Europese identiteit.<\/p>\n<p>Co\u00f6rdinator van de Voordrachtencyclus: aartsdiaken Philadelphos Kafalis, directeur van het kantoor van de Metropoliet.<\/p>\n<p>De conferentie werd gevolgd door een receptie.<\/p>\n<p>&nbsp;<\/p>\n<p>[FAGP id=13164]<\/p>\n<p>&nbsp;<\/p>\n","protected":false},"excerpt":{"rendered":"<p>Het orthodox aartsbisdom van Belgi\u00eb opende op woensdag 10 oktober 2018 het academiejaar 2018-2019 van het Orthodox Theologisch Instituut &#8220;Apostel Paulus&#8221;, en van de Voordrachtencyclus &#8220;Orthodoxos Logos&#8221; in Brussel. Dit ging door in de conferentiezaal van het Dominicanenklooster, in het centrum van de stad Brussel. De bijeenkomst begon met een ceremonie voor de opening van &hellip; <a href=\"https:\/\/orthodoxia.be\/nl\/2018\/10\/10\/opening-van-het-academiejaar-van-het-orthodox-theologisch-instituut-apostel-paulus-en-de-voordrachtencyclus-orthodoxos-logos-in-brussel\/\">Continued<\/a><\/p>\n","protected":false},"author":5,"featured_media":13168,"comment_status":"closed","ping_status":"open","sticky":false,"template":"","format":"standard","meta":{"_acf_changed":false,"footnotes":""},"categories":[18,35],"tags":[],"class_list":["post-13257","post","type-post","status-publish","format-standard","has-post-thumbnail","hentry","category-actualiteit","category-orthodox-logos"],"acf":[],"yoast_head":"<!-- This site is optimized with the Yoast SEO plugin v24.3 - https:\/\/yoast.com\/wordpress\/plugins\/seo\/ -->\n<title>Opening van het Academiejaar van het Orthodox Theologisch Instituut &quot;Apostel Paulus&quot; en de Voordrachtencyclus &quot;Orthodoxos Logos&quot; in Brussel - Orthodox Aartsbisdom van Belgi\u00eb<\/title>\n<meta name=\"robots\" content=\"index, follow, max-snippet:-1, max-image-preview:large, max-video-preview:-1\" \/>\n<link rel=\"canonical\" href=\"https:\/\/orthodoxia.be\/2018\/10\/10\/\u03ad\u03bd\u03b1\u03c1\u03be\u03b7-\u03c4\u03bf\u03c5-\u03b1\u03ba\u03b1\u03b4\u03b7\u03bc\u03b1\u03ca\u03ba\u03bf\u03cd-\u03ad\u03c4\u03bf\u03c5\u03c2-\u03b9\u03bd\u03c3\u03c4\u03b9\u03c4\u03bf\/\" \/>\n<meta property=\"og:locale\" content=\"nl_BE\" \/>\n<meta property=\"og:type\" content=\"article\" \/>\n<meta property=\"og:title\" content=\"Opening van het Academiejaar van het Orthodox Theologisch Instituut &quot;Apostel Paulus&quot; en de Voordrachtencyclus &quot;Orthodoxos Logos&quot; in Brussel - Orthodox Aartsbisdom van Belgi\u00eb\" \/>\n<meta property=\"og:description\" content=\"Het orthodox aartsbisdom van Belgi\u00eb opende op woensdag 10 oktober 2018 het academiejaar 2018-2019 van het Orthodox Theologisch Instituut &#8220;Apostel Paulus&#8221;, en van de Voordrachtencyclus &#8220;Orthodoxos Logos&#8221; in Brussel. Dit ging door in de conferentiezaal van het Dominicanenklooster, in het centrum van de stad Brussel. De bijeenkomst begon met een ceremonie voor de opening van &hellip; Continued\" \/>\n<meta property=\"og:url\" content=\"https:\/\/orthodoxia.be\/2018\/10\/10\/\u03ad\u03bd\u03b1\u03c1\u03be\u03b7-\u03c4\u03bf\u03c5-\u03b1\u03ba\u03b1\u03b4\u03b7\u03bc\u03b1\u03ca\u03ba\u03bf\u03cd-\u03ad\u03c4\u03bf\u03c5\u03c2-\u03b9\u03bd\u03c3\u03c4\u03b9\u03c4\u03bf\/\" \/>\n<meta property=\"og:site_name\" content=\"Orthodox Aartsbisdom van Belgi\u00eb\" \/>\n<meta property=\"article:publisher\" content=\"https:\/\/www.facebook.com\/orthobel\" \/>\n<meta property=\"article:published_time\" content=\"2018-10-10T21:35:39+00:00\" \/>\n<meta property=\"article:modified_time\" content=\"2018-10-18T11:03:49+00:00\" \/>\n<meta property=\"og:image\" content=\"https:\/\/orthodoxia.be\/wp-content\/uploads\/2018\/10\/IMG_4193-2.jpeg\" \/>\n\t<meta property=\"og:image:width\" content=\"1200\" \/>\n\t<meta property=\"og:image:height\" content=\"549\" \/>\n\t<meta property=\"og:image:type\" content=\"image\/jpeg\" \/>\n<meta name=\"author\" content=\"Fr. Filip Boone\" \/>\n<meta name=\"twitter:card\" content=\"summary_large_image\" \/>\n<meta name=\"twitter:creator\" content=\"@orthobel\" \/>\n<meta name=\"twitter:site\" content=\"@orthobel\" \/>\n<meta name=\"twitter:label1\" content=\"Geschreven door\" \/>\n\t<meta name=\"twitter:data1\" content=\"Fr. Filip Boone\" \/>\n\t<meta name=\"twitter:label2\" content=\"Geschatte leestijd\" \/>\n\t<meta name=\"twitter:data2\" content=\"3 minuten\" \/>\n<script type=\"application\/ld+json\" class=\"yoast-schema-graph\">{\"@context\":\"https:\/\/schema.org\",\"@graph\":[{\"@type\":\"Article\",\"@id\":\"https:\/\/orthodoxia.be\/2018\/10\/10\/%ce%ad%ce%bd%ce%b1%cf%81%ce%be%ce%b7-%cf%84%ce%bf%cf%85-%ce%b1%ce%ba%ce%b1%ce%b4%ce%b7%ce%bc%ce%b1%cf%8a%ce%ba%ce%bf%cf%8d-%ce%ad%cf%84%ce%bf%cf%85%cf%82-%ce%b9%ce%bd%cf%83%cf%84%ce%b9%cf%84%ce%bf\/#article\",\"isPartOf\":{\"@id\":\"https:\/\/orthodoxia.be\/2018\/10\/10\/%ce%ad%ce%bd%ce%b1%cf%81%ce%be%ce%b7-%cf%84%ce%bf%cf%85-%ce%b1%ce%ba%ce%b1%ce%b4%ce%b7%ce%bc%ce%b1%cf%8a%ce%ba%ce%bf%cf%8d-%ce%ad%cf%84%ce%bf%cf%85%cf%82-%ce%b9%ce%bd%cf%83%cf%84%ce%b9%cf%84%ce%bf\/\"},\"author\":{\"name\":\"Fr. Filip Boone\",\"@id\":\"https:\/\/orthodoxia.be\/#\/schema\/person\/3a3f63a3c164a0dd7642f3baea1f3ca9\"},\"headline\":\"Opening van het Academiejaar van het Orthodox Theologisch Instituut \u201cApostel Paulus\u201d en de Voordrachtencyclus \u201cOrthodoxos Logos\u201d in Brussel\",\"datePublished\":\"2018-10-10T21:35:39+00:00\",\"dateModified\":\"2018-10-18T11:03:49+00:00\",\"mainEntityOfPage\":{\"@id\":\"https:\/\/orthodoxia.be\/2018\/10\/10\/%ce%ad%ce%bd%ce%b1%cf%81%ce%be%ce%b7-%cf%84%ce%bf%cf%85-%ce%b1%ce%ba%ce%b1%ce%b4%ce%b7%ce%bc%ce%b1%cf%8a%ce%ba%ce%bf%cf%8d-%ce%ad%cf%84%ce%bf%cf%85%cf%82-%ce%b9%ce%bd%cf%83%cf%84%ce%b9%cf%84%ce%bf\/\"},\"wordCount\":603,\"publisher\":{\"@id\":\"https:\/\/orthodoxia.be\/#organization\"},\"image\":{\"@id\":\"https:\/\/orthodoxia.be\/2018\/10\/10\/%ce%ad%ce%bd%ce%b1%cf%81%ce%be%ce%b7-%cf%84%ce%bf%cf%85-%ce%b1%ce%ba%ce%b1%ce%b4%ce%b7%ce%bc%ce%b1%cf%8a%ce%ba%ce%bf%cf%8d-%ce%ad%cf%84%ce%bf%cf%85%cf%82-%ce%b9%ce%bd%cf%83%cf%84%ce%b9%cf%84%ce%bf\/#primaryimage\"},\"thumbnailUrl\":\"https:\/\/orthodoxia.be\/wp-content\/uploads\/2018\/10\/IMG_4193-2.jpeg\",\"articleSection\":[\"Actualiteit\",\"Orthodox Logos\"],\"inLanguage\":\"nl-BE\"},{\"@type\":\"WebPage\",\"@id\":\"https:\/\/orthodoxia.be\/2018\/10\/10\/%ce%ad%ce%bd%ce%b1%cf%81%ce%be%ce%b7-%cf%84%ce%bf%cf%85-%ce%b1%ce%ba%ce%b1%ce%b4%ce%b7%ce%bc%ce%b1%cf%8a%ce%ba%ce%bf%cf%8d-%ce%ad%cf%84%ce%bf%cf%85%cf%82-%ce%b9%ce%bd%cf%83%cf%84%ce%b9%cf%84%ce%bf\/\",\"url\":\"https:\/\/orthodoxia.be\/2018\/10\/10\/%ce%ad%ce%bd%ce%b1%cf%81%ce%be%ce%b7-%cf%84%ce%bf%cf%85-%ce%b1%ce%ba%ce%b1%ce%b4%ce%b7%ce%bc%ce%b1%cf%8a%ce%ba%ce%bf%cf%8d-%ce%ad%cf%84%ce%bf%cf%85%cf%82-%ce%b9%ce%bd%cf%83%cf%84%ce%b9%cf%84%ce%bf\/\",\"name\":\"Opening van het Academiejaar van het Orthodox Theologisch Instituut \\\"Apostel Paulus\\\" en de Voordrachtencyclus \\\"Orthodoxos Logos\\\" in Brussel - Orthodox Aartsbisdom van Belgi\u00eb\",\"isPartOf\":{\"@id\":\"https:\/\/orthodoxia.be\/#website\"},\"primaryImageOfPage\":{\"@id\":\"https:\/\/orthodoxia.be\/2018\/10\/10\/%ce%ad%ce%bd%ce%b1%cf%81%ce%be%ce%b7-%cf%84%ce%bf%cf%85-%ce%b1%ce%ba%ce%b1%ce%b4%ce%b7%ce%bc%ce%b1%cf%8a%ce%ba%ce%bf%cf%8d-%ce%ad%cf%84%ce%bf%cf%85%cf%82-%ce%b9%ce%bd%cf%83%cf%84%ce%b9%cf%84%ce%bf\/#primaryimage\"},\"image\":{\"@id\":\"https:\/\/orthodoxia.be\/2018\/10\/10\/%ce%ad%ce%bd%ce%b1%cf%81%ce%be%ce%b7-%cf%84%ce%bf%cf%85-%ce%b1%ce%ba%ce%b1%ce%b4%ce%b7%ce%bc%ce%b1%cf%8a%ce%ba%ce%bf%cf%8d-%ce%ad%cf%84%ce%bf%cf%85%cf%82-%ce%b9%ce%bd%cf%83%cf%84%ce%b9%cf%84%ce%bf\/#primaryimage\"},\"thumbnailUrl\":\"https:\/\/orthodoxia.be\/wp-content\/uploads\/2018\/10\/IMG_4193-2.jpeg\",\"datePublished\":\"2018-10-10T21:35:39+00:00\",\"dateModified\":\"2018-10-18T11:03:49+00:00\",\"breadcrumb\":{\"@id\":\"https:\/\/orthodoxia.be\/2018\/10\/10\/%ce%ad%ce%bd%ce%b1%cf%81%ce%be%ce%b7-%cf%84%ce%bf%cf%85-%ce%b1%ce%ba%ce%b1%ce%b4%ce%b7%ce%bc%ce%b1%cf%8a%ce%ba%ce%bf%cf%8d-%ce%ad%cf%84%ce%bf%cf%85%cf%82-%ce%b9%ce%bd%cf%83%cf%84%ce%b9%cf%84%ce%bf\/#breadcrumb\"},\"inLanguage\":\"nl-BE\",\"potentialAction\":[{\"@type\":\"ReadAction\",\"target\":[\"https:\/\/orthodoxia.be\/2018\/10\/10\/%ce%ad%ce%bd%ce%b1%cf%81%ce%be%ce%b7-%cf%84%ce%bf%cf%85-%ce%b1%ce%ba%ce%b1%ce%b4%ce%b7%ce%bc%ce%b1%cf%8a%ce%ba%ce%bf%cf%8d-%ce%ad%cf%84%ce%bf%cf%85%cf%82-%ce%b9%ce%bd%cf%83%cf%84%ce%b9%cf%84%ce%bf\/\"]}]},{\"@type\":\"ImageObject\",\"inLanguage\":\"nl-BE\",\"@id\":\"https:\/\/orthodoxia.be\/2018\/10\/10\/%ce%ad%ce%bd%ce%b1%cf%81%ce%be%ce%b7-%cf%84%ce%bf%cf%85-%ce%b1%ce%ba%ce%b1%ce%b4%ce%b7%ce%bc%ce%b1%cf%8a%ce%ba%ce%bf%cf%8d-%ce%ad%cf%84%ce%bf%cf%85%cf%82-%ce%b9%ce%bd%cf%83%cf%84%ce%b9%cf%84%ce%bf\/#primaryimage\",\"url\":\"https:\/\/orthodoxia.be\/wp-content\/uploads\/2018\/10\/IMG_4193-2.jpeg\",\"contentUrl\":\"https:\/\/orthodoxia.be\/wp-content\/uploads\/2018\/10\/IMG_4193-2.jpeg\",\"width\":1200,\"height\":549},{\"@type\":\"BreadcrumbList\",\"@id\":\"https:\/\/orthodoxia.be\/2018\/10\/10\/%ce%ad%ce%bd%ce%b1%cf%81%ce%be%ce%b7-%cf%84%ce%bf%cf%85-%ce%b1%ce%ba%ce%b1%ce%b4%ce%b7%ce%bc%ce%b1%cf%8a%ce%ba%ce%bf%cf%8d-%ce%ad%cf%84%ce%bf%cf%85%cf%82-%ce%b9%ce%bd%cf%83%cf%84%ce%b9%cf%84%ce%bf\/#breadcrumb\",\"itemListElement\":[{\"@type\":\"ListItem\",\"position\":1,\"name\":\"Home\",\"item\":\"https:\/\/orthodoxia.be\/nl\/\"},{\"@type\":\"ListItem\",\"position\":2,\"name\":\"Opening van het Academiejaar van het Orthodox Theologisch Instituut &#8220;Apostel Paulus&#8221; en de Voordrachtencyclus &#8220;Orthodoxos Logos&#8221; in Brussel\"}]},{\"@type\":\"WebSite\",\"@id\":\"https:\/\/orthodoxia.be\/#website\",\"url\":\"https:\/\/orthodoxia.be\/\",\"name\":\"Orthodox Archdiocese of Belgium (Benelux)\",\"description\":\"Exarch of the Nederland en Luxemburg\",\"publisher\":{\"@id\":\"https:\/\/orthodoxia.be\/#organization\"},\"alternateName\":\"IMB\",\"potentialAction\":[{\"@type\":\"SearchAction\",\"target\":{\"@type\":\"EntryPoint\",\"urlTemplate\":\"https:\/\/orthodoxia.be\/?s={search_term_string}\"},\"query-input\":{\"@type\":\"PropertyValueSpecification\",\"valueRequired\":true,\"valueName\":\"search_term_string\"}}],\"inLanguage\":\"nl-BE\"},{\"@type\":\"Organization\",\"@id\":\"https:\/\/orthodoxia.be\/#organization\",\"name\":\"Orthodox Archdiocese of Belgium (Benelux)\",\"url\":\"https:\/\/orthodoxia.be\/\",\"logo\":{\"@type\":\"ImageObject\",\"inLanguage\":\"nl-BE\",\"@id\":\"https:\/\/orthodoxia.be\/#\/schema\/logo\/image\/\",\"url\":\"https:\/\/orthodoxia.be\/wp-content\/uploads\/2024\/02\/cropped-IMB-logo-512-cl-1.png\",\"contentUrl\":\"https:\/\/orthodoxia.be\/wp-content\/uploads\/2024\/02\/cropped-IMB-logo-512-cl-1.png\",\"width\":512,\"height\":512,\"caption\":\"Orthodox Archdiocese of Belgium (Benelux)\"},\"image\":{\"@id\":\"https:\/\/orthodoxia.be\/#\/schema\/logo\/image\/\"},\"sameAs\":[\"https:\/\/www.facebook.com\/orthobel\",\"https:\/\/x.com\/orthobel\",\"https:\/\/www.youtube.com\/c\/orthobel\",\"https:\/\/www.mixcloud.com\/orthobel\/\",\"https:\/\/www.flickr.com\/photos\/148264890@N07\/albums\",\"https:\/\/www.dailymotion.com\/Orthobel\"]},{\"@type\":\"Person\",\"@id\":\"https:\/\/orthodoxia.be\/#\/schema\/person\/3a3f63a3c164a0dd7642f3baea1f3ca9\",\"name\":\"Fr. Filip Boone\",\"image\":{\"@type\":\"ImageObject\",\"inLanguage\":\"nl-BE\",\"@id\":\"https:\/\/orthodoxia.be\/#\/schema\/person\/image\/\",\"url\":\"https:\/\/secure.gravatar.com\/avatar\/d4b0dfcddd0a8b04d3eba1449f997873?s=96&d=mm&r=g\",\"contentUrl\":\"https:\/\/secure.gravatar.com\/avatar\/d4b0dfcddd0a8b04d3eba1449f997873?s=96&d=mm&r=g\",\"caption\":\"Fr. Filip Boone\"},\"sameAs\":[\"http:\/\/orthodoxia.be\"],\"url\":\"https:\/\/orthodoxia.be\/nl\/author\/secretariaat\/\"}]}<\/script>\n<!-- \/ Yoast SEO plugin. -->","yoast_head_json":{"title":"Opening van het Academiejaar van het Orthodox Theologisch Instituut \"Apostel Paulus\" en de Voordrachtencyclus \"Orthodoxos Logos\" in Brussel - Orthodox Aartsbisdom van Belgi\u00eb","robots":{"index":"index","follow":"follow","max-snippet":"max-snippet:-1","max-image-preview":"max-image-preview:large","max-video-preview":"max-video-preview:-1"},"canonical":"https:\/\/orthodoxia.be\/2018\/10\/10\/\u03ad\u03bd\u03b1\u03c1\u03be\u03b7-\u03c4\u03bf\u03c5-\u03b1\u03ba\u03b1\u03b4\u03b7\u03bc\u03b1\u03ca\u03ba\u03bf\u03cd-\u03ad\u03c4\u03bf\u03c5\u03c2-\u03b9\u03bd\u03c3\u03c4\u03b9\u03c4\u03bf\/","og_locale":"nl_BE","og_type":"article","og_title":"Opening van het Academiejaar van het Orthodox Theologisch Instituut \"Apostel Paulus\" en de Voordrachtencyclus \"Orthodoxos Logos\" in Brussel - Orthodox Aartsbisdom van Belgi\u00eb","og_description":"Het orthodox aartsbisdom van Belgi\u00eb opende op woensdag 10 oktober 2018 het academiejaar 2018-2019 van het Orthodox Theologisch Instituut &#8220;Apostel Paulus&#8221;, en van de Voordrachtencyclus &#8220;Orthodoxos Logos&#8221; in Brussel. Dit ging door in de conferentiezaal van het Dominicanenklooster, in het centrum van de stad Brussel. De bijeenkomst begon met een ceremonie voor de opening van &hellip; Continued","og_url":"https:\/\/orthodoxia.be\/2018\/10\/10\/\u03ad\u03bd\u03b1\u03c1\u03be\u03b7-\u03c4\u03bf\u03c5-\u03b1\u03ba\u03b1\u03b4\u03b7\u03bc\u03b1\u03ca\u03ba\u03bf\u03cd-\u03ad\u03c4\u03bf\u03c5\u03c2-\u03b9\u03bd\u03c3\u03c4\u03b9\u03c4\u03bf\/","og_site_name":"Orthodox Aartsbisdom van Belgi\u00eb","article_publisher":"https:\/\/www.facebook.com\/orthobel","article_published_time":"2018-10-10T21:35:39+00:00","article_modified_time":"2018-10-18T11:03:49+00:00","og_image":[{"width":1200,"height":549,"url":"https:\/\/orthodoxia.be\/wp-content\/uploads\/2018\/10\/IMG_4193-2.jpeg","type":"image\/jpeg"}],"author":"Fr. Filip Boone","twitter_card":"summary_large_image","twitter_creator":"@orthobel","twitter_site":"@orthobel","twitter_misc":{"Geschreven door":"Fr. Filip Boone","Geschatte leestijd":"3 minuten"},"schema":{"@context":"https:\/\/schema.org","@graph":[{"@type":"Article","@id":"https:\/\/orthodoxia.be\/2018\/10\/10\/%ce%ad%ce%bd%ce%b1%cf%81%ce%be%ce%b7-%cf%84%ce%bf%cf%85-%ce%b1%ce%ba%ce%b1%ce%b4%ce%b7%ce%bc%ce%b1%cf%8a%ce%ba%ce%bf%cf%8d-%ce%ad%cf%84%ce%bf%cf%85%cf%82-%ce%b9%ce%bd%cf%83%cf%84%ce%b9%cf%84%ce%bf\/#article","isPartOf":{"@id":"https:\/\/orthodoxia.be\/2018\/10\/10\/%ce%ad%ce%bd%ce%b1%cf%81%ce%be%ce%b7-%cf%84%ce%bf%cf%85-%ce%b1%ce%ba%ce%b1%ce%b4%ce%b7%ce%bc%ce%b1%cf%8a%ce%ba%ce%bf%cf%8d-%ce%ad%cf%84%ce%bf%cf%85%cf%82-%ce%b9%ce%bd%cf%83%cf%84%ce%b9%cf%84%ce%bf\/"},"author":{"name":"Fr. Filip Boone","@id":"https:\/\/orthodoxia.be\/#\/schema\/person\/3a3f63a3c164a0dd7642f3baea1f3ca9"},"headline":"Opening van het Academiejaar van het Orthodox Theologisch Instituut \u201cApostel Paulus\u201d en de Voordrachtencyclus \u201cOrthodoxos Logos\u201d in Brussel","datePublished":"2018-10-10T21:35:39+00:00","dateModified":"2018-10-18T11:03:49+00:00","mainEntityOfPage":{"@id":"https:\/\/orthodoxia.be\/2018\/10\/10\/%ce%ad%ce%bd%ce%b1%cf%81%ce%be%ce%b7-%cf%84%ce%bf%cf%85-%ce%b1%ce%ba%ce%b1%ce%b4%ce%b7%ce%bc%ce%b1%cf%8a%ce%ba%ce%bf%cf%8d-%ce%ad%cf%84%ce%bf%cf%85%cf%82-%ce%b9%ce%bd%cf%83%cf%84%ce%b9%cf%84%ce%bf\/"},"wordCount":603,"publisher":{"@id":"https:\/\/orthodoxia.be\/#organization"},"image":{"@id":"https:\/\/orthodoxia.be\/2018\/10\/10\/%ce%ad%ce%bd%ce%b1%cf%81%ce%be%ce%b7-%cf%84%ce%bf%cf%85-%ce%b1%ce%ba%ce%b1%ce%b4%ce%b7%ce%bc%ce%b1%cf%8a%ce%ba%ce%bf%cf%8d-%ce%ad%cf%84%ce%bf%cf%85%cf%82-%ce%b9%ce%bd%cf%83%cf%84%ce%b9%cf%84%ce%bf\/#primaryimage"},"thumbnailUrl":"https:\/\/orthodoxia.be\/wp-content\/uploads\/2018\/10\/IMG_4193-2.jpeg","articleSection":["Actualiteit","Orthodox Logos"],"inLanguage":"nl-BE"},{"@type":"WebPage","@id":"https:\/\/orthodoxia.be\/2018\/10\/10\/%ce%ad%ce%bd%ce%b1%cf%81%ce%be%ce%b7-%cf%84%ce%bf%cf%85-%ce%b1%ce%ba%ce%b1%ce%b4%ce%b7%ce%bc%ce%b1%cf%8a%ce%ba%ce%bf%cf%8d-%ce%ad%cf%84%ce%bf%cf%85%cf%82-%ce%b9%ce%bd%cf%83%cf%84%ce%b9%cf%84%ce%bf\/","url":"https:\/\/orthodoxia.be\/2018\/10\/10\/%ce%ad%ce%bd%ce%b1%cf%81%ce%be%ce%b7-%cf%84%ce%bf%cf%85-%ce%b1%ce%ba%ce%b1%ce%b4%ce%b7%ce%bc%ce%b1%cf%8a%ce%ba%ce%bf%cf%8d-%ce%ad%cf%84%ce%bf%cf%85%cf%82-%ce%b9%ce%bd%cf%83%cf%84%ce%b9%cf%84%ce%bf\/","name":"Opening van het Academiejaar van het Orthodox Theologisch Instituut \"Apostel Paulus\" en de Voordrachtencyclus \"Orthodoxos Logos\" in Brussel - Orthodox Aartsbisdom van Belgi\u00eb","isPartOf":{"@id":"https:\/\/orthodoxia.be\/#website"},"primaryImageOfPage":{"@id":"https:\/\/orthodoxia.be\/2018\/10\/10\/%ce%ad%ce%bd%ce%b1%cf%81%ce%be%ce%b7-%cf%84%ce%bf%cf%85-%ce%b1%ce%ba%ce%b1%ce%b4%ce%b7%ce%bc%ce%b1%cf%8a%ce%ba%ce%bf%cf%8d-%ce%ad%cf%84%ce%bf%cf%85%cf%82-%ce%b9%ce%bd%cf%83%cf%84%ce%b9%cf%84%ce%bf\/#primaryimage"},"image":{"@id":"https:\/\/orthodoxia.be\/2018\/10\/10\/%ce%ad%ce%bd%ce%b1%cf%81%ce%be%ce%b7-%cf%84%ce%bf%cf%85-%ce%b1%ce%ba%ce%b1%ce%b4%ce%b7%ce%bc%ce%b1%cf%8a%ce%ba%ce%bf%cf%8d-%ce%ad%cf%84%ce%bf%cf%85%cf%82-%ce%b9%ce%bd%cf%83%cf%84%ce%b9%cf%84%ce%bf\/#primaryimage"},"thumbnailUrl":"https:\/\/orthodoxia.be\/wp-content\/uploads\/2018\/10\/IMG_4193-2.jpeg","datePublished":"2018-10-10T21:35:39+00:00","dateModified":"2018-10-18T11:03:49+00:00","breadcrumb":{"@id":"https:\/\/orthodoxia.be\/2018\/10\/10\/%ce%ad%ce%bd%ce%b1%cf%81%ce%be%ce%b7-%cf%84%ce%bf%cf%85-%ce%b1%ce%ba%ce%b1%ce%b4%ce%b7%ce%bc%ce%b1%cf%8a%ce%ba%ce%bf%cf%8d-%ce%ad%cf%84%ce%bf%cf%85%cf%82-%ce%b9%ce%bd%cf%83%cf%84%ce%b9%cf%84%ce%bf\/#breadcrumb"},"inLanguage":"nl-BE","potentialAction":[{"@type":"ReadAction","target":["https:\/\/orthodoxia.be\/2018\/10\/10\/%ce%ad%ce%bd%ce%b1%cf%81%ce%be%ce%b7-%cf%84%ce%bf%cf%85-%ce%b1%ce%ba%ce%b1%ce%b4%ce%b7%ce%bc%ce%b1%cf%8a%ce%ba%ce%bf%cf%8d-%ce%ad%cf%84%ce%bf%cf%85%cf%82-%ce%b9%ce%bd%cf%83%cf%84%ce%b9%cf%84%ce%bf\/"]}]},{"@type":"ImageObject","inLanguage":"nl-BE","@id":"https:\/\/orthodoxia.be\/2018\/10\/10\/%ce%ad%ce%bd%ce%b1%cf%81%ce%be%ce%b7-%cf%84%ce%bf%cf%85-%ce%b1%ce%ba%ce%b1%ce%b4%ce%b7%ce%bc%ce%b1%cf%8a%ce%ba%ce%bf%cf%8d-%ce%ad%cf%84%ce%bf%cf%85%cf%82-%ce%b9%ce%bd%cf%83%cf%84%ce%b9%cf%84%ce%bf\/#primaryimage","url":"https:\/\/orthodoxia.be\/wp-content\/uploads\/2018\/10\/IMG_4193-2.jpeg","contentUrl":"https:\/\/orthodoxia.be\/wp-content\/uploads\/2018\/10\/IMG_4193-2.jpeg","width":1200,"height":549},{"@type":"BreadcrumbList","@id":"https:\/\/orthodoxia.be\/2018\/10\/10\/%ce%ad%ce%bd%ce%b1%cf%81%ce%be%ce%b7-%cf%84%ce%bf%cf%85-%ce%b1%ce%ba%ce%b1%ce%b4%ce%b7%ce%bc%ce%b1%cf%8a%ce%ba%ce%bf%cf%8d-%ce%ad%cf%84%ce%bf%cf%85%cf%82-%ce%b9%ce%bd%cf%83%cf%84%ce%b9%cf%84%ce%bf\/#breadcrumb","itemListElement":[{"@type":"ListItem","position":1,"name":"Home","item":"https:\/\/orthodoxia.be\/nl\/"},{"@type":"ListItem","position":2,"name":"Opening van het Academiejaar van het Orthodox Theologisch Instituut &#8220;Apostel Paulus&#8221; en de Voordrachtencyclus &#8220;Orthodoxos Logos&#8221; in Brussel"}]},{"@type":"WebSite","@id":"https:\/\/orthodoxia.be\/#website","url":"https:\/\/orthodoxia.be\/","name":"Orthodox Archdiocese of Belgium (Benelux)","description":"Exarch of the Nederland en Luxemburg","publisher":{"@id":"https:\/\/orthodoxia.be\/#organization"},"alternateName":"IMB","potentialAction":[{"@type":"SearchAction","target":{"@type":"EntryPoint","urlTemplate":"https:\/\/orthodoxia.be\/?s={search_term_string}"},"query-input":{"@type":"PropertyValueSpecification","valueRequired":true,"valueName":"search_term_string"}}],"inLanguage":"nl-BE"},{"@type":"Organization","@id":"https:\/\/orthodoxia.be\/#organization","name":"Orthodox Archdiocese of Belgium (Benelux)","url":"https:\/\/orthodoxia.be\/","logo":{"@type":"ImageObject","inLanguage":"nl-BE","@id":"https:\/\/orthodoxia.be\/#\/schema\/logo\/image\/","url":"https:\/\/orthodoxia.be\/wp-content\/uploads\/2024\/02\/cropped-IMB-logo-512-cl-1.png","contentUrl":"https:\/\/orthodoxia.be\/wp-content\/uploads\/2024\/02\/cropped-IMB-logo-512-cl-1.png","width":512,"height":512,"caption":"Orthodox Archdiocese of Belgium (Benelux)"},"image":{"@id":"https:\/\/orthodoxia.be\/#\/schema\/logo\/image\/"},"sameAs":["https:\/\/www.facebook.com\/orthobel","https:\/\/x.com\/orthobel","https:\/\/www.youtube.com\/c\/orthobel","https:\/\/www.mixcloud.com\/orthobel\/","https:\/\/www.flickr.com\/photos\/148264890@N07\/albums","https:\/\/www.dailymotion.com\/Orthobel"]},{"@type":"Person","@id":"https:\/\/orthodoxia.be\/#\/schema\/person\/3a3f63a3c164a0dd7642f3baea1f3ca9","name":"Fr. Filip Boone","image":{"@type":"ImageObject","inLanguage":"nl-BE","@id":"https:\/\/orthodoxia.be\/#\/schema\/person\/image\/","url":"https:\/\/secure.gravatar.com\/avatar\/d4b0dfcddd0a8b04d3eba1449f997873?s=96&d=mm&r=g","contentUrl":"https:\/\/secure.gravatar.com\/avatar\/d4b0dfcddd0a8b04d3eba1449f997873?s=96&d=mm&r=g","caption":"Fr. Filip Boone"},"sameAs":["http:\/\/orthodoxia.be"],"url":"https:\/\/orthodoxia.be\/nl\/author\/secretariaat\/"}]}},"_links":{"self":[{"href":"https:\/\/orthodoxia.be\/nl\/wp-json\/wp\/v2\/posts\/13257","targetHints":{"allow":["GET"]}}],"collection":[{"href":"https:\/\/orthodoxia.be\/nl\/wp-json\/wp\/v2\/posts"}],"about":[{"href":"https:\/\/orthodoxia.be\/nl\/wp-json\/wp\/v2\/types\/post"}],"author":[{"embeddable":true,"href":"https:\/\/orthodoxia.be\/nl\/wp-json\/wp\/v2\/users\/5"}],"replies":[{"embeddable":true,"href":"https:\/\/orthodoxia.be\/nl\/wp-json\/wp\/v2\/comments?post=13257"}],"version-history":[{"count":2,"href":"https:\/\/orthodoxia.be\/nl\/wp-json\/wp\/v2\/posts\/13257\/revisions"}],"predecessor-version":[{"id":13260,"href":"https:\/\/orthodoxia.be\/nl\/wp-json\/wp\/v2\/posts\/13257\/revisions\/13260"}],"wp:featuredmedia":[{"embeddable":true,"href":"https:\/\/orthodoxia.be\/nl\/wp-json\/wp\/v2\/media\/13168"}],"wp:attachment":[{"href":"https:\/\/orthodoxia.be\/nl\/wp-json\/wp\/v2\/media?parent=13257"}],"wp:term":[{"taxonomy":"category","embeddable":true,"href":"https:\/\/orthodoxia.be\/nl\/wp-json\/wp\/v2\/categories?post=13257"},{"taxonomy":"post_tag","embeddable":true,"href":"https:\/\/orthodoxia.be\/nl\/wp-json\/wp\/v2\/tags?post=13257"}],"curies":[{"name":"wp","href":"https:\/\/api.w.org\/{rel}","templated":true}]}}