{"id":13681,"date":"2018-10-29T11:13:19","date_gmt":"2018-10-29T10:13:19","guid":{"rendered":"http:\/\/orthodoxia.be\/?p=13681"},"modified":"2018-11-02T11:30:29","modified_gmt":"2018-11-02T10:30:29","slug":"communique-weekend-ojb-2018","status":"publish","type":"post","link":"https:\/\/orthodoxia.be\/nl\/2018\/10\/29\/communique-weekend-ojb-2018\/","title":{"rendered":"Communiqu\u00e9 Weekend OJB 2018"},"content":{"rendered":"<p style=\"text-align: justify;\">Het Jeugdcomit\u00e9 van het Orthodox Aartsbisdom van Belgi\u00eb heeft, met de zegen van Zijne Eminentie Metropoliet Athenagoras, tussen 26 en 28 oktober 2018 op het domein Drieboomkensberg (Westmalle) haar jaarlijkse bijeenkomst van de orthodoxe jeugd van de Benelux gehouden.<\/p>\n<p style=\"text-align: justify;\">Sinds 1979 organiseert de jeugdwerking van het aartsbisdom van Belgi\u00eb bijeenkomsten van jonge orthodoxen om de wederzijdse toenadering van de jeugd in hun gemeenschappelijke spirituele zoektocht te vergemakkelijken.<\/p>\n<p style=\"text-align: justify;\">Het thema van de bijeenkomst was: &#8220;Onze broeder is ons leven! &#8221; (H. Silouan), door priestermonnik Nicolas Sacharov van het Patriarchaal en Stavropegisch Klooster van de Heilige Johannes de Doper (Maldon &#8211; Groot-Brittanni\u00eb) \u00a0uitgewerkt \u00a0\u00a0in de conferentie: &#8221; De relatie in de orthodoxe spiritualiteit volgens de Heilige Silouan&#8221;.<\/p>\n<p style=\"text-align: justify;\">De 80 jongeren van 14 verschillende nationaliteiten die naar deze spirituele bijeenkomst afgezakt waren hadden er de kans om samen te bidden, te biechten en deel te nemen aan de voorgestelde activiteiten: praktische workshops (liturgische met vader Antonios Tarlizos en Georgios Antoniou, het maken van prosphora en met Koliva met notaris Christoph Beyer), en workshops rond het thema in meerdere talen, die hen het woord gaven (in het Nederlands &#8211; vader Antonios Tarlizos en Zijne Eminentie Metropoliet Athenagoras, in het Frans &#8211; Aartspriester Konstantinos Kenanidis en Archimandriet Athanasios uit Congo en in het Grieks &#8211; Aartsdiaken Philadelphos Kafalis).<\/p>\n<p style=\"text-align: justify;\">De Goddelijke Liturgie op zondag werd gevierd door vader Ciprian Popescu en Diaken Barnabas Genbrugge, en begeleid door een Byzantijns jeugdkoor onder leiding van Georgios Antoniou.<\/p>\n<p style=\"text-align: justify;\">De conclusies van de jongeren, geformuleerd aan het eind van de bijeenkomst, hadden het over de heersende vriendschappelijke en spirituele sfeer, de diepte van de opgedane ervaring dankzij de gemeenschappelijke gebeden en conferenties, en in het bijzonder de bevestiging van een nieuwe gemeenschappelijke spirituele identiteit die op mystieke wijze wordt uitgedrukt door te behoren tot het Mystieke Lichaam van Christus dat de Orthodoxe Kerk is: &#8220;E\u00e9n, Katholiek en Apostolisch&#8221; ondanks de verschillende nationale herkomsten.<\/p>\n<p>[FAGP id=13613]<\/p>\n","protected":false},"excerpt":{"rendered":"<p>Het Jeugdcomit\u00e9 van het Orthodox Aartsbisdom van Belgi\u00eb heeft, met de zegen van Zijne Eminentie Metropoliet Athenagoras, tussen 26 en 28 oktober 2018 op het domein Drieboomkensberg (Westmalle) haar jaarlijkse bijeenkomst van de orthodoxe jeugd van de Benelux gehouden. Sinds 1979 organiseert de jeugdwerking van het aartsbisdom van Belgi\u00eb bijeenkomsten van jonge orthodoxen om de &hellip; <a href=\"https:\/\/orthodoxia.be\/nl\/2018\/10\/29\/communique-weekend-ojb-2018\/\">Continued<\/a><\/p>\n","protected":false},"author":5,"featured_media":13669,"comment_status":"closed","ping_status":"open","sticky":false,"template":"","format":"standard","meta":{"_acf_changed":false,"footnotes":""},"categories":[18,116],"tags":[],"class_list":["post-13681","post","type-post","status-publish","format-standard","has-post-thumbnail","hentry","category-actualiteit","category-orthodoxe-jongeren"],"acf":[],"yoast_head":"<!-- This site is optimized with the Yoast SEO plugin v24.3 - https:\/\/yoast.com\/wordpress\/plugins\/seo\/ -->\n<title>Communiqu\u00e9 Weekend OJB 2018 - Orthodox Aartsbisdom van Belgi\u00eb<\/title>\n<meta name=\"robots\" content=\"index, follow, max-snippet:-1, max-image-preview:large, max-video-preview:-1\" \/>\n<link rel=\"canonical\" href=\"https:\/\/orthodoxia.be\/2018\/10\/29\/e\u03c4\u03ae\u03c3\u03b9\u03b1-\u03c3\u03c5\u03bd\u03ac\u03bd\u03c4\u03b7\u03c3\u03b7-\u03c4\u03b7\u03c2-\u03bf\u03c1\u03b8\u03cc\u03b4\u03bf\u03be\u03b7\u03c2-\u03bd\u03b5\u03bf\u03bb\u03b1\u03af\/\" \/>\n<meta property=\"og:locale\" content=\"nl_BE\" \/>\n<meta property=\"og:type\" content=\"article\" \/>\n<meta property=\"og:title\" content=\"Communiqu\u00e9 Weekend OJB 2018 - Orthodox Aartsbisdom van Belgi\u00eb\" \/>\n<meta property=\"og:description\" content=\"Het Jeugdcomit\u00e9 van het Orthodox Aartsbisdom van Belgi\u00eb heeft, met de zegen van Zijne Eminentie Metropoliet Athenagoras, tussen 26 en 28 oktober 2018 op het domein Drieboomkensberg (Westmalle) haar jaarlijkse bijeenkomst van de orthodoxe jeugd van de Benelux gehouden. Sinds 1979 organiseert de jeugdwerking van het aartsbisdom van Belgi\u00eb bijeenkomsten van jonge orthodoxen om de &hellip; Continued\" \/>\n<meta property=\"og:url\" content=\"https:\/\/orthodoxia.be\/2018\/10\/29\/e\u03c4\u03ae\u03c3\u03b9\u03b1-\u03c3\u03c5\u03bd\u03ac\u03bd\u03c4\u03b7\u03c3\u03b7-\u03c4\u03b7\u03c2-\u03bf\u03c1\u03b8\u03cc\u03b4\u03bf\u03be\u03b7\u03c2-\u03bd\u03b5\u03bf\u03bb\u03b1\u03af\/\" \/>\n<meta property=\"og:site_name\" content=\"Orthodox Aartsbisdom van Belgi\u00eb\" \/>\n<meta property=\"article:publisher\" content=\"https:\/\/www.facebook.com\/orthobel\" \/>\n<meta property=\"article:published_time\" content=\"2018-10-29T10:13:19+00:00\" \/>\n<meta property=\"article:modified_time\" content=\"2018-11-02T10:30:29+00:00\" \/>\n<meta property=\"og:image\" content=\"https:\/\/orthodoxia.be\/wp-content\/uploads\/2018\/10\/neotita-2018.jpg\" \/>\n\t<meta property=\"og:image:width\" content=\"1200\" \/>\n\t<meta property=\"og:image:height\" content=\"492\" \/>\n\t<meta property=\"og:image:type\" content=\"image\/jpeg\" \/>\n<meta name=\"author\" content=\"Fr. Filip Boone\" \/>\n<meta name=\"twitter:card\" content=\"summary_large_image\" \/>\n<meta name=\"twitter:creator\" content=\"@orthobel\" \/>\n<meta name=\"twitter:site\" content=\"@orthobel\" \/>\n<meta name=\"twitter:label1\" content=\"Geschreven door\" \/>\n\t<meta name=\"twitter:data1\" content=\"Fr. Filip Boone\" \/>\n\t<meta name=\"twitter:label2\" content=\"Geschatte leestijd\" \/>\n\t<meta name=\"twitter:data2\" content=\"2 minuten\" \/>\n<script type=\"application\/ld+json\" class=\"yoast-schema-graph\">{\"@context\":\"https:\/\/schema.org\",\"@graph\":[{\"@type\":\"Article\",\"@id\":\"https:\/\/orthodoxia.be\/2018\/10\/29\/e%cf%84%ce%ae%cf%83%ce%b9%ce%b1-%cf%83%cf%85%ce%bd%ce%ac%ce%bd%cf%84%ce%b7%cf%83%ce%b7-%cf%84%ce%b7%cf%82-%ce%bf%cf%81%ce%b8%cf%8c%ce%b4%ce%bf%ce%be%ce%b7%cf%82-%ce%bd%ce%b5%ce%bf%ce%bb%ce%b1%ce%af\/#article\",\"isPartOf\":{\"@id\":\"https:\/\/orthodoxia.be\/2018\/10\/29\/e%cf%84%ce%ae%cf%83%ce%b9%ce%b1-%cf%83%cf%85%ce%bd%ce%ac%ce%bd%cf%84%ce%b7%cf%83%ce%b7-%cf%84%ce%b7%cf%82-%ce%bf%cf%81%ce%b8%cf%8c%ce%b4%ce%bf%ce%be%ce%b7%cf%82-%ce%bd%ce%b5%ce%bf%ce%bb%ce%b1%ce%af\/\"},\"author\":{\"name\":\"Fr. Filip Boone\",\"@id\":\"https:\/\/orthodoxia.be\/#\/schema\/person\/3a3f63a3c164a0dd7642f3baea1f3ca9\"},\"headline\":\"Communiqu\u00e9 Weekend OJB 2018\",\"datePublished\":\"2018-10-29T10:13:19+00:00\",\"dateModified\":\"2018-11-02T10:30:29+00:00\",\"mainEntityOfPage\":{\"@id\":\"https:\/\/orthodoxia.be\/2018\/10\/29\/e%cf%84%ce%ae%cf%83%ce%b9%ce%b1-%cf%83%cf%85%ce%bd%ce%ac%ce%bd%cf%84%ce%b7%cf%83%ce%b7-%cf%84%ce%b7%cf%82-%ce%bf%cf%81%ce%b8%cf%8c%ce%b4%ce%bf%ce%be%ce%b7%cf%82-%ce%bd%ce%b5%ce%bf%ce%bb%ce%b1%ce%af\/\"},\"wordCount\":311,\"publisher\":{\"@id\":\"https:\/\/orthodoxia.be\/#organization\"},\"image\":{\"@id\":\"https:\/\/orthodoxia.be\/2018\/10\/29\/e%cf%84%ce%ae%cf%83%ce%b9%ce%b1-%cf%83%cf%85%ce%bd%ce%ac%ce%bd%cf%84%ce%b7%cf%83%ce%b7-%cf%84%ce%b7%cf%82-%ce%bf%cf%81%ce%b8%cf%8c%ce%b4%ce%bf%ce%be%ce%b7%cf%82-%ce%bd%ce%b5%ce%bf%ce%bb%ce%b1%ce%af\/#primaryimage\"},\"thumbnailUrl\":\"https:\/\/orthodoxia.be\/wp-content\/uploads\/2018\/10\/neotita-2018.jpg\",\"articleSection\":[\"Actualiteit\",\"Orthodoxe Jongeren\"],\"inLanguage\":\"nl-BE\"},{\"@type\":\"WebPage\",\"@id\":\"https:\/\/orthodoxia.be\/2018\/10\/29\/e%cf%84%ce%ae%cf%83%ce%b9%ce%b1-%cf%83%cf%85%ce%bd%ce%ac%ce%bd%cf%84%ce%b7%cf%83%ce%b7-%cf%84%ce%b7%cf%82-%ce%bf%cf%81%ce%b8%cf%8c%ce%b4%ce%bf%ce%be%ce%b7%cf%82-%ce%bd%ce%b5%ce%bf%ce%bb%ce%b1%ce%af\/\",\"url\":\"https:\/\/orthodoxia.be\/2018\/10\/29\/e%cf%84%ce%ae%cf%83%ce%b9%ce%b1-%cf%83%cf%85%ce%bd%ce%ac%ce%bd%cf%84%ce%b7%cf%83%ce%b7-%cf%84%ce%b7%cf%82-%ce%bf%cf%81%ce%b8%cf%8c%ce%b4%ce%bf%ce%be%ce%b7%cf%82-%ce%bd%ce%b5%ce%bf%ce%bb%ce%b1%ce%af\/\",\"name\":\"Communiqu\u00e9 Weekend OJB 2018 - Orthodox Aartsbisdom van Belgi\u00eb\",\"isPartOf\":{\"@id\":\"https:\/\/orthodoxia.be\/#website\"},\"primaryImageOfPage\":{\"@id\":\"https:\/\/orthodoxia.be\/2018\/10\/29\/e%cf%84%ce%ae%cf%83%ce%b9%ce%b1-%cf%83%cf%85%ce%bd%ce%ac%ce%bd%cf%84%ce%b7%cf%83%ce%b7-%cf%84%ce%b7%cf%82-%ce%bf%cf%81%ce%b8%cf%8c%ce%b4%ce%bf%ce%be%ce%b7%cf%82-%ce%bd%ce%b5%ce%bf%ce%bb%ce%b1%ce%af\/#primaryimage\"},\"image\":{\"@id\":\"https:\/\/orthodoxia.be\/2018\/10\/29\/e%cf%84%ce%ae%cf%83%ce%b9%ce%b1-%cf%83%cf%85%ce%bd%ce%ac%ce%bd%cf%84%ce%b7%cf%83%ce%b7-%cf%84%ce%b7%cf%82-%ce%bf%cf%81%ce%b8%cf%8c%ce%b4%ce%bf%ce%be%ce%b7%cf%82-%ce%bd%ce%b5%ce%bf%ce%bb%ce%b1%ce%af\/#primaryimage\"},\"thumbnailUrl\":\"https:\/\/orthodoxia.be\/wp-content\/uploads\/2018\/10\/neotita-2018.jpg\",\"datePublished\":\"2018-10-29T10:13:19+00:00\",\"dateModified\":\"2018-11-02T10:30:29+00:00\",\"breadcrumb\":{\"@id\":\"https:\/\/orthodoxia.be\/2018\/10\/29\/e%cf%84%ce%ae%cf%83%ce%b9%ce%b1-%cf%83%cf%85%ce%bd%ce%ac%ce%bd%cf%84%ce%b7%cf%83%ce%b7-%cf%84%ce%b7%cf%82-%ce%bf%cf%81%ce%b8%cf%8c%ce%b4%ce%bf%ce%be%ce%b7%cf%82-%ce%bd%ce%b5%ce%bf%ce%bb%ce%b1%ce%af\/#breadcrumb\"},\"inLanguage\":\"nl-BE\",\"potentialAction\":[{\"@type\":\"ReadAction\",\"target\":[\"https:\/\/orthodoxia.be\/2018\/10\/29\/e%cf%84%ce%ae%cf%83%ce%b9%ce%b1-%cf%83%cf%85%ce%bd%ce%ac%ce%bd%cf%84%ce%b7%cf%83%ce%b7-%cf%84%ce%b7%cf%82-%ce%bf%cf%81%ce%b8%cf%8c%ce%b4%ce%bf%ce%be%ce%b7%cf%82-%ce%bd%ce%b5%ce%bf%ce%bb%ce%b1%ce%af\/\"]}]},{\"@type\":\"ImageObject\",\"inLanguage\":\"nl-BE\",\"@id\":\"https:\/\/orthodoxia.be\/2018\/10\/29\/e%cf%84%ce%ae%cf%83%ce%b9%ce%b1-%cf%83%cf%85%ce%bd%ce%ac%ce%bd%cf%84%ce%b7%cf%83%ce%b7-%cf%84%ce%b7%cf%82-%ce%bf%cf%81%ce%b8%cf%8c%ce%b4%ce%bf%ce%be%ce%b7%cf%82-%ce%bd%ce%b5%ce%bf%ce%bb%ce%b1%ce%af\/#primaryimage\",\"url\":\"https:\/\/orthodoxia.be\/wp-content\/uploads\/2018\/10\/neotita-2018.jpg\",\"contentUrl\":\"https:\/\/orthodoxia.be\/wp-content\/uploads\/2018\/10\/neotita-2018.jpg\",\"width\":1200,\"height\":492},{\"@type\":\"BreadcrumbList\",\"@id\":\"https:\/\/orthodoxia.be\/2018\/10\/29\/e%cf%84%ce%ae%cf%83%ce%b9%ce%b1-%cf%83%cf%85%ce%bd%ce%ac%ce%bd%cf%84%ce%b7%cf%83%ce%b7-%cf%84%ce%b7%cf%82-%ce%bf%cf%81%ce%b8%cf%8c%ce%b4%ce%bf%ce%be%ce%b7%cf%82-%ce%bd%ce%b5%ce%bf%ce%bb%ce%b1%ce%af\/#breadcrumb\",\"itemListElement\":[{\"@type\":\"ListItem\",\"position\":1,\"name\":\"Home\",\"item\":\"https:\/\/orthodoxia.be\/nl\/\"},{\"@type\":\"ListItem\",\"position\":2,\"name\":\"Communiqu\u00e9 Weekend OJB 2018\"}]},{\"@type\":\"WebSite\",\"@id\":\"https:\/\/orthodoxia.be\/#website\",\"url\":\"https:\/\/orthodoxia.be\/\",\"name\":\"Orthodox Archdiocese of Belgium (Benelux)\",\"description\":\"Exarch of the Nederland en Luxemburg\",\"publisher\":{\"@id\":\"https:\/\/orthodoxia.be\/#organization\"},\"alternateName\":\"IMB\",\"potentialAction\":[{\"@type\":\"SearchAction\",\"target\":{\"@type\":\"EntryPoint\",\"urlTemplate\":\"https:\/\/orthodoxia.be\/?s={search_term_string}\"},\"query-input\":{\"@type\":\"PropertyValueSpecification\",\"valueRequired\":true,\"valueName\":\"search_term_string\"}}],\"inLanguage\":\"nl-BE\"},{\"@type\":\"Organization\",\"@id\":\"https:\/\/orthodoxia.be\/#organization\",\"name\":\"Orthodox Archdiocese of Belgium (Benelux)\",\"url\":\"https:\/\/orthodoxia.be\/\",\"logo\":{\"@type\":\"ImageObject\",\"inLanguage\":\"nl-BE\",\"@id\":\"https:\/\/orthodoxia.be\/#\/schema\/logo\/image\/\",\"url\":\"https:\/\/orthodoxia.be\/wp-content\/uploads\/2024\/02\/cropped-IMB-logo-512-cl-1.png\",\"contentUrl\":\"https:\/\/orthodoxia.be\/wp-content\/uploads\/2024\/02\/cropped-IMB-logo-512-cl-1.png\",\"width\":512,\"height\":512,\"caption\":\"Orthodox Archdiocese of Belgium (Benelux)\"},\"image\":{\"@id\":\"https:\/\/orthodoxia.be\/#\/schema\/logo\/image\/\"},\"sameAs\":[\"https:\/\/www.facebook.com\/orthobel\",\"https:\/\/x.com\/orthobel\",\"https:\/\/www.youtube.com\/c\/orthobel\",\"https:\/\/www.mixcloud.com\/orthobel\/\",\"https:\/\/www.flickr.com\/photos\/148264890@N07\/albums\",\"https:\/\/www.dailymotion.com\/Orthobel\"]},{\"@type\":\"Person\",\"@id\":\"https:\/\/orthodoxia.be\/#\/schema\/person\/3a3f63a3c164a0dd7642f3baea1f3ca9\",\"name\":\"Fr. Filip Boone\",\"image\":{\"@type\":\"ImageObject\",\"inLanguage\":\"nl-BE\",\"@id\":\"https:\/\/orthodoxia.be\/#\/schema\/person\/image\/\",\"url\":\"https:\/\/secure.gravatar.com\/avatar\/d4b0dfcddd0a8b04d3eba1449f997873?s=96&d=mm&r=g\",\"contentUrl\":\"https:\/\/secure.gravatar.com\/avatar\/d4b0dfcddd0a8b04d3eba1449f997873?s=96&d=mm&r=g\",\"caption\":\"Fr. Filip Boone\"},\"sameAs\":[\"http:\/\/orthodoxia.be\"],\"url\":\"https:\/\/orthodoxia.be\/nl\/author\/secretariaat\/\"}]}<\/script>\n<!-- \/ Yoast SEO plugin. -->","yoast_head_json":{"title":"Communiqu\u00e9 Weekend OJB 2018 - Orthodox Aartsbisdom van Belgi\u00eb","robots":{"index":"index","follow":"follow","max-snippet":"max-snippet:-1","max-image-preview":"max-image-preview:large","max-video-preview":"max-video-preview:-1"},"canonical":"https:\/\/orthodoxia.be\/2018\/10\/29\/e\u03c4\u03ae\u03c3\u03b9\u03b1-\u03c3\u03c5\u03bd\u03ac\u03bd\u03c4\u03b7\u03c3\u03b7-\u03c4\u03b7\u03c2-\u03bf\u03c1\u03b8\u03cc\u03b4\u03bf\u03be\u03b7\u03c2-\u03bd\u03b5\u03bf\u03bb\u03b1\u03af\/","og_locale":"nl_BE","og_type":"article","og_title":"Communiqu\u00e9 Weekend OJB 2018 - Orthodox Aartsbisdom van Belgi\u00eb","og_description":"Het Jeugdcomit\u00e9 van het Orthodox Aartsbisdom van Belgi\u00eb heeft, met de zegen van Zijne Eminentie Metropoliet Athenagoras, tussen 26 en 28 oktober 2018 op het domein Drieboomkensberg (Westmalle) haar jaarlijkse bijeenkomst van de orthodoxe jeugd van de Benelux gehouden. Sinds 1979 organiseert de jeugdwerking van het aartsbisdom van Belgi\u00eb bijeenkomsten van jonge orthodoxen om de &hellip; Continued","og_url":"https:\/\/orthodoxia.be\/2018\/10\/29\/e\u03c4\u03ae\u03c3\u03b9\u03b1-\u03c3\u03c5\u03bd\u03ac\u03bd\u03c4\u03b7\u03c3\u03b7-\u03c4\u03b7\u03c2-\u03bf\u03c1\u03b8\u03cc\u03b4\u03bf\u03be\u03b7\u03c2-\u03bd\u03b5\u03bf\u03bb\u03b1\u03af\/","og_site_name":"Orthodox Aartsbisdom van Belgi\u00eb","article_publisher":"https:\/\/www.facebook.com\/orthobel","article_published_time":"2018-10-29T10:13:19+00:00","article_modified_time":"2018-11-02T10:30:29+00:00","og_image":[{"width":1200,"height":492,"url":"https:\/\/orthodoxia.be\/wp-content\/uploads\/2018\/10\/neotita-2018.jpg","type":"image\/jpeg"}],"author":"Fr. Filip Boone","twitter_card":"summary_large_image","twitter_creator":"@orthobel","twitter_site":"@orthobel","twitter_misc":{"Geschreven door":"Fr. Filip Boone","Geschatte leestijd":"2 minuten"},"schema":{"@context":"https:\/\/schema.org","@graph":[{"@type":"Article","@id":"https:\/\/orthodoxia.be\/2018\/10\/29\/e%cf%84%ce%ae%cf%83%ce%b9%ce%b1-%cf%83%cf%85%ce%bd%ce%ac%ce%bd%cf%84%ce%b7%cf%83%ce%b7-%cf%84%ce%b7%cf%82-%ce%bf%cf%81%ce%b8%cf%8c%ce%b4%ce%bf%ce%be%ce%b7%cf%82-%ce%bd%ce%b5%ce%bf%ce%bb%ce%b1%ce%af\/#article","isPartOf":{"@id":"https:\/\/orthodoxia.be\/2018\/10\/29\/e%cf%84%ce%ae%cf%83%ce%b9%ce%b1-%cf%83%cf%85%ce%bd%ce%ac%ce%bd%cf%84%ce%b7%cf%83%ce%b7-%cf%84%ce%b7%cf%82-%ce%bf%cf%81%ce%b8%cf%8c%ce%b4%ce%bf%ce%be%ce%b7%cf%82-%ce%bd%ce%b5%ce%bf%ce%bb%ce%b1%ce%af\/"},"author":{"name":"Fr. Filip Boone","@id":"https:\/\/orthodoxia.be\/#\/schema\/person\/3a3f63a3c164a0dd7642f3baea1f3ca9"},"headline":"Communiqu\u00e9 Weekend OJB 2018","datePublished":"2018-10-29T10:13:19+00:00","dateModified":"2018-11-02T10:30:29+00:00","mainEntityOfPage":{"@id":"https:\/\/orthodoxia.be\/2018\/10\/29\/e%cf%84%ce%ae%cf%83%ce%b9%ce%b1-%cf%83%cf%85%ce%bd%ce%ac%ce%bd%cf%84%ce%b7%cf%83%ce%b7-%cf%84%ce%b7%cf%82-%ce%bf%cf%81%ce%b8%cf%8c%ce%b4%ce%bf%ce%be%ce%b7%cf%82-%ce%bd%ce%b5%ce%bf%ce%bb%ce%b1%ce%af\/"},"wordCount":311,"publisher":{"@id":"https:\/\/orthodoxia.be\/#organization"},"image":{"@id":"https:\/\/orthodoxia.be\/2018\/10\/29\/e%cf%84%ce%ae%cf%83%ce%b9%ce%b1-%cf%83%cf%85%ce%bd%ce%ac%ce%bd%cf%84%ce%b7%cf%83%ce%b7-%cf%84%ce%b7%cf%82-%ce%bf%cf%81%ce%b8%cf%8c%ce%b4%ce%bf%ce%be%ce%b7%cf%82-%ce%bd%ce%b5%ce%bf%ce%bb%ce%b1%ce%af\/#primaryimage"},"thumbnailUrl":"https:\/\/orthodoxia.be\/wp-content\/uploads\/2018\/10\/neotita-2018.jpg","articleSection":["Actualiteit","Orthodoxe Jongeren"],"inLanguage":"nl-BE"},{"@type":"WebPage","@id":"https:\/\/orthodoxia.be\/2018\/10\/29\/e%cf%84%ce%ae%cf%83%ce%b9%ce%b1-%cf%83%cf%85%ce%bd%ce%ac%ce%bd%cf%84%ce%b7%cf%83%ce%b7-%cf%84%ce%b7%cf%82-%ce%bf%cf%81%ce%b8%cf%8c%ce%b4%ce%bf%ce%be%ce%b7%cf%82-%ce%bd%ce%b5%ce%bf%ce%bb%ce%b1%ce%af\/","url":"https:\/\/orthodoxia.be\/2018\/10\/29\/e%cf%84%ce%ae%cf%83%ce%b9%ce%b1-%cf%83%cf%85%ce%bd%ce%ac%ce%bd%cf%84%ce%b7%cf%83%ce%b7-%cf%84%ce%b7%cf%82-%ce%bf%cf%81%ce%b8%cf%8c%ce%b4%ce%bf%ce%be%ce%b7%cf%82-%ce%bd%ce%b5%ce%bf%ce%bb%ce%b1%ce%af\/","name":"Communiqu\u00e9 Weekend OJB 2018 - Orthodox Aartsbisdom van Belgi\u00eb","isPartOf":{"@id":"https:\/\/orthodoxia.be\/#website"},"primaryImageOfPage":{"@id":"https:\/\/orthodoxia.be\/2018\/10\/29\/e%cf%84%ce%ae%cf%83%ce%b9%ce%b1-%cf%83%cf%85%ce%bd%ce%ac%ce%bd%cf%84%ce%b7%cf%83%ce%b7-%cf%84%ce%b7%cf%82-%ce%bf%cf%81%ce%b8%cf%8c%ce%b4%ce%bf%ce%be%ce%b7%cf%82-%ce%bd%ce%b5%ce%bf%ce%bb%ce%b1%ce%af\/#primaryimage"},"image":{"@id":"https:\/\/orthodoxia.be\/2018\/10\/29\/e%cf%84%ce%ae%cf%83%ce%b9%ce%b1-%cf%83%cf%85%ce%bd%ce%ac%ce%bd%cf%84%ce%b7%cf%83%ce%b7-%cf%84%ce%b7%cf%82-%ce%bf%cf%81%ce%b8%cf%8c%ce%b4%ce%bf%ce%be%ce%b7%cf%82-%ce%bd%ce%b5%ce%bf%ce%bb%ce%b1%ce%af\/#primaryimage"},"thumbnailUrl":"https:\/\/orthodoxia.be\/wp-content\/uploads\/2018\/10\/neotita-2018.jpg","datePublished":"2018-10-29T10:13:19+00:00","dateModified":"2018-11-02T10:30:29+00:00","breadcrumb":{"@id":"https:\/\/orthodoxia.be\/2018\/10\/29\/e%cf%84%ce%ae%cf%83%ce%b9%ce%b1-%cf%83%cf%85%ce%bd%ce%ac%ce%bd%cf%84%ce%b7%cf%83%ce%b7-%cf%84%ce%b7%cf%82-%ce%bf%cf%81%ce%b8%cf%8c%ce%b4%ce%bf%ce%be%ce%b7%cf%82-%ce%bd%ce%b5%ce%bf%ce%bb%ce%b1%ce%af\/#breadcrumb"},"inLanguage":"nl-BE","potentialAction":[{"@type":"ReadAction","target":["https:\/\/orthodoxia.be\/2018\/10\/29\/e%cf%84%ce%ae%cf%83%ce%b9%ce%b1-%cf%83%cf%85%ce%bd%ce%ac%ce%bd%cf%84%ce%b7%cf%83%ce%b7-%cf%84%ce%b7%cf%82-%ce%bf%cf%81%ce%b8%cf%8c%ce%b4%ce%bf%ce%be%ce%b7%cf%82-%ce%bd%ce%b5%ce%bf%ce%bb%ce%b1%ce%af\/"]}]},{"@type":"ImageObject","inLanguage":"nl-BE","@id":"https:\/\/orthodoxia.be\/2018\/10\/29\/e%cf%84%ce%ae%cf%83%ce%b9%ce%b1-%cf%83%cf%85%ce%bd%ce%ac%ce%bd%cf%84%ce%b7%cf%83%ce%b7-%cf%84%ce%b7%cf%82-%ce%bf%cf%81%ce%b8%cf%8c%ce%b4%ce%bf%ce%be%ce%b7%cf%82-%ce%bd%ce%b5%ce%bf%ce%bb%ce%b1%ce%af\/#primaryimage","url":"https:\/\/orthodoxia.be\/wp-content\/uploads\/2018\/10\/neotita-2018.jpg","contentUrl":"https:\/\/orthodoxia.be\/wp-content\/uploads\/2018\/10\/neotita-2018.jpg","width":1200,"height":492},{"@type":"BreadcrumbList","@id":"https:\/\/orthodoxia.be\/2018\/10\/29\/e%cf%84%ce%ae%cf%83%ce%b9%ce%b1-%cf%83%cf%85%ce%bd%ce%ac%ce%bd%cf%84%ce%b7%cf%83%ce%b7-%cf%84%ce%b7%cf%82-%ce%bf%cf%81%ce%b8%cf%8c%ce%b4%ce%bf%ce%be%ce%b7%cf%82-%ce%bd%ce%b5%ce%bf%ce%bb%ce%b1%ce%af\/#breadcrumb","itemListElement":[{"@type":"ListItem","position":1,"name":"Home","item":"https:\/\/orthodoxia.be\/nl\/"},{"@type":"ListItem","position":2,"name":"Communiqu\u00e9 Weekend OJB 2018"}]},{"@type":"WebSite","@id":"https:\/\/orthodoxia.be\/#website","url":"https:\/\/orthodoxia.be\/","name":"Orthodox Archdiocese of Belgium (Benelux)","description":"Exarch of the Nederland en Luxemburg","publisher":{"@id":"https:\/\/orthodoxia.be\/#organization"},"alternateName":"IMB","potentialAction":[{"@type":"SearchAction","target":{"@type":"EntryPoint","urlTemplate":"https:\/\/orthodoxia.be\/?s={search_term_string}"},"query-input":{"@type":"PropertyValueSpecification","valueRequired":true,"valueName":"search_term_string"}}],"inLanguage":"nl-BE"},{"@type":"Organization","@id":"https:\/\/orthodoxia.be\/#organization","name":"Orthodox Archdiocese of Belgium (Benelux)","url":"https:\/\/orthodoxia.be\/","logo":{"@type":"ImageObject","inLanguage":"nl-BE","@id":"https:\/\/orthodoxia.be\/#\/schema\/logo\/image\/","url":"https:\/\/orthodoxia.be\/wp-content\/uploads\/2024\/02\/cropped-IMB-logo-512-cl-1.png","contentUrl":"https:\/\/orthodoxia.be\/wp-content\/uploads\/2024\/02\/cropped-IMB-logo-512-cl-1.png","width":512,"height":512,"caption":"Orthodox Archdiocese of Belgium (Benelux)"},"image":{"@id":"https:\/\/orthodoxia.be\/#\/schema\/logo\/image\/"},"sameAs":["https:\/\/www.facebook.com\/orthobel","https:\/\/x.com\/orthobel","https:\/\/www.youtube.com\/c\/orthobel","https:\/\/www.mixcloud.com\/orthobel\/","https:\/\/www.flickr.com\/photos\/148264890@N07\/albums","https:\/\/www.dailymotion.com\/Orthobel"]},{"@type":"Person","@id":"https:\/\/orthodoxia.be\/#\/schema\/person\/3a3f63a3c164a0dd7642f3baea1f3ca9","name":"Fr. Filip Boone","image":{"@type":"ImageObject","inLanguage":"nl-BE","@id":"https:\/\/orthodoxia.be\/#\/schema\/person\/image\/","url":"https:\/\/secure.gravatar.com\/avatar\/d4b0dfcddd0a8b04d3eba1449f997873?s=96&d=mm&r=g","contentUrl":"https:\/\/secure.gravatar.com\/avatar\/d4b0dfcddd0a8b04d3eba1449f997873?s=96&d=mm&r=g","caption":"Fr. Filip Boone"},"sameAs":["http:\/\/orthodoxia.be"],"url":"https:\/\/orthodoxia.be\/nl\/author\/secretariaat\/"}]}},"_links":{"self":[{"href":"https:\/\/orthodoxia.be\/nl\/wp-json\/wp\/v2\/posts\/13681","targetHints":{"allow":["GET"]}}],"collection":[{"href":"https:\/\/orthodoxia.be\/nl\/wp-json\/wp\/v2\/posts"}],"about":[{"href":"https:\/\/orthodoxia.be\/nl\/wp-json\/wp\/v2\/types\/post"}],"author":[{"embeddable":true,"href":"https:\/\/orthodoxia.be\/nl\/wp-json\/wp\/v2\/users\/5"}],"replies":[{"embeddable":true,"href":"https:\/\/orthodoxia.be\/nl\/wp-json\/wp\/v2\/comments?post=13681"}],"version-history":[{"count":2,"href":"https:\/\/orthodoxia.be\/nl\/wp-json\/wp\/v2\/posts\/13681\/revisions"}],"predecessor-version":[{"id":13735,"href":"https:\/\/orthodoxia.be\/nl\/wp-json\/wp\/v2\/posts\/13681\/revisions\/13735"}],"wp:featuredmedia":[{"embeddable":true,"href":"https:\/\/orthodoxia.be\/nl\/wp-json\/wp\/v2\/media\/13669"}],"wp:attachment":[{"href":"https:\/\/orthodoxia.be\/nl\/wp-json\/wp\/v2\/media?parent=13681"}],"wp:term":[{"taxonomy":"category","embeddable":true,"href":"https:\/\/orthodoxia.be\/nl\/wp-json\/wp\/v2\/categories?post=13681"},{"taxonomy":"post_tag","embeddable":true,"href":"https:\/\/orthodoxia.be\/nl\/wp-json\/wp\/v2\/tags?post=13681"}],"curies":[{"name":"wp","href":"https:\/\/api.w.org\/{rel}","templated":true}]}}