{"id":14045,"date":"2018-11-14T13:12:13","date_gmt":"2018-11-14T12:12:13","guid":{"rendered":"http:\/\/orthodoxia.be\/?p=14045"},"modified":"2018-11-20T14:21:15","modified_gmt":"2018-11-20T13:21:15","slug":"bezoek-van-de-ambassadeur-van-belgie-zijne-excellentie-de-heer-michel-malherbe-aan-het-oecumenisch-patriarchaat","status":"publish","type":"post","link":"https:\/\/orthodoxia.be\/nl\/2018\/11\/14\/bezoek-van-de-ambassadeur-van-belgie-zijne-excellentie-de-heer-michel-malherbe-aan-het-oecumenisch-patriarchaat\/","title":{"rendered":"Bezoek van de ambassadeur van Belgi\u00eb, Zijne Excellentie de heer Michel Malherbe aan het Oecumenisch Patriarchaat"},"content":{"rendered":"<p>Bezoek van de Ambassadeur van Belgi\u00eb in Ankara, Zijne Excellentie de heer Michel Malherbe, aan het Oecumenisch Patriarchaat.<\/p>\n<p>Zijne Excellentie Michel Malherbe, de Belgische ambassadeur in Ankara, heeft een bezoek gebracht aan het Oecumenisch Patriarchaat in Fanar. De heer Malherbe, vergezeld door de Consul-Generaal van Belgi\u00eb in Constantinopel, Mevrouw Sophie de Smedt, en leden van het Ministerie van Buitenlandse Zaken van Belgi\u00eb werden ontvangen door Zijne Heiligheid de Oecumenische Patriarch Bartholomeus.Tijdens deze bijeenkomst, die ongeveer een half uur duurde, werden onderwerpen besproken die deel uitmaken van de diaconie van het Oecumenisch Patriarchaat, onderwerpen van algemeen belang, en kwesties die de orthodoxe gemeenschap in Turkije bezighouden.<\/p>\n<p>Foto: Nikos Manginas \/ Oecumenisch Patriarchaat<\/p>\n","protected":false},"excerpt":{"rendered":"<p>Bezoek van de Ambassadeur van Belgi\u00eb in Ankara, Zijne Excellentie de heer Michel Malherbe, aan het Oecumenisch Patriarchaat. Zijne Excellentie Michel Malherbe, de Belgische ambassadeur in Ankara, heeft een bezoek gebracht aan het Oecumenisch Patriarchaat in Fanar. De heer Malherbe, vergezeld door de Consul-Generaal van Belgi\u00eb in Constantinopel, Mevrouw Sophie de Smedt, en leden van &hellip; <a href=\"https:\/\/orthodoxia.be\/nl\/2018\/11\/14\/bezoek-van-de-ambassadeur-van-belgie-zijne-excellentie-de-heer-michel-malherbe-aan-het-oecumenisch-patriarchaat\/\">Continued<\/a><\/p>\n","protected":false},"author":5,"featured_media":13974,"comment_status":"closed","ping_status":"open","sticky":false,"template":"","format":"standard","meta":{"_acf_changed":false,"footnotes":""},"categories":[18],"tags":[],"class_list":["post-14045","post","type-post","status-publish","format-standard","has-post-thumbnail","hentry","category-actualiteit"],"acf":[],"yoast_head":"<!-- This site is optimized with the Yoast SEO plugin v24.3 - https:\/\/yoast.com\/wordpress\/plugins\/seo\/ -->\n<title>Bezoek van de ambassadeur van Belgi\u00eb, Zijne Excellentie de heer Michel Malherbe aan het Oecumenisch Patriarchaat - Orthodox Aartsbisdom van Belgi\u00eb<\/title>\n<meta name=\"robots\" content=\"index, follow, max-snippet:-1, max-image-preview:large, max-video-preview:-1\" \/>\n<link rel=\"canonical\" href=\"https:\/\/orthodoxia.be\/2018\/11\/14\/\u03b5\u03c0\u03af\u03c3\u03ba\u03b5\u03c8\u03b7-\u03c4\u03bf\u03c5-\u03c0\u03c1\u03ad\u03c3\u03b2\u03b7-\u03c4\u03bf\u03c5-\u03b2\u03b5\u03bb\u03b3\u03af\u03bf\u03c5-\u03c3\u03c4\u03b7\u03bd-\u03ac\/\" \/>\n<meta property=\"og:locale\" content=\"nl_BE\" \/>\n<meta property=\"og:type\" content=\"article\" \/>\n<meta property=\"og:title\" content=\"Bezoek van de ambassadeur van Belgi\u00eb, Zijne Excellentie de heer Michel Malherbe aan het Oecumenisch Patriarchaat - Orthodox Aartsbisdom van Belgi\u00eb\" \/>\n<meta property=\"og:description\" content=\"Bezoek van de Ambassadeur van Belgi\u00eb in Ankara, Zijne Excellentie de heer Michel Malherbe, aan het Oecumenisch Patriarchaat. Zijne Excellentie Michel Malherbe, de Belgische ambassadeur in Ankara, heeft een bezoek gebracht aan het Oecumenisch Patriarchaat in Fanar. De heer Malherbe, vergezeld door de Consul-Generaal van Belgi\u00eb in Constantinopel, Mevrouw Sophie de Smedt, en leden van &hellip; Continued\" \/>\n<meta property=\"og:url\" content=\"https:\/\/orthodoxia.be\/2018\/11\/14\/\u03b5\u03c0\u03af\u03c3\u03ba\u03b5\u03c8\u03b7-\u03c4\u03bf\u03c5-\u03c0\u03c1\u03ad\u03c3\u03b2\u03b7-\u03c4\u03bf\u03c5-\u03b2\u03b5\u03bb\u03b3\u03af\u03bf\u03c5-\u03c3\u03c4\u03b7\u03bd-\u03ac\/\" \/>\n<meta property=\"og:site_name\" content=\"Orthodox Aartsbisdom van Belgi\u00eb\" \/>\n<meta property=\"article:publisher\" content=\"https:\/\/www.facebook.com\/orthobel\" \/>\n<meta property=\"article:published_time\" content=\"2018-11-14T12:12:13+00:00\" \/>\n<meta property=\"article:modified_time\" content=\"2018-11-20T13:21:15+00:00\" \/>\n<meta property=\"og:image\" content=\"https:\/\/orthodoxia.be\/wp-content\/uploads\/2018\/11\/DSC_4756.jpg\" \/>\n\t<meta property=\"og:image:width\" content=\"1200\" \/>\n\t<meta property=\"og:image:height\" content=\"800\" \/>\n\t<meta property=\"og:image:type\" content=\"image\/jpeg\" \/>\n<meta name=\"author\" content=\"Fr. Filip Boone\" \/>\n<meta name=\"twitter:card\" content=\"summary_large_image\" \/>\n<meta name=\"twitter:creator\" content=\"@orthobel\" \/>\n<meta name=\"twitter:site\" content=\"@orthobel\" \/>\n<meta name=\"twitter:label1\" content=\"Geschreven door\" \/>\n\t<meta name=\"twitter:data1\" content=\"Fr. Filip Boone\" \/>\n\t<meta name=\"twitter:label2\" content=\"Geschatte leestijd\" \/>\n\t<meta name=\"twitter:data2\" content=\"1 minuut\" \/>\n<script type=\"application\/ld+json\" class=\"yoast-schema-graph\">{\"@context\":\"https:\/\/schema.org\",\"@graph\":[{\"@type\":\"Article\",\"@id\":\"https:\/\/orthodoxia.be\/2018\/11\/14\/%ce%b5%cf%80%ce%af%cf%83%ce%ba%ce%b5%cf%88%ce%b7-%cf%84%ce%bf%cf%85-%cf%80%cf%81%ce%ad%cf%83%ce%b2%ce%b7-%cf%84%ce%bf%cf%85-%ce%b2%ce%b5%ce%bb%ce%b3%ce%af%ce%bf%cf%85-%cf%83%cf%84%ce%b7%ce%bd-%ce%ac\/#article\",\"isPartOf\":{\"@id\":\"https:\/\/orthodoxia.be\/2018\/11\/14\/%ce%b5%cf%80%ce%af%cf%83%ce%ba%ce%b5%cf%88%ce%b7-%cf%84%ce%bf%cf%85-%cf%80%cf%81%ce%ad%cf%83%ce%b2%ce%b7-%cf%84%ce%bf%cf%85-%ce%b2%ce%b5%ce%bb%ce%b3%ce%af%ce%bf%cf%85-%cf%83%cf%84%ce%b7%ce%bd-%ce%ac\/\"},\"author\":{\"name\":\"Fr. Filip Boone\",\"@id\":\"https:\/\/orthodoxia.be\/#\/schema\/person\/3a3f63a3c164a0dd7642f3baea1f3ca9\"},\"headline\":\"Bezoek van de ambassadeur van Belgi\u00eb, Zijne Excellentie de heer Michel Malherbe aan het Oecumenisch Patriarchaat\",\"datePublished\":\"2018-11-14T12:12:13+00:00\",\"dateModified\":\"2018-11-20T13:21:15+00:00\",\"mainEntityOfPage\":{\"@id\":\"https:\/\/orthodoxia.be\/2018\/11\/14\/%ce%b5%cf%80%ce%af%cf%83%ce%ba%ce%b5%cf%88%ce%b7-%cf%84%ce%bf%cf%85-%cf%80%cf%81%ce%ad%cf%83%ce%b2%ce%b7-%cf%84%ce%bf%cf%85-%ce%b2%ce%b5%ce%bb%ce%b3%ce%af%ce%bf%cf%85-%cf%83%cf%84%ce%b7%ce%bd-%ce%ac\/\"},\"wordCount\":127,\"publisher\":{\"@id\":\"https:\/\/orthodoxia.be\/#organization\"},\"image\":{\"@id\":\"https:\/\/orthodoxia.be\/2018\/11\/14\/%ce%b5%cf%80%ce%af%cf%83%ce%ba%ce%b5%cf%88%ce%b7-%cf%84%ce%bf%cf%85-%cf%80%cf%81%ce%ad%cf%83%ce%b2%ce%b7-%cf%84%ce%bf%cf%85-%ce%b2%ce%b5%ce%bb%ce%b3%ce%af%ce%bf%cf%85-%cf%83%cf%84%ce%b7%ce%bd-%ce%ac\/#primaryimage\"},\"thumbnailUrl\":\"https:\/\/orthodoxia.be\/wp-content\/uploads\/2018\/11\/DSC_4756.jpg\",\"articleSection\":[\"Actualiteit\"],\"inLanguage\":\"nl-BE\"},{\"@type\":\"WebPage\",\"@id\":\"https:\/\/orthodoxia.be\/2018\/11\/14\/%ce%b5%cf%80%ce%af%cf%83%ce%ba%ce%b5%cf%88%ce%b7-%cf%84%ce%bf%cf%85-%cf%80%cf%81%ce%ad%cf%83%ce%b2%ce%b7-%cf%84%ce%bf%cf%85-%ce%b2%ce%b5%ce%bb%ce%b3%ce%af%ce%bf%cf%85-%cf%83%cf%84%ce%b7%ce%bd-%ce%ac\/\",\"url\":\"https:\/\/orthodoxia.be\/2018\/11\/14\/%ce%b5%cf%80%ce%af%cf%83%ce%ba%ce%b5%cf%88%ce%b7-%cf%84%ce%bf%cf%85-%cf%80%cf%81%ce%ad%cf%83%ce%b2%ce%b7-%cf%84%ce%bf%cf%85-%ce%b2%ce%b5%ce%bb%ce%b3%ce%af%ce%bf%cf%85-%cf%83%cf%84%ce%b7%ce%bd-%ce%ac\/\",\"name\":\"Bezoek van de ambassadeur van Belgi\u00eb, Zijne Excellentie de heer Michel Malherbe aan het Oecumenisch Patriarchaat - Orthodox Aartsbisdom van Belgi\u00eb\",\"isPartOf\":{\"@id\":\"https:\/\/orthodoxia.be\/#website\"},\"primaryImageOfPage\":{\"@id\":\"https:\/\/orthodoxia.be\/2018\/11\/14\/%ce%b5%cf%80%ce%af%cf%83%ce%ba%ce%b5%cf%88%ce%b7-%cf%84%ce%bf%cf%85-%cf%80%cf%81%ce%ad%cf%83%ce%b2%ce%b7-%cf%84%ce%bf%cf%85-%ce%b2%ce%b5%ce%bb%ce%b3%ce%af%ce%bf%cf%85-%cf%83%cf%84%ce%b7%ce%bd-%ce%ac\/#primaryimage\"},\"image\":{\"@id\":\"https:\/\/orthodoxia.be\/2018\/11\/14\/%ce%b5%cf%80%ce%af%cf%83%ce%ba%ce%b5%cf%88%ce%b7-%cf%84%ce%bf%cf%85-%cf%80%cf%81%ce%ad%cf%83%ce%b2%ce%b7-%cf%84%ce%bf%cf%85-%ce%b2%ce%b5%ce%bb%ce%b3%ce%af%ce%bf%cf%85-%cf%83%cf%84%ce%b7%ce%bd-%ce%ac\/#primaryimage\"},\"thumbnailUrl\":\"https:\/\/orthodoxia.be\/wp-content\/uploads\/2018\/11\/DSC_4756.jpg\",\"datePublished\":\"2018-11-14T12:12:13+00:00\",\"dateModified\":\"2018-11-20T13:21:15+00:00\",\"breadcrumb\":{\"@id\":\"https:\/\/orthodoxia.be\/2018\/11\/14\/%ce%b5%cf%80%ce%af%cf%83%ce%ba%ce%b5%cf%88%ce%b7-%cf%84%ce%bf%cf%85-%cf%80%cf%81%ce%ad%cf%83%ce%b2%ce%b7-%cf%84%ce%bf%cf%85-%ce%b2%ce%b5%ce%bb%ce%b3%ce%af%ce%bf%cf%85-%cf%83%cf%84%ce%b7%ce%bd-%ce%ac\/#breadcrumb\"},\"inLanguage\":\"nl-BE\",\"potentialAction\":[{\"@type\":\"ReadAction\",\"target\":[\"https:\/\/orthodoxia.be\/2018\/11\/14\/%ce%b5%cf%80%ce%af%cf%83%ce%ba%ce%b5%cf%88%ce%b7-%cf%84%ce%bf%cf%85-%cf%80%cf%81%ce%ad%cf%83%ce%b2%ce%b7-%cf%84%ce%bf%cf%85-%ce%b2%ce%b5%ce%bb%ce%b3%ce%af%ce%bf%cf%85-%cf%83%cf%84%ce%b7%ce%bd-%ce%ac\/\"]}]},{\"@type\":\"ImageObject\",\"inLanguage\":\"nl-BE\",\"@id\":\"https:\/\/orthodoxia.be\/2018\/11\/14\/%ce%b5%cf%80%ce%af%cf%83%ce%ba%ce%b5%cf%88%ce%b7-%cf%84%ce%bf%cf%85-%cf%80%cf%81%ce%ad%cf%83%ce%b2%ce%b7-%cf%84%ce%bf%cf%85-%ce%b2%ce%b5%ce%bb%ce%b3%ce%af%ce%bf%cf%85-%cf%83%cf%84%ce%b7%ce%bd-%ce%ac\/#primaryimage\",\"url\":\"https:\/\/orthodoxia.be\/wp-content\/uploads\/2018\/11\/DSC_4756.jpg\",\"contentUrl\":\"https:\/\/orthodoxia.be\/wp-content\/uploads\/2018\/11\/DSC_4756.jpg\",\"width\":1200,\"height\":800},{\"@type\":\"BreadcrumbList\",\"@id\":\"https:\/\/orthodoxia.be\/2018\/11\/14\/%ce%b5%cf%80%ce%af%cf%83%ce%ba%ce%b5%cf%88%ce%b7-%cf%84%ce%bf%cf%85-%cf%80%cf%81%ce%ad%cf%83%ce%b2%ce%b7-%cf%84%ce%bf%cf%85-%ce%b2%ce%b5%ce%bb%ce%b3%ce%af%ce%bf%cf%85-%cf%83%cf%84%ce%b7%ce%bd-%ce%ac\/#breadcrumb\",\"itemListElement\":[{\"@type\":\"ListItem\",\"position\":1,\"name\":\"Home\",\"item\":\"https:\/\/orthodoxia.be\/nl\/\"},{\"@type\":\"ListItem\",\"position\":2,\"name\":\"Bezoek van de ambassadeur van Belgi\u00eb, Zijne Excellentie de heer Michel Malherbe aan het Oecumenisch Patriarchaat\"}]},{\"@type\":\"WebSite\",\"@id\":\"https:\/\/orthodoxia.be\/#website\",\"url\":\"https:\/\/orthodoxia.be\/\",\"name\":\"Orthodox Archdiocese of Belgium (Benelux)\",\"description\":\"Exarch of the Nederland en Luxemburg\",\"publisher\":{\"@id\":\"https:\/\/orthodoxia.be\/#organization\"},\"alternateName\":\"IMB\",\"potentialAction\":[{\"@type\":\"SearchAction\",\"target\":{\"@type\":\"EntryPoint\",\"urlTemplate\":\"https:\/\/orthodoxia.be\/?s={search_term_string}\"},\"query-input\":{\"@type\":\"PropertyValueSpecification\",\"valueRequired\":true,\"valueName\":\"search_term_string\"}}],\"inLanguage\":\"nl-BE\"},{\"@type\":\"Organization\",\"@id\":\"https:\/\/orthodoxia.be\/#organization\",\"name\":\"Orthodox Archdiocese of Belgium (Benelux)\",\"url\":\"https:\/\/orthodoxia.be\/\",\"logo\":{\"@type\":\"ImageObject\",\"inLanguage\":\"nl-BE\",\"@id\":\"https:\/\/orthodoxia.be\/#\/schema\/logo\/image\/\",\"url\":\"https:\/\/orthodoxia.be\/wp-content\/uploads\/2024\/02\/cropped-IMB-logo-512-cl-1.png\",\"contentUrl\":\"https:\/\/orthodoxia.be\/wp-content\/uploads\/2024\/02\/cropped-IMB-logo-512-cl-1.png\",\"width\":512,\"height\":512,\"caption\":\"Orthodox Archdiocese of Belgium (Benelux)\"},\"image\":{\"@id\":\"https:\/\/orthodoxia.be\/#\/schema\/logo\/image\/\"},\"sameAs\":[\"https:\/\/www.facebook.com\/orthobel\",\"https:\/\/x.com\/orthobel\",\"https:\/\/www.youtube.com\/c\/orthobel\",\"https:\/\/www.mixcloud.com\/orthobel\/\",\"https:\/\/www.flickr.com\/photos\/148264890@N07\/albums\",\"https:\/\/www.dailymotion.com\/Orthobel\"]},{\"@type\":\"Person\",\"@id\":\"https:\/\/orthodoxia.be\/#\/schema\/person\/3a3f63a3c164a0dd7642f3baea1f3ca9\",\"name\":\"Fr. Filip Boone\",\"image\":{\"@type\":\"ImageObject\",\"inLanguage\":\"nl-BE\",\"@id\":\"https:\/\/orthodoxia.be\/#\/schema\/person\/image\/\",\"url\":\"https:\/\/secure.gravatar.com\/avatar\/d4b0dfcddd0a8b04d3eba1449f997873?s=96&d=mm&r=g\",\"contentUrl\":\"https:\/\/secure.gravatar.com\/avatar\/d4b0dfcddd0a8b04d3eba1449f997873?s=96&d=mm&r=g\",\"caption\":\"Fr. Filip Boone\"},\"sameAs\":[\"http:\/\/orthodoxia.be\"],\"url\":\"https:\/\/orthodoxia.be\/nl\/author\/secretariaat\/\"}]}<\/script>\n<!-- \/ Yoast SEO plugin. -->","yoast_head_json":{"title":"Bezoek van de ambassadeur van Belgi\u00eb, Zijne Excellentie de heer Michel Malherbe aan het Oecumenisch Patriarchaat - Orthodox Aartsbisdom van Belgi\u00eb","robots":{"index":"index","follow":"follow","max-snippet":"max-snippet:-1","max-image-preview":"max-image-preview:large","max-video-preview":"max-video-preview:-1"},"canonical":"https:\/\/orthodoxia.be\/2018\/11\/14\/\u03b5\u03c0\u03af\u03c3\u03ba\u03b5\u03c8\u03b7-\u03c4\u03bf\u03c5-\u03c0\u03c1\u03ad\u03c3\u03b2\u03b7-\u03c4\u03bf\u03c5-\u03b2\u03b5\u03bb\u03b3\u03af\u03bf\u03c5-\u03c3\u03c4\u03b7\u03bd-\u03ac\/","og_locale":"nl_BE","og_type":"article","og_title":"Bezoek van de ambassadeur van Belgi\u00eb, Zijne Excellentie de heer Michel Malherbe aan het Oecumenisch Patriarchaat - Orthodox Aartsbisdom van Belgi\u00eb","og_description":"Bezoek van de Ambassadeur van Belgi\u00eb in Ankara, Zijne Excellentie de heer Michel Malherbe, aan het Oecumenisch Patriarchaat. Zijne Excellentie Michel Malherbe, de Belgische ambassadeur in Ankara, heeft een bezoek gebracht aan het Oecumenisch Patriarchaat in Fanar. De heer Malherbe, vergezeld door de Consul-Generaal van Belgi\u00eb in Constantinopel, Mevrouw Sophie de Smedt, en leden van &hellip; Continued","og_url":"https:\/\/orthodoxia.be\/2018\/11\/14\/\u03b5\u03c0\u03af\u03c3\u03ba\u03b5\u03c8\u03b7-\u03c4\u03bf\u03c5-\u03c0\u03c1\u03ad\u03c3\u03b2\u03b7-\u03c4\u03bf\u03c5-\u03b2\u03b5\u03bb\u03b3\u03af\u03bf\u03c5-\u03c3\u03c4\u03b7\u03bd-\u03ac\/","og_site_name":"Orthodox Aartsbisdom van Belgi\u00eb","article_publisher":"https:\/\/www.facebook.com\/orthobel","article_published_time":"2018-11-14T12:12:13+00:00","article_modified_time":"2018-11-20T13:21:15+00:00","og_image":[{"width":1200,"height":800,"url":"https:\/\/orthodoxia.be\/wp-content\/uploads\/2018\/11\/DSC_4756.jpg","type":"image\/jpeg"}],"author":"Fr. Filip Boone","twitter_card":"summary_large_image","twitter_creator":"@orthobel","twitter_site":"@orthobel","twitter_misc":{"Geschreven door":"Fr. Filip Boone","Geschatte leestijd":"1 minuut"},"schema":{"@context":"https:\/\/schema.org","@graph":[{"@type":"Article","@id":"https:\/\/orthodoxia.be\/2018\/11\/14\/%ce%b5%cf%80%ce%af%cf%83%ce%ba%ce%b5%cf%88%ce%b7-%cf%84%ce%bf%cf%85-%cf%80%cf%81%ce%ad%cf%83%ce%b2%ce%b7-%cf%84%ce%bf%cf%85-%ce%b2%ce%b5%ce%bb%ce%b3%ce%af%ce%bf%cf%85-%cf%83%cf%84%ce%b7%ce%bd-%ce%ac\/#article","isPartOf":{"@id":"https:\/\/orthodoxia.be\/2018\/11\/14\/%ce%b5%cf%80%ce%af%cf%83%ce%ba%ce%b5%cf%88%ce%b7-%cf%84%ce%bf%cf%85-%cf%80%cf%81%ce%ad%cf%83%ce%b2%ce%b7-%cf%84%ce%bf%cf%85-%ce%b2%ce%b5%ce%bb%ce%b3%ce%af%ce%bf%cf%85-%cf%83%cf%84%ce%b7%ce%bd-%ce%ac\/"},"author":{"name":"Fr. Filip Boone","@id":"https:\/\/orthodoxia.be\/#\/schema\/person\/3a3f63a3c164a0dd7642f3baea1f3ca9"},"headline":"Bezoek van de ambassadeur van Belgi\u00eb, Zijne Excellentie de heer Michel Malherbe aan het Oecumenisch Patriarchaat","datePublished":"2018-11-14T12:12:13+00:00","dateModified":"2018-11-20T13:21:15+00:00","mainEntityOfPage":{"@id":"https:\/\/orthodoxia.be\/2018\/11\/14\/%ce%b5%cf%80%ce%af%cf%83%ce%ba%ce%b5%cf%88%ce%b7-%cf%84%ce%bf%cf%85-%cf%80%cf%81%ce%ad%cf%83%ce%b2%ce%b7-%cf%84%ce%bf%cf%85-%ce%b2%ce%b5%ce%bb%ce%b3%ce%af%ce%bf%cf%85-%cf%83%cf%84%ce%b7%ce%bd-%ce%ac\/"},"wordCount":127,"publisher":{"@id":"https:\/\/orthodoxia.be\/#organization"},"image":{"@id":"https:\/\/orthodoxia.be\/2018\/11\/14\/%ce%b5%cf%80%ce%af%cf%83%ce%ba%ce%b5%cf%88%ce%b7-%cf%84%ce%bf%cf%85-%cf%80%cf%81%ce%ad%cf%83%ce%b2%ce%b7-%cf%84%ce%bf%cf%85-%ce%b2%ce%b5%ce%bb%ce%b3%ce%af%ce%bf%cf%85-%cf%83%cf%84%ce%b7%ce%bd-%ce%ac\/#primaryimage"},"thumbnailUrl":"https:\/\/orthodoxia.be\/wp-content\/uploads\/2018\/11\/DSC_4756.jpg","articleSection":["Actualiteit"],"inLanguage":"nl-BE"},{"@type":"WebPage","@id":"https:\/\/orthodoxia.be\/2018\/11\/14\/%ce%b5%cf%80%ce%af%cf%83%ce%ba%ce%b5%cf%88%ce%b7-%cf%84%ce%bf%cf%85-%cf%80%cf%81%ce%ad%cf%83%ce%b2%ce%b7-%cf%84%ce%bf%cf%85-%ce%b2%ce%b5%ce%bb%ce%b3%ce%af%ce%bf%cf%85-%cf%83%cf%84%ce%b7%ce%bd-%ce%ac\/","url":"https:\/\/orthodoxia.be\/2018\/11\/14\/%ce%b5%cf%80%ce%af%cf%83%ce%ba%ce%b5%cf%88%ce%b7-%cf%84%ce%bf%cf%85-%cf%80%cf%81%ce%ad%cf%83%ce%b2%ce%b7-%cf%84%ce%bf%cf%85-%ce%b2%ce%b5%ce%bb%ce%b3%ce%af%ce%bf%cf%85-%cf%83%cf%84%ce%b7%ce%bd-%ce%ac\/","name":"Bezoek van de ambassadeur van Belgi\u00eb, Zijne Excellentie de heer Michel Malherbe aan het Oecumenisch Patriarchaat - Orthodox Aartsbisdom van Belgi\u00eb","isPartOf":{"@id":"https:\/\/orthodoxia.be\/#website"},"primaryImageOfPage":{"@id":"https:\/\/orthodoxia.be\/2018\/11\/14\/%ce%b5%cf%80%ce%af%cf%83%ce%ba%ce%b5%cf%88%ce%b7-%cf%84%ce%bf%cf%85-%cf%80%cf%81%ce%ad%cf%83%ce%b2%ce%b7-%cf%84%ce%bf%cf%85-%ce%b2%ce%b5%ce%bb%ce%b3%ce%af%ce%bf%cf%85-%cf%83%cf%84%ce%b7%ce%bd-%ce%ac\/#primaryimage"},"image":{"@id":"https:\/\/orthodoxia.be\/2018\/11\/14\/%ce%b5%cf%80%ce%af%cf%83%ce%ba%ce%b5%cf%88%ce%b7-%cf%84%ce%bf%cf%85-%cf%80%cf%81%ce%ad%cf%83%ce%b2%ce%b7-%cf%84%ce%bf%cf%85-%ce%b2%ce%b5%ce%bb%ce%b3%ce%af%ce%bf%cf%85-%cf%83%cf%84%ce%b7%ce%bd-%ce%ac\/#primaryimage"},"thumbnailUrl":"https:\/\/orthodoxia.be\/wp-content\/uploads\/2018\/11\/DSC_4756.jpg","datePublished":"2018-11-14T12:12:13+00:00","dateModified":"2018-11-20T13:21:15+00:00","breadcrumb":{"@id":"https:\/\/orthodoxia.be\/2018\/11\/14\/%ce%b5%cf%80%ce%af%cf%83%ce%ba%ce%b5%cf%88%ce%b7-%cf%84%ce%bf%cf%85-%cf%80%cf%81%ce%ad%cf%83%ce%b2%ce%b7-%cf%84%ce%bf%cf%85-%ce%b2%ce%b5%ce%bb%ce%b3%ce%af%ce%bf%cf%85-%cf%83%cf%84%ce%b7%ce%bd-%ce%ac\/#breadcrumb"},"inLanguage":"nl-BE","potentialAction":[{"@type":"ReadAction","target":["https:\/\/orthodoxia.be\/2018\/11\/14\/%ce%b5%cf%80%ce%af%cf%83%ce%ba%ce%b5%cf%88%ce%b7-%cf%84%ce%bf%cf%85-%cf%80%cf%81%ce%ad%cf%83%ce%b2%ce%b7-%cf%84%ce%bf%cf%85-%ce%b2%ce%b5%ce%bb%ce%b3%ce%af%ce%bf%cf%85-%cf%83%cf%84%ce%b7%ce%bd-%ce%ac\/"]}]},{"@type":"ImageObject","inLanguage":"nl-BE","@id":"https:\/\/orthodoxia.be\/2018\/11\/14\/%ce%b5%cf%80%ce%af%cf%83%ce%ba%ce%b5%cf%88%ce%b7-%cf%84%ce%bf%cf%85-%cf%80%cf%81%ce%ad%cf%83%ce%b2%ce%b7-%cf%84%ce%bf%cf%85-%ce%b2%ce%b5%ce%bb%ce%b3%ce%af%ce%bf%cf%85-%cf%83%cf%84%ce%b7%ce%bd-%ce%ac\/#primaryimage","url":"https:\/\/orthodoxia.be\/wp-content\/uploads\/2018\/11\/DSC_4756.jpg","contentUrl":"https:\/\/orthodoxia.be\/wp-content\/uploads\/2018\/11\/DSC_4756.jpg","width":1200,"height":800},{"@type":"BreadcrumbList","@id":"https:\/\/orthodoxia.be\/2018\/11\/14\/%ce%b5%cf%80%ce%af%cf%83%ce%ba%ce%b5%cf%88%ce%b7-%cf%84%ce%bf%cf%85-%cf%80%cf%81%ce%ad%cf%83%ce%b2%ce%b7-%cf%84%ce%bf%cf%85-%ce%b2%ce%b5%ce%bb%ce%b3%ce%af%ce%bf%cf%85-%cf%83%cf%84%ce%b7%ce%bd-%ce%ac\/#breadcrumb","itemListElement":[{"@type":"ListItem","position":1,"name":"Home","item":"https:\/\/orthodoxia.be\/nl\/"},{"@type":"ListItem","position":2,"name":"Bezoek van de ambassadeur van Belgi\u00eb, Zijne Excellentie de heer Michel Malherbe aan het Oecumenisch Patriarchaat"}]},{"@type":"WebSite","@id":"https:\/\/orthodoxia.be\/#website","url":"https:\/\/orthodoxia.be\/","name":"Orthodox Archdiocese of Belgium (Benelux)","description":"Exarch of the Nederland en Luxemburg","publisher":{"@id":"https:\/\/orthodoxia.be\/#organization"},"alternateName":"IMB","potentialAction":[{"@type":"SearchAction","target":{"@type":"EntryPoint","urlTemplate":"https:\/\/orthodoxia.be\/?s={search_term_string}"},"query-input":{"@type":"PropertyValueSpecification","valueRequired":true,"valueName":"search_term_string"}}],"inLanguage":"nl-BE"},{"@type":"Organization","@id":"https:\/\/orthodoxia.be\/#organization","name":"Orthodox Archdiocese of Belgium (Benelux)","url":"https:\/\/orthodoxia.be\/","logo":{"@type":"ImageObject","inLanguage":"nl-BE","@id":"https:\/\/orthodoxia.be\/#\/schema\/logo\/image\/","url":"https:\/\/orthodoxia.be\/wp-content\/uploads\/2024\/02\/cropped-IMB-logo-512-cl-1.png","contentUrl":"https:\/\/orthodoxia.be\/wp-content\/uploads\/2024\/02\/cropped-IMB-logo-512-cl-1.png","width":512,"height":512,"caption":"Orthodox Archdiocese of Belgium (Benelux)"},"image":{"@id":"https:\/\/orthodoxia.be\/#\/schema\/logo\/image\/"},"sameAs":["https:\/\/www.facebook.com\/orthobel","https:\/\/x.com\/orthobel","https:\/\/www.youtube.com\/c\/orthobel","https:\/\/www.mixcloud.com\/orthobel\/","https:\/\/www.flickr.com\/photos\/148264890@N07\/albums","https:\/\/www.dailymotion.com\/Orthobel"]},{"@type":"Person","@id":"https:\/\/orthodoxia.be\/#\/schema\/person\/3a3f63a3c164a0dd7642f3baea1f3ca9","name":"Fr. Filip Boone","image":{"@type":"ImageObject","inLanguage":"nl-BE","@id":"https:\/\/orthodoxia.be\/#\/schema\/person\/image\/","url":"https:\/\/secure.gravatar.com\/avatar\/d4b0dfcddd0a8b04d3eba1449f997873?s=96&d=mm&r=g","contentUrl":"https:\/\/secure.gravatar.com\/avatar\/d4b0dfcddd0a8b04d3eba1449f997873?s=96&d=mm&r=g","caption":"Fr. Filip Boone"},"sameAs":["http:\/\/orthodoxia.be"],"url":"https:\/\/orthodoxia.be\/nl\/author\/secretariaat\/"}]}},"_links":{"self":[{"href":"https:\/\/orthodoxia.be\/nl\/wp-json\/wp\/v2\/posts\/14045","targetHints":{"allow":["GET"]}}],"collection":[{"href":"https:\/\/orthodoxia.be\/nl\/wp-json\/wp\/v2\/posts"}],"about":[{"href":"https:\/\/orthodoxia.be\/nl\/wp-json\/wp\/v2\/types\/post"}],"author":[{"embeddable":true,"href":"https:\/\/orthodoxia.be\/nl\/wp-json\/wp\/v2\/users\/5"}],"replies":[{"embeddable":true,"href":"https:\/\/orthodoxia.be\/nl\/wp-json\/wp\/v2\/comments?post=14045"}],"version-history":[{"count":4,"href":"https:\/\/orthodoxia.be\/nl\/wp-json\/wp\/v2\/posts\/14045\/revisions"}],"predecessor-version":[{"id":14049,"href":"https:\/\/orthodoxia.be\/nl\/wp-json\/wp\/v2\/posts\/14045\/revisions\/14049"}],"wp:featuredmedia":[{"embeddable":true,"href":"https:\/\/orthodoxia.be\/nl\/wp-json\/wp\/v2\/media\/13974"}],"wp:attachment":[{"href":"https:\/\/orthodoxia.be\/nl\/wp-json\/wp\/v2\/media?parent=14045"}],"wp:term":[{"taxonomy":"category","embeddable":true,"href":"https:\/\/orthodoxia.be\/nl\/wp-json\/wp\/v2\/categories?post=14045"},{"taxonomy":"post_tag","embeddable":true,"href":"https:\/\/orthodoxia.be\/nl\/wp-json\/wp\/v2\/tags?post=14045"}],"curies":[{"name":"wp","href":"https:\/\/api.w.org\/{rel}","templated":true}]}}