{"id":15651,"date":"2019-01-05T20:20:13","date_gmt":"2019-01-05T19:20:13","guid":{"rendered":"http:\/\/orthodoxia.be\/?p=15651"},"modified":"2019-01-10T16:18:39","modified_gmt":"2019-01-10T15:18:39","slug":"officiele-afgifte-van-de-tomos-van-autocefalie-aan-de-orthodoxe-kerk-van-oekraine","status":"publish","type":"post","link":"https:\/\/orthodoxia.be\/nl\/2019\/01\/05\/officiele-afgifte-van-de-tomos-van-autocefalie-aan-de-orthodoxe-kerk-van-oekraine\/","title":{"rendered":"Offici\u00eble afgifte van de Tomos van Autocefalie aan de Orthodoxe Kerk van Oekra\u00efne"},"content":{"rendered":"<p style=\"text-align: center;\"><em>tijdens de gezamenlijke viering van de Oecumenische Patriarch met de Metropoliet van Kiev en geheel Oekra\u00efne, ter gelegenheid van het feest van de Heilige Theofanie in de Fanar<\/em><\/p>\n<p style=\"text-align: justify;\">Vandaag, tijdens het feest van de Theofanie, vierde men op luisterrijke wijze de offici\u00eble overhandiging door de Oecumenische Patriarch Bartholomeus van de Tomos van autocefalie van de Orthodoxe Kerk van Oekra\u00efne aan haar eerste prelaat, Metropoliet Epiphanios van Kiev en geheel Oekra\u00efne.<\/p>\n<p style=\"text-align: justify;\">Dit evenement vond plaats tijdens de Goddelijke Liturgie waarin Zijne Alheiligheid voorging, omringd door Metropoliet Epiphanios en Metropolieten van beide Kerken.<\/p>\n<p style=\"text-align: justify;\">Zijne Alheiligheid zei in zijn homilie dat een pagina in de geschiedenis van Oekra\u00efne omgedraaid werd en benadrukte dat de Kerk van Oekra\u00efne vanaf vandaag de 15e autocefale Kerk geworden is, haar aanmoedigend te werken aan eenheid en vrede op lokaal niveau, maar ook naar Zijne Zaligheid de Patriarch van Moskou toe.<\/p>\n<p style=\"text-align: justify;\">&#8221; &#8230;. Moge iedereen begrijpen dat Oekra\u00efne het verdient om een eengemaakte kerkelijke entiteit te hebben. Cre\u00eber de voorwaarden voor de verzoening. Werk alleen op basis van ecclesiologische criteria. Bestuur met liefde, nederigheid en zelfverloochening. De toekomst is aan jullie, wat zal zijn is komt jullie toe &#8220;zei hij.<\/p>\n<p style=\"text-align: justify;\">Daarop gaf de Oecumenische Patriarch de Metropoliet van Kiev en geheel Oekra\u00efne de Tomos van de Autcefalie en de Heilige Mirre van de Moederkerk. Als persoonlijk geschenk bood Zijne Alheiligheid een pastoraal kruis aan, gesmeed in Constantinopel.<\/p>\n<p style=\"text-align: justify;\">In zijn toespraak sprak de prelaat van de Oekra\u00efense kerk zijn dank uit aan de Moederkerk van Constantinopel en aan de Oecumenische Patriarch.<\/p>\n<p style=\"text-align: justify;\">Na de Goddelijke Liturgie begaven de twee prelaten, de aartsbisschoppen, de offici\u00eble genodigden en de gelovige christenen zich in processie naar de havenkaai van de Fanar, waar Zijne Alheiligheid voorging in de dienst van de Waterwijding met onderdompeling van het Heilige Kruis in de Gouden Hoorn.<\/p>\n<p style=\"text-align: justify;\">Meer dan 30 jongeren uit Constantinopel, Griekenland en elders stortten zich in de ijskoude wateren van de Hoorn. De heer Mikhail Vosnakidis uit Thessaloniki (GR) bracht het Heilig Kruis terug naar de Oecumenische Patriarch, die hem beloond met een gouden borstkruis, terwijl hij de andere deelnemers zegende en hen kleine kruisjes aanbood.<\/p>\n<p>[FAGP id=15490]<\/p>\n","protected":false},"excerpt":{"rendered":"<p>tijdens de gezamenlijke viering van de Oecumenische Patriarch met de Metropoliet van Kiev en geheel Oekra\u00efne, ter gelegenheid van het feest van de Heilige Theofanie in de Fanar Vandaag, tijdens het feest van de Theofanie, vierde men op luisterrijke wijze de offici\u00eble overhandiging door de Oecumenische Patriarch Bartholomeus van de Tomos van autocefalie van de &hellip; <a href=\"https:\/\/orthodoxia.be\/nl\/2019\/01\/05\/officiele-afgifte-van-de-tomos-van-autocefalie-aan-de-orthodoxe-kerk-van-oekraine\/\">Continued<\/a><\/p>\n","protected":false},"author":5,"featured_media":15493,"comment_status":"closed","ping_status":"open","sticky":false,"template":"","format":"standard","meta":{"_acf_changed":false,"footnotes":""},"categories":[18],"tags":[],"class_list":["post-15651","post","type-post","status-publish","format-standard","has-post-thumbnail","hentry","category-actualiteit"],"acf":[],"yoast_head":"<!-- This site is optimized with the Yoast SEO plugin v24.3 - https:\/\/yoast.com\/wordpress\/plugins\/seo\/ -->\n<title>Offici\u00eble afgifte van de Tomos van Autocefalie aan de Orthodoxe Kerk van Oekra\u00efne - Orthodox Aartsbisdom van Belgi\u00eb<\/title>\n<meta name=\"robots\" content=\"index, follow, max-snippet:-1, max-image-preview:large, max-video-preview:-1\" \/>\n<link rel=\"canonical\" href=\"https:\/\/orthodoxia.be\/2019\/01\/05\/\u03bf-\u03bf\u03b9\u03ba\u03bf\u03c5\u03bc\u03b5\u03bd\u03b9\u03ba\u03cc\u03c2-\u03c0\u03b1\u03c4\u03c1\u03b9\u03ac\u03c1\u03c7\u03b7\u03c2-\u03c5\u03c0\u03ad\u03b3\u03c1\u03b1\u03c8\u03b5-\u03c4\/\" \/>\n<meta property=\"og:locale\" content=\"nl_BE\" \/>\n<meta property=\"og:type\" content=\"article\" \/>\n<meta property=\"og:title\" content=\"Offici\u00eble afgifte van de Tomos van Autocefalie aan de Orthodoxe Kerk van Oekra\u00efne - Orthodox Aartsbisdom van Belgi\u00eb\" \/>\n<meta property=\"og:description\" content=\"tijdens de gezamenlijke viering van de Oecumenische Patriarch met de Metropoliet van Kiev en geheel Oekra\u00efne, ter gelegenheid van het feest van de Heilige Theofanie in de Fanar Vandaag, tijdens het feest van de Theofanie, vierde men op luisterrijke wijze de offici\u00eble overhandiging door de Oecumenische Patriarch Bartholomeus van de Tomos van autocefalie van de &hellip; Continued\" \/>\n<meta property=\"og:url\" content=\"https:\/\/orthodoxia.be\/2019\/01\/05\/\u03bf-\u03bf\u03b9\u03ba\u03bf\u03c5\u03bc\u03b5\u03bd\u03b9\u03ba\u03cc\u03c2-\u03c0\u03b1\u03c4\u03c1\u03b9\u03ac\u03c1\u03c7\u03b7\u03c2-\u03c5\u03c0\u03ad\u03b3\u03c1\u03b1\u03c8\u03b5-\u03c4\/\" \/>\n<meta property=\"og:site_name\" content=\"Orthodox Aartsbisdom van Belgi\u00eb\" \/>\n<meta property=\"article:publisher\" content=\"https:\/\/www.facebook.com\/orthobel\" \/>\n<meta property=\"article:published_time\" content=\"2019-01-05T19:20:13+00:00\" \/>\n<meta property=\"article:modified_time\" content=\"2019-01-10T15:18:39+00:00\" \/>\n<meta property=\"og:image\" content=\"https:\/\/orthodoxia.be\/wp-content\/uploads\/2019\/01\/K.jpg\" \/>\n\t<meta property=\"og:image:width\" content=\"1200\" \/>\n\t<meta property=\"og:image:height\" content=\"1108\" \/>\n\t<meta property=\"og:image:type\" content=\"image\/jpeg\" \/>\n<meta name=\"author\" content=\"Fr. Filip Boone\" \/>\n<meta name=\"twitter:card\" content=\"summary_large_image\" \/>\n<meta name=\"twitter:creator\" content=\"@orthobel\" \/>\n<meta name=\"twitter:site\" content=\"@orthobel\" \/>\n<meta name=\"twitter:label1\" content=\"Geschreven door\" \/>\n\t<meta name=\"twitter:data1\" content=\"Fr. Filip Boone\" \/>\n\t<meta name=\"twitter:label2\" content=\"Geschatte leestijd\" \/>\n\t<meta name=\"twitter:data2\" content=\"2 minuten\" \/>\n<script type=\"application\/ld+json\" class=\"yoast-schema-graph\">{\"@context\":\"https:\/\/schema.org\",\"@graph\":[{\"@type\":\"Article\",\"@id\":\"https:\/\/orthodoxia.be\/2019\/01\/05\/%ce%bf-%ce%bf%ce%b9%ce%ba%ce%bf%cf%85%ce%bc%ce%b5%ce%bd%ce%b9%ce%ba%cf%8c%cf%82-%cf%80%ce%b1%cf%84%cf%81%ce%b9%ce%ac%cf%81%cf%87%ce%b7%cf%82-%cf%85%cf%80%ce%ad%ce%b3%cf%81%ce%b1%cf%88%ce%b5-%cf%84\/#article\",\"isPartOf\":{\"@id\":\"https:\/\/orthodoxia.be\/2019\/01\/05\/%ce%bf-%ce%bf%ce%b9%ce%ba%ce%bf%cf%85%ce%bc%ce%b5%ce%bd%ce%b9%ce%ba%cf%8c%cf%82-%cf%80%ce%b1%cf%84%cf%81%ce%b9%ce%ac%cf%81%cf%87%ce%b7%cf%82-%cf%85%cf%80%ce%ad%ce%b3%cf%81%ce%b1%cf%88%ce%b5-%cf%84\/\"},\"author\":{\"name\":\"Fr. Filip Boone\",\"@id\":\"https:\/\/orthodoxia.be\/#\/schema\/person\/3a3f63a3c164a0dd7642f3baea1f3ca9\"},\"headline\":\"Offici\u00eble afgifte van de Tomos van Autocefalie aan de Orthodoxe Kerk van Oekra\u00efne\",\"datePublished\":\"2019-01-05T19:20:13+00:00\",\"dateModified\":\"2019-01-10T15:18:39+00:00\",\"mainEntityOfPage\":{\"@id\":\"https:\/\/orthodoxia.be\/2019\/01\/05\/%ce%bf-%ce%bf%ce%b9%ce%ba%ce%bf%cf%85%ce%bc%ce%b5%ce%bd%ce%b9%ce%ba%cf%8c%cf%82-%cf%80%ce%b1%cf%84%cf%81%ce%b9%ce%ac%cf%81%cf%87%ce%b7%cf%82-%cf%85%cf%80%ce%ad%ce%b3%cf%81%ce%b1%cf%88%ce%b5-%cf%84\/\"},\"wordCount\":375,\"publisher\":{\"@id\":\"https:\/\/orthodoxia.be\/#organization\"},\"image\":{\"@id\":\"https:\/\/orthodoxia.be\/2019\/01\/05\/%ce%bf-%ce%bf%ce%b9%ce%ba%ce%bf%cf%85%ce%bc%ce%b5%ce%bd%ce%b9%ce%ba%cf%8c%cf%82-%cf%80%ce%b1%cf%84%cf%81%ce%b9%ce%ac%cf%81%cf%87%ce%b7%cf%82-%cf%85%cf%80%ce%ad%ce%b3%cf%81%ce%b1%cf%88%ce%b5-%cf%84\/#primaryimage\"},\"thumbnailUrl\":\"https:\/\/orthodoxia.be\/wp-content\/uploads\/2019\/01\/K.jpg\",\"articleSection\":[\"Actualiteit\"],\"inLanguage\":\"nl-BE\"},{\"@type\":\"WebPage\",\"@id\":\"https:\/\/orthodoxia.be\/2019\/01\/05\/%ce%bf-%ce%bf%ce%b9%ce%ba%ce%bf%cf%85%ce%bc%ce%b5%ce%bd%ce%b9%ce%ba%cf%8c%cf%82-%cf%80%ce%b1%cf%84%cf%81%ce%b9%ce%ac%cf%81%cf%87%ce%b7%cf%82-%cf%85%cf%80%ce%ad%ce%b3%cf%81%ce%b1%cf%88%ce%b5-%cf%84\/\",\"url\":\"https:\/\/orthodoxia.be\/2019\/01\/05\/%ce%bf-%ce%bf%ce%b9%ce%ba%ce%bf%cf%85%ce%bc%ce%b5%ce%bd%ce%b9%ce%ba%cf%8c%cf%82-%cf%80%ce%b1%cf%84%cf%81%ce%b9%ce%ac%cf%81%cf%87%ce%b7%cf%82-%cf%85%cf%80%ce%ad%ce%b3%cf%81%ce%b1%cf%88%ce%b5-%cf%84\/\",\"name\":\"Offici\u00eble afgifte van de Tomos van Autocefalie aan de Orthodoxe Kerk van Oekra\u00efne - Orthodox Aartsbisdom van Belgi\u00eb\",\"isPartOf\":{\"@id\":\"https:\/\/orthodoxia.be\/#website\"},\"primaryImageOfPage\":{\"@id\":\"https:\/\/orthodoxia.be\/2019\/01\/05\/%ce%bf-%ce%bf%ce%b9%ce%ba%ce%bf%cf%85%ce%bc%ce%b5%ce%bd%ce%b9%ce%ba%cf%8c%cf%82-%cf%80%ce%b1%cf%84%cf%81%ce%b9%ce%ac%cf%81%cf%87%ce%b7%cf%82-%cf%85%cf%80%ce%ad%ce%b3%cf%81%ce%b1%cf%88%ce%b5-%cf%84\/#primaryimage\"},\"image\":{\"@id\":\"https:\/\/orthodoxia.be\/2019\/01\/05\/%ce%bf-%ce%bf%ce%b9%ce%ba%ce%bf%cf%85%ce%bc%ce%b5%ce%bd%ce%b9%ce%ba%cf%8c%cf%82-%cf%80%ce%b1%cf%84%cf%81%ce%b9%ce%ac%cf%81%cf%87%ce%b7%cf%82-%cf%85%cf%80%ce%ad%ce%b3%cf%81%ce%b1%cf%88%ce%b5-%cf%84\/#primaryimage\"},\"thumbnailUrl\":\"https:\/\/orthodoxia.be\/wp-content\/uploads\/2019\/01\/K.jpg\",\"datePublished\":\"2019-01-05T19:20:13+00:00\",\"dateModified\":\"2019-01-10T15:18:39+00:00\",\"breadcrumb\":{\"@id\":\"https:\/\/orthodoxia.be\/2019\/01\/05\/%ce%bf-%ce%bf%ce%b9%ce%ba%ce%bf%cf%85%ce%bc%ce%b5%ce%bd%ce%b9%ce%ba%cf%8c%cf%82-%cf%80%ce%b1%cf%84%cf%81%ce%b9%ce%ac%cf%81%cf%87%ce%b7%cf%82-%cf%85%cf%80%ce%ad%ce%b3%cf%81%ce%b1%cf%88%ce%b5-%cf%84\/#breadcrumb\"},\"inLanguage\":\"nl-BE\",\"potentialAction\":[{\"@type\":\"ReadAction\",\"target\":[\"https:\/\/orthodoxia.be\/2019\/01\/05\/%ce%bf-%ce%bf%ce%b9%ce%ba%ce%bf%cf%85%ce%bc%ce%b5%ce%bd%ce%b9%ce%ba%cf%8c%cf%82-%cf%80%ce%b1%cf%84%cf%81%ce%b9%ce%ac%cf%81%cf%87%ce%b7%cf%82-%cf%85%cf%80%ce%ad%ce%b3%cf%81%ce%b1%cf%88%ce%b5-%cf%84\/\"]}]},{\"@type\":\"ImageObject\",\"inLanguage\":\"nl-BE\",\"@id\":\"https:\/\/orthodoxia.be\/2019\/01\/05\/%ce%bf-%ce%bf%ce%b9%ce%ba%ce%bf%cf%85%ce%bc%ce%b5%ce%bd%ce%b9%ce%ba%cf%8c%cf%82-%cf%80%ce%b1%cf%84%cf%81%ce%b9%ce%ac%cf%81%cf%87%ce%b7%cf%82-%cf%85%cf%80%ce%ad%ce%b3%cf%81%ce%b1%cf%88%ce%b5-%cf%84\/#primaryimage\",\"url\":\"https:\/\/orthodoxia.be\/wp-content\/uploads\/2019\/01\/K.jpg\",\"contentUrl\":\"https:\/\/orthodoxia.be\/wp-content\/uploads\/2019\/01\/K.jpg\",\"width\":1200,\"height\":1108},{\"@type\":\"BreadcrumbList\",\"@id\":\"https:\/\/orthodoxia.be\/2019\/01\/05\/%ce%bf-%ce%bf%ce%b9%ce%ba%ce%bf%cf%85%ce%bc%ce%b5%ce%bd%ce%b9%ce%ba%cf%8c%cf%82-%cf%80%ce%b1%cf%84%cf%81%ce%b9%ce%ac%cf%81%cf%87%ce%b7%cf%82-%cf%85%cf%80%ce%ad%ce%b3%cf%81%ce%b1%cf%88%ce%b5-%cf%84\/#breadcrumb\",\"itemListElement\":[{\"@type\":\"ListItem\",\"position\":1,\"name\":\"Home\",\"item\":\"https:\/\/orthodoxia.be\/nl\/\"},{\"@type\":\"ListItem\",\"position\":2,\"name\":\"Offici\u00eble afgifte van de Tomos van Autocefalie aan de Orthodoxe Kerk van Oekra\u00efne\"}]},{\"@type\":\"WebSite\",\"@id\":\"https:\/\/orthodoxia.be\/#website\",\"url\":\"https:\/\/orthodoxia.be\/\",\"name\":\"Orthodox Archdiocese of Belgium (Benelux)\",\"description\":\"Exarch of the Nederland en Luxemburg\",\"publisher\":{\"@id\":\"https:\/\/orthodoxia.be\/#organization\"},\"alternateName\":\"IMB\",\"potentialAction\":[{\"@type\":\"SearchAction\",\"target\":{\"@type\":\"EntryPoint\",\"urlTemplate\":\"https:\/\/orthodoxia.be\/?s={search_term_string}\"},\"query-input\":{\"@type\":\"PropertyValueSpecification\",\"valueRequired\":true,\"valueName\":\"search_term_string\"}}],\"inLanguage\":\"nl-BE\"},{\"@type\":\"Organization\",\"@id\":\"https:\/\/orthodoxia.be\/#organization\",\"name\":\"Orthodox Archdiocese of Belgium (Benelux)\",\"url\":\"https:\/\/orthodoxia.be\/\",\"logo\":{\"@type\":\"ImageObject\",\"inLanguage\":\"nl-BE\",\"@id\":\"https:\/\/orthodoxia.be\/#\/schema\/logo\/image\/\",\"url\":\"https:\/\/orthodoxia.be\/wp-content\/uploads\/2024\/02\/cropped-IMB-logo-512-cl-1.png\",\"contentUrl\":\"https:\/\/orthodoxia.be\/wp-content\/uploads\/2024\/02\/cropped-IMB-logo-512-cl-1.png\",\"width\":512,\"height\":512,\"caption\":\"Orthodox Archdiocese of Belgium (Benelux)\"},\"image\":{\"@id\":\"https:\/\/orthodoxia.be\/#\/schema\/logo\/image\/\"},\"sameAs\":[\"https:\/\/www.facebook.com\/orthobel\",\"https:\/\/x.com\/orthobel\",\"https:\/\/www.youtube.com\/c\/orthobel\",\"https:\/\/www.mixcloud.com\/orthobel\/\",\"https:\/\/www.flickr.com\/photos\/148264890@N07\/albums\",\"https:\/\/www.dailymotion.com\/Orthobel\"]},{\"@type\":\"Person\",\"@id\":\"https:\/\/orthodoxia.be\/#\/schema\/person\/3a3f63a3c164a0dd7642f3baea1f3ca9\",\"name\":\"Fr. Filip Boone\",\"image\":{\"@type\":\"ImageObject\",\"inLanguage\":\"nl-BE\",\"@id\":\"https:\/\/orthodoxia.be\/#\/schema\/person\/image\/\",\"url\":\"https:\/\/secure.gravatar.com\/avatar\/d4b0dfcddd0a8b04d3eba1449f997873?s=96&d=mm&r=g\",\"contentUrl\":\"https:\/\/secure.gravatar.com\/avatar\/d4b0dfcddd0a8b04d3eba1449f997873?s=96&d=mm&r=g\",\"caption\":\"Fr. Filip Boone\"},\"sameAs\":[\"http:\/\/orthodoxia.be\"],\"url\":\"https:\/\/orthodoxia.be\/nl\/author\/secretariaat\/\"}]}<\/script>\n<!-- \/ Yoast SEO plugin. -->","yoast_head_json":{"title":"Offici\u00eble afgifte van de Tomos van Autocefalie aan de Orthodoxe Kerk van Oekra\u00efne - Orthodox Aartsbisdom van Belgi\u00eb","robots":{"index":"index","follow":"follow","max-snippet":"max-snippet:-1","max-image-preview":"max-image-preview:large","max-video-preview":"max-video-preview:-1"},"canonical":"https:\/\/orthodoxia.be\/2019\/01\/05\/\u03bf-\u03bf\u03b9\u03ba\u03bf\u03c5\u03bc\u03b5\u03bd\u03b9\u03ba\u03cc\u03c2-\u03c0\u03b1\u03c4\u03c1\u03b9\u03ac\u03c1\u03c7\u03b7\u03c2-\u03c5\u03c0\u03ad\u03b3\u03c1\u03b1\u03c8\u03b5-\u03c4\/","og_locale":"nl_BE","og_type":"article","og_title":"Offici\u00eble afgifte van de Tomos van Autocefalie aan de Orthodoxe Kerk van Oekra\u00efne - Orthodox Aartsbisdom van Belgi\u00eb","og_description":"tijdens de gezamenlijke viering van de Oecumenische Patriarch met de Metropoliet van Kiev en geheel Oekra\u00efne, ter gelegenheid van het feest van de Heilige Theofanie in de Fanar Vandaag, tijdens het feest van de Theofanie, vierde men op luisterrijke wijze de offici\u00eble overhandiging door de Oecumenische Patriarch Bartholomeus van de Tomos van autocefalie van de &hellip; Continued","og_url":"https:\/\/orthodoxia.be\/2019\/01\/05\/\u03bf-\u03bf\u03b9\u03ba\u03bf\u03c5\u03bc\u03b5\u03bd\u03b9\u03ba\u03cc\u03c2-\u03c0\u03b1\u03c4\u03c1\u03b9\u03ac\u03c1\u03c7\u03b7\u03c2-\u03c5\u03c0\u03ad\u03b3\u03c1\u03b1\u03c8\u03b5-\u03c4\/","og_site_name":"Orthodox Aartsbisdom van Belgi\u00eb","article_publisher":"https:\/\/www.facebook.com\/orthobel","article_published_time":"2019-01-05T19:20:13+00:00","article_modified_time":"2019-01-10T15:18:39+00:00","og_image":[{"width":1200,"height":1108,"url":"https:\/\/orthodoxia.be\/wp-content\/uploads\/2019\/01\/K.jpg","type":"image\/jpeg"}],"author":"Fr. Filip Boone","twitter_card":"summary_large_image","twitter_creator":"@orthobel","twitter_site":"@orthobel","twitter_misc":{"Geschreven door":"Fr. Filip Boone","Geschatte leestijd":"2 minuten"},"schema":{"@context":"https:\/\/schema.org","@graph":[{"@type":"Article","@id":"https:\/\/orthodoxia.be\/2019\/01\/05\/%ce%bf-%ce%bf%ce%b9%ce%ba%ce%bf%cf%85%ce%bc%ce%b5%ce%bd%ce%b9%ce%ba%cf%8c%cf%82-%cf%80%ce%b1%cf%84%cf%81%ce%b9%ce%ac%cf%81%cf%87%ce%b7%cf%82-%cf%85%cf%80%ce%ad%ce%b3%cf%81%ce%b1%cf%88%ce%b5-%cf%84\/#article","isPartOf":{"@id":"https:\/\/orthodoxia.be\/2019\/01\/05\/%ce%bf-%ce%bf%ce%b9%ce%ba%ce%bf%cf%85%ce%bc%ce%b5%ce%bd%ce%b9%ce%ba%cf%8c%cf%82-%cf%80%ce%b1%cf%84%cf%81%ce%b9%ce%ac%cf%81%cf%87%ce%b7%cf%82-%cf%85%cf%80%ce%ad%ce%b3%cf%81%ce%b1%cf%88%ce%b5-%cf%84\/"},"author":{"name":"Fr. Filip Boone","@id":"https:\/\/orthodoxia.be\/#\/schema\/person\/3a3f63a3c164a0dd7642f3baea1f3ca9"},"headline":"Offici\u00eble afgifte van de Tomos van Autocefalie aan de Orthodoxe Kerk van Oekra\u00efne","datePublished":"2019-01-05T19:20:13+00:00","dateModified":"2019-01-10T15:18:39+00:00","mainEntityOfPage":{"@id":"https:\/\/orthodoxia.be\/2019\/01\/05\/%ce%bf-%ce%bf%ce%b9%ce%ba%ce%bf%cf%85%ce%bc%ce%b5%ce%bd%ce%b9%ce%ba%cf%8c%cf%82-%cf%80%ce%b1%cf%84%cf%81%ce%b9%ce%ac%cf%81%cf%87%ce%b7%cf%82-%cf%85%cf%80%ce%ad%ce%b3%cf%81%ce%b1%cf%88%ce%b5-%cf%84\/"},"wordCount":375,"publisher":{"@id":"https:\/\/orthodoxia.be\/#organization"},"image":{"@id":"https:\/\/orthodoxia.be\/2019\/01\/05\/%ce%bf-%ce%bf%ce%b9%ce%ba%ce%bf%cf%85%ce%bc%ce%b5%ce%bd%ce%b9%ce%ba%cf%8c%cf%82-%cf%80%ce%b1%cf%84%cf%81%ce%b9%ce%ac%cf%81%cf%87%ce%b7%cf%82-%cf%85%cf%80%ce%ad%ce%b3%cf%81%ce%b1%cf%88%ce%b5-%cf%84\/#primaryimage"},"thumbnailUrl":"https:\/\/orthodoxia.be\/wp-content\/uploads\/2019\/01\/K.jpg","articleSection":["Actualiteit"],"inLanguage":"nl-BE"},{"@type":"WebPage","@id":"https:\/\/orthodoxia.be\/2019\/01\/05\/%ce%bf-%ce%bf%ce%b9%ce%ba%ce%bf%cf%85%ce%bc%ce%b5%ce%bd%ce%b9%ce%ba%cf%8c%cf%82-%cf%80%ce%b1%cf%84%cf%81%ce%b9%ce%ac%cf%81%cf%87%ce%b7%cf%82-%cf%85%cf%80%ce%ad%ce%b3%cf%81%ce%b1%cf%88%ce%b5-%cf%84\/","url":"https:\/\/orthodoxia.be\/2019\/01\/05\/%ce%bf-%ce%bf%ce%b9%ce%ba%ce%bf%cf%85%ce%bc%ce%b5%ce%bd%ce%b9%ce%ba%cf%8c%cf%82-%cf%80%ce%b1%cf%84%cf%81%ce%b9%ce%ac%cf%81%cf%87%ce%b7%cf%82-%cf%85%cf%80%ce%ad%ce%b3%cf%81%ce%b1%cf%88%ce%b5-%cf%84\/","name":"Offici\u00eble afgifte van de Tomos van Autocefalie aan de Orthodoxe Kerk van Oekra\u00efne - Orthodox Aartsbisdom van Belgi\u00eb","isPartOf":{"@id":"https:\/\/orthodoxia.be\/#website"},"primaryImageOfPage":{"@id":"https:\/\/orthodoxia.be\/2019\/01\/05\/%ce%bf-%ce%bf%ce%b9%ce%ba%ce%bf%cf%85%ce%bc%ce%b5%ce%bd%ce%b9%ce%ba%cf%8c%cf%82-%cf%80%ce%b1%cf%84%cf%81%ce%b9%ce%ac%cf%81%cf%87%ce%b7%cf%82-%cf%85%cf%80%ce%ad%ce%b3%cf%81%ce%b1%cf%88%ce%b5-%cf%84\/#primaryimage"},"image":{"@id":"https:\/\/orthodoxia.be\/2019\/01\/05\/%ce%bf-%ce%bf%ce%b9%ce%ba%ce%bf%cf%85%ce%bc%ce%b5%ce%bd%ce%b9%ce%ba%cf%8c%cf%82-%cf%80%ce%b1%cf%84%cf%81%ce%b9%ce%ac%cf%81%cf%87%ce%b7%cf%82-%cf%85%cf%80%ce%ad%ce%b3%cf%81%ce%b1%cf%88%ce%b5-%cf%84\/#primaryimage"},"thumbnailUrl":"https:\/\/orthodoxia.be\/wp-content\/uploads\/2019\/01\/K.jpg","datePublished":"2019-01-05T19:20:13+00:00","dateModified":"2019-01-10T15:18:39+00:00","breadcrumb":{"@id":"https:\/\/orthodoxia.be\/2019\/01\/05\/%ce%bf-%ce%bf%ce%b9%ce%ba%ce%bf%cf%85%ce%bc%ce%b5%ce%bd%ce%b9%ce%ba%cf%8c%cf%82-%cf%80%ce%b1%cf%84%cf%81%ce%b9%ce%ac%cf%81%cf%87%ce%b7%cf%82-%cf%85%cf%80%ce%ad%ce%b3%cf%81%ce%b1%cf%88%ce%b5-%cf%84\/#breadcrumb"},"inLanguage":"nl-BE","potentialAction":[{"@type":"ReadAction","target":["https:\/\/orthodoxia.be\/2019\/01\/05\/%ce%bf-%ce%bf%ce%b9%ce%ba%ce%bf%cf%85%ce%bc%ce%b5%ce%bd%ce%b9%ce%ba%cf%8c%cf%82-%cf%80%ce%b1%cf%84%cf%81%ce%b9%ce%ac%cf%81%cf%87%ce%b7%cf%82-%cf%85%cf%80%ce%ad%ce%b3%cf%81%ce%b1%cf%88%ce%b5-%cf%84\/"]}]},{"@type":"ImageObject","inLanguage":"nl-BE","@id":"https:\/\/orthodoxia.be\/2019\/01\/05\/%ce%bf-%ce%bf%ce%b9%ce%ba%ce%bf%cf%85%ce%bc%ce%b5%ce%bd%ce%b9%ce%ba%cf%8c%cf%82-%cf%80%ce%b1%cf%84%cf%81%ce%b9%ce%ac%cf%81%cf%87%ce%b7%cf%82-%cf%85%cf%80%ce%ad%ce%b3%cf%81%ce%b1%cf%88%ce%b5-%cf%84\/#primaryimage","url":"https:\/\/orthodoxia.be\/wp-content\/uploads\/2019\/01\/K.jpg","contentUrl":"https:\/\/orthodoxia.be\/wp-content\/uploads\/2019\/01\/K.jpg","width":1200,"height":1108},{"@type":"BreadcrumbList","@id":"https:\/\/orthodoxia.be\/2019\/01\/05\/%ce%bf-%ce%bf%ce%b9%ce%ba%ce%bf%cf%85%ce%bc%ce%b5%ce%bd%ce%b9%ce%ba%cf%8c%cf%82-%cf%80%ce%b1%cf%84%cf%81%ce%b9%ce%ac%cf%81%cf%87%ce%b7%cf%82-%cf%85%cf%80%ce%ad%ce%b3%cf%81%ce%b1%cf%88%ce%b5-%cf%84\/#breadcrumb","itemListElement":[{"@type":"ListItem","position":1,"name":"Home","item":"https:\/\/orthodoxia.be\/nl\/"},{"@type":"ListItem","position":2,"name":"Offici\u00eble afgifte van de Tomos van Autocefalie aan de Orthodoxe Kerk van Oekra\u00efne"}]},{"@type":"WebSite","@id":"https:\/\/orthodoxia.be\/#website","url":"https:\/\/orthodoxia.be\/","name":"Orthodox Archdiocese of Belgium (Benelux)","description":"Exarch of the Nederland en Luxemburg","publisher":{"@id":"https:\/\/orthodoxia.be\/#organization"},"alternateName":"IMB","potentialAction":[{"@type":"SearchAction","target":{"@type":"EntryPoint","urlTemplate":"https:\/\/orthodoxia.be\/?s={search_term_string}"},"query-input":{"@type":"PropertyValueSpecification","valueRequired":true,"valueName":"search_term_string"}}],"inLanguage":"nl-BE"},{"@type":"Organization","@id":"https:\/\/orthodoxia.be\/#organization","name":"Orthodox Archdiocese of Belgium (Benelux)","url":"https:\/\/orthodoxia.be\/","logo":{"@type":"ImageObject","inLanguage":"nl-BE","@id":"https:\/\/orthodoxia.be\/#\/schema\/logo\/image\/","url":"https:\/\/orthodoxia.be\/wp-content\/uploads\/2024\/02\/cropped-IMB-logo-512-cl-1.png","contentUrl":"https:\/\/orthodoxia.be\/wp-content\/uploads\/2024\/02\/cropped-IMB-logo-512-cl-1.png","width":512,"height":512,"caption":"Orthodox Archdiocese of Belgium (Benelux)"},"image":{"@id":"https:\/\/orthodoxia.be\/#\/schema\/logo\/image\/"},"sameAs":["https:\/\/www.facebook.com\/orthobel","https:\/\/x.com\/orthobel","https:\/\/www.youtube.com\/c\/orthobel","https:\/\/www.mixcloud.com\/orthobel\/","https:\/\/www.flickr.com\/photos\/148264890@N07\/albums","https:\/\/www.dailymotion.com\/Orthobel"]},{"@type":"Person","@id":"https:\/\/orthodoxia.be\/#\/schema\/person\/3a3f63a3c164a0dd7642f3baea1f3ca9","name":"Fr. Filip Boone","image":{"@type":"ImageObject","inLanguage":"nl-BE","@id":"https:\/\/orthodoxia.be\/#\/schema\/person\/image\/","url":"https:\/\/secure.gravatar.com\/avatar\/d4b0dfcddd0a8b04d3eba1449f997873?s=96&d=mm&r=g","contentUrl":"https:\/\/secure.gravatar.com\/avatar\/d4b0dfcddd0a8b04d3eba1449f997873?s=96&d=mm&r=g","caption":"Fr. Filip Boone"},"sameAs":["http:\/\/orthodoxia.be"],"url":"https:\/\/orthodoxia.be\/nl\/author\/secretariaat\/"}]}},"_links":{"self":[{"href":"https:\/\/orthodoxia.be\/nl\/wp-json\/wp\/v2\/posts\/15651","targetHints":{"allow":["GET"]}}],"collection":[{"href":"https:\/\/orthodoxia.be\/nl\/wp-json\/wp\/v2\/posts"}],"about":[{"href":"https:\/\/orthodoxia.be\/nl\/wp-json\/wp\/v2\/types\/post"}],"author":[{"embeddable":true,"href":"https:\/\/orthodoxia.be\/nl\/wp-json\/wp\/v2\/users\/5"}],"replies":[{"embeddable":true,"href":"https:\/\/orthodoxia.be\/nl\/wp-json\/wp\/v2\/comments?post=15651"}],"version-history":[{"count":5,"href":"https:\/\/orthodoxia.be\/nl\/wp-json\/wp\/v2\/posts\/15651\/revisions"}],"predecessor-version":[{"id":15685,"href":"https:\/\/orthodoxia.be\/nl\/wp-json\/wp\/v2\/posts\/15651\/revisions\/15685"}],"wp:featuredmedia":[{"embeddable":true,"href":"https:\/\/orthodoxia.be\/nl\/wp-json\/wp\/v2\/media\/15493"}],"wp:attachment":[{"href":"https:\/\/orthodoxia.be\/nl\/wp-json\/wp\/v2\/media?parent=15651"}],"wp:term":[{"taxonomy":"category","embeddable":true,"href":"https:\/\/orthodoxia.be\/nl\/wp-json\/wp\/v2\/categories?post=15651"},{"taxonomy":"post_tag","embeddable":true,"href":"https:\/\/orthodoxia.be\/nl\/wp-json\/wp\/v2\/tags?post=15651"}],"curies":[{"name":"wp","href":"https:\/\/api.w.org\/{rel}","templated":true}]}}