{"id":18346,"date":"2019-05-10T15:16:32","date_gmt":"2019-05-10T13:16:32","guid":{"rendered":"http:\/\/orthodoxia.be\/?p=18346"},"modified":"2019-05-10T15:16:32","modified_gmt":"2019-05-10T13:16:32","slug":"oproep-ter-gelegenheid-van-de-verkiezingen-van-26-mei-2019","status":"publish","type":"post","link":"https:\/\/orthodoxia.be\/nl\/2019\/05\/10\/oproep-ter-gelegenheid-van-de-verkiezingen-van-26-mei-2019\/","title":{"rendered":"Oproep ter gelegenheid van de verkiezingen van 26 mei 2019"},"content":{"rendered":"<p style=\"text-align: justify;\">De verantwoordelijken van de erkende erediensten in Belgi\u00eb en van het Nederlandstalige vrijzinnig humanisme kwamen in het kader van de komende verkiezingen tot een gemeenschappelijke verklaring, waarvoor zij graag uw aandacht vragen.<\/p>\n<p style=\"text-align: justify;\"><strong>Stem met hart en verstand<\/strong><\/p>\n<p style=\"text-align: justify;\">Op zondag 26 mei kunnen de Belgische burgers hun stem laten horen ter gelegenheid van de verkiezingen voor het Federale en het Europese Parlement en voor de Regionale parlementen. Naar aanleiding hiervan herinneren de vertegenwoordigers van alle erkende erediensten en van het vrijzinnige humanisme eraan hoe gelukkig we zijn, te mogen leven in een land met vrije verkiezingen.<\/p>\n<p style=\"text-align: justify;\">Onze stem uitbrengen is onze verantwoordelijkheid en in ons land is het ook onze plicht. Hoe teleurgesteld sommigen ook mogen zijn t.a.v. de politiek, deelnemen aan de verkiezingen betekent, zijn mening uitdrukken. Zich onthouden, drukt een ongenoegen uit, maar zonder een alternatief te bieden.<\/p>\n<p style=\"text-align: justify;\">Wij roepen dan ook op, gewetensvol te gaan stemmen en dat met kennis van zaken van het programma van de deelnemende partijen en hun kandidaten. We nodigen iedereen uit, daarbij elke vorm van extremisme en fundamentalisme te mijden.<\/p>\n<p style=\"text-align: justify;\">We zeggen neen tegen haat en geweld en kiezen voor een democratie met respect voor diversiteit, gewetensvrijheid en vrije uiting van de levensbeschouwingen.<\/p>\n<p style=\"text-align: justify;\"><strong>Ondertekend door:<\/strong><\/p>\n<p style=\"text-align: justify;\">Anglicaanse eredienst: Rev. Jack McDonald, voorzitter van het Centrale Comit\u00e9 van de Anglicaanse Kerk<\/p>\n<p style=\"text-align: justify;\">Federale Synode van Protestants-Evangelische Kerken: Dr. Geert Lorein, voorzitter van de Federale Synode van Protestantse en Evangelische Kerken in Belgi\u00eb<\/p>\n<p style=\"text-align: justify;\">Orthodoxe eredienst: Metropoliet Athenagoras, aartsbisschop van de Orthodoxe Kerk van Belgi\u00eb<\/p>\n<p style=\"text-align: justify;\">Rooms-Katholieke eredienst: Kardinaal Jozef De Kesel, voorzitter van de Bisschoppenconferentie van de Belgi\u00eb<\/p>\n<p style=\"text-align: justify;\">Verenigde Protestantse Kerk in Belgi\u00eb: Ds. Steven Fuite, voorzitter van Verenigde Protestantse Kerk in Belgi\u00eb<\/p>\n<p style=\"text-align: justify;\">Joodse eredienst: Dr. Philippe Markiewicz, voorzitter van het Centraal Isra\u00eblitisch Consistorie van Belgi\u00eb<\/p>\n<p style=\"text-align: justify;\">Islamitische eredienst: Mehmet \u00dcst\u00fcn, voorzitter van het Executief van Moslims van Belgi\u00eb<\/p>\n<p style=\"text-align: justify;\">Unie van Vrijzinnigen: Freddy Mortier, voorzitter van de Unie Vrijzinnige Verenigingen\/deMens.nu<\/p>\n","protected":false},"excerpt":{"rendered":"<p>De verantwoordelijken van de erkende erediensten in Belgi\u00eb en van het Nederlandstalige vrijzinnig humanisme kwamen in het kader van de komende verkiezingen tot een gemeenschappelijke verklaring, waarvoor zij graag uw aandacht vragen. Stem met hart en verstand Op zondag 26 mei kunnen de Belgische burgers hun stem laten horen ter gelegenheid van de verkiezingen voor &hellip; <a href=\"https:\/\/orthodoxia.be\/nl\/2019\/05\/10\/oproep-ter-gelegenheid-van-de-verkiezingen-van-26-mei-2019\/\">Continued<\/a><\/p>\n","protected":false},"author":2,"featured_media":18347,"comment_status":"closed","ping_status":"open","sticky":false,"template":"","format":"standard","meta":{"_acf_changed":false,"footnotes":""},"categories":[18],"tags":[],"class_list":["post-18346","post","type-post","status-publish","format-standard","has-post-thumbnail","hentry","category-actualiteit"],"acf":[],"yoast_head":"<!-- This site is optimized with the Yoast SEO plugin v24.3 - https:\/\/yoast.com\/wordpress\/plugins\/seo\/ -->\n<title>Oproep ter gelegenheid van de verkiezingen van 26 mei 2019 - Orthodox Aartsbisdom van Belgi\u00eb<\/title>\n<meta name=\"robots\" content=\"index, follow, max-snippet:-1, max-image-preview:large, max-video-preview:-1\" \/>\n<link rel=\"canonical\" href=\"https:\/\/orthodoxia.be\/nl\/2019\/05\/10\/oproep-ter-gelegenheid-van-de-verkiezingen-van-26-mei-2019\/\" \/>\n<meta property=\"og:locale\" content=\"nl_BE\" \/>\n<meta property=\"og:type\" content=\"article\" \/>\n<meta property=\"og:title\" content=\"Oproep ter gelegenheid van de verkiezingen van 26 mei 2019 - Orthodox Aartsbisdom van Belgi\u00eb\" \/>\n<meta property=\"og:description\" content=\"De verantwoordelijken van de erkende erediensten in Belgi\u00eb en van het Nederlandstalige vrijzinnig humanisme kwamen in het kader van de komende verkiezingen tot een gemeenschappelijke verklaring, waarvoor zij graag uw aandacht vragen. Stem met hart en verstand Op zondag 26 mei kunnen de Belgische burgers hun stem laten horen ter gelegenheid van de verkiezingen voor &hellip; Continued\" \/>\n<meta property=\"og:url\" content=\"https:\/\/orthodoxia.be\/nl\/2019\/05\/10\/oproep-ter-gelegenheid-van-de-verkiezingen-van-26-mei-2019\/\" \/>\n<meta property=\"og:site_name\" content=\"Orthodox Aartsbisdom van Belgi\u00eb\" \/>\n<meta property=\"article:publisher\" content=\"https:\/\/www.facebook.com\/orthobel\" \/>\n<meta property=\"article:published_time\" content=\"2019-05-10T13:16:32+00:00\" \/>\n<meta property=\"og:image\" content=\"https:\/\/orthodoxia.be\/wp-content\/uploads\/2019\/05\/\u03b5\u03ba\u03bb\u03bf\u03b3\u03ad\u03c2-\u03ba\u03b1\u03bb\u03c0\u03b7.jpg\" \/>\n\t<meta property=\"og:image:width\" content=\"825\" \/>\n\t<meta property=\"og:image:height\" content=\"550\" \/>\n\t<meta property=\"og:image:type\" content=\"image\/jpeg\" \/>\n<meta name=\"author\" content=\"Georgios Tzatzanis\" \/>\n<meta name=\"twitter:card\" content=\"summary_large_image\" \/>\n<meta name=\"twitter:creator\" content=\"@orthobel\" \/>\n<meta name=\"twitter:site\" content=\"@orthobel\" \/>\n<meta name=\"twitter:label1\" content=\"Geschreven door\" \/>\n\t<meta name=\"twitter:data1\" content=\"Georgios Tzatzanis\" \/>\n\t<meta name=\"twitter:label2\" content=\"Geschatte leestijd\" \/>\n\t<meta name=\"twitter:data2\" content=\"2 minuten\" \/>\n<script type=\"application\/ld+json\" class=\"yoast-schema-graph\">{\"@context\":\"https:\/\/schema.org\",\"@graph\":[{\"@type\":\"Article\",\"@id\":\"https:\/\/orthodoxia.be\/nl\/2019\/05\/10\/oproep-ter-gelegenheid-van-de-verkiezingen-van-26-mei-2019\/#article\",\"isPartOf\":{\"@id\":\"https:\/\/orthodoxia.be\/nl\/2019\/05\/10\/oproep-ter-gelegenheid-van-de-verkiezingen-van-26-mei-2019\/\"},\"author\":{\"name\":\"Georgios Tzatzanis\",\"@id\":\"https:\/\/orthodoxia.be\/#\/schema\/person\/36bdc09a0ba8f97671645b7e9d8533ee\"},\"headline\":\"Oproep ter gelegenheid van de verkiezingen van 26 mei 2019\",\"datePublished\":\"2019-05-10T13:16:32+00:00\",\"dateModified\":\"2019-05-10T13:16:32+00:00\",\"mainEntityOfPage\":{\"@id\":\"https:\/\/orthodoxia.be\/nl\/2019\/05\/10\/oproep-ter-gelegenheid-van-de-verkiezingen-van-26-mei-2019\/\"},\"wordCount\":324,\"publisher\":{\"@id\":\"https:\/\/orthodoxia.be\/#organization\"},\"image\":{\"@id\":\"https:\/\/orthodoxia.be\/nl\/2019\/05\/10\/oproep-ter-gelegenheid-van-de-verkiezingen-van-26-mei-2019\/#primaryimage\"},\"thumbnailUrl\":\"https:\/\/orthodoxia.be\/wp-content\/uploads\/2019\/05\/\u03b5\u03ba\u03bb\u03bf\u03b3\u03ad\u03c2-\u03ba\u03b1\u03bb\u03c0\u03b7.jpg\",\"articleSection\":[\"Actualiteit\"],\"inLanguage\":\"nl-BE\"},{\"@type\":\"WebPage\",\"@id\":\"https:\/\/orthodoxia.be\/nl\/2019\/05\/10\/oproep-ter-gelegenheid-van-de-verkiezingen-van-26-mei-2019\/\",\"url\":\"https:\/\/orthodoxia.be\/nl\/2019\/05\/10\/oproep-ter-gelegenheid-van-de-verkiezingen-van-26-mei-2019\/\",\"name\":\"Oproep ter gelegenheid van de verkiezingen van 26 mei 2019 - Orthodox Aartsbisdom van Belgi\u00eb\",\"isPartOf\":{\"@id\":\"https:\/\/orthodoxia.be\/#website\"},\"primaryImageOfPage\":{\"@id\":\"https:\/\/orthodoxia.be\/nl\/2019\/05\/10\/oproep-ter-gelegenheid-van-de-verkiezingen-van-26-mei-2019\/#primaryimage\"},\"image\":{\"@id\":\"https:\/\/orthodoxia.be\/nl\/2019\/05\/10\/oproep-ter-gelegenheid-van-de-verkiezingen-van-26-mei-2019\/#primaryimage\"},\"thumbnailUrl\":\"https:\/\/orthodoxia.be\/wp-content\/uploads\/2019\/05\/\u03b5\u03ba\u03bb\u03bf\u03b3\u03ad\u03c2-\u03ba\u03b1\u03bb\u03c0\u03b7.jpg\",\"datePublished\":\"2019-05-10T13:16:32+00:00\",\"dateModified\":\"2019-05-10T13:16:32+00:00\",\"breadcrumb\":{\"@id\":\"https:\/\/orthodoxia.be\/nl\/2019\/05\/10\/oproep-ter-gelegenheid-van-de-verkiezingen-van-26-mei-2019\/#breadcrumb\"},\"inLanguage\":\"nl-BE\",\"potentialAction\":[{\"@type\":\"ReadAction\",\"target\":[\"https:\/\/orthodoxia.be\/nl\/2019\/05\/10\/oproep-ter-gelegenheid-van-de-verkiezingen-van-26-mei-2019\/\"]}]},{\"@type\":\"ImageObject\",\"inLanguage\":\"nl-BE\",\"@id\":\"https:\/\/orthodoxia.be\/nl\/2019\/05\/10\/oproep-ter-gelegenheid-van-de-verkiezingen-van-26-mei-2019\/#primaryimage\",\"url\":\"https:\/\/orthodoxia.be\/wp-content\/uploads\/2019\/05\/\u03b5\u03ba\u03bb\u03bf\u03b3\u03ad\u03c2-\u03ba\u03b1\u03bb\u03c0\u03b7.jpg\",\"contentUrl\":\"https:\/\/orthodoxia.be\/wp-content\/uploads\/2019\/05\/\u03b5\u03ba\u03bb\u03bf\u03b3\u03ad\u03c2-\u03ba\u03b1\u03bb\u03c0\u03b7.jpg\",\"width\":825,\"height\":550},{\"@type\":\"BreadcrumbList\",\"@id\":\"https:\/\/orthodoxia.be\/nl\/2019\/05\/10\/oproep-ter-gelegenheid-van-de-verkiezingen-van-26-mei-2019\/#breadcrumb\",\"itemListElement\":[{\"@type\":\"ListItem\",\"position\":1,\"name\":\"Home\",\"item\":\"https:\/\/orthodoxia.be\/nl\/\"},{\"@type\":\"ListItem\",\"position\":2,\"name\":\"Oproep ter gelegenheid van de verkiezingen van 26 mei 2019\"}]},{\"@type\":\"WebSite\",\"@id\":\"https:\/\/orthodoxia.be\/#website\",\"url\":\"https:\/\/orthodoxia.be\/\",\"name\":\"Orthodox Archdiocese of Belgium (Benelux)\",\"description\":\"Exarch of the Nederland en Luxemburg\",\"publisher\":{\"@id\":\"https:\/\/orthodoxia.be\/#organization\"},\"alternateName\":\"IMB\",\"potentialAction\":[{\"@type\":\"SearchAction\",\"target\":{\"@type\":\"EntryPoint\",\"urlTemplate\":\"https:\/\/orthodoxia.be\/?s={search_term_string}\"},\"query-input\":{\"@type\":\"PropertyValueSpecification\",\"valueRequired\":true,\"valueName\":\"search_term_string\"}}],\"inLanguage\":\"nl-BE\"},{\"@type\":\"Organization\",\"@id\":\"https:\/\/orthodoxia.be\/#organization\",\"name\":\"Orthodox Archdiocese of Belgium (Benelux)\",\"url\":\"https:\/\/orthodoxia.be\/\",\"logo\":{\"@type\":\"ImageObject\",\"inLanguage\":\"nl-BE\",\"@id\":\"https:\/\/orthodoxia.be\/#\/schema\/logo\/image\/\",\"url\":\"https:\/\/orthodoxia.be\/wp-content\/uploads\/2024\/02\/cropped-IMB-logo-512-cl-1.png\",\"contentUrl\":\"https:\/\/orthodoxia.be\/wp-content\/uploads\/2024\/02\/cropped-IMB-logo-512-cl-1.png\",\"width\":512,\"height\":512,\"caption\":\"Orthodox Archdiocese of Belgium (Benelux)\"},\"image\":{\"@id\":\"https:\/\/orthodoxia.be\/#\/schema\/logo\/image\/\"},\"sameAs\":[\"https:\/\/www.facebook.com\/orthobel\",\"https:\/\/x.com\/orthobel\",\"https:\/\/www.youtube.com\/c\/orthobel\",\"https:\/\/www.mixcloud.com\/orthobel\/\",\"https:\/\/www.flickr.com\/photos\/148264890@N07\/albums\",\"https:\/\/www.dailymotion.com\/Orthobel\"]},{\"@type\":\"Person\",\"@id\":\"https:\/\/orthodoxia.be\/#\/schema\/person\/36bdc09a0ba8f97671645b7e9d8533ee\",\"name\":\"Georgios Tzatzanis\",\"image\":{\"@type\":\"ImageObject\",\"inLanguage\":\"nl-BE\",\"@id\":\"https:\/\/orthodoxia.be\/#\/schema\/person\/image\/\",\"url\":\"https:\/\/secure.gravatar.com\/avatar\/5e2d1c8037dfa80360af6aee99548eff?s=96&d=mm&r=g\",\"contentUrl\":\"https:\/\/secure.gravatar.com\/avatar\/5e2d1c8037dfa80360af6aee99548eff?s=96&d=mm&r=g\",\"caption\":\"Georgios Tzatzanis\"},\"sameAs\":[\"http:\/\/orthodoxia.be\"],\"url\":\"https:\/\/orthodoxia.be\/nl\/author\/tzatzanis\/\"}]}<\/script>\n<!-- \/ Yoast SEO plugin. -->","yoast_head_json":{"title":"Oproep ter gelegenheid van de verkiezingen van 26 mei 2019 - Orthodox Aartsbisdom van Belgi\u00eb","robots":{"index":"index","follow":"follow","max-snippet":"max-snippet:-1","max-image-preview":"max-image-preview:large","max-video-preview":"max-video-preview:-1"},"canonical":"https:\/\/orthodoxia.be\/nl\/2019\/05\/10\/oproep-ter-gelegenheid-van-de-verkiezingen-van-26-mei-2019\/","og_locale":"nl_BE","og_type":"article","og_title":"Oproep ter gelegenheid van de verkiezingen van 26 mei 2019 - Orthodox Aartsbisdom van Belgi\u00eb","og_description":"De verantwoordelijken van de erkende erediensten in Belgi\u00eb en van het Nederlandstalige vrijzinnig humanisme kwamen in het kader van de komende verkiezingen tot een gemeenschappelijke verklaring, waarvoor zij graag uw aandacht vragen. Stem met hart en verstand Op zondag 26 mei kunnen de Belgische burgers hun stem laten horen ter gelegenheid van de verkiezingen voor &hellip; Continued","og_url":"https:\/\/orthodoxia.be\/nl\/2019\/05\/10\/oproep-ter-gelegenheid-van-de-verkiezingen-van-26-mei-2019\/","og_site_name":"Orthodox Aartsbisdom van Belgi\u00eb","article_publisher":"https:\/\/www.facebook.com\/orthobel","article_published_time":"2019-05-10T13:16:32+00:00","og_image":[{"width":825,"height":550,"url":"https:\/\/orthodoxia.be\/wp-content\/uploads\/2019\/05\/\u03b5\u03ba\u03bb\u03bf\u03b3\u03ad\u03c2-\u03ba\u03b1\u03bb\u03c0\u03b7.jpg","type":"image\/jpeg"}],"author":"Georgios Tzatzanis","twitter_card":"summary_large_image","twitter_creator":"@orthobel","twitter_site":"@orthobel","twitter_misc":{"Geschreven door":"Georgios Tzatzanis","Geschatte leestijd":"2 minuten"},"schema":{"@context":"https:\/\/schema.org","@graph":[{"@type":"Article","@id":"https:\/\/orthodoxia.be\/nl\/2019\/05\/10\/oproep-ter-gelegenheid-van-de-verkiezingen-van-26-mei-2019\/#article","isPartOf":{"@id":"https:\/\/orthodoxia.be\/nl\/2019\/05\/10\/oproep-ter-gelegenheid-van-de-verkiezingen-van-26-mei-2019\/"},"author":{"name":"Georgios Tzatzanis","@id":"https:\/\/orthodoxia.be\/#\/schema\/person\/36bdc09a0ba8f97671645b7e9d8533ee"},"headline":"Oproep ter gelegenheid van de verkiezingen van 26 mei 2019","datePublished":"2019-05-10T13:16:32+00:00","dateModified":"2019-05-10T13:16:32+00:00","mainEntityOfPage":{"@id":"https:\/\/orthodoxia.be\/nl\/2019\/05\/10\/oproep-ter-gelegenheid-van-de-verkiezingen-van-26-mei-2019\/"},"wordCount":324,"publisher":{"@id":"https:\/\/orthodoxia.be\/#organization"},"image":{"@id":"https:\/\/orthodoxia.be\/nl\/2019\/05\/10\/oproep-ter-gelegenheid-van-de-verkiezingen-van-26-mei-2019\/#primaryimage"},"thumbnailUrl":"https:\/\/orthodoxia.be\/wp-content\/uploads\/2019\/05\/\u03b5\u03ba\u03bb\u03bf\u03b3\u03ad\u03c2-\u03ba\u03b1\u03bb\u03c0\u03b7.jpg","articleSection":["Actualiteit"],"inLanguage":"nl-BE"},{"@type":"WebPage","@id":"https:\/\/orthodoxia.be\/nl\/2019\/05\/10\/oproep-ter-gelegenheid-van-de-verkiezingen-van-26-mei-2019\/","url":"https:\/\/orthodoxia.be\/nl\/2019\/05\/10\/oproep-ter-gelegenheid-van-de-verkiezingen-van-26-mei-2019\/","name":"Oproep ter gelegenheid van de verkiezingen van 26 mei 2019 - Orthodox Aartsbisdom van Belgi\u00eb","isPartOf":{"@id":"https:\/\/orthodoxia.be\/#website"},"primaryImageOfPage":{"@id":"https:\/\/orthodoxia.be\/nl\/2019\/05\/10\/oproep-ter-gelegenheid-van-de-verkiezingen-van-26-mei-2019\/#primaryimage"},"image":{"@id":"https:\/\/orthodoxia.be\/nl\/2019\/05\/10\/oproep-ter-gelegenheid-van-de-verkiezingen-van-26-mei-2019\/#primaryimage"},"thumbnailUrl":"https:\/\/orthodoxia.be\/wp-content\/uploads\/2019\/05\/\u03b5\u03ba\u03bb\u03bf\u03b3\u03ad\u03c2-\u03ba\u03b1\u03bb\u03c0\u03b7.jpg","datePublished":"2019-05-10T13:16:32+00:00","dateModified":"2019-05-10T13:16:32+00:00","breadcrumb":{"@id":"https:\/\/orthodoxia.be\/nl\/2019\/05\/10\/oproep-ter-gelegenheid-van-de-verkiezingen-van-26-mei-2019\/#breadcrumb"},"inLanguage":"nl-BE","potentialAction":[{"@type":"ReadAction","target":["https:\/\/orthodoxia.be\/nl\/2019\/05\/10\/oproep-ter-gelegenheid-van-de-verkiezingen-van-26-mei-2019\/"]}]},{"@type":"ImageObject","inLanguage":"nl-BE","@id":"https:\/\/orthodoxia.be\/nl\/2019\/05\/10\/oproep-ter-gelegenheid-van-de-verkiezingen-van-26-mei-2019\/#primaryimage","url":"https:\/\/orthodoxia.be\/wp-content\/uploads\/2019\/05\/\u03b5\u03ba\u03bb\u03bf\u03b3\u03ad\u03c2-\u03ba\u03b1\u03bb\u03c0\u03b7.jpg","contentUrl":"https:\/\/orthodoxia.be\/wp-content\/uploads\/2019\/05\/\u03b5\u03ba\u03bb\u03bf\u03b3\u03ad\u03c2-\u03ba\u03b1\u03bb\u03c0\u03b7.jpg","width":825,"height":550},{"@type":"BreadcrumbList","@id":"https:\/\/orthodoxia.be\/nl\/2019\/05\/10\/oproep-ter-gelegenheid-van-de-verkiezingen-van-26-mei-2019\/#breadcrumb","itemListElement":[{"@type":"ListItem","position":1,"name":"Home","item":"https:\/\/orthodoxia.be\/nl\/"},{"@type":"ListItem","position":2,"name":"Oproep ter gelegenheid van de verkiezingen van 26 mei 2019"}]},{"@type":"WebSite","@id":"https:\/\/orthodoxia.be\/#website","url":"https:\/\/orthodoxia.be\/","name":"Orthodox Archdiocese of Belgium (Benelux)","description":"Exarch of the Nederland en Luxemburg","publisher":{"@id":"https:\/\/orthodoxia.be\/#organization"},"alternateName":"IMB","potentialAction":[{"@type":"SearchAction","target":{"@type":"EntryPoint","urlTemplate":"https:\/\/orthodoxia.be\/?s={search_term_string}"},"query-input":{"@type":"PropertyValueSpecification","valueRequired":true,"valueName":"search_term_string"}}],"inLanguage":"nl-BE"},{"@type":"Organization","@id":"https:\/\/orthodoxia.be\/#organization","name":"Orthodox Archdiocese of Belgium (Benelux)","url":"https:\/\/orthodoxia.be\/","logo":{"@type":"ImageObject","inLanguage":"nl-BE","@id":"https:\/\/orthodoxia.be\/#\/schema\/logo\/image\/","url":"https:\/\/orthodoxia.be\/wp-content\/uploads\/2024\/02\/cropped-IMB-logo-512-cl-1.png","contentUrl":"https:\/\/orthodoxia.be\/wp-content\/uploads\/2024\/02\/cropped-IMB-logo-512-cl-1.png","width":512,"height":512,"caption":"Orthodox Archdiocese of Belgium (Benelux)"},"image":{"@id":"https:\/\/orthodoxia.be\/#\/schema\/logo\/image\/"},"sameAs":["https:\/\/www.facebook.com\/orthobel","https:\/\/x.com\/orthobel","https:\/\/www.youtube.com\/c\/orthobel","https:\/\/www.mixcloud.com\/orthobel\/","https:\/\/www.flickr.com\/photos\/148264890@N07\/albums","https:\/\/www.dailymotion.com\/Orthobel"]},{"@type":"Person","@id":"https:\/\/orthodoxia.be\/#\/schema\/person\/36bdc09a0ba8f97671645b7e9d8533ee","name":"Georgios Tzatzanis","image":{"@type":"ImageObject","inLanguage":"nl-BE","@id":"https:\/\/orthodoxia.be\/#\/schema\/person\/image\/","url":"https:\/\/secure.gravatar.com\/avatar\/5e2d1c8037dfa80360af6aee99548eff?s=96&d=mm&r=g","contentUrl":"https:\/\/secure.gravatar.com\/avatar\/5e2d1c8037dfa80360af6aee99548eff?s=96&d=mm&r=g","caption":"Georgios Tzatzanis"},"sameAs":["http:\/\/orthodoxia.be"],"url":"https:\/\/orthodoxia.be\/nl\/author\/tzatzanis\/"}]}},"_links":{"self":[{"href":"https:\/\/orthodoxia.be\/nl\/wp-json\/wp\/v2\/posts\/18346","targetHints":{"allow":["GET"]}}],"collection":[{"href":"https:\/\/orthodoxia.be\/nl\/wp-json\/wp\/v2\/posts"}],"about":[{"href":"https:\/\/orthodoxia.be\/nl\/wp-json\/wp\/v2\/types\/post"}],"author":[{"embeddable":true,"href":"https:\/\/orthodoxia.be\/nl\/wp-json\/wp\/v2\/users\/2"}],"replies":[{"embeddable":true,"href":"https:\/\/orthodoxia.be\/nl\/wp-json\/wp\/v2\/comments?post=18346"}],"version-history":[{"count":1,"href":"https:\/\/orthodoxia.be\/nl\/wp-json\/wp\/v2\/posts\/18346\/revisions"}],"predecessor-version":[{"id":18356,"href":"https:\/\/orthodoxia.be\/nl\/wp-json\/wp\/v2\/posts\/18346\/revisions\/18356"}],"wp:featuredmedia":[{"embeddable":true,"href":"https:\/\/orthodoxia.be\/nl\/wp-json\/wp\/v2\/media\/18347"}],"wp:attachment":[{"href":"https:\/\/orthodoxia.be\/nl\/wp-json\/wp\/v2\/media?parent=18346"}],"wp:term":[{"taxonomy":"category","embeddable":true,"href":"https:\/\/orthodoxia.be\/nl\/wp-json\/wp\/v2\/categories?post=18346"},{"taxonomy":"post_tag","embeddable":true,"href":"https:\/\/orthodoxia.be\/nl\/wp-json\/wp\/v2\/tags?post=18346"}],"curies":[{"name":"wp","href":"https:\/\/api.w.org\/{rel}","templated":true}]}}