{"id":20926,"date":"2019-12-04T16:19:09","date_gmt":"2019-12-04T15:19:09","guid":{"rendered":"http:\/\/orthodoxia.be\/?p=20926"},"modified":"2019-12-10T12:03:06","modified_gmt":"2019-12-10T11:03:06","slug":"feest-van-de-heilige-barbara-in-het-aartsbisdom-van-belgie","status":"publish","type":"post","link":"https:\/\/orthodoxia.be\/nl\/2019\/12\/04\/feest-van-de-heilige-barbara-in-het-aartsbisdom-van-belgie\/","title":{"rendered":"Feest van de heilige Barbara in het Aartsbisdom van Belgi\u00eb"},"content":{"rendered":"<p>Op feestelijke wijze werd de herdenking van de heilige Barbara de Grootmartelares ge\u00eberd in het Aartsbisdom van Belgi\u00eb.<\/p>\n<p>Zijne Eminentie Metropoliet Athenagoras van Belgi\u00eb ging voor in de vespers van 3 december 2019 in de parochie van de heilige Barbara in de historische stad Luik. De homilie werd verzorgd door priestermonnik Philadelphos Kafalis, directeur van het kantoor van de Metropoliet. Hij verwees naar de betekenis die het leven en het martelaarschap van de heilige zou kunnen bieden aan de hedendaagse christenen.<\/p>\n<p>\u2018s Anderendaags, op 4 december, leidde Zijne Eminentie de Goddelijke Liturgie in de kerk van de heilige Barbara in Genk, omringd door priesters uit de regio Limburg. Deze keer kwam de eer om de homilie te houden toe aan de prediker van het Aartsbisdom, Archimandriet Ioachim Archontos. Hij besteedde aandacht aan de details van het leven van de heilige. <\/p>\n<p>Zijne Eminentie liet niet na om bij elk van deze diensten de respectieve rectoren te feliciteren met het geleverde pastorale werk in hun parochie, evenals de priesters die kwamen om het feest bij te wonen.<\/p>\n<p>Druk bijgewoonde agapen sloten de feestelijkheden af.<\/p>\n<p>[FAGP id=20907]<\/p>\n","protected":false},"excerpt":{"rendered":"<p>Op feestelijke wijze werd de herdenking van de heilige Barbara de Grootmartelares ge\u00eberd in het Aartsbisdom van Belgi\u00eb. Zijne Eminentie Metropoliet Athenagoras van Belgi\u00eb ging voor in de vespers van 3 december 2019 in de parochie van de heilige Barbara in de historische stad Luik. De homilie werd verzorgd door priestermonnik Philadelphos Kafalis, directeur van &hellip; <a href=\"https:\/\/orthodoxia.be\/nl\/2019\/12\/04\/feest-van-de-heilige-barbara-in-het-aartsbisdom-van-belgie\/\">Continued<\/a><\/p>\n","protected":false},"author":12,"featured_media":20911,"comment_status":"closed","ping_status":"open","sticky":false,"template":"","format":"standard","meta":{"_acf_changed":false,"footnotes":""},"categories":[18,220,218],"tags":[],"class_list":["post-20926","post","type-post","status-publish","format-standard","has-post-thumbnail","hentry","category-actualiteit","category-parochie-van-de-heilige-barbara-te-genk","category-parochie-van-de-heilige-barbara-te-luik"],"acf":[],"yoast_head":"<!-- This site is optimized with the Yoast SEO plugin v24.3 - https:\/\/yoast.com\/wordpress\/plugins\/seo\/ -->\n<title>Feest van de heilige Barbara in het Aartsbisdom van Belgi\u00eb - Orthodox Aartsbisdom van Belgi\u00eb<\/title>\n<meta name=\"robots\" content=\"index, follow, max-snippet:-1, max-image-preview:large, max-video-preview:-1\" \/>\n<link rel=\"canonical\" href=\"https:\/\/orthodoxia.be\/nl\/2019\/12\/04\/feest-van-de-heilige-barbara-in-het-aartsbisdom-van-belgie\/\" \/>\n<meta property=\"og:locale\" content=\"nl_BE\" \/>\n<meta property=\"og:type\" content=\"article\" \/>\n<meta property=\"og:title\" content=\"Feest van de heilige Barbara in het Aartsbisdom van Belgi\u00eb - Orthodox Aartsbisdom van Belgi\u00eb\" \/>\n<meta property=\"og:description\" content=\"Op feestelijke wijze werd de herdenking van de heilige Barbara de Grootmartelares ge\u00eberd in het Aartsbisdom van Belgi\u00eb. Zijne Eminentie Metropoliet Athenagoras van Belgi\u00eb ging voor in de vespers van 3 december 2019 in de parochie van de heilige Barbara in de historische stad Luik. De homilie werd verzorgd door priestermonnik Philadelphos Kafalis, directeur van &hellip; Continued\" \/>\n<meta property=\"og:url\" content=\"https:\/\/orthodoxia.be\/nl\/2019\/12\/04\/feest-van-de-heilige-barbara-in-het-aartsbisdom-van-belgie\/\" \/>\n<meta property=\"og:site_name\" content=\"Orthodox Aartsbisdom van Belgi\u00eb\" \/>\n<meta property=\"article:publisher\" content=\"https:\/\/www.facebook.com\/orthobel\" \/>\n<meta property=\"article:published_time\" content=\"2019-12-04T15:19:09+00:00\" \/>\n<meta property=\"article:modified_time\" content=\"2019-12-10T11:03:06+00:00\" \/>\n<meta property=\"og:image\" content=\"https:\/\/orthodoxia.be\/wp-content\/uploads\/2019\/12\/Panigyris-Agias-Barbaras-stin-Iera-Mitropoli-Belgiou.jpg\" \/>\n\t<meta property=\"og:image:width\" content=\"1023\" \/>\n\t<meta property=\"og:image:height\" content=\"657\" \/>\n\t<meta property=\"og:image:type\" content=\"image\/jpeg\" \/>\n<meta name=\"author\" content=\"\u0391\u03c1\u03c7\u03b5\u03af\u03bf \u03a3\u03c5\u03bd\u03b5\u03c1\u03b3\u03b1\u03c4\u03ce\u03bd\" \/>\n<meta name=\"twitter:card\" content=\"summary_large_image\" \/>\n<meta name=\"twitter:creator\" content=\"@orthobel\" \/>\n<meta name=\"twitter:site\" content=\"@orthobel\" \/>\n<meta name=\"twitter:label1\" content=\"Geschreven door\" \/>\n\t<meta name=\"twitter:data1\" content=\"\u0391\u03c1\u03c7\u03b5\u03af\u03bf \u03a3\u03c5\u03bd\u03b5\u03c1\u03b3\u03b1\u03c4\u03ce\u03bd\" \/>\n\t<meta name=\"twitter:label2\" content=\"Geschatte leestijd\" \/>\n\t<meta name=\"twitter:data2\" content=\"1 minuut\" \/>\n<script type=\"application\/ld+json\" class=\"yoast-schema-graph\">{\"@context\":\"https:\/\/schema.org\",\"@graph\":[{\"@type\":\"Article\",\"@id\":\"https:\/\/orthodoxia.be\/nl\/2019\/12\/04\/feest-van-de-heilige-barbara-in-het-aartsbisdom-van-belgie\/#article\",\"isPartOf\":{\"@id\":\"https:\/\/orthodoxia.be\/nl\/2019\/12\/04\/feest-van-de-heilige-barbara-in-het-aartsbisdom-van-belgie\/\"},\"author\":{\"name\":\"\u0391\u03c1\u03c7\u03b5\u03af\u03bf \u03a3\u03c5\u03bd\u03b5\u03c1\u03b3\u03b1\u03c4\u03ce\u03bd\",\"@id\":\"https:\/\/orthodoxia.be\/#\/schema\/person\/4641c70600fbb1aac968996a0ef6d284\"},\"headline\":\"Feest van de heilige Barbara in het Aartsbisdom van Belgi\u00eb\",\"datePublished\":\"2019-12-04T15:19:09+00:00\",\"dateModified\":\"2019-12-10T11:03:06+00:00\",\"mainEntityOfPage\":{\"@id\":\"https:\/\/orthodoxia.be\/nl\/2019\/12\/04\/feest-van-de-heilige-barbara-in-het-aartsbisdom-van-belgie\/\"},\"wordCount\":192,\"publisher\":{\"@id\":\"https:\/\/orthodoxia.be\/#organization\"},\"image\":{\"@id\":\"https:\/\/orthodoxia.be\/nl\/2019\/12\/04\/feest-van-de-heilige-barbara-in-het-aartsbisdom-van-belgie\/#primaryimage\"},\"thumbnailUrl\":\"https:\/\/orthodoxia.be\/wp-content\/uploads\/2019\/12\/Panigyris-Agias-Barbaras-stin-Iera-Mitropoli-Belgiou.jpg\",\"articleSection\":[\"Actualiteit\",\"Parochie van de Heilige Barbara te Genk\",\"Parochie van de Heilige Barbara te Luik\"],\"inLanguage\":\"nl-BE\"},{\"@type\":\"WebPage\",\"@id\":\"https:\/\/orthodoxia.be\/nl\/2019\/12\/04\/feest-van-de-heilige-barbara-in-het-aartsbisdom-van-belgie\/\",\"url\":\"https:\/\/orthodoxia.be\/nl\/2019\/12\/04\/feest-van-de-heilige-barbara-in-het-aartsbisdom-van-belgie\/\",\"name\":\"Feest van de heilige Barbara in het Aartsbisdom van Belgi\u00eb - Orthodox Aartsbisdom van Belgi\u00eb\",\"isPartOf\":{\"@id\":\"https:\/\/orthodoxia.be\/#website\"},\"primaryImageOfPage\":{\"@id\":\"https:\/\/orthodoxia.be\/nl\/2019\/12\/04\/feest-van-de-heilige-barbara-in-het-aartsbisdom-van-belgie\/#primaryimage\"},\"image\":{\"@id\":\"https:\/\/orthodoxia.be\/nl\/2019\/12\/04\/feest-van-de-heilige-barbara-in-het-aartsbisdom-van-belgie\/#primaryimage\"},\"thumbnailUrl\":\"https:\/\/orthodoxia.be\/wp-content\/uploads\/2019\/12\/Panigyris-Agias-Barbaras-stin-Iera-Mitropoli-Belgiou.jpg\",\"datePublished\":\"2019-12-04T15:19:09+00:00\",\"dateModified\":\"2019-12-10T11:03:06+00:00\",\"breadcrumb\":{\"@id\":\"https:\/\/orthodoxia.be\/nl\/2019\/12\/04\/feest-van-de-heilige-barbara-in-het-aartsbisdom-van-belgie\/#breadcrumb\"},\"inLanguage\":\"nl-BE\",\"potentialAction\":[{\"@type\":\"ReadAction\",\"target\":[\"https:\/\/orthodoxia.be\/nl\/2019\/12\/04\/feest-van-de-heilige-barbara-in-het-aartsbisdom-van-belgie\/\"]}]},{\"@type\":\"ImageObject\",\"inLanguage\":\"nl-BE\",\"@id\":\"https:\/\/orthodoxia.be\/nl\/2019\/12\/04\/feest-van-de-heilige-barbara-in-het-aartsbisdom-van-belgie\/#primaryimage\",\"url\":\"https:\/\/orthodoxia.be\/wp-content\/uploads\/2019\/12\/Panigyris-Agias-Barbaras-stin-Iera-Mitropoli-Belgiou.jpg\",\"contentUrl\":\"https:\/\/orthodoxia.be\/wp-content\/uploads\/2019\/12\/Panigyris-Agias-Barbaras-stin-Iera-Mitropoli-Belgiou.jpg\",\"width\":1023,\"height\":657},{\"@type\":\"BreadcrumbList\",\"@id\":\"https:\/\/orthodoxia.be\/nl\/2019\/12\/04\/feest-van-de-heilige-barbara-in-het-aartsbisdom-van-belgie\/#breadcrumb\",\"itemListElement\":[{\"@type\":\"ListItem\",\"position\":1,\"name\":\"Home\",\"item\":\"https:\/\/orthodoxia.be\/nl\/\"},{\"@type\":\"ListItem\",\"position\":2,\"name\":\"Feest van de heilige Barbara in het Aartsbisdom van Belgi\u00eb\"}]},{\"@type\":\"WebSite\",\"@id\":\"https:\/\/orthodoxia.be\/#website\",\"url\":\"https:\/\/orthodoxia.be\/\",\"name\":\"Orthodox Archdiocese of Belgium (Benelux)\",\"description\":\"Exarch of the Nederland en Luxemburg\",\"publisher\":{\"@id\":\"https:\/\/orthodoxia.be\/#organization\"},\"alternateName\":\"IMB\",\"potentialAction\":[{\"@type\":\"SearchAction\",\"target\":{\"@type\":\"EntryPoint\",\"urlTemplate\":\"https:\/\/orthodoxia.be\/?s={search_term_string}\"},\"query-input\":{\"@type\":\"PropertyValueSpecification\",\"valueRequired\":true,\"valueName\":\"search_term_string\"}}],\"inLanguage\":\"nl-BE\"},{\"@type\":\"Organization\",\"@id\":\"https:\/\/orthodoxia.be\/#organization\",\"name\":\"Orthodox Archdiocese of Belgium (Benelux)\",\"url\":\"https:\/\/orthodoxia.be\/\",\"logo\":{\"@type\":\"ImageObject\",\"inLanguage\":\"nl-BE\",\"@id\":\"https:\/\/orthodoxia.be\/#\/schema\/logo\/image\/\",\"url\":\"https:\/\/orthodoxia.be\/wp-content\/uploads\/2024\/02\/cropped-IMB-logo-512-cl-1.png\",\"contentUrl\":\"https:\/\/orthodoxia.be\/wp-content\/uploads\/2024\/02\/cropped-IMB-logo-512-cl-1.png\",\"width\":512,\"height\":512,\"caption\":\"Orthodox Archdiocese of Belgium (Benelux)\"},\"image\":{\"@id\":\"https:\/\/orthodoxia.be\/#\/schema\/logo\/image\/\"},\"sameAs\":[\"https:\/\/www.facebook.com\/orthobel\",\"https:\/\/x.com\/orthobel\",\"https:\/\/www.youtube.com\/c\/orthobel\",\"https:\/\/www.mixcloud.com\/orthobel\/\",\"https:\/\/www.flickr.com\/photos\/148264890@N07\/albums\",\"https:\/\/www.dailymotion.com\/Orthobel\"]},{\"@type\":\"Person\",\"@id\":\"https:\/\/orthodoxia.be\/#\/schema\/person\/4641c70600fbb1aac968996a0ef6d284\",\"name\":\"\u0391\u03c1\u03c7\u03b5\u03af\u03bf \u03a3\u03c5\u03bd\u03b5\u03c1\u03b3\u03b1\u03c4\u03ce\u03bd\",\"image\":{\"@type\":\"ImageObject\",\"inLanguage\":\"nl-BE\",\"@id\":\"https:\/\/orthodoxia.be\/#\/schema\/person\/image\/\",\"url\":\"https:\/\/secure.gravatar.com\/avatar\/0bf791bec6a55758e3ee18a1fc90f09b?s=96&d=mm&r=g\",\"contentUrl\":\"https:\/\/secure.gravatar.com\/avatar\/0bf791bec6a55758e3ee18a1fc90f09b?s=96&d=mm&r=g\",\"caption\":\"\u0391\u03c1\u03c7\u03b5\u03af\u03bf \u03a3\u03c5\u03bd\u03b5\u03c1\u03b3\u03b1\u03c4\u03ce\u03bd\"},\"url\":\"https:\/\/orthodoxia.be\/nl\/author\/archives\/\"}]}<\/script>\n<!-- \/ Yoast SEO plugin. -->","yoast_head_json":{"title":"Feest van de heilige Barbara in het Aartsbisdom van Belgi\u00eb - Orthodox Aartsbisdom van Belgi\u00eb","robots":{"index":"index","follow":"follow","max-snippet":"max-snippet:-1","max-image-preview":"max-image-preview:large","max-video-preview":"max-video-preview:-1"},"canonical":"https:\/\/orthodoxia.be\/nl\/2019\/12\/04\/feest-van-de-heilige-barbara-in-het-aartsbisdom-van-belgie\/","og_locale":"nl_BE","og_type":"article","og_title":"Feest van de heilige Barbara in het Aartsbisdom van Belgi\u00eb - Orthodox Aartsbisdom van Belgi\u00eb","og_description":"Op feestelijke wijze werd de herdenking van de heilige Barbara de Grootmartelares ge\u00eberd in het Aartsbisdom van Belgi\u00eb. Zijne Eminentie Metropoliet Athenagoras van Belgi\u00eb ging voor in de vespers van 3 december 2019 in de parochie van de heilige Barbara in de historische stad Luik. De homilie werd verzorgd door priestermonnik Philadelphos Kafalis, directeur van &hellip; Continued","og_url":"https:\/\/orthodoxia.be\/nl\/2019\/12\/04\/feest-van-de-heilige-barbara-in-het-aartsbisdom-van-belgie\/","og_site_name":"Orthodox Aartsbisdom van Belgi\u00eb","article_publisher":"https:\/\/www.facebook.com\/orthobel","article_published_time":"2019-12-04T15:19:09+00:00","article_modified_time":"2019-12-10T11:03:06+00:00","og_image":[{"width":1023,"height":657,"url":"https:\/\/orthodoxia.be\/wp-content\/uploads\/2019\/12\/Panigyris-Agias-Barbaras-stin-Iera-Mitropoli-Belgiou.jpg","type":"image\/jpeg"}],"author":"\u0391\u03c1\u03c7\u03b5\u03af\u03bf \u03a3\u03c5\u03bd\u03b5\u03c1\u03b3\u03b1\u03c4\u03ce\u03bd","twitter_card":"summary_large_image","twitter_creator":"@orthobel","twitter_site":"@orthobel","twitter_misc":{"Geschreven door":"\u0391\u03c1\u03c7\u03b5\u03af\u03bf \u03a3\u03c5\u03bd\u03b5\u03c1\u03b3\u03b1\u03c4\u03ce\u03bd","Geschatte leestijd":"1 minuut"},"schema":{"@context":"https:\/\/schema.org","@graph":[{"@type":"Article","@id":"https:\/\/orthodoxia.be\/nl\/2019\/12\/04\/feest-van-de-heilige-barbara-in-het-aartsbisdom-van-belgie\/#article","isPartOf":{"@id":"https:\/\/orthodoxia.be\/nl\/2019\/12\/04\/feest-van-de-heilige-barbara-in-het-aartsbisdom-van-belgie\/"},"author":{"name":"\u0391\u03c1\u03c7\u03b5\u03af\u03bf \u03a3\u03c5\u03bd\u03b5\u03c1\u03b3\u03b1\u03c4\u03ce\u03bd","@id":"https:\/\/orthodoxia.be\/#\/schema\/person\/4641c70600fbb1aac968996a0ef6d284"},"headline":"Feest van de heilige Barbara in het Aartsbisdom van Belgi\u00eb","datePublished":"2019-12-04T15:19:09+00:00","dateModified":"2019-12-10T11:03:06+00:00","mainEntityOfPage":{"@id":"https:\/\/orthodoxia.be\/nl\/2019\/12\/04\/feest-van-de-heilige-barbara-in-het-aartsbisdom-van-belgie\/"},"wordCount":192,"publisher":{"@id":"https:\/\/orthodoxia.be\/#organization"},"image":{"@id":"https:\/\/orthodoxia.be\/nl\/2019\/12\/04\/feest-van-de-heilige-barbara-in-het-aartsbisdom-van-belgie\/#primaryimage"},"thumbnailUrl":"https:\/\/orthodoxia.be\/wp-content\/uploads\/2019\/12\/Panigyris-Agias-Barbaras-stin-Iera-Mitropoli-Belgiou.jpg","articleSection":["Actualiteit","Parochie van de Heilige Barbara te Genk","Parochie van de Heilige Barbara te Luik"],"inLanguage":"nl-BE"},{"@type":"WebPage","@id":"https:\/\/orthodoxia.be\/nl\/2019\/12\/04\/feest-van-de-heilige-barbara-in-het-aartsbisdom-van-belgie\/","url":"https:\/\/orthodoxia.be\/nl\/2019\/12\/04\/feest-van-de-heilige-barbara-in-het-aartsbisdom-van-belgie\/","name":"Feest van de heilige Barbara in het Aartsbisdom van Belgi\u00eb - Orthodox Aartsbisdom van Belgi\u00eb","isPartOf":{"@id":"https:\/\/orthodoxia.be\/#website"},"primaryImageOfPage":{"@id":"https:\/\/orthodoxia.be\/nl\/2019\/12\/04\/feest-van-de-heilige-barbara-in-het-aartsbisdom-van-belgie\/#primaryimage"},"image":{"@id":"https:\/\/orthodoxia.be\/nl\/2019\/12\/04\/feest-van-de-heilige-barbara-in-het-aartsbisdom-van-belgie\/#primaryimage"},"thumbnailUrl":"https:\/\/orthodoxia.be\/wp-content\/uploads\/2019\/12\/Panigyris-Agias-Barbaras-stin-Iera-Mitropoli-Belgiou.jpg","datePublished":"2019-12-04T15:19:09+00:00","dateModified":"2019-12-10T11:03:06+00:00","breadcrumb":{"@id":"https:\/\/orthodoxia.be\/nl\/2019\/12\/04\/feest-van-de-heilige-barbara-in-het-aartsbisdom-van-belgie\/#breadcrumb"},"inLanguage":"nl-BE","potentialAction":[{"@type":"ReadAction","target":["https:\/\/orthodoxia.be\/nl\/2019\/12\/04\/feest-van-de-heilige-barbara-in-het-aartsbisdom-van-belgie\/"]}]},{"@type":"ImageObject","inLanguage":"nl-BE","@id":"https:\/\/orthodoxia.be\/nl\/2019\/12\/04\/feest-van-de-heilige-barbara-in-het-aartsbisdom-van-belgie\/#primaryimage","url":"https:\/\/orthodoxia.be\/wp-content\/uploads\/2019\/12\/Panigyris-Agias-Barbaras-stin-Iera-Mitropoli-Belgiou.jpg","contentUrl":"https:\/\/orthodoxia.be\/wp-content\/uploads\/2019\/12\/Panigyris-Agias-Barbaras-stin-Iera-Mitropoli-Belgiou.jpg","width":1023,"height":657},{"@type":"BreadcrumbList","@id":"https:\/\/orthodoxia.be\/nl\/2019\/12\/04\/feest-van-de-heilige-barbara-in-het-aartsbisdom-van-belgie\/#breadcrumb","itemListElement":[{"@type":"ListItem","position":1,"name":"Home","item":"https:\/\/orthodoxia.be\/nl\/"},{"@type":"ListItem","position":2,"name":"Feest van de heilige Barbara in het Aartsbisdom van Belgi\u00eb"}]},{"@type":"WebSite","@id":"https:\/\/orthodoxia.be\/#website","url":"https:\/\/orthodoxia.be\/","name":"Orthodox Archdiocese of Belgium (Benelux)","description":"Exarch of the Nederland en Luxemburg","publisher":{"@id":"https:\/\/orthodoxia.be\/#organization"},"alternateName":"IMB","potentialAction":[{"@type":"SearchAction","target":{"@type":"EntryPoint","urlTemplate":"https:\/\/orthodoxia.be\/?s={search_term_string}"},"query-input":{"@type":"PropertyValueSpecification","valueRequired":true,"valueName":"search_term_string"}}],"inLanguage":"nl-BE"},{"@type":"Organization","@id":"https:\/\/orthodoxia.be\/#organization","name":"Orthodox Archdiocese of Belgium (Benelux)","url":"https:\/\/orthodoxia.be\/","logo":{"@type":"ImageObject","inLanguage":"nl-BE","@id":"https:\/\/orthodoxia.be\/#\/schema\/logo\/image\/","url":"https:\/\/orthodoxia.be\/wp-content\/uploads\/2024\/02\/cropped-IMB-logo-512-cl-1.png","contentUrl":"https:\/\/orthodoxia.be\/wp-content\/uploads\/2024\/02\/cropped-IMB-logo-512-cl-1.png","width":512,"height":512,"caption":"Orthodox Archdiocese of Belgium (Benelux)"},"image":{"@id":"https:\/\/orthodoxia.be\/#\/schema\/logo\/image\/"},"sameAs":["https:\/\/www.facebook.com\/orthobel","https:\/\/x.com\/orthobel","https:\/\/www.youtube.com\/c\/orthobel","https:\/\/www.mixcloud.com\/orthobel\/","https:\/\/www.flickr.com\/photos\/148264890@N07\/albums","https:\/\/www.dailymotion.com\/Orthobel"]},{"@type":"Person","@id":"https:\/\/orthodoxia.be\/#\/schema\/person\/4641c70600fbb1aac968996a0ef6d284","name":"\u0391\u03c1\u03c7\u03b5\u03af\u03bf \u03a3\u03c5\u03bd\u03b5\u03c1\u03b3\u03b1\u03c4\u03ce\u03bd","image":{"@type":"ImageObject","inLanguage":"nl-BE","@id":"https:\/\/orthodoxia.be\/#\/schema\/person\/image\/","url":"https:\/\/secure.gravatar.com\/avatar\/0bf791bec6a55758e3ee18a1fc90f09b?s=96&d=mm&r=g","contentUrl":"https:\/\/secure.gravatar.com\/avatar\/0bf791bec6a55758e3ee18a1fc90f09b?s=96&d=mm&r=g","caption":"\u0391\u03c1\u03c7\u03b5\u03af\u03bf \u03a3\u03c5\u03bd\u03b5\u03c1\u03b3\u03b1\u03c4\u03ce\u03bd"},"url":"https:\/\/orthodoxia.be\/nl\/author\/archives\/"}]}},"_links":{"self":[{"href":"https:\/\/orthodoxia.be\/nl\/wp-json\/wp\/v2\/posts\/20926","targetHints":{"allow":["GET"]}}],"collection":[{"href":"https:\/\/orthodoxia.be\/nl\/wp-json\/wp\/v2\/posts"}],"about":[{"href":"https:\/\/orthodoxia.be\/nl\/wp-json\/wp\/v2\/types\/post"}],"author":[{"embeddable":true,"href":"https:\/\/orthodoxia.be\/nl\/wp-json\/wp\/v2\/users\/12"}],"replies":[{"embeddable":true,"href":"https:\/\/orthodoxia.be\/nl\/wp-json\/wp\/v2\/comments?post=20926"}],"version-history":[{"count":1,"href":"https:\/\/orthodoxia.be\/nl\/wp-json\/wp\/v2\/posts\/20926\/revisions"}],"predecessor-version":[{"id":20927,"href":"https:\/\/orthodoxia.be\/nl\/wp-json\/wp\/v2\/posts\/20926\/revisions\/20927"}],"wp:featuredmedia":[{"embeddable":true,"href":"https:\/\/orthodoxia.be\/nl\/wp-json\/wp\/v2\/media\/20911"}],"wp:attachment":[{"href":"https:\/\/orthodoxia.be\/nl\/wp-json\/wp\/v2\/media?parent=20926"}],"wp:term":[{"taxonomy":"category","embeddable":true,"href":"https:\/\/orthodoxia.be\/nl\/wp-json\/wp\/v2\/categories?post=20926"},{"taxonomy":"post_tag","embeddable":true,"href":"https:\/\/orthodoxia.be\/nl\/wp-json\/wp\/v2\/tags?post=20926"}],"curies":[{"name":"wp","href":"https:\/\/api.w.org\/{rel}","templated":true}]}}