{"id":27789,"date":"2020-06-17T17:15:30","date_gmt":"2020-06-17T15:15:30","guid":{"rendered":"http:\/\/orthodoxia.be\/?p=27789"},"modified":"2020-06-18T16:12:04","modified_gmt":"2020-06-18T14:12:04","slug":"communique-19e-bijeenkomst-van-de-conferentie-van-orthodoxe-bisschoppen-van-de-benelux-obb","status":"publish","type":"post","link":"https:\/\/orthodoxia.be\/nl\/2020\/06\/17\/communique-19e-bijeenkomst-van-de-conferentie-van-orthodoxe-bisschoppen-van-de-benelux-obb\/","title":{"rendered":"Communiqu\u00e9 19e bijeenkomst van de Orthodoxe Bisschoppenconferentie van de Benelux (OBB)"},"content":{"rendered":"<h1 style=\"text-align: center;\"><span style=\"color: #800000;\">Communiqu\u00e9<\/span><br \/>\n<span style=\"color: #800000;\">19e Vergadering van de Orthodoxe Bisschoppenconferentie van de Benelux (CEOB)<\/span><\/h1>\n<p style=\"text-align: justify;\">Brussel &#8211; De Orthodoxe Bisschoppenconferentie van de Benelux (CEOB) kwam op woensdag 17 juni 2020 voor de negentiende keer bijeen op de zetel van het Orthodoxe Aartsbisdom van Belgi\u00eb, Charbolaan 71 in Brussel. De vergadering werd voorgezeten door Zijne Eminentie Metropoliet Athenagoras van Belgi\u00eb (Oecumenisch Patriarchaat). De deelnemers waren Hunne Excellenties Bisschop Joachim van Apollonia (hulpbisschop van het Orthodoxe Aartsbisdom van Belgi\u00eb &#8211; Oecumenisch Patriarchaat, Bisschop Marc van Neamts, vertegenwoordiger van Metropoliet Joseph &#8211; Patriarchaat van Roemeni\u00eb) en Bisschop Dositheos (Patriarchaat van Georgi\u00eb).<\/p>\n<p style=\"text-align: justify;\">Vooraleer aan de werkzaamheden van de vergadering te beginnen werd het nieuwe lid van het OBB, Zijne Excellentie Bisschop Joachim van Apollonia, verwelkomd door de voorzitter en de andere bisschoppen van de Orthodoxe Bisschoppenconferentie van de Benelux, waarbij zij hun vreugde en wensen uitten ter gelegenheid van zijn verheffing tot het episcopaat.<\/p>\n<p style=\"text-align: justify;\">De voorzitter bracht vervolgens de andere bisschoppen op de hoogte van het leven van de Orthodoxe Kerk in de drie landen van de Benelux. De door de regeringen opgelegde maatregelen om de COVID-19-pandemie het hoofd te bieden en de gevolgen daarvan op het religieuze leven van de Orthodoxe Kerk in de drie Benelux-landen stonden centraal in de informatie en bedenkingen van de bisschoppen tijdens deze vergadering. Zij wisselden vooral van gedachten over de diverse reglementeringen tijdens deze periode van gezondheidscrisis.<\/p>\n<p style=\"text-align: justify;\">Informatie over het nieuw decreet m.b.t. het beheer van religieuze gemeenschappen in het Brussels Hoofdstedelijk Gewest en een ontmoeting met de Vlaamse Regering in het kader van de aanvragen tot erkenning van parochies waren andere punten die door de bisschoppen aan de orde werden gesteld.<\/p>\n<p style=\"text-align: justify;\">Verder werd de impact van COVID-19 op het verloop van festiviteiten en traditionele Te Deums voor de nationale feestdagen in Belgi\u00eb en Luxemburg onderzocht. Er werd voorgesteld om jaarlijks alle orthodoxe gemeenschappen van Brussel samen te brengen vanaf 2021 voor een &#8220;Te Deum&#8221; op een zondag dichtbij de datum van de Nationale Feestdag van Belgi\u00eb, zoals nu al het geval is in het Groothertogdom Luxemburg.<\/p>\n<p style=\"text-align: justify;\">De bisschoppen besloten ook in mei 2021 de pelgrimstocht naar Georgi\u00eb te maken.<\/p>\n<p style=\"text-align: justify;\">De aanwezigheid van de Orthodoxe Kerk in Nederland en de overplaatsing van het Orthodox Theologisch Instelling Sint-Irineus van de Universiteit van Amsterdam naar de Universiteit van Nijmegen kwamen aan bod.<\/p>\n<p style=\"text-align: justify;\">De bisschoppen bestudeerden het leven en de ontwikkeling van de diverse orthodoxe aanwezigheden in Belgi\u00eb, Nederland en Luxemburg door nieuws en informatie uit te wisselen.<\/p>\n<p style=\"text-align: justify;\">De volgende bijeenkomst van de Orthodoxe Bisschoppenconferentie van de Benelux zal doorgaan op 17 november 2020.<\/p>\n<p style=\"text-align: justify;\">De Orthodoxe Bisschoppenconferentie van de Benelux werd opgericht bij besluit van de 4e Panorthodoxe Preconciliaire Conferentie, in juni 2009 in Chamb\u00e9sy (Gen\u00e8ve).<\/p>\n<p>&nbsp;<\/p>\n<p>&nbsp;<\/p>\n<p>[FAGP id=27783]<\/p>\n","protected":false},"excerpt":{"rendered":"<p>Communiqu\u00e9 19e Vergadering van de Orthodoxe Bisschoppenconferentie van de Benelux (CEOB) Brussel &#8211; De Orthodoxe Bisschoppenconferentie van de Benelux (CEOB) kwam op woensdag 17 juni 2020 voor de negentiende keer bijeen op de zetel van het Orthodoxe Aartsbisdom van Belgi\u00eb, Charbolaan 71 in Brussel. De vergadering werd voorgezeten door Zijne Eminentie Metropoliet Athenagoras van Belgi\u00eb &hellip; <a href=\"https:\/\/orthodoxia.be\/nl\/2020\/06\/17\/communique-19e-bijeenkomst-van-de-conferentie-van-orthodoxe-bisschoppen-van-de-benelux-obb\/\">Continued<\/a><\/p>\n","protected":false},"author":10,"featured_media":27775,"comment_status":"closed","ping_status":"open","sticky":false,"template":"","format":"standard","meta":{"_acf_changed":false,"footnotes":""},"categories":[18,310,83],"tags":[],"class_list":["post-27789","post","type-post","status-publish","format-standard","has-post-thumbnail","hentry","category-actualiteit","category-obb","category-persmededelingen"],"acf":[],"yoast_head":"<!-- This site is optimized with the Yoast SEO plugin v24.3 - https:\/\/yoast.com\/wordpress\/plugins\/seo\/ -->\n<title>Communiqu\u00e9 19e bijeenkomst van de Orthodoxe Bisschoppenconferentie van de Benelux (OBB) - Orthodox Aartsbisdom van Belgi\u00eb<\/title>\n<meta name=\"robots\" content=\"index, follow, max-snippet:-1, max-image-preview:large, max-video-preview:-1\" \/>\n<link rel=\"canonical\" href=\"https:\/\/orthodoxia.be\/nl\/2020\/06\/17\/communique-19e-bijeenkomst-van-de-conferentie-van-orthodoxe-bisschoppen-van-de-benelux-obb\/\" \/>\n<meta property=\"og:locale\" content=\"nl_BE\" \/>\n<meta property=\"og:type\" content=\"article\" \/>\n<meta property=\"og:title\" content=\"Communiqu\u00e9 19e bijeenkomst van de Orthodoxe Bisschoppenconferentie van de Benelux (OBB) - Orthodox Aartsbisdom van Belgi\u00eb\" \/>\n<meta property=\"og:description\" content=\"Communiqu\u00e9 19e Vergadering van de Orthodoxe Bisschoppenconferentie van de Benelux (CEOB) Brussel &#8211; De Orthodoxe Bisschoppenconferentie van de Benelux (CEOB) kwam op woensdag 17 juni 2020 voor de negentiende keer bijeen op de zetel van het Orthodoxe Aartsbisdom van Belgi\u00eb, Charbolaan 71 in Brussel. De vergadering werd voorgezeten door Zijne Eminentie Metropoliet Athenagoras van Belgi\u00eb &hellip; Continued\" \/>\n<meta property=\"og:url\" content=\"https:\/\/orthodoxia.be\/nl\/2020\/06\/17\/communique-19e-bijeenkomst-van-de-conferentie-van-orthodoxe-bisschoppen-van-de-benelux-obb\/\" \/>\n<meta property=\"og:site_name\" content=\"Orthodox Aartsbisdom van Belgi\u00eb\" \/>\n<meta property=\"article:publisher\" content=\"https:\/\/www.facebook.com\/orthobel\" \/>\n<meta property=\"article:published_time\" content=\"2020-06-17T15:15:30+00:00\" \/>\n<meta property=\"article:modified_time\" content=\"2020-06-18T14:12:04+00:00\" \/>\n<meta property=\"og:image\" content=\"https:\/\/orthodoxia.be\/wp-content\/uploads\/2020\/06\/IMG_1590.jpg\" \/>\n\t<meta property=\"og:image:width\" content=\"1023\" \/>\n\t<meta property=\"og:image:height\" content=\"767\" \/>\n\t<meta property=\"og:image:type\" content=\"image\/jpeg\" \/>\n<meta name=\"author\" content=\"fr. Emilianos Chatzivasileiou\" \/>\n<meta name=\"twitter:card\" content=\"summary_large_image\" \/>\n<meta name=\"twitter:creator\" content=\"@orthobel\" \/>\n<meta name=\"twitter:site\" content=\"@orthobel\" \/>\n<meta name=\"twitter:label1\" content=\"Geschreven door\" \/>\n\t<meta name=\"twitter:data1\" content=\"fr. Emilianos Chatzivasileiou\" \/>\n\t<meta name=\"twitter:label2\" content=\"Geschatte leestijd\" \/>\n\t<meta name=\"twitter:data2\" content=\"2 minuten\" \/>\n<script type=\"application\/ld+json\" class=\"yoast-schema-graph\">{\"@context\":\"https:\/\/schema.org\",\"@graph\":[{\"@type\":\"Article\",\"@id\":\"https:\/\/orthodoxia.be\/nl\/2020\/06\/17\/communique-19e-bijeenkomst-van-de-conferentie-van-orthodoxe-bisschoppen-van-de-benelux-obb\/#article\",\"isPartOf\":{\"@id\":\"https:\/\/orthodoxia.be\/nl\/2020\/06\/17\/communique-19e-bijeenkomst-van-de-conferentie-van-orthodoxe-bisschoppen-van-de-benelux-obb\/\"},\"author\":{\"name\":\"fr. Emilianos Chatzivasileiou\",\"@id\":\"https:\/\/orthodoxia.be\/#\/schema\/person\/f6c4fd8f4c3dfc201522ccccede872c4\"},\"headline\":\"Communiqu\u00e9 19e bijeenkomst van de Orthodoxe Bisschoppenconferentie van de Benelux (OBB)\",\"datePublished\":\"2020-06-17T15:15:30+00:00\",\"dateModified\":\"2020-06-18T14:12:04+00:00\",\"mainEntityOfPage\":{\"@id\":\"https:\/\/orthodoxia.be\/nl\/2020\/06\/17\/communique-19e-bijeenkomst-van-de-conferentie-van-orthodoxe-bisschoppen-van-de-benelux-obb\/\"},\"wordCount\":454,\"publisher\":{\"@id\":\"https:\/\/orthodoxia.be\/#organization\"},\"image\":{\"@id\":\"https:\/\/orthodoxia.be\/nl\/2020\/06\/17\/communique-19e-bijeenkomst-van-de-conferentie-van-orthodoxe-bisschoppen-van-de-benelux-obb\/#primaryimage\"},\"thumbnailUrl\":\"https:\/\/orthodoxia.be\/wp-content\/uploads\/2020\/06\/IMG_1590.jpg\",\"articleSection\":[\"Actualiteit\",\"Orthodoxe Bisschoppenconferentie van de Benelux\",\"Persmededelingen\"],\"inLanguage\":\"nl-BE\"},{\"@type\":\"WebPage\",\"@id\":\"https:\/\/orthodoxia.be\/nl\/2020\/06\/17\/communique-19e-bijeenkomst-van-de-conferentie-van-orthodoxe-bisschoppen-van-de-benelux-obb\/\",\"url\":\"https:\/\/orthodoxia.be\/nl\/2020\/06\/17\/communique-19e-bijeenkomst-van-de-conferentie-van-orthodoxe-bisschoppen-van-de-benelux-obb\/\",\"name\":\"Communiqu\u00e9 19e bijeenkomst van de Orthodoxe Bisschoppenconferentie van de Benelux (OBB) - Orthodox Aartsbisdom van Belgi\u00eb\",\"isPartOf\":{\"@id\":\"https:\/\/orthodoxia.be\/#website\"},\"primaryImageOfPage\":{\"@id\":\"https:\/\/orthodoxia.be\/nl\/2020\/06\/17\/communique-19e-bijeenkomst-van-de-conferentie-van-orthodoxe-bisschoppen-van-de-benelux-obb\/#primaryimage\"},\"image\":{\"@id\":\"https:\/\/orthodoxia.be\/nl\/2020\/06\/17\/communique-19e-bijeenkomst-van-de-conferentie-van-orthodoxe-bisschoppen-van-de-benelux-obb\/#primaryimage\"},\"thumbnailUrl\":\"https:\/\/orthodoxia.be\/wp-content\/uploads\/2020\/06\/IMG_1590.jpg\",\"datePublished\":\"2020-06-17T15:15:30+00:00\",\"dateModified\":\"2020-06-18T14:12:04+00:00\",\"breadcrumb\":{\"@id\":\"https:\/\/orthodoxia.be\/nl\/2020\/06\/17\/communique-19e-bijeenkomst-van-de-conferentie-van-orthodoxe-bisschoppen-van-de-benelux-obb\/#breadcrumb\"},\"inLanguage\":\"nl-BE\",\"potentialAction\":[{\"@type\":\"ReadAction\",\"target\":[\"https:\/\/orthodoxia.be\/nl\/2020\/06\/17\/communique-19e-bijeenkomst-van-de-conferentie-van-orthodoxe-bisschoppen-van-de-benelux-obb\/\"]}]},{\"@type\":\"ImageObject\",\"inLanguage\":\"nl-BE\",\"@id\":\"https:\/\/orthodoxia.be\/nl\/2020\/06\/17\/communique-19e-bijeenkomst-van-de-conferentie-van-orthodoxe-bisschoppen-van-de-benelux-obb\/#primaryimage\",\"url\":\"https:\/\/orthodoxia.be\/wp-content\/uploads\/2020\/06\/IMG_1590.jpg\",\"contentUrl\":\"https:\/\/orthodoxia.be\/wp-content\/uploads\/2020\/06\/IMG_1590.jpg\",\"width\":1023,\"height\":767},{\"@type\":\"BreadcrumbList\",\"@id\":\"https:\/\/orthodoxia.be\/nl\/2020\/06\/17\/communique-19e-bijeenkomst-van-de-conferentie-van-orthodoxe-bisschoppen-van-de-benelux-obb\/#breadcrumb\",\"itemListElement\":[{\"@type\":\"ListItem\",\"position\":1,\"name\":\"Home\",\"item\":\"https:\/\/orthodoxia.be\/nl\/\"},{\"@type\":\"ListItem\",\"position\":2,\"name\":\"Communiqu\u00e9 19e bijeenkomst van de Orthodoxe Bisschoppenconferentie van de Benelux (OBB)\"}]},{\"@type\":\"WebSite\",\"@id\":\"https:\/\/orthodoxia.be\/#website\",\"url\":\"https:\/\/orthodoxia.be\/\",\"name\":\"Orthodox Archdiocese of Belgium (Benelux)\",\"description\":\"Exarch of the Nederland en Luxemburg\",\"publisher\":{\"@id\":\"https:\/\/orthodoxia.be\/#organization\"},\"alternateName\":\"IMB\",\"potentialAction\":[{\"@type\":\"SearchAction\",\"target\":{\"@type\":\"EntryPoint\",\"urlTemplate\":\"https:\/\/orthodoxia.be\/?s={search_term_string}\"},\"query-input\":{\"@type\":\"PropertyValueSpecification\",\"valueRequired\":true,\"valueName\":\"search_term_string\"}}],\"inLanguage\":\"nl-BE\"},{\"@type\":\"Organization\",\"@id\":\"https:\/\/orthodoxia.be\/#organization\",\"name\":\"Orthodox Archdiocese of Belgium (Benelux)\",\"url\":\"https:\/\/orthodoxia.be\/\",\"logo\":{\"@type\":\"ImageObject\",\"inLanguage\":\"nl-BE\",\"@id\":\"https:\/\/orthodoxia.be\/#\/schema\/logo\/image\/\",\"url\":\"https:\/\/orthodoxia.be\/wp-content\/uploads\/2024\/02\/cropped-IMB-logo-512-cl-1.png\",\"contentUrl\":\"https:\/\/orthodoxia.be\/wp-content\/uploads\/2024\/02\/cropped-IMB-logo-512-cl-1.png\",\"width\":512,\"height\":512,\"caption\":\"Orthodox Archdiocese of Belgium (Benelux)\"},\"image\":{\"@id\":\"https:\/\/orthodoxia.be\/#\/schema\/logo\/image\/\"},\"sameAs\":[\"https:\/\/www.facebook.com\/orthobel\",\"https:\/\/x.com\/orthobel\",\"https:\/\/www.youtube.com\/c\/orthobel\",\"https:\/\/www.mixcloud.com\/orthobel\/\",\"https:\/\/www.flickr.com\/photos\/148264890@N07\/albums\",\"https:\/\/www.dailymotion.com\/Orthobel\"]},{\"@type\":\"Person\",\"@id\":\"https:\/\/orthodoxia.be\/#\/schema\/person\/f6c4fd8f4c3dfc201522ccccede872c4\",\"name\":\"fr. Emilianos Chatzivasileiou\",\"image\":{\"@type\":\"ImageObject\",\"inLanguage\":\"nl-BE\",\"@id\":\"https:\/\/orthodoxia.be\/#\/schema\/person\/image\/\",\"url\":\"https:\/\/secure.gravatar.com\/avatar\/5b67115dbb9ae1579c39e9ae857d39ac?s=96&d=mm&r=g\",\"contentUrl\":\"https:\/\/secure.gravatar.com\/avatar\/5b67115dbb9ae1579c39e9ae857d39ac?s=96&d=mm&r=g\",\"caption\":\"fr. Emilianos Chatzivasileiou\"},\"sameAs\":[\"http:\/\/orthodoxia.be\"],\"url\":\"https:\/\/orthodoxia.be\/nl\/author\/p-emilianos\/\"}]}<\/script>\n<!-- \/ Yoast SEO plugin. -->","yoast_head_json":{"title":"Communiqu\u00e9 19e bijeenkomst van de Orthodoxe Bisschoppenconferentie van de Benelux (OBB) - Orthodox Aartsbisdom van Belgi\u00eb","robots":{"index":"index","follow":"follow","max-snippet":"max-snippet:-1","max-image-preview":"max-image-preview:large","max-video-preview":"max-video-preview:-1"},"canonical":"https:\/\/orthodoxia.be\/nl\/2020\/06\/17\/communique-19e-bijeenkomst-van-de-conferentie-van-orthodoxe-bisschoppen-van-de-benelux-obb\/","og_locale":"nl_BE","og_type":"article","og_title":"Communiqu\u00e9 19e bijeenkomst van de Orthodoxe Bisschoppenconferentie van de Benelux (OBB) - Orthodox Aartsbisdom van Belgi\u00eb","og_description":"Communiqu\u00e9 19e Vergadering van de Orthodoxe Bisschoppenconferentie van de Benelux (CEOB) Brussel &#8211; De Orthodoxe Bisschoppenconferentie van de Benelux (CEOB) kwam op woensdag 17 juni 2020 voor de negentiende keer bijeen op de zetel van het Orthodoxe Aartsbisdom van Belgi\u00eb, Charbolaan 71 in Brussel. De vergadering werd voorgezeten door Zijne Eminentie Metropoliet Athenagoras van Belgi\u00eb &hellip; Continued","og_url":"https:\/\/orthodoxia.be\/nl\/2020\/06\/17\/communique-19e-bijeenkomst-van-de-conferentie-van-orthodoxe-bisschoppen-van-de-benelux-obb\/","og_site_name":"Orthodox Aartsbisdom van Belgi\u00eb","article_publisher":"https:\/\/www.facebook.com\/orthobel","article_published_time":"2020-06-17T15:15:30+00:00","article_modified_time":"2020-06-18T14:12:04+00:00","og_image":[{"width":1023,"height":767,"url":"https:\/\/orthodoxia.be\/wp-content\/uploads\/2020\/06\/IMG_1590.jpg","type":"image\/jpeg"}],"author":"fr. Emilianos Chatzivasileiou","twitter_card":"summary_large_image","twitter_creator":"@orthobel","twitter_site":"@orthobel","twitter_misc":{"Geschreven door":"fr. Emilianos Chatzivasileiou","Geschatte leestijd":"2 minuten"},"schema":{"@context":"https:\/\/schema.org","@graph":[{"@type":"Article","@id":"https:\/\/orthodoxia.be\/nl\/2020\/06\/17\/communique-19e-bijeenkomst-van-de-conferentie-van-orthodoxe-bisschoppen-van-de-benelux-obb\/#article","isPartOf":{"@id":"https:\/\/orthodoxia.be\/nl\/2020\/06\/17\/communique-19e-bijeenkomst-van-de-conferentie-van-orthodoxe-bisschoppen-van-de-benelux-obb\/"},"author":{"name":"fr. Emilianos Chatzivasileiou","@id":"https:\/\/orthodoxia.be\/#\/schema\/person\/f6c4fd8f4c3dfc201522ccccede872c4"},"headline":"Communiqu\u00e9 19e bijeenkomst van de Orthodoxe Bisschoppenconferentie van de Benelux (OBB)","datePublished":"2020-06-17T15:15:30+00:00","dateModified":"2020-06-18T14:12:04+00:00","mainEntityOfPage":{"@id":"https:\/\/orthodoxia.be\/nl\/2020\/06\/17\/communique-19e-bijeenkomst-van-de-conferentie-van-orthodoxe-bisschoppen-van-de-benelux-obb\/"},"wordCount":454,"publisher":{"@id":"https:\/\/orthodoxia.be\/#organization"},"image":{"@id":"https:\/\/orthodoxia.be\/nl\/2020\/06\/17\/communique-19e-bijeenkomst-van-de-conferentie-van-orthodoxe-bisschoppen-van-de-benelux-obb\/#primaryimage"},"thumbnailUrl":"https:\/\/orthodoxia.be\/wp-content\/uploads\/2020\/06\/IMG_1590.jpg","articleSection":["Actualiteit","Orthodoxe Bisschoppenconferentie van de Benelux","Persmededelingen"],"inLanguage":"nl-BE"},{"@type":"WebPage","@id":"https:\/\/orthodoxia.be\/nl\/2020\/06\/17\/communique-19e-bijeenkomst-van-de-conferentie-van-orthodoxe-bisschoppen-van-de-benelux-obb\/","url":"https:\/\/orthodoxia.be\/nl\/2020\/06\/17\/communique-19e-bijeenkomst-van-de-conferentie-van-orthodoxe-bisschoppen-van-de-benelux-obb\/","name":"Communiqu\u00e9 19e bijeenkomst van de Orthodoxe Bisschoppenconferentie van de Benelux (OBB) - Orthodox Aartsbisdom van Belgi\u00eb","isPartOf":{"@id":"https:\/\/orthodoxia.be\/#website"},"primaryImageOfPage":{"@id":"https:\/\/orthodoxia.be\/nl\/2020\/06\/17\/communique-19e-bijeenkomst-van-de-conferentie-van-orthodoxe-bisschoppen-van-de-benelux-obb\/#primaryimage"},"image":{"@id":"https:\/\/orthodoxia.be\/nl\/2020\/06\/17\/communique-19e-bijeenkomst-van-de-conferentie-van-orthodoxe-bisschoppen-van-de-benelux-obb\/#primaryimage"},"thumbnailUrl":"https:\/\/orthodoxia.be\/wp-content\/uploads\/2020\/06\/IMG_1590.jpg","datePublished":"2020-06-17T15:15:30+00:00","dateModified":"2020-06-18T14:12:04+00:00","breadcrumb":{"@id":"https:\/\/orthodoxia.be\/nl\/2020\/06\/17\/communique-19e-bijeenkomst-van-de-conferentie-van-orthodoxe-bisschoppen-van-de-benelux-obb\/#breadcrumb"},"inLanguage":"nl-BE","potentialAction":[{"@type":"ReadAction","target":["https:\/\/orthodoxia.be\/nl\/2020\/06\/17\/communique-19e-bijeenkomst-van-de-conferentie-van-orthodoxe-bisschoppen-van-de-benelux-obb\/"]}]},{"@type":"ImageObject","inLanguage":"nl-BE","@id":"https:\/\/orthodoxia.be\/nl\/2020\/06\/17\/communique-19e-bijeenkomst-van-de-conferentie-van-orthodoxe-bisschoppen-van-de-benelux-obb\/#primaryimage","url":"https:\/\/orthodoxia.be\/wp-content\/uploads\/2020\/06\/IMG_1590.jpg","contentUrl":"https:\/\/orthodoxia.be\/wp-content\/uploads\/2020\/06\/IMG_1590.jpg","width":1023,"height":767},{"@type":"BreadcrumbList","@id":"https:\/\/orthodoxia.be\/nl\/2020\/06\/17\/communique-19e-bijeenkomst-van-de-conferentie-van-orthodoxe-bisschoppen-van-de-benelux-obb\/#breadcrumb","itemListElement":[{"@type":"ListItem","position":1,"name":"Home","item":"https:\/\/orthodoxia.be\/nl\/"},{"@type":"ListItem","position":2,"name":"Communiqu\u00e9 19e bijeenkomst van de Orthodoxe Bisschoppenconferentie van de Benelux (OBB)"}]},{"@type":"WebSite","@id":"https:\/\/orthodoxia.be\/#website","url":"https:\/\/orthodoxia.be\/","name":"Orthodox Archdiocese of Belgium (Benelux)","description":"Exarch of the Nederland en Luxemburg","publisher":{"@id":"https:\/\/orthodoxia.be\/#organization"},"alternateName":"IMB","potentialAction":[{"@type":"SearchAction","target":{"@type":"EntryPoint","urlTemplate":"https:\/\/orthodoxia.be\/?s={search_term_string}"},"query-input":{"@type":"PropertyValueSpecification","valueRequired":true,"valueName":"search_term_string"}}],"inLanguage":"nl-BE"},{"@type":"Organization","@id":"https:\/\/orthodoxia.be\/#organization","name":"Orthodox Archdiocese of Belgium (Benelux)","url":"https:\/\/orthodoxia.be\/","logo":{"@type":"ImageObject","inLanguage":"nl-BE","@id":"https:\/\/orthodoxia.be\/#\/schema\/logo\/image\/","url":"https:\/\/orthodoxia.be\/wp-content\/uploads\/2024\/02\/cropped-IMB-logo-512-cl-1.png","contentUrl":"https:\/\/orthodoxia.be\/wp-content\/uploads\/2024\/02\/cropped-IMB-logo-512-cl-1.png","width":512,"height":512,"caption":"Orthodox Archdiocese of Belgium (Benelux)"},"image":{"@id":"https:\/\/orthodoxia.be\/#\/schema\/logo\/image\/"},"sameAs":["https:\/\/www.facebook.com\/orthobel","https:\/\/x.com\/orthobel","https:\/\/www.youtube.com\/c\/orthobel","https:\/\/www.mixcloud.com\/orthobel\/","https:\/\/www.flickr.com\/photos\/148264890@N07\/albums","https:\/\/www.dailymotion.com\/Orthobel"]},{"@type":"Person","@id":"https:\/\/orthodoxia.be\/#\/schema\/person\/f6c4fd8f4c3dfc201522ccccede872c4","name":"fr. Emilianos Chatzivasileiou","image":{"@type":"ImageObject","inLanguage":"nl-BE","@id":"https:\/\/orthodoxia.be\/#\/schema\/person\/image\/","url":"https:\/\/secure.gravatar.com\/avatar\/5b67115dbb9ae1579c39e9ae857d39ac?s=96&d=mm&r=g","contentUrl":"https:\/\/secure.gravatar.com\/avatar\/5b67115dbb9ae1579c39e9ae857d39ac?s=96&d=mm&r=g","caption":"fr. Emilianos Chatzivasileiou"},"sameAs":["http:\/\/orthodoxia.be"],"url":"https:\/\/orthodoxia.be\/nl\/author\/p-emilianos\/"}]}},"_links":{"self":[{"href":"https:\/\/orthodoxia.be\/nl\/wp-json\/wp\/v2\/posts\/27789","targetHints":{"allow":["GET"]}}],"collection":[{"href":"https:\/\/orthodoxia.be\/nl\/wp-json\/wp\/v2\/posts"}],"about":[{"href":"https:\/\/orthodoxia.be\/nl\/wp-json\/wp\/v2\/types\/post"}],"author":[{"embeddable":true,"href":"https:\/\/orthodoxia.be\/nl\/wp-json\/wp\/v2\/users\/10"}],"replies":[{"embeddable":true,"href":"https:\/\/orthodoxia.be\/nl\/wp-json\/wp\/v2\/comments?post=27789"}],"version-history":[{"count":4,"href":"https:\/\/orthodoxia.be\/nl\/wp-json\/wp\/v2\/posts\/27789\/revisions"}],"predecessor-version":[{"id":27794,"href":"https:\/\/orthodoxia.be\/nl\/wp-json\/wp\/v2\/posts\/27789\/revisions\/27794"}],"wp:featuredmedia":[{"embeddable":true,"href":"https:\/\/orthodoxia.be\/nl\/wp-json\/wp\/v2\/media\/27775"}],"wp:attachment":[{"href":"https:\/\/orthodoxia.be\/nl\/wp-json\/wp\/v2\/media?parent=27789"}],"wp:term":[{"taxonomy":"category","embeddable":true,"href":"https:\/\/orthodoxia.be\/nl\/wp-json\/wp\/v2\/categories?post=27789"},{"taxonomy":"post_tag","embeddable":true,"href":"https:\/\/orthodoxia.be\/nl\/wp-json\/wp\/v2\/tags?post=27789"}],"curies":[{"name":"wp","href":"https:\/\/api.w.org\/{rel}","templated":true}]}}