{"id":27877,"date":"2020-07-09T13:28:18","date_gmt":"2020-07-09T11:28:18","guid":{"rendered":"http:\/\/orthodoxia.be\/?p=27877"},"modified":"2020-07-09T19:34:30","modified_gmt":"2020-07-09T17:34:30","slug":"de-metropoliet-van-belgie-in-athene","status":"publish","type":"post","link":"https:\/\/orthodoxia.be\/nl\/2020\/07\/09\/de-metropoliet-van-belgie-in-athene\/","title":{"rendered":"De Metropoliet van Belgi\u00eb in Athene"},"content":{"rendered":"<p style=\"text-align: justify;\">Zijne Eminentie Metropoliet Athenagoras van Belgi\u00eb en Exarch van Nederland en Luxemburg verbleef van 2 tot 8 juli 2020 in Athene. De directeur van zijn persoonlijk kantoor, Archimandriet Filadefos Kafalis, vergezelde hem.<\/p>\n<p style=\"text-align: justify;\">Op zondag 5 juli vierde Metropoliet Athenagoras de Goddelijke Liturgie in de kerk van de H. Markos Evgenikos van Kato Patissia, waar hij de eerste zanger van deze kerk, de heer Konstantinos Dedes, tot diaken wijdde. Deze zal voortaan in het Aartsbisdom van Belgi\u00eb dienen.<\/p>\n<p style=\"text-align: justify;\">Tijdens zijn verblijf in Athene had Metropoliet Athenagoras de gelegenheid om formele en werkvergaderingen te organiseren, over het leven en de activiteiten van het Aartsbisdom van de Benelux. Er werd onder andere gesproken over de problemen van Griekse staatsburgers, als zorg en aandachtspunt van de lokale kerk.<\/p>\n<p style=\"text-align: justify;\">Metropoliet Athenagoras werd op dinsdag 7 juli door de president van Griekenland, mevrouw Katerina Sakellaropoulou, ontvangen op het presidentieel paleis, een bijeenkomst die aanleiding gaf tot een zeer verrijkende uitwisseling.<\/p>\n<p style=\"text-align: justify;\">Vervolgens bracht Zijne Eminentie een bezoek aan Zijne Zaligheid Aartsbisschop I\u00ebronymos van Athene en heel Griekenland, die hij hartelijk dankte voor zijn canonieke toestemming en zegen om de Goddelijke Liturgie te vieren op het grondgebied van het Aartsbisdom en daardoor ook de heer Konstantinos Dedes tot diaken te kunnen wijden. Zijne Zaligheid sprak zijn vreugde uit voor deze ontmoeting en wenst het Aartsbisdom van Belgi\u00eb alle goeds toe.<\/p>\n<p style=\"text-align: justify;\">Verder ontmoette Zijne Eminentie ook de vice-minister van Onderwijs, mevrouw Sophia Zacharakis, de secretaris-generaal van het ministerie van Onderwijs, de heer Georgios Kalantzis, en de secretaris-generaal van de diplomatieke, religieuze en consulaire zaken van het ministerie van Buitenlandse Zaken de h. Konstantinos Alexandris.<\/p>\n<p>Photo: Eurokinisi<\/p>\n<p>&nbsp;<\/p>\n<p>[FAGP id=27874]<\/p>\n","protected":false},"excerpt":{"rendered":"<p>Zijne Eminentie Metropoliet Athenagoras van Belgi\u00eb en Exarch van Nederland en Luxemburg verbleef van 2 tot 8 juli 2020 in Athene. De directeur van zijn persoonlijk kantoor, Archimandriet Filadefos Kafalis, vergezelde hem. Op zondag 5 juli vierde Metropoliet Athenagoras de Goddelijke Liturgie in de kerk van de H. Markos Evgenikos van Kato Patissia, waar hij &hellip; <a href=\"https:\/\/orthodoxia.be\/nl\/2020\/07\/09\/de-metropoliet-van-belgie-in-athene\/\">Continued<\/a><\/p>\n","protected":false},"author":10,"featured_media":27861,"comment_status":"closed","ping_status":"open","sticky":false,"template":"","format":"standard","meta":{"_acf_changed":false,"footnotes":""},"categories":[18,83],"tags":[],"class_list":["post-27877","post","type-post","status-publish","format-standard","has-post-thumbnail","hentry","category-actualiteit","category-persmededelingen"],"acf":[],"yoast_head":"<!-- This site is optimized with the Yoast SEO plugin v24.3 - https:\/\/yoast.com\/wordpress\/plugins\/seo\/ -->\n<title>De Metropoliet van Belgi\u00eb in Athene - Orthodox Aartsbisdom van Belgi\u00eb<\/title>\n<meta name=\"robots\" content=\"index, follow, max-snippet:-1, max-image-preview:large, max-video-preview:-1\" \/>\n<link rel=\"canonical\" href=\"https:\/\/orthodoxia.be\/2020\/07\/09\/\u03bf-\u03bc\u03b7\u03c4\u03c1\u03bf\u03c0\u03bf\u03bb\u03af\u03c4\u03b7\u03c2-\u03b2\u03b5\u03bb\u03b3\u03af\u03bf\u03c5-\u03c3\u03c4\u03b7\u03bd-\u03b1\u03b8\u03ae\u03bd\u03b1\/\" \/>\n<meta property=\"og:locale\" content=\"nl_BE\" \/>\n<meta property=\"og:type\" content=\"article\" \/>\n<meta property=\"og:title\" content=\"De Metropoliet van Belgi\u00eb in Athene - Orthodox Aartsbisdom van Belgi\u00eb\" \/>\n<meta property=\"og:description\" content=\"Zijne Eminentie Metropoliet Athenagoras van Belgi\u00eb en Exarch van Nederland en Luxemburg verbleef van 2 tot 8 juli 2020 in Athene. De directeur van zijn persoonlijk kantoor, Archimandriet Filadefos Kafalis, vergezelde hem. Op zondag 5 juli vierde Metropoliet Athenagoras de Goddelijke Liturgie in de kerk van de H. Markos Evgenikos van Kato Patissia, waar hij &hellip; Continued\" \/>\n<meta property=\"og:url\" content=\"https:\/\/orthodoxia.be\/2020\/07\/09\/\u03bf-\u03bc\u03b7\u03c4\u03c1\u03bf\u03c0\u03bf\u03bb\u03af\u03c4\u03b7\u03c2-\u03b2\u03b5\u03bb\u03b3\u03af\u03bf\u03c5-\u03c3\u03c4\u03b7\u03bd-\u03b1\u03b8\u03ae\u03bd\u03b1\/\" \/>\n<meta property=\"og:site_name\" content=\"Orthodox Aartsbisdom van Belgi\u00eb\" \/>\n<meta property=\"article:publisher\" content=\"https:\/\/www.facebook.com\/orthobel\" \/>\n<meta property=\"article:published_time\" content=\"2020-07-09T11:28:18+00:00\" \/>\n<meta property=\"article:modified_time\" content=\"2020-07-09T17:34:30+00:00\" \/>\n<meta property=\"og:image\" content=\"https:\/\/orthodoxia.be\/wp-content\/uploads\/2020\/07\/image001-1024x764.png\" \/>\n\t<meta property=\"og:image:width\" content=\"1024\" \/>\n\t<meta property=\"og:image:height\" content=\"764\" \/>\n\t<meta property=\"og:image:type\" content=\"image\/png\" \/>\n<meta name=\"author\" content=\"fr. Emilianos Chatzivasileiou\" \/>\n<meta name=\"twitter:card\" content=\"summary_large_image\" \/>\n<meta name=\"twitter:creator\" content=\"@orthobel\" \/>\n<meta name=\"twitter:site\" content=\"@orthobel\" \/>\n<meta name=\"twitter:label1\" content=\"Geschreven door\" \/>\n\t<meta name=\"twitter:data1\" content=\"fr. Emilianos Chatzivasileiou\" \/>\n\t<meta name=\"twitter:label2\" content=\"Geschatte leestijd\" \/>\n\t<meta name=\"twitter:data2\" content=\"1 minuut\" \/>\n<script type=\"application\/ld+json\" class=\"yoast-schema-graph\">{\"@context\":\"https:\/\/schema.org\",\"@graph\":[{\"@type\":\"Article\",\"@id\":\"https:\/\/orthodoxia.be\/2020\/07\/09\/%ce%bf-%ce%bc%ce%b7%cf%84%cf%81%ce%bf%cf%80%ce%bf%ce%bb%ce%af%cf%84%ce%b7%cf%82-%ce%b2%ce%b5%ce%bb%ce%b3%ce%af%ce%bf%cf%85-%cf%83%cf%84%ce%b7%ce%bd-%ce%b1%ce%b8%ce%ae%ce%bd%ce%b1\/#article\",\"isPartOf\":{\"@id\":\"https:\/\/orthodoxia.be\/2020\/07\/09\/%ce%bf-%ce%bc%ce%b7%cf%84%cf%81%ce%bf%cf%80%ce%bf%ce%bb%ce%af%cf%84%ce%b7%cf%82-%ce%b2%ce%b5%ce%bb%ce%b3%ce%af%ce%bf%cf%85-%cf%83%cf%84%ce%b7%ce%bd-%ce%b1%ce%b8%ce%ae%ce%bd%ce%b1\/\"},\"author\":{\"name\":\"fr. Emilianos Chatzivasileiou\",\"@id\":\"https:\/\/orthodoxia.be\/#\/schema\/person\/f6c4fd8f4c3dfc201522ccccede872c4\"},\"headline\":\"De Metropoliet van Belgi\u00eb in Athene\",\"datePublished\":\"2020-07-09T11:28:18+00:00\",\"dateModified\":\"2020-07-09T17:34:30+00:00\",\"mainEntityOfPage\":{\"@id\":\"https:\/\/orthodoxia.be\/2020\/07\/09\/%ce%bf-%ce%bc%ce%b7%cf%84%cf%81%ce%bf%cf%80%ce%bf%ce%bb%ce%af%cf%84%ce%b7%cf%82-%ce%b2%ce%b5%ce%bb%ce%b3%ce%af%ce%bf%cf%85-%cf%83%cf%84%ce%b7%ce%bd-%ce%b1%ce%b8%ce%ae%ce%bd%ce%b1\/\"},\"wordCount\":272,\"publisher\":{\"@id\":\"https:\/\/orthodoxia.be\/#organization\"},\"image\":{\"@id\":\"https:\/\/orthodoxia.be\/2020\/07\/09\/%ce%bf-%ce%bc%ce%b7%cf%84%cf%81%ce%bf%cf%80%ce%bf%ce%bb%ce%af%cf%84%ce%b7%cf%82-%ce%b2%ce%b5%ce%bb%ce%b3%ce%af%ce%bf%cf%85-%cf%83%cf%84%ce%b7%ce%bd-%ce%b1%ce%b8%ce%ae%ce%bd%ce%b1\/#primaryimage\"},\"thumbnailUrl\":\"https:\/\/orthodoxia.be\/wp-content\/uploads\/2020\/07\/image001.png\",\"articleSection\":[\"Actualiteit\",\"Persmededelingen\"],\"inLanguage\":\"nl-BE\"},{\"@type\":\"WebPage\",\"@id\":\"https:\/\/orthodoxia.be\/2020\/07\/09\/%ce%bf-%ce%bc%ce%b7%cf%84%cf%81%ce%bf%cf%80%ce%bf%ce%bb%ce%af%cf%84%ce%b7%cf%82-%ce%b2%ce%b5%ce%bb%ce%b3%ce%af%ce%bf%cf%85-%cf%83%cf%84%ce%b7%ce%bd-%ce%b1%ce%b8%ce%ae%ce%bd%ce%b1\/\",\"url\":\"https:\/\/orthodoxia.be\/2020\/07\/09\/%ce%bf-%ce%bc%ce%b7%cf%84%cf%81%ce%bf%cf%80%ce%bf%ce%bb%ce%af%cf%84%ce%b7%cf%82-%ce%b2%ce%b5%ce%bb%ce%b3%ce%af%ce%bf%cf%85-%cf%83%cf%84%ce%b7%ce%bd-%ce%b1%ce%b8%ce%ae%ce%bd%ce%b1\/\",\"name\":\"De Metropoliet van Belgi\u00eb in Athene - Orthodox Aartsbisdom van Belgi\u00eb\",\"isPartOf\":{\"@id\":\"https:\/\/orthodoxia.be\/#website\"},\"primaryImageOfPage\":{\"@id\":\"https:\/\/orthodoxia.be\/2020\/07\/09\/%ce%bf-%ce%bc%ce%b7%cf%84%cf%81%ce%bf%cf%80%ce%bf%ce%bb%ce%af%cf%84%ce%b7%cf%82-%ce%b2%ce%b5%ce%bb%ce%b3%ce%af%ce%bf%cf%85-%cf%83%cf%84%ce%b7%ce%bd-%ce%b1%ce%b8%ce%ae%ce%bd%ce%b1\/#primaryimage\"},\"image\":{\"@id\":\"https:\/\/orthodoxia.be\/2020\/07\/09\/%ce%bf-%ce%bc%ce%b7%cf%84%cf%81%ce%bf%cf%80%ce%bf%ce%bb%ce%af%cf%84%ce%b7%cf%82-%ce%b2%ce%b5%ce%bb%ce%b3%ce%af%ce%bf%cf%85-%cf%83%cf%84%ce%b7%ce%bd-%ce%b1%ce%b8%ce%ae%ce%bd%ce%b1\/#primaryimage\"},\"thumbnailUrl\":\"https:\/\/orthodoxia.be\/wp-content\/uploads\/2020\/07\/image001.png\",\"datePublished\":\"2020-07-09T11:28:18+00:00\",\"dateModified\":\"2020-07-09T17:34:30+00:00\",\"breadcrumb\":{\"@id\":\"https:\/\/orthodoxia.be\/2020\/07\/09\/%ce%bf-%ce%bc%ce%b7%cf%84%cf%81%ce%bf%cf%80%ce%bf%ce%bb%ce%af%cf%84%ce%b7%cf%82-%ce%b2%ce%b5%ce%bb%ce%b3%ce%af%ce%bf%cf%85-%cf%83%cf%84%ce%b7%ce%bd-%ce%b1%ce%b8%ce%ae%ce%bd%ce%b1\/#breadcrumb\"},\"inLanguage\":\"nl-BE\",\"potentialAction\":[{\"@type\":\"ReadAction\",\"target\":[\"https:\/\/orthodoxia.be\/2020\/07\/09\/%ce%bf-%ce%bc%ce%b7%cf%84%cf%81%ce%bf%cf%80%ce%bf%ce%bb%ce%af%cf%84%ce%b7%cf%82-%ce%b2%ce%b5%ce%bb%ce%b3%ce%af%ce%bf%cf%85-%cf%83%cf%84%ce%b7%ce%bd-%ce%b1%ce%b8%ce%ae%ce%bd%ce%b1\/\"]}]},{\"@type\":\"ImageObject\",\"inLanguage\":\"nl-BE\",\"@id\":\"https:\/\/orthodoxia.be\/2020\/07\/09\/%ce%bf-%ce%bc%ce%b7%cf%84%cf%81%ce%bf%cf%80%ce%bf%ce%bb%ce%af%cf%84%ce%b7%cf%82-%ce%b2%ce%b5%ce%bb%ce%b3%ce%af%ce%bf%cf%85-%cf%83%cf%84%ce%b7%ce%bd-%ce%b1%ce%b8%ce%ae%ce%bd%ce%b1\/#primaryimage\",\"url\":\"https:\/\/orthodoxia.be\/wp-content\/uploads\/2020\/07\/image001.png\",\"contentUrl\":\"https:\/\/orthodoxia.be\/wp-content\/uploads\/2020\/07\/image001.png\",\"width\":1023,\"height\":764},{\"@type\":\"BreadcrumbList\",\"@id\":\"https:\/\/orthodoxia.be\/2020\/07\/09\/%ce%bf-%ce%bc%ce%b7%cf%84%cf%81%ce%bf%cf%80%ce%bf%ce%bb%ce%af%cf%84%ce%b7%cf%82-%ce%b2%ce%b5%ce%bb%ce%b3%ce%af%ce%bf%cf%85-%cf%83%cf%84%ce%b7%ce%bd-%ce%b1%ce%b8%ce%ae%ce%bd%ce%b1\/#breadcrumb\",\"itemListElement\":[{\"@type\":\"ListItem\",\"position\":1,\"name\":\"Home\",\"item\":\"https:\/\/orthodoxia.be\/nl\/\"},{\"@type\":\"ListItem\",\"position\":2,\"name\":\"De Metropoliet van Belgi\u00eb in Athene\"}]},{\"@type\":\"WebSite\",\"@id\":\"https:\/\/orthodoxia.be\/#website\",\"url\":\"https:\/\/orthodoxia.be\/\",\"name\":\"Orthodox Archdiocese of Belgium (Benelux)\",\"description\":\"Exarch of the Nederland en Luxemburg\",\"publisher\":{\"@id\":\"https:\/\/orthodoxia.be\/#organization\"},\"alternateName\":\"IMB\",\"potentialAction\":[{\"@type\":\"SearchAction\",\"target\":{\"@type\":\"EntryPoint\",\"urlTemplate\":\"https:\/\/orthodoxia.be\/?s={search_term_string}\"},\"query-input\":{\"@type\":\"PropertyValueSpecification\",\"valueRequired\":true,\"valueName\":\"search_term_string\"}}],\"inLanguage\":\"nl-BE\"},{\"@type\":\"Organization\",\"@id\":\"https:\/\/orthodoxia.be\/#organization\",\"name\":\"Orthodox Archdiocese of Belgium (Benelux)\",\"url\":\"https:\/\/orthodoxia.be\/\",\"logo\":{\"@type\":\"ImageObject\",\"inLanguage\":\"nl-BE\",\"@id\":\"https:\/\/orthodoxia.be\/#\/schema\/logo\/image\/\",\"url\":\"https:\/\/orthodoxia.be\/wp-content\/uploads\/2024\/02\/cropped-IMB-logo-512-cl-1.png\",\"contentUrl\":\"https:\/\/orthodoxia.be\/wp-content\/uploads\/2024\/02\/cropped-IMB-logo-512-cl-1.png\",\"width\":512,\"height\":512,\"caption\":\"Orthodox Archdiocese of Belgium (Benelux)\"},\"image\":{\"@id\":\"https:\/\/orthodoxia.be\/#\/schema\/logo\/image\/\"},\"sameAs\":[\"https:\/\/www.facebook.com\/orthobel\",\"https:\/\/x.com\/orthobel\",\"https:\/\/www.youtube.com\/c\/orthobel\",\"https:\/\/www.mixcloud.com\/orthobel\/\",\"https:\/\/www.flickr.com\/photos\/148264890@N07\/albums\",\"https:\/\/www.dailymotion.com\/Orthobel\"]},{\"@type\":\"Person\",\"@id\":\"https:\/\/orthodoxia.be\/#\/schema\/person\/f6c4fd8f4c3dfc201522ccccede872c4\",\"name\":\"fr. Emilianos Chatzivasileiou\",\"image\":{\"@type\":\"ImageObject\",\"inLanguage\":\"nl-BE\",\"@id\":\"https:\/\/orthodoxia.be\/#\/schema\/person\/image\/\",\"url\":\"https:\/\/secure.gravatar.com\/avatar\/5b67115dbb9ae1579c39e9ae857d39ac?s=96&d=mm&r=g\",\"contentUrl\":\"https:\/\/secure.gravatar.com\/avatar\/5b67115dbb9ae1579c39e9ae857d39ac?s=96&d=mm&r=g\",\"caption\":\"fr. Emilianos Chatzivasileiou\"},\"sameAs\":[\"http:\/\/orthodoxia.be\"],\"url\":\"https:\/\/orthodoxia.be\/nl\/author\/p-emilianos\/\"}]}<\/script>\n<!-- \/ Yoast SEO plugin. -->","yoast_head_json":{"title":"De Metropoliet van Belgi\u00eb in Athene - Orthodox Aartsbisdom van Belgi\u00eb","robots":{"index":"index","follow":"follow","max-snippet":"max-snippet:-1","max-image-preview":"max-image-preview:large","max-video-preview":"max-video-preview:-1"},"canonical":"https:\/\/orthodoxia.be\/2020\/07\/09\/\u03bf-\u03bc\u03b7\u03c4\u03c1\u03bf\u03c0\u03bf\u03bb\u03af\u03c4\u03b7\u03c2-\u03b2\u03b5\u03bb\u03b3\u03af\u03bf\u03c5-\u03c3\u03c4\u03b7\u03bd-\u03b1\u03b8\u03ae\u03bd\u03b1\/","og_locale":"nl_BE","og_type":"article","og_title":"De Metropoliet van Belgi\u00eb in Athene - Orthodox Aartsbisdom van Belgi\u00eb","og_description":"Zijne Eminentie Metropoliet Athenagoras van Belgi\u00eb en Exarch van Nederland en Luxemburg verbleef van 2 tot 8 juli 2020 in Athene. De directeur van zijn persoonlijk kantoor, Archimandriet Filadefos Kafalis, vergezelde hem. Op zondag 5 juli vierde Metropoliet Athenagoras de Goddelijke Liturgie in de kerk van de H. Markos Evgenikos van Kato Patissia, waar hij &hellip; Continued","og_url":"https:\/\/orthodoxia.be\/2020\/07\/09\/\u03bf-\u03bc\u03b7\u03c4\u03c1\u03bf\u03c0\u03bf\u03bb\u03af\u03c4\u03b7\u03c2-\u03b2\u03b5\u03bb\u03b3\u03af\u03bf\u03c5-\u03c3\u03c4\u03b7\u03bd-\u03b1\u03b8\u03ae\u03bd\u03b1\/","og_site_name":"Orthodox Aartsbisdom van Belgi\u00eb","article_publisher":"https:\/\/www.facebook.com\/orthobel","article_published_time":"2020-07-09T11:28:18+00:00","article_modified_time":"2020-07-09T17:34:30+00:00","og_image":[{"width":1024,"height":764,"url":"https:\/\/orthodoxia.be\/wp-content\/uploads\/2020\/07\/image001-1024x764.png","type":"image\/png"}],"author":"fr. Emilianos Chatzivasileiou","twitter_card":"summary_large_image","twitter_creator":"@orthobel","twitter_site":"@orthobel","twitter_misc":{"Geschreven door":"fr. Emilianos Chatzivasileiou","Geschatte leestijd":"1 minuut"},"schema":{"@context":"https:\/\/schema.org","@graph":[{"@type":"Article","@id":"https:\/\/orthodoxia.be\/2020\/07\/09\/%ce%bf-%ce%bc%ce%b7%cf%84%cf%81%ce%bf%cf%80%ce%bf%ce%bb%ce%af%cf%84%ce%b7%cf%82-%ce%b2%ce%b5%ce%bb%ce%b3%ce%af%ce%bf%cf%85-%cf%83%cf%84%ce%b7%ce%bd-%ce%b1%ce%b8%ce%ae%ce%bd%ce%b1\/#article","isPartOf":{"@id":"https:\/\/orthodoxia.be\/2020\/07\/09\/%ce%bf-%ce%bc%ce%b7%cf%84%cf%81%ce%bf%cf%80%ce%bf%ce%bb%ce%af%cf%84%ce%b7%cf%82-%ce%b2%ce%b5%ce%bb%ce%b3%ce%af%ce%bf%cf%85-%cf%83%cf%84%ce%b7%ce%bd-%ce%b1%ce%b8%ce%ae%ce%bd%ce%b1\/"},"author":{"name":"fr. Emilianos Chatzivasileiou","@id":"https:\/\/orthodoxia.be\/#\/schema\/person\/f6c4fd8f4c3dfc201522ccccede872c4"},"headline":"De Metropoliet van Belgi\u00eb in Athene","datePublished":"2020-07-09T11:28:18+00:00","dateModified":"2020-07-09T17:34:30+00:00","mainEntityOfPage":{"@id":"https:\/\/orthodoxia.be\/2020\/07\/09\/%ce%bf-%ce%bc%ce%b7%cf%84%cf%81%ce%bf%cf%80%ce%bf%ce%bb%ce%af%cf%84%ce%b7%cf%82-%ce%b2%ce%b5%ce%bb%ce%b3%ce%af%ce%bf%cf%85-%cf%83%cf%84%ce%b7%ce%bd-%ce%b1%ce%b8%ce%ae%ce%bd%ce%b1\/"},"wordCount":272,"publisher":{"@id":"https:\/\/orthodoxia.be\/#organization"},"image":{"@id":"https:\/\/orthodoxia.be\/2020\/07\/09\/%ce%bf-%ce%bc%ce%b7%cf%84%cf%81%ce%bf%cf%80%ce%bf%ce%bb%ce%af%cf%84%ce%b7%cf%82-%ce%b2%ce%b5%ce%bb%ce%b3%ce%af%ce%bf%cf%85-%cf%83%cf%84%ce%b7%ce%bd-%ce%b1%ce%b8%ce%ae%ce%bd%ce%b1\/#primaryimage"},"thumbnailUrl":"https:\/\/orthodoxia.be\/wp-content\/uploads\/2020\/07\/image001.png","articleSection":["Actualiteit","Persmededelingen"],"inLanguage":"nl-BE"},{"@type":"WebPage","@id":"https:\/\/orthodoxia.be\/2020\/07\/09\/%ce%bf-%ce%bc%ce%b7%cf%84%cf%81%ce%bf%cf%80%ce%bf%ce%bb%ce%af%cf%84%ce%b7%cf%82-%ce%b2%ce%b5%ce%bb%ce%b3%ce%af%ce%bf%cf%85-%cf%83%cf%84%ce%b7%ce%bd-%ce%b1%ce%b8%ce%ae%ce%bd%ce%b1\/","url":"https:\/\/orthodoxia.be\/2020\/07\/09\/%ce%bf-%ce%bc%ce%b7%cf%84%cf%81%ce%bf%cf%80%ce%bf%ce%bb%ce%af%cf%84%ce%b7%cf%82-%ce%b2%ce%b5%ce%bb%ce%b3%ce%af%ce%bf%cf%85-%cf%83%cf%84%ce%b7%ce%bd-%ce%b1%ce%b8%ce%ae%ce%bd%ce%b1\/","name":"De Metropoliet van Belgi\u00eb in Athene - Orthodox Aartsbisdom van Belgi\u00eb","isPartOf":{"@id":"https:\/\/orthodoxia.be\/#website"},"primaryImageOfPage":{"@id":"https:\/\/orthodoxia.be\/2020\/07\/09\/%ce%bf-%ce%bc%ce%b7%cf%84%cf%81%ce%bf%cf%80%ce%bf%ce%bb%ce%af%cf%84%ce%b7%cf%82-%ce%b2%ce%b5%ce%bb%ce%b3%ce%af%ce%bf%cf%85-%cf%83%cf%84%ce%b7%ce%bd-%ce%b1%ce%b8%ce%ae%ce%bd%ce%b1\/#primaryimage"},"image":{"@id":"https:\/\/orthodoxia.be\/2020\/07\/09\/%ce%bf-%ce%bc%ce%b7%cf%84%cf%81%ce%bf%cf%80%ce%bf%ce%bb%ce%af%cf%84%ce%b7%cf%82-%ce%b2%ce%b5%ce%bb%ce%b3%ce%af%ce%bf%cf%85-%cf%83%cf%84%ce%b7%ce%bd-%ce%b1%ce%b8%ce%ae%ce%bd%ce%b1\/#primaryimage"},"thumbnailUrl":"https:\/\/orthodoxia.be\/wp-content\/uploads\/2020\/07\/image001.png","datePublished":"2020-07-09T11:28:18+00:00","dateModified":"2020-07-09T17:34:30+00:00","breadcrumb":{"@id":"https:\/\/orthodoxia.be\/2020\/07\/09\/%ce%bf-%ce%bc%ce%b7%cf%84%cf%81%ce%bf%cf%80%ce%bf%ce%bb%ce%af%cf%84%ce%b7%cf%82-%ce%b2%ce%b5%ce%bb%ce%b3%ce%af%ce%bf%cf%85-%cf%83%cf%84%ce%b7%ce%bd-%ce%b1%ce%b8%ce%ae%ce%bd%ce%b1\/#breadcrumb"},"inLanguage":"nl-BE","potentialAction":[{"@type":"ReadAction","target":["https:\/\/orthodoxia.be\/2020\/07\/09\/%ce%bf-%ce%bc%ce%b7%cf%84%cf%81%ce%bf%cf%80%ce%bf%ce%bb%ce%af%cf%84%ce%b7%cf%82-%ce%b2%ce%b5%ce%bb%ce%b3%ce%af%ce%bf%cf%85-%cf%83%cf%84%ce%b7%ce%bd-%ce%b1%ce%b8%ce%ae%ce%bd%ce%b1\/"]}]},{"@type":"ImageObject","inLanguage":"nl-BE","@id":"https:\/\/orthodoxia.be\/2020\/07\/09\/%ce%bf-%ce%bc%ce%b7%cf%84%cf%81%ce%bf%cf%80%ce%bf%ce%bb%ce%af%cf%84%ce%b7%cf%82-%ce%b2%ce%b5%ce%bb%ce%b3%ce%af%ce%bf%cf%85-%cf%83%cf%84%ce%b7%ce%bd-%ce%b1%ce%b8%ce%ae%ce%bd%ce%b1\/#primaryimage","url":"https:\/\/orthodoxia.be\/wp-content\/uploads\/2020\/07\/image001.png","contentUrl":"https:\/\/orthodoxia.be\/wp-content\/uploads\/2020\/07\/image001.png","width":1023,"height":764},{"@type":"BreadcrumbList","@id":"https:\/\/orthodoxia.be\/2020\/07\/09\/%ce%bf-%ce%bc%ce%b7%cf%84%cf%81%ce%bf%cf%80%ce%bf%ce%bb%ce%af%cf%84%ce%b7%cf%82-%ce%b2%ce%b5%ce%bb%ce%b3%ce%af%ce%bf%cf%85-%cf%83%cf%84%ce%b7%ce%bd-%ce%b1%ce%b8%ce%ae%ce%bd%ce%b1\/#breadcrumb","itemListElement":[{"@type":"ListItem","position":1,"name":"Home","item":"https:\/\/orthodoxia.be\/nl\/"},{"@type":"ListItem","position":2,"name":"De Metropoliet van Belgi\u00eb in Athene"}]},{"@type":"WebSite","@id":"https:\/\/orthodoxia.be\/#website","url":"https:\/\/orthodoxia.be\/","name":"Orthodox Archdiocese of Belgium (Benelux)","description":"Exarch of the Nederland en Luxemburg","publisher":{"@id":"https:\/\/orthodoxia.be\/#organization"},"alternateName":"IMB","potentialAction":[{"@type":"SearchAction","target":{"@type":"EntryPoint","urlTemplate":"https:\/\/orthodoxia.be\/?s={search_term_string}"},"query-input":{"@type":"PropertyValueSpecification","valueRequired":true,"valueName":"search_term_string"}}],"inLanguage":"nl-BE"},{"@type":"Organization","@id":"https:\/\/orthodoxia.be\/#organization","name":"Orthodox Archdiocese of Belgium (Benelux)","url":"https:\/\/orthodoxia.be\/","logo":{"@type":"ImageObject","inLanguage":"nl-BE","@id":"https:\/\/orthodoxia.be\/#\/schema\/logo\/image\/","url":"https:\/\/orthodoxia.be\/wp-content\/uploads\/2024\/02\/cropped-IMB-logo-512-cl-1.png","contentUrl":"https:\/\/orthodoxia.be\/wp-content\/uploads\/2024\/02\/cropped-IMB-logo-512-cl-1.png","width":512,"height":512,"caption":"Orthodox Archdiocese of Belgium (Benelux)"},"image":{"@id":"https:\/\/orthodoxia.be\/#\/schema\/logo\/image\/"},"sameAs":["https:\/\/www.facebook.com\/orthobel","https:\/\/x.com\/orthobel","https:\/\/www.youtube.com\/c\/orthobel","https:\/\/www.mixcloud.com\/orthobel\/","https:\/\/www.flickr.com\/photos\/148264890@N07\/albums","https:\/\/www.dailymotion.com\/Orthobel"]},{"@type":"Person","@id":"https:\/\/orthodoxia.be\/#\/schema\/person\/f6c4fd8f4c3dfc201522ccccede872c4","name":"fr. Emilianos Chatzivasileiou","image":{"@type":"ImageObject","inLanguage":"nl-BE","@id":"https:\/\/orthodoxia.be\/#\/schema\/person\/image\/","url":"https:\/\/secure.gravatar.com\/avatar\/5b67115dbb9ae1579c39e9ae857d39ac?s=96&d=mm&r=g","contentUrl":"https:\/\/secure.gravatar.com\/avatar\/5b67115dbb9ae1579c39e9ae857d39ac?s=96&d=mm&r=g","caption":"fr. Emilianos Chatzivasileiou"},"sameAs":["http:\/\/orthodoxia.be"],"url":"https:\/\/orthodoxia.be\/nl\/author\/p-emilianos\/"}]}},"_links":{"self":[{"href":"https:\/\/orthodoxia.be\/nl\/wp-json\/wp\/v2\/posts\/27877","targetHints":{"allow":["GET"]}}],"collection":[{"href":"https:\/\/orthodoxia.be\/nl\/wp-json\/wp\/v2\/posts"}],"about":[{"href":"https:\/\/orthodoxia.be\/nl\/wp-json\/wp\/v2\/types\/post"}],"author":[{"embeddable":true,"href":"https:\/\/orthodoxia.be\/nl\/wp-json\/wp\/v2\/users\/10"}],"replies":[{"embeddable":true,"href":"https:\/\/orthodoxia.be\/nl\/wp-json\/wp\/v2\/comments?post=27877"}],"version-history":[{"count":1,"href":"https:\/\/orthodoxia.be\/nl\/wp-json\/wp\/v2\/posts\/27877\/revisions"}],"predecessor-version":[{"id":27878,"href":"https:\/\/orthodoxia.be\/nl\/wp-json\/wp\/v2\/posts\/27877\/revisions\/27878"}],"wp:featuredmedia":[{"embeddable":true,"href":"https:\/\/orthodoxia.be\/nl\/wp-json\/wp\/v2\/media\/27861"}],"wp:attachment":[{"href":"https:\/\/orthodoxia.be\/nl\/wp-json\/wp\/v2\/media?parent=27877"}],"wp:term":[{"taxonomy":"category","embeddable":true,"href":"https:\/\/orthodoxia.be\/nl\/wp-json\/wp\/v2\/categories?post=27877"},{"taxonomy":"post_tag","embeddable":true,"href":"https:\/\/orthodoxia.be\/nl\/wp-json\/wp\/v2\/tags?post=27877"}],"curies":[{"name":"wp","href":"https:\/\/api.w.org\/{rel}","templated":true}]}}