{"id":31763,"date":"2021-06-08T12:14:10","date_gmt":"2021-06-08T10:14:10","guid":{"rendered":"http:\/\/orthodoxia.be\/?p=31763"},"modified":"2021-06-08T14:24:29","modified_gmt":"2021-06-08T12:24:29","slug":"protocol-voor-de-erediensten-binnen-vanaf-9-juni-2021","status":"publish","type":"post","link":"https:\/\/orthodoxia.be\/nl\/2021\/06\/08\/protocol-voor-de-erediensten-binnen-vanaf-9-juni-2021\/","title":{"rendered":"Protocol voor de erediensten binnen vanaf 9 juni 2021"},"content":{"rendered":"<p style=\"text-align: center;\"><strong>Het protocol voor de organisatie van publieke erediensten met maximum 100 personen binnen gaat in op woensdag 9 juni 2021 (max. 200 vanaf 1 juli).<\/strong><\/p>\n<p><span style=\"text-decoration: underline;\">Protocol afgesloten tussen:<\/span><\/p>\n<p style=\"text-align: justify;\">De Bisschoppenconferentie van Belgi\u00eb, vertegenwoordigd door kardinaal J. De Kesel,<br \/>\nDe Administratieve Raad van de Protestants-Evangelische Eredienst, vertegenwoordigd door covoorzitters S. Fuite en G. W. Lorein,<br \/>\nHet Centraal Isra\u00eblitisch Consistorie van Belgi\u00eb, vertegenwoordigd door voorzitter P. Markiewicz,<br \/>\nHet Centraal Comit\u00e9 van de Anglicaanse Eredienst in Belgi\u00eb, vertegenwoordigd door kapelaan-voorzitter J. McDonald,<br \/>\nHet Executief van de Moslims van Belgi\u00eb, vertegenwoordigd door voorzitter M. \u00dcst\u00fcn,<br \/>\nDe Orthodoxe Kerk in Belgi\u00eb, vertegenwoordigd door de Metropoliet-Aartsbisschop van het Oecumenisch Patriarchaat van Constantinopel, \u039cetropoliet Athenagoras,<br \/>\nDe Centrale Raad der Niet-Confessionele Levensbeschouwelijke Gemeenschappen van Belgi\u00eb, vertegenwoordigd door covoorzitters V. De Keyser en F. Mortier,<br \/>\nDe Boeddhistische Unie van Belgi\u00eb, vertegenwoordigd door voorzitter C. Luyckx,<\/p>\n<p>en<\/p>\n<p>De Belgische Staat, vertegenwoordigd door de minister van Justitie, Vincent Van Quickenborne, kantoor houdende te 1000 Brussel, Kruidtuinlaan 50, bus 65.<\/p>\n<p>&nbsp;<\/p>\n<h4><\/h4>\n<ul>\n<li>\n<h4><span style=\"text-decoration: underline;\"><span style=\"color: #000000; text-decoration: underline;\"><a href=\"http:\/\/orthodoxia.be\/wp-content\/uploads\/2021\/06\/20210607-Protocol-binnenplan-bis-1.pdf\" target=\"_blank\" rel=\"noopener\" style=\"color: #000000; text-decoration: underline;\">Download het protocol voor de eredienst binnen (in pdf).<\/a><\/span><\/span><\/h4>\n<\/li>\n<li>\n<h4><span style=\"text-decoration: underline;\"><span style=\"color: #000000; text-decoration: underline;\"><a href=\"http:\/\/orthodoxia.be\/wp-content\/uploads\/2021\/06\/20210607-Protocol-buitenplan-bis-1.pdf\" target=\"_blank\" rel=\"noopener\" style=\"color: #000000; text-decoration: underline;\">Download het protocol voor de eredienst in de openlucht (in pdf).<\/a><\/span><\/span><\/h4>\n<\/li>\n<\/ul>\n<p>&nbsp;<\/p>\n<p><span style=\"text-decoration: underline;\">I. Gemeenschappelijke maatregelen<\/span><\/p>\n<p>Op 14 april 2021 besliste het Overlegcomit\u00e9 dat er in de eerste helft van juni 2021 ruimte is voor meer activiteiten binnen, op voorwaarde dat:<\/p>\n<p>\u00b7 de epidemiologische toestand het toelaat,<\/p>\n<p>\u00b7 er op dat moment een duurzame daling is van de druk op intensieve zorg zodat kwaliteitsvolle zorg voor covid en niet-covidpati\u00ebnten gegarandeerd is, en<\/p>\n<p>\u00b7 afhankelijk van de voortgang van de vaccinatiecampagne (bijna alle 65-plussers en kwetsbare mensen met onderliggende aandoeningen dienen gevaccineerd te zijn).<\/p>\n<p>Dit Binnenplan strekt ertoe de voorwaarden en de modaliteiten hiertoe vast te leggen voor de erkende erediensten, de georganiseerde vrijzinnigheid en het boeddhisme.<\/p>\n<p>Dit Binnenplan is van toepassing op de individuele \/ collectieve uitoefening van de eredienst en de individuele \/ collectieve uitoefening van de niet-confessionele morele dienstverlening, voor zover deze binnen georganiseerd worden, en op het individueel of collectief bezoek aan een gebouw voor de eredienst of een gebouw voor niet-confessionele morele dienstverlening.<\/p>\n<p>Indien het Overlegcomit\u00e9 andere maatregelen aanneemt dan wat dit Protocol bepaalt, gelden de beslissingen van het Overlegcomit\u00e9 onverkort.<\/p>\n<p>&nbsp;<\/p>\n<p><span style=\"text-decoration: underline;\">1. Toegelaten aantal personen, social distancing<\/span><\/p>\n<p>\u00b7 Het aantal toegelaten personen wordt vastgelegd door elke lokale gemeenschap. Bij het vastleggen van dit aantal spelen volgende cumulatieve criteria:<\/p>\n<p>1. afstand van 1,5 meter tussen elke groep van max. 4 personen (of meer indien het gaat om personen uit hetzelfde huishouden);<\/p>\n<p>2. maximum 100 en vanaf 1 juli maximum 200 [1] personen voor het gebouw, onafhankelijk van het aantal ruimtes. Dit aantal personen kan verdeeld worden tussen de verschillende ruimtes van het gebouw.<\/p>\n<p>Van dit maximum zijn uitgezonderd:<br \/>\n1) kinderen tot en met 12 jaar,<br \/>\n2) voorganger (bedienaar eredienst of humanistisch vrijzinnig consulent of moreel consulent).<\/p>\n<p>\u00b7 Fysieke aanrakingen tussen personen zijn verboden, behalve tussen de leden van eenzelfde huishouden.<\/p>\n<p>\u00b7 Aan personen die deel uitmaken van een risicogroep wordt gevraagd niet te komen. Wie symptomen vertoont van een COVID-19 besmetting (hoesten, koorts, vermoeidheid, ademhalingsproblemen, aangetaste reuk- of smaakzin, \u2026) en diens gezin mogen niet komen.<\/p>\n<p>\u00b7 Eventuele inschrijving\/reservering op voorhand.<\/p>\n<p><span style=\"text-decoration: underline;\">2. Inkom<\/span><\/p>\n<p>&nbsp;<\/p>\n<p>\u00b7 Stewards zorgen ervoor dat bezoekers gezin per gezin (mensen die onder eenzelfde dak wonen) binnenkomen en zo nodig even buiten wachten met minstens 1,5 meter van elkaar.<\/p>\n<p>\u00b7 De bezoekers komen binnen in de volgorde van de wachtrij.<\/p>\n<p>\u00b7 Zodra het maximale aantal bezoekers is bereikt, mag niemand meer binnenkomen.<\/p>\n<p>\u00b7 Stewards zien erop toe dat de maximumcapaciteit niet overschreden wordt.<\/p>\n<p>\u00b7 Bedienaar der eredienst \/ vrijzinnig humanistisch consulenten \/ boeddhistisch consulenten mogen niet aan de ingang staan om mensen te begroeten of afscheid te nemen.<\/p>\n<p>\u00b7 Bij ingang: iedereen ontsmet de handen en zet een mondneusmasker op.<\/p>\n<p>\u00b7 Voer eenrichtingsverkeer in om bezoekers via een routeplan in en uit het gebouw te begeleiden. Indien eenrichtingsverkeer niet mogelijk is, wordt met voorrangsregels gewerkt.<\/p>\n<p>\u00b7 Bezoekers nemen plaats zodat eerst de plaatsen het verst van de ingang worden ingenomen.<\/p>\n<p>\u00b7 Bezoekers houden hun persoonlijke spullen bij zich. Het gebruik van een vestiaire is verboden.<\/p>\n<p>&nbsp;<\/p>\n<p><span style=\"text-decoration: underline;\">3. Uitgang<\/span><br \/>\n\u00b7 Aan het einde van de (ere)dienst blijft iedereen op zijn plaats, totdat de stewards de personen laten buitengaan.<\/p>\n<p>\u00b7 Te beginnen dichtbij de uitgang wijzen de stewards de aanwezigen de weg en herinneren ze hen eraan 1,5 meter afstand te bewaren.<\/p>\n<p>\u00b7 Samenscholingen zijn niet toegelaten: het gebouw onmiddellijk verlaten en niet bij de deur samenscholen.<\/p>\n<p>\u00b7 Recepties voor of na de plechtigheid zijn toegelaten op basis van de beslissingen van het Overlegcomit\u00e9 [2].<\/p>\n<p>\u00b7 Bedienaar der eredienst \/ vrijzinnig humanistisch consulenten \/ boeddhistisch consulenten mogen niet aan de uitgang staan om afscheid te nemen.<\/p>\n<p>&nbsp;<\/p>\n<p><span style=\"text-decoration: underline;\">4. Orde en veiligheid<\/span><br \/>\n\u00b7 Een coronaverantwoordelijke wordt aangesteld. Deze ziet erop toe dat de activiteiten verlopen in overeenstemming met de Corona-preventiemaatregelen.<\/p>\n<p>\u00b7 Alle aanwezigen worden tijdig en duidelijk zichtbaar ge\u00efnformeerd over de geldende (veiligheids)maatregelen; de personeelsleden en de stewards krijgen hierover een passende opleiding.<\/p>\n<p>\u00b7 Indien de coronaverantwoordelijke, de bedienaar der eredienst, de vrijzinnig humanistisch consulent \/ de boeddhistisch consulent of de steward vaststelt dat bepaalde zaken indruisen tegen de geldende bepalingen, moet hij\/zij eisen om dit onmiddellijk in orde te brengen. Indien de betrokken persoon weigert om hieraan gevolg te geven, wordt haar\/hem gevraagd om de activiteit te verlaten. Indien hij\/zij dit weigert, is het aangewezen om de politie in te schakelen.<\/p>\n<p>\u00b7 De inzet van stewards wordt aanbevolen. Deze bewaken onder meer de limiet van het aantal aanwezigen en het naleven van alle regels. Zij geven ook de nodige aanwijzingen. Zij moeten duidelijk herkenbaar zijn en worden aangestuurd door de corona-verantwoordelijke.<\/p>\n<p>\u00b7 De avondklok \/ het nachtelijke samenscholingsverbod moet te allen tijde gerespecteerd worden.<\/p>\n<p>\u00b7 De activiteiten worden zo georganiseerd dat samenscholingen worden vermeden. Er wordt hierbij bijzondere aandacht besteed aan mensen die staan te wachten (bv. bij het bereiken van de limiet van het aantal aanwezigen); deze worden onmiddellijk weggestuurd.<\/p>\n<p>\u00b7 Na afloop van de (ere)dienst of de plechtigheid wordt de plaats zo snel mogelijk verlaten. Samenscholingen zijn niet toegelaten.<\/p>\n<p>\u00b7 Het is tijdens de (ere)dienst verboden om te eten. Drinken mag, maar mits brengen van een eigen drank.<\/p>\n<p>\u00b7 De installatie en het gebruik van de \u2018corona alert app\u2019 wordt sterk aanbevolen aan de aanwezigen.<\/p>\n<p>&nbsp;<\/p>\n<p><span style=\"text-decoration: underline;\">5. Muziek, zang, sprekers (niet bedienaar der eredienst of vrijzinnig humanistisch consulent \/ moreel consulent)<\/span><\/p>\n<p>\u00b7 Gezangen maken inherent deel uit van elke (ere)dienst. De koorleden of voorzangers dienen te zingen met het mondneusmasker op en mits zij onderling de afstand van 1,5 meter respecteren OF zonder mondneusmasker en mits zij onderling de afstand van 3 meter respecteren. Er moet een afstand van minstens 5 meter tussen het koor\/de voorzanger(s) en de aanwezigen zijn. Bovengenoemde afstanden kunnen vervangen worden door het gebruik van een plexiglazen wand van minstens 1,8m hoog.<\/p>\n<p>\u00b7 De andere aanwezigen houden ook tijdens het zingen hun mondneusmasker op.<\/p>\n<p>\u00b7 Blaasinstrumenten zijn niet toegelaten. Gebruik van het orgel is wel toegelaten.<\/p>\n<p>\u00b7 Ook voor sprekers (prediking, dienstleiding, lector, verantwoordelijke voor de homilie) kan het mondkapje worden vervangen door een afstand met de aanwezigen van 5 m en van 3 m onderling of een plexiglazen wand hoger dan 1,8 m.<\/p>\n<p>&nbsp;<\/p>\n<p><span style=\"text-decoration: underline;\">6. Mondneusmaskers, schoonmaak, handontsmetting<\/span><\/p>\n<p>\u00b7 Mondneusmasker is verplicht voor alle aanwezigen vanaf 12 jaar, zowel als men zit, als wanneer men in beweging is.<\/p>\n<p>\u00b7 Er worden aan de ingang en op verschillende plaatsen voldoende middelen voor de handhygi\u00ebne ter beschikking gesteld.<\/p>\n<p>\u00b7 Schoonmaak:<\/p>\n<p>o Tussen elke (ere)dienst wordt de ruimte schoongemaakt, alsook voldoende verlucht.<\/p>\n<p>o Alle oppervlakken die de aanwezigen zouden kunnen aanraken worden voor en na de samenkomst gereinigd: klinken, deuren, banken, trapleuningen, schakelaars, kranen, wc-spoelingen, wc-deksels en andere oppervlakken die worden aangeraakt.<\/p>\n<p>\u00b7 Ruimtes worden maximaal verlucht (verse lucht en\/of interne ventilatie).<\/p>\n<p>\u00b7 Rituelen of symbolische handelingen waarbij voorwerpen worden doorgegeven of door meerdere personen moeten worden aangeraakt zijn niet toegelaten.<\/p>\n<p>\u00b7 Er wordt een aparte microfoon, spreekstoel en stoel (afwasbaar) voorzien, die enkel door de bedienaar \/ vrijzinnig humanistisch consulent \/ boeddhistisch consulent gebruikt mag worden.<\/p>\n<p>\u00b7 Indien andere sprekers zijn voorzien, krijgen die een eigen micro, spreekstoel en stoel, behalve indien ze onder hetzelfde dak wonen.<\/p>\n<p>\u00b7 Alle sprekers zorgen voor eigen teksten.<\/p>\n<p>\u00b7 Huwelijk: De ringen worden op voorhand klaargelegd en enkel vastgenomen door het bruidspaar.<\/p>\n<p>&nbsp;<\/p>\n<p><span style=\"text-decoration: underline;\">7. Indeling van de ruimtes\/verluchting<\/span><\/p>\n<p>&nbsp;<\/p>\n<p>\u00b7 Individuele plaatsen worden vooraf op gepaste afstand van elkaar voorzien zodat individuele (groepjes van max. 4) personen en mensen uit hetzelfde huishouden (ongeacht het aantal) op gepaste afstands(wijze) kunnen deelnemen aan de (ere)diensten. De beschikbare plaatsen worden aangegeven met plakband, linten, krukjes, enz.<\/p>\n<p>\u00b7 Voor zover als mogelijk worden afzonderlijke in- en uitgangen voorzien.<\/p>\n<p>\u00b7 Alle deuren en ramen blijven tijdens de (ere)dienst maximaal openstaan. Bij koud weer mogen de deuren en ramen iets minder ver open staan, maar het gebouw moet permanent verlucht worden.<\/p>\n<p>\u00b7 Er wordt extra aandacht besteed aan de veiligheidsgevolgen van het openhouden van de deuren.<\/p>\n<p>\u00b7 Indien er mechanische ventilatie beschikbaar is, wordt deze tijdens de (ere)dienst op de maximale stand gezet.<\/p>\n<p>\u00b7 De \u2018Aanbevelingen voor de praktische implementatie en bewaking van ventilatie en binnenluchtkwaliteit in het kader van COVID-19\u2019 van de Taskforce Ventilatie worden opgevolgd.<\/p>\n<p>o De luchtkwaliteit wordt gegarandeerd zoals bepaald in de stappen 13 en 15 van deze aanbevelingen: ofwel door een mechanisch ventilatiesysteem, ofwel door ramen en deuren maximaal open te houden.<\/p>\n<p>o Daarnaast is het aanbevolen om de luchtkwaliteit te monitoren door op korte termijn CO2-metingen of debietmetingen (in geval van mechanische ventilatie) te houden.<\/p>\n<p>o Indien er geen CO2-metingen mogelijk zijn en indien er onvoldoende verlucht kan worden, wordt de bezetting beperkt (aantal aanwezigen toe te laten in functie van het aantal geopende ramen en deuren).<\/p>\n<p>\u00b7 Indien er geen degelijke ventilatievoorziening aanwezig is en men enkel aan de CO2-richtwaarden kan voldoen door het openen van ramen en deuren, is het wenselijk om een actieplan uit te werken om er op termijn voor te zorgen dat er ventilatievoorzieningen aanwezig zijn.<\/p>\n<p>\u00b7 Binnendeuren worden open gehouden, om contactloze toegang toe te laten.<\/p>\n<p>&nbsp;<\/p>\n<p><span style=\"text-decoration: underline;\">8. Geldinzameling<\/span><\/p>\n<p>\u00b7 Zonder doorgeven van schalen, mandjes, zakjes, enz., maar op \u00e9\u00e9n of twee verzamelpunten.<\/p>\n<p>\u00b7 Verzamelpunten worden duidelijk aangeduid en gemonitord.<\/p>\n<p>\u00b7 In de mededelingen van de bedienaar der eredienst \/ vrijzinnig humanistisch consulent \/ boeddhistisch consulent en tijdens de dienst worden online schenkingen aangemoedigd.<\/p>\n<p>\u00b7 Vrijwilligers en personeelsleden die de collecte tellen dragen een mondneusmasker, ontsmetten voldoende hun handen en deponeren de collecte in gesloten enveloppes.<\/p>\n<p>&nbsp;<\/p>\n<p><span style=\"text-decoration: underline;\">9. Communicatie, signalisatie<\/span><\/p>\n<p>\u00b7 Een corona-verantwoordelijke wordt aangeduid die toeziet op de implementatie van de coronamaatregelen bepaald in dit Binnenplan.<\/p>\n<p>\u00b7 De personeelsleden en de stewards krijgen een passende opleiding.<\/p>\n<p>\u00b7 Alle maatregelen worden op zoveel mogelijk manieren bekendgemaakt: website, mailinglijst, sociale media, enz.<\/p>\n<p>\u00b7 De installatie en het gebruik van de \u2018corona alert app\u2019 wordt sterk aanbevolen.<\/p>\n<p>\u00b7 Alle aanwezigen worden tijdig en duidelijk zichtbaar ge\u00efnformeerd over de geldende (veiligheids)maatregelen. Er hangen instructiebladen bij alle in- en uitgangen.<\/p>\n<p>\u00b7 Aangeven van looprichting.<\/p>\n<p>\u00b7 Stewards geven de nodige aanwijzingen. Zij zijn duidelijk herkenbaar.<\/p>\n<p>\u00b7 Bedienaar der eredienst \/ vrijzinnig humanistisch consulent \/ boeddhistisch consulent en stewards waken erover dat de aanwezigen de regels volgen.<\/p>\n<p>\u00b7 De bedienaar der eredienst \/ vrijzinnig humanistisch consulent \/ boeddhistisch consulent brengt in herinnering dat een mix van generaties bepaalde risico\u2019s inhoudt.<\/p>\n<p>II. Bijkomende specifieke maatregelen per levensbeschouwing<\/p>\n<p><strong>1. Katholieke eredienst<\/strong><br \/>\n\u00b7 Het wijwatervat aan de ingang wordt afgedekt of onbruikbaar gemaakt.<\/p>\n<p>\u00b7 Vanaf de offerande tot aan de communie legt men de palla op de kelk en bedekt men de hosties behalve voor de consecratie.<\/p>\n<p>\u00b7 Geen handen geven bij het Onzevader aan mensen die niet onder eenzelfde dak wonen.<\/p>\n<p>\u00b7 Geen handdruk, kus of andere aanraking bij vredeswens tussen mensen die niet onder \u00e9\u00e9n dak wonen.<\/p>\n<p>\u00b7 Slechts \u00e9\u00e9n persoon drinkt uit de kelk.<\/p>\n<p>\u00b7 Uitreiking van de communie<\/p>\n<p>o Zo weinig mogelijk bedienaars van de communie.<\/p>\n<p>o De celebrant laat de vrijheid door uit te nodigen tot een geestelijke communie of individuele communie-uitreiking.<\/p>\n<p>o De celebrant zegt \u00e9\u00e9n keer: Het Lichaam van Christus. De communicant zegt binnensmonds: Amen.<\/p>\n<p>o In geval van individuele communie-uitreiking gelden volgende regels:<\/p>\n<p>o Diegene die de communie uitreikt, ontsmet de handen en draagt een mondneusmasker.<\/p>\n<p>o Uitreiker en communicant houden ruim afstand door armen ver uit te strekken.<\/p>\n<p>o Uitreiker laat hostie eerbiedig vallen in de uitgestrekte hand van de communicant (zonder hand van communicant te raken).<\/p>\n<p>o De communie-uitreiking op de tong is niet toegelaten.<\/p>\n<p>o De aanwezigen gaan naar voor in \u00e9\u00e9n rij per gang en keren terug via een andere gang. Ze respecteren altijd de voorgeschreven afstand van 1,50 m per groepjes van max. 4 personen (of meer indien het gaat om personen uit hetzelfde huishouden).<\/p>\n<p>o Als de afstand van 1,50 m niet kan gerespecteerd worden, gaan ook personen die niet wensen te communiceren in de rij mee en keren met dezelfde rij terug naar hun plaats zodat iedereen opnieuw dezelfde plaats inneemt.<\/p>\n<p>\u00b7 Uitvaarten<\/p>\n<p>o Geen deelneming in de rouw met handdruk.<\/p>\n<p>o Geen offergang met aanraking van kruis of pateen.<\/p>\n<p>o Gedachtenisprentjes worden met handschoenen uitgedeeld of ter beschikking gelegd.<\/p>\n<p>\u00b7 Huwelijken<\/p>\n<p>o Na de huwelijksviering is verzamelen in groepjes van meer dan 4 personen niet toegelaten, net zo min als het schudden van de handen \u00e9n het kussen om de pasgehuwden te feliciteren.<\/p>\n<p>\u00b7 Doopsels<\/p>\n<p>o Slechts \u00e9\u00e9n persoon raakt een voorwerp aan; weglaten van alles wat ouders, peter en meter en de bedienaar samen aanraken (kruisje geven, doopkaars, witte doopkleed).<\/p>\n<p>o Telkens nieuw doopwater voorzien.<\/p>\n<p>o De bedienaar der eredienst ontsmet zijn handen voor en na de zalving.<\/p>\n<p>\u00b7 Biecht is mogelijk in de kerk, niet in de biechtstoel (want onvoldoende afstand), maar op gewone stoelen op minstens 1,5 meter afstand.<\/p>\n<p>\u00b7 Handoplegging vanop afstand zonder aan te raken.<\/p>\n<p>\u00b7 Ziekenzalving<\/p>\n<p>o Waar medisch toegelaten en zonder gemeenschap.<\/p>\n<p>o De bedienaar der eredienst ontsmet zijn handen voor en na de zalving.<\/p>\n<p>o Binnen een woon- en zorgcentrum worden de geldende huisregels gerespecteerd.<\/p>\n<p><strong>2. Protestants-evangelische eredienst<\/strong><br \/>\n\u00b7 Heilig Avondmaal<\/p>\n<p>o De bedienaar (met mondneuskapje) kan de schaal met stukjes brood aan iedereen aanreiken; idem met bekertjes.<\/p>\n<p>o Een andere mogelijkheid is dat de gelovigen via een vastgestelde route naar de avondmaalstafel gaan en daar een stukje brood en een bekertje nemen.<\/p>\n<p>o Er bestaan individuele avondmaalbekertjes, inclusief brood (in het Engels \u201cprefilled communion cups with wafers\u201d). Deze kunnen ook op de zitplaatsen worden geplaatst worden voor het binnenkomen van de kerkbezoekers.<\/p>\n<p>\u00b7 Voor samenkomsten bij particulieren (bv. voor Bijbelstudie) geldt een beperking tot het eigen huishouden en 4 bezoekers [3].<\/p>\n<p>\u00b7 Zeker bij doop door onderdompeling kan fysiek contact niet worden vermeden. De risico\u2019s kunnen worden beperkt door het gebruik van mondneuskapjes, handschoenen en gezond verstand, zowel door dopeling als door bedienaar. In ieder geval is er voor de doop van een volgende persoon een volledige verversing van het water nodig, wat het in de praktijk onmogelijk maakt meer dan \u00e9\u00e9n dopeling per eredienst te hebben. Indien in een zwembad wordt gedoopt, dient men zich aan de daar geldende regelgeving te houden.<\/p>\n<p>\u00b7 Kerkgemeenten die hun kinder- en jeugdwerk van de zondagochtend hebben ondergebracht bij het erkende jeugdwerk, dienen zich aan de daar geldende regelgeving te houden.<\/p>\n<p>\u00b7 Kerkgemeenten die het kinder- en jeugdwerk dat normaliter op zondagochtend plaatsvindt, beschouwen als onderdeel van de eredienst, moeten erop letten dat het totale aantal kerkgangers per gebouw beperkt is tot het aantal personen zoals bepaald in hoofdstuk 1.<\/p>\n<p>\u00b7 Kerkgemeenten die hun kinder- en jeugdwerk niet hebben ondergebracht bij het erkende jeugdwerk en het ook niet beschouwen als eredienst, kunnen \u2013 met respect voor de regels voor het kinder- en jeugdwerk in de Vlaamse, Duitstalige, Franse Gemeenschap \u2013 buiten een activiteit met maximum 50 [4] deelnemers t\/m achttien jaar organiseren, in aanwezigheid van (een) meerderjarige begeleider(s) (die niet hoeft\/hoeven te worden meegeteld).<\/p>\n<p><strong>3. Islamitische eredienst<\/strong><br \/>\n\u00b7 Zich aanbieden in de moskee in staat van rituele reinheid;<\/p>\n<p>\u00b7 De handen wassen met water en zeep of desinfecteren alvorens de moskee of de gebedsplaats te betreden;<\/p>\n<p>\u00b7 Zelf zorgen voor een individueel gebedstapijt.<\/p>\n<p><strong>4. Orthodoxe eredienst:<\/strong><br \/>\n\u00b7 De manier van communiceren moet worden aangepast aan de maatregelen die zijn voorgesteld door het Overlegcomit\u00e9, wetende dat &#8220;geen liturgische handeling die fysiek contact van mensen of objecten door verschillende mensen vereist&#8221; wordt geaccepteerd.<\/p>\n<p>\u00b7 Het antidoron (brood) wordt door een acoliet &#8211; die een mondneusmasker en handschoenen voor \u00e9\u00e9n gebruik draagt &#8211; nauwkeurig gesneden, in kleine zakjes gestopt en in een mand gelegd, waaruit de aanwezigen op het einde van de dienst er zelf \u00e9\u00e9n meenemen.<\/p>\n<p><strong>5. Anglicaanse eredienst<\/strong><br \/>\n\u00b7 Heilige Communie:<\/p>\n<p>o Enkel de celebrant zet het altaar klaar;<\/p>\n<p>o Een enkele hostie op een pateen en de kelk met wijn wordt voor de celebrant geplaatst. Een ciborie met hosties die zullen worden uitgedeeld wordt wat verder van de celebrant geplaatst en met linnen doek bedekt;<\/p>\n<p>o Op het moment van de consecratie van het brood, raakt de celebrant de ciborie lichtjes aan;<\/p>\n<p>o Enkel de celebrant mag de gebroken hostie en de wijn consumeren. De wijn wordt niet uitgedeeld;<\/p>\n<p>o V\u00f3\u00f3r de uitdeling van het geconsacreerde brood, ontsmet de celebrant opnieuw de handen;<\/p>\n<p>o De celebrant spreekt de woorden voor de uitdeling \u00e9\u00e9n keer uit en de mensen antwoorden samen;<\/p>\n<p>o Een voor een, op een afstand van 1,5 meter, naderen de mensen de celebrant. Zij mogen niet aan de communiebank knielen;<\/p>\n<p>o De celebrant legt zachtjes het geconsacreerde brood rechtstreeks in de handen van elke communicant;<\/p>\n<p>o Tijdens het korte moment van de individuele ontvangst van de Heilige Communie, mag men het mondneusmasker heel even afnemen, om het daarna meteen terug op te zetten.<\/p>\n<p>6. Niet-confessionele morele dienstverlening<br \/>\nGeboorte, lentefeest en feest vrijzinnige jeugd<\/p>\n<p>\u00b7 er wordt een aparte microfoon, spreekstoel en stoel (afwasbaar) voorzien, welke enkel door de vrijzinnig humanistisch consulent gedurende de ganse plechtigheid gebruikt mag worden. Ontsmetting voor gebruik;<\/p>\n<p>\u00b7 alle sprekers, inclusief de ouders, grootouders, peter, meter,\u2026 zorgen voor de eigen teksten. Indien ook hier gebruik wordt gemaakt van een micro, spreekstoel en\/of stoel worden deze extra voorzien;<\/p>\n<p>\u00b7 rituelen of symbolische handelingen waarbij voorwerpen worden doorgegeven of door meerdere personen moeten worden aangeraakt worden niet toegelaten;<\/p>\n<p>\u00b7 de vrijzinnig humanistisch consulent brengt in herinnering dat een mix van generaties bepaalde risico\u2019s inhoudt;<\/p>\n<p>Herdenking<\/p>\n<p>\u00b7 er wordt een aparte microfoon, spreekstoel en stoel (afwasbaar) voorzien, welke enkel door de vrijzinnig humanistisch consulent gedurende de ganse plechtigheid gebruikt mag worden. Ontsmetting voor gebruik;<\/p>\n<p>\u00b7 alle sprekers, zorgen voor de eigen teksten. Indien ook hier gebruik wordt gemaakt van een micro, spreekstoel en\/of stoel worden deze extra voorzien;<\/p>\n<p>\u00b7 rituelen of symbolische handelingen waarbij voorwerpen worden doorgegeven of door meerdere personen moeten worden aangeraakt worden niet toegelaten;<\/p>\n<p>\u00b7 geen deelneming met handdruk;<\/p>\n<p>\u00b7 herdenkingsprentjes worden met handschoenen uitgedeeld of ter beschikking gelegd;<\/p>\n<p>\u00b7 de vrijzinnig humanistisch consulent brengt in herinnering dat een mix van generaties bepaalde risico\u2019s inhoudt.<\/p>\n<p>Huwelijk<\/p>\n<p>\u00b7 er wordt een aparte microfoon, spreekstoel en stoel (afwasbaar) voorzien, welke enkel door de vrijzinnig humanistisch consulent gedurende de ganse plechtigheid gebruikt mag worden. Ontsmetting voor gebruik;<\/p>\n<p>\u00b7 alle sprekers, inclusief het bruidspaar, zorgen voor de eigen teksten, geloftes en dankwoord. Indien ook hier gebruik wordt gemaakt van een micro, spreekstoel en\/of stoel worden deze extra voorzien;<\/p>\n<p>\u00b7 rituelen of symbolische handelingen waarbij voorwerpen worden doorgegeven of door meerdere personen moeten worden aangeraakt worden niet toegelaten;<\/p>\n<p>\u00b7 na de plechtigheid is verzamelen in groep niet toegelaten, kunnen geen handen worden geschud, noch gezoend worden om de pasgehuwden te feliciteren;<\/p>\n<p>\u00b7 De ringen worden op voorhand klaargelegd en enkel vastgenomen door het bruidspaar;<\/p>\n<p>\u00b7 de vrijzinnig humanistisch consulent brengt in herinnering dat een mix van generaties bepaalde risico\u2019s inhoudt.<\/p>\n<p><strong>7. Boeddhisme<\/strong><br \/>\nNaast de dagelijkse praktijk worden enkel Dana- (aanbieden van giften), huwelijks- en begrafenisceremonies georganiseerd. Daarbij worden de rituelen van de specifieke traditie waar nodig aangepast om de veiligheid te waarborgen. Bij Dana-ceremonies worden met name giften overhandigd zonder fysiek contact.<\/p>\n<p>Dit Protocol is opgemaakt te Brussel op 7 juni 2021 en treedt in werking op 9 juni 2021.<\/p>\n<p>De minister van Justitie, Vincent Van Quickenborne<br \/>\nVoor de Bisschoppenconferentie van Belgi\u00eb, kardinaal J. De Kesel<br \/>\nVoor de Administratieve Raad van de Protestants-Evangelische Eredienst, S. Fuite en G. W. Lorein<br \/>\nVoor het Centraal Isra\u00eblitisch Consistorie van Belgi\u00eb, P. Markiewicz<br \/>\nVoor het Centraal Comit\u00e9 van de Anglicaanse Eredienst in Belgi\u00eb, J. McDonald<br \/>\nVoor het Executief van de Moslims van Belgi\u00eb, M. \u00dcst\u00fcn<br \/>\nVoor de Orthodoxe Kerk in Belgi\u00eb, metropoliet Athenagoras<br \/>\nVoor de Centrale Raad der Niet-Confessionele Levensbeschouwelijke Gemeenschappen van Belgi\u00eb, V. De Keyser en F. Mortier<br \/>\nVoor de Boeddhistische Unie van Belgi\u00eb, C. Luyckx<\/p>\n<p>&nbsp;<\/p>\n<ul>\n<li><\/li>\n<li>\n<h3><\/h3>\n<\/li>\n<\/ul>\n<p><strong>&#8212;&#8212;&#8212;&#8212;&#8212;&#8212;&#8212;&#8212;&#8212;&#8212;&#8212;-<\/strong><\/p>\n<p>[1] Dit aantal wordt vastgelegd door het Overlegcomit\u00e9. Op datum van inwerkingtreding \u2013 9 juni 2021 \u2013 was dit een maximum van 100, maar dit aantal kan wijzigen. Bij begrafenissen en crematies mag dit maximum van 100 personen (kinderen tot en met 12 jaar en de bedienaar van de eredienst niet meegeteld) tegelijkertijd aanwezig zijn in afzonderlijke ruimtes van de gebouwen die hiervoor bestemd zijn.<\/p>\n<p>[2] Op datum van ondertekening van dit Protocol is dit enkel buiten mogelijk, met een maximum van 50 personen.<\/p>\n<p>[3] Dit aantal wordt vastgelegd door het Overlegcomit\u00e9. Op datum van inwerkingtreding van dit Protocol \u2013 9 juni 2021 \u2013 is dit een maximum van 4 personen binnen, kinderen tot en met 12 jaar niet meegeteld, maar dit aantal kan wijzigen.<\/p>\n<p>[4] Dit aantal wordt vastgelegd door het Overlegcomit\u00e9. Op datum van inwerkingtreding van dit Protocol \u2013 9 juni 2021 \u2013 is dit een maximum van 50 personen, maar dit aantal kan wijzigen.<\/p>\n<p>&nbsp;<\/p>\n<p>&nbsp;<\/p>\n<p>&nbsp;<\/p>\n","protected":false},"excerpt":{"rendered":"<p>Het protocol voor de organisatie van publieke erediensten met maximum 100 personen binnen gaat in op woensdag 9 juni 2021 (max. 200 vanaf 1 juli). Protocol afgesloten tussen: De Bisschoppenconferentie van Belgi\u00eb, vertegenwoordigd door kardinaal J. De Kesel, De Administratieve Raad van de Protestants-Evangelische Eredienst, vertegenwoordigd door covoorzitters S. Fuite en G. W. Lorein, Het &hellip; <a href=\"https:\/\/orthodoxia.be\/nl\/2021\/06\/08\/protocol-voor-de-erediensten-binnen-vanaf-9-juni-2021\/\">Continued<\/a><\/p>\n","protected":false},"author":12,"featured_media":30850,"comment_status":"closed","ping_status":"open","sticky":false,"template":"","format":"standard","meta":{"_acf_changed":false,"footnotes":""},"categories":[18],"tags":[],"class_list":["post-31763","post","type-post","status-publish","format-standard","has-post-thumbnail","hentry","category-actualiteit"],"acf":[],"yoast_head":"<!-- This site is optimized with the Yoast SEO plugin v24.3 - https:\/\/yoast.com\/wordpress\/plugins\/seo\/ -->\n<title>Protocol voor de erediensten binnen vanaf 9 juni 2021 - Orthodox Aartsbisdom van Belgi\u00eb<\/title>\n<meta name=\"robots\" content=\"index, follow, max-snippet:-1, max-image-preview:large, max-video-preview:-1\" \/>\n<link rel=\"canonical\" href=\"https:\/\/orthodoxia.be\/nl\/2021\/06\/08\/protocol-voor-de-erediensten-binnen-vanaf-9-juni-2021\/\" \/>\n<meta property=\"og:locale\" content=\"nl_BE\" \/>\n<meta property=\"og:type\" content=\"article\" \/>\n<meta property=\"og:title\" content=\"Protocol voor de erediensten binnen vanaf 9 juni 2021 - Orthodox Aartsbisdom van Belgi\u00eb\" \/>\n<meta property=\"og:description\" content=\"Het protocol voor de organisatie van publieke erediensten met maximum 100 personen binnen gaat in op woensdag 9 juni 2021 (max. 200 vanaf 1 juli). Protocol afgesloten tussen: De Bisschoppenconferentie van Belgi\u00eb, vertegenwoordigd door kardinaal J. De Kesel, De Administratieve Raad van de Protestants-Evangelische Eredienst, vertegenwoordigd door covoorzitters S. Fuite en G. W. Lorein, Het &hellip; Continued\" \/>\n<meta property=\"og:url\" content=\"https:\/\/orthodoxia.be\/nl\/2021\/06\/08\/protocol-voor-de-erediensten-binnen-vanaf-9-juni-2021\/\" \/>\n<meta property=\"og:site_name\" content=\"Orthodox Aartsbisdom van Belgi\u00eb\" \/>\n<meta property=\"article:publisher\" content=\"https:\/\/www.facebook.com\/orthobel\" \/>\n<meta property=\"article:published_time\" content=\"2021-06-08T10:14:10+00:00\" \/>\n<meta property=\"article:modified_time\" content=\"2021-06-08T12:24:29+00:00\" \/>\n<meta property=\"og:image\" content=\"https:\/\/orthodoxia.be\/wp-content\/uploads\/2018\/05\/21-13-e1623147145446.jpg\" \/>\n\t<meta property=\"og:image:width\" content=\"800\" \/>\n\t<meta property=\"og:image:height\" content=\"533\" \/>\n\t<meta property=\"og:image:type\" content=\"image\/jpeg\" \/>\n<meta name=\"author\" content=\"\u0391\u03c1\u03c7\u03b5\u03af\u03bf \u03a3\u03c5\u03bd\u03b5\u03c1\u03b3\u03b1\u03c4\u03ce\u03bd\" \/>\n<meta name=\"twitter:card\" content=\"summary_large_image\" \/>\n<meta name=\"twitter:creator\" content=\"@orthobel\" \/>\n<meta name=\"twitter:site\" content=\"@orthobel\" \/>\n<meta name=\"twitter:label1\" content=\"Geschreven door\" \/>\n\t<meta name=\"twitter:data1\" content=\"\u0391\u03c1\u03c7\u03b5\u03af\u03bf \u03a3\u03c5\u03bd\u03b5\u03c1\u03b3\u03b1\u03c4\u03ce\u03bd\" \/>\n\t<meta name=\"twitter:label2\" content=\"Geschatte leestijd\" \/>\n\t<meta name=\"twitter:data2\" content=\"17 minuten\" \/>\n<script type=\"application\/ld+json\" class=\"yoast-schema-graph\">{\"@context\":\"https:\/\/schema.org\",\"@graph\":[{\"@type\":\"Article\",\"@id\":\"https:\/\/orthodoxia.be\/nl\/2021\/06\/08\/protocol-voor-de-erediensten-binnen-vanaf-9-juni-2021\/#article\",\"isPartOf\":{\"@id\":\"https:\/\/orthodoxia.be\/nl\/2021\/06\/08\/protocol-voor-de-erediensten-binnen-vanaf-9-juni-2021\/\"},\"author\":{\"name\":\"\u0391\u03c1\u03c7\u03b5\u03af\u03bf \u03a3\u03c5\u03bd\u03b5\u03c1\u03b3\u03b1\u03c4\u03ce\u03bd\",\"@id\":\"https:\/\/orthodoxia.be\/#\/schema\/person\/4641c70600fbb1aac968996a0ef6d284\"},\"headline\":\"Protocol voor de erediensten binnen vanaf 9 juni 2021\",\"datePublished\":\"2021-06-08T10:14:10+00:00\",\"dateModified\":\"2021-06-08T12:24:29+00:00\",\"mainEntityOfPage\":{\"@id\":\"https:\/\/orthodoxia.be\/nl\/2021\/06\/08\/protocol-voor-de-erediensten-binnen-vanaf-9-juni-2021\/\"},\"wordCount\":3404,\"publisher\":{\"@id\":\"https:\/\/orthodoxia.be\/#organization\"},\"image\":{\"@id\":\"https:\/\/orthodoxia.be\/nl\/2021\/06\/08\/protocol-voor-de-erediensten-binnen-vanaf-9-juni-2021\/#primaryimage\"},\"thumbnailUrl\":\"https:\/\/orthodoxia.be\/wp-content\/uploads\/2018\/05\/21-13-e1623147145446.jpg\",\"articleSection\":[\"Actualiteit\"],\"inLanguage\":\"nl-BE\"},{\"@type\":\"WebPage\",\"@id\":\"https:\/\/orthodoxia.be\/nl\/2021\/06\/08\/protocol-voor-de-erediensten-binnen-vanaf-9-juni-2021\/\",\"url\":\"https:\/\/orthodoxia.be\/nl\/2021\/06\/08\/protocol-voor-de-erediensten-binnen-vanaf-9-juni-2021\/\",\"name\":\"Protocol voor de erediensten binnen vanaf 9 juni 2021 - Orthodox Aartsbisdom van Belgi\u00eb\",\"isPartOf\":{\"@id\":\"https:\/\/orthodoxia.be\/#website\"},\"primaryImageOfPage\":{\"@id\":\"https:\/\/orthodoxia.be\/nl\/2021\/06\/08\/protocol-voor-de-erediensten-binnen-vanaf-9-juni-2021\/#primaryimage\"},\"image\":{\"@id\":\"https:\/\/orthodoxia.be\/nl\/2021\/06\/08\/protocol-voor-de-erediensten-binnen-vanaf-9-juni-2021\/#primaryimage\"},\"thumbnailUrl\":\"https:\/\/orthodoxia.be\/wp-content\/uploads\/2018\/05\/21-13-e1623147145446.jpg\",\"datePublished\":\"2021-06-08T10:14:10+00:00\",\"dateModified\":\"2021-06-08T12:24:29+00:00\",\"breadcrumb\":{\"@id\":\"https:\/\/orthodoxia.be\/nl\/2021\/06\/08\/protocol-voor-de-erediensten-binnen-vanaf-9-juni-2021\/#breadcrumb\"},\"inLanguage\":\"nl-BE\",\"potentialAction\":[{\"@type\":\"ReadAction\",\"target\":[\"https:\/\/orthodoxia.be\/nl\/2021\/06\/08\/protocol-voor-de-erediensten-binnen-vanaf-9-juni-2021\/\"]}]},{\"@type\":\"ImageObject\",\"inLanguage\":\"nl-BE\",\"@id\":\"https:\/\/orthodoxia.be\/nl\/2021\/06\/08\/protocol-voor-de-erediensten-binnen-vanaf-9-juni-2021\/#primaryimage\",\"url\":\"https:\/\/orthodoxia.be\/wp-content\/uploads\/2018\/05\/21-13-e1623147145446.jpg\",\"contentUrl\":\"https:\/\/orthodoxia.be\/wp-content\/uploads\/2018\/05\/21-13-e1623147145446.jpg\",\"width\":800,\"height\":533},{\"@type\":\"BreadcrumbList\",\"@id\":\"https:\/\/orthodoxia.be\/nl\/2021\/06\/08\/protocol-voor-de-erediensten-binnen-vanaf-9-juni-2021\/#breadcrumb\",\"itemListElement\":[{\"@type\":\"ListItem\",\"position\":1,\"name\":\"Home\",\"item\":\"https:\/\/orthodoxia.be\/nl\/\"},{\"@type\":\"ListItem\",\"position\":2,\"name\":\"Protocol voor de erediensten binnen vanaf 9 juni 2021\"}]},{\"@type\":\"WebSite\",\"@id\":\"https:\/\/orthodoxia.be\/#website\",\"url\":\"https:\/\/orthodoxia.be\/\",\"name\":\"Orthodox Archdiocese of Belgium (Benelux)\",\"description\":\"Exarch of the Nederland en Luxemburg\",\"publisher\":{\"@id\":\"https:\/\/orthodoxia.be\/#organization\"},\"alternateName\":\"IMB\",\"potentialAction\":[{\"@type\":\"SearchAction\",\"target\":{\"@type\":\"EntryPoint\",\"urlTemplate\":\"https:\/\/orthodoxia.be\/?s={search_term_string}\"},\"query-input\":{\"@type\":\"PropertyValueSpecification\",\"valueRequired\":true,\"valueName\":\"search_term_string\"}}],\"inLanguage\":\"nl-BE\"},{\"@type\":\"Organization\",\"@id\":\"https:\/\/orthodoxia.be\/#organization\",\"name\":\"Orthodox Archdiocese of Belgium (Benelux)\",\"url\":\"https:\/\/orthodoxia.be\/\",\"logo\":{\"@type\":\"ImageObject\",\"inLanguage\":\"nl-BE\",\"@id\":\"https:\/\/orthodoxia.be\/#\/schema\/logo\/image\/\",\"url\":\"https:\/\/orthodoxia.be\/wp-content\/uploads\/2024\/02\/cropped-IMB-logo-512-cl-1.png\",\"contentUrl\":\"https:\/\/orthodoxia.be\/wp-content\/uploads\/2024\/02\/cropped-IMB-logo-512-cl-1.png\",\"width\":512,\"height\":512,\"caption\":\"Orthodox Archdiocese of Belgium (Benelux)\"},\"image\":{\"@id\":\"https:\/\/orthodoxia.be\/#\/schema\/logo\/image\/\"},\"sameAs\":[\"https:\/\/www.facebook.com\/orthobel\",\"https:\/\/x.com\/orthobel\",\"https:\/\/www.youtube.com\/c\/orthobel\",\"https:\/\/www.mixcloud.com\/orthobel\/\",\"https:\/\/www.flickr.com\/photos\/148264890@N07\/albums\",\"https:\/\/www.dailymotion.com\/Orthobel\"]},{\"@type\":\"Person\",\"@id\":\"https:\/\/orthodoxia.be\/#\/schema\/person\/4641c70600fbb1aac968996a0ef6d284\",\"name\":\"\u0391\u03c1\u03c7\u03b5\u03af\u03bf \u03a3\u03c5\u03bd\u03b5\u03c1\u03b3\u03b1\u03c4\u03ce\u03bd\",\"image\":{\"@type\":\"ImageObject\",\"inLanguage\":\"nl-BE\",\"@id\":\"https:\/\/orthodoxia.be\/#\/schema\/person\/image\/\",\"url\":\"https:\/\/secure.gravatar.com\/avatar\/0bf791bec6a55758e3ee18a1fc90f09b?s=96&d=mm&r=g\",\"contentUrl\":\"https:\/\/secure.gravatar.com\/avatar\/0bf791bec6a55758e3ee18a1fc90f09b?s=96&d=mm&r=g\",\"caption\":\"\u0391\u03c1\u03c7\u03b5\u03af\u03bf \u03a3\u03c5\u03bd\u03b5\u03c1\u03b3\u03b1\u03c4\u03ce\u03bd\"},\"url\":\"https:\/\/orthodoxia.be\/nl\/author\/archives\/\"}]}<\/script>\n<!-- \/ Yoast SEO plugin. -->","yoast_head_json":{"title":"Protocol voor de erediensten binnen vanaf 9 juni 2021 - Orthodox Aartsbisdom van Belgi\u00eb","robots":{"index":"index","follow":"follow","max-snippet":"max-snippet:-1","max-image-preview":"max-image-preview:large","max-video-preview":"max-video-preview:-1"},"canonical":"https:\/\/orthodoxia.be\/nl\/2021\/06\/08\/protocol-voor-de-erediensten-binnen-vanaf-9-juni-2021\/","og_locale":"nl_BE","og_type":"article","og_title":"Protocol voor de erediensten binnen vanaf 9 juni 2021 - Orthodox Aartsbisdom van Belgi\u00eb","og_description":"Het protocol voor de organisatie van publieke erediensten met maximum 100 personen binnen gaat in op woensdag 9 juni 2021 (max. 200 vanaf 1 juli). Protocol afgesloten tussen: De Bisschoppenconferentie van Belgi\u00eb, vertegenwoordigd door kardinaal J. De Kesel, De Administratieve Raad van de Protestants-Evangelische Eredienst, vertegenwoordigd door covoorzitters S. Fuite en G. W. Lorein, Het &hellip; Continued","og_url":"https:\/\/orthodoxia.be\/nl\/2021\/06\/08\/protocol-voor-de-erediensten-binnen-vanaf-9-juni-2021\/","og_site_name":"Orthodox Aartsbisdom van Belgi\u00eb","article_publisher":"https:\/\/www.facebook.com\/orthobel","article_published_time":"2021-06-08T10:14:10+00:00","article_modified_time":"2021-06-08T12:24:29+00:00","og_image":[{"width":800,"height":533,"url":"https:\/\/orthodoxia.be\/wp-content\/uploads\/2018\/05\/21-13-e1623147145446.jpg","type":"image\/jpeg"}],"author":"\u0391\u03c1\u03c7\u03b5\u03af\u03bf \u03a3\u03c5\u03bd\u03b5\u03c1\u03b3\u03b1\u03c4\u03ce\u03bd","twitter_card":"summary_large_image","twitter_creator":"@orthobel","twitter_site":"@orthobel","twitter_misc":{"Geschreven door":"\u0391\u03c1\u03c7\u03b5\u03af\u03bf \u03a3\u03c5\u03bd\u03b5\u03c1\u03b3\u03b1\u03c4\u03ce\u03bd","Geschatte leestijd":"17 minuten"},"schema":{"@context":"https:\/\/schema.org","@graph":[{"@type":"Article","@id":"https:\/\/orthodoxia.be\/nl\/2021\/06\/08\/protocol-voor-de-erediensten-binnen-vanaf-9-juni-2021\/#article","isPartOf":{"@id":"https:\/\/orthodoxia.be\/nl\/2021\/06\/08\/protocol-voor-de-erediensten-binnen-vanaf-9-juni-2021\/"},"author":{"name":"\u0391\u03c1\u03c7\u03b5\u03af\u03bf \u03a3\u03c5\u03bd\u03b5\u03c1\u03b3\u03b1\u03c4\u03ce\u03bd","@id":"https:\/\/orthodoxia.be\/#\/schema\/person\/4641c70600fbb1aac968996a0ef6d284"},"headline":"Protocol voor de erediensten binnen vanaf 9 juni 2021","datePublished":"2021-06-08T10:14:10+00:00","dateModified":"2021-06-08T12:24:29+00:00","mainEntityOfPage":{"@id":"https:\/\/orthodoxia.be\/nl\/2021\/06\/08\/protocol-voor-de-erediensten-binnen-vanaf-9-juni-2021\/"},"wordCount":3404,"publisher":{"@id":"https:\/\/orthodoxia.be\/#organization"},"image":{"@id":"https:\/\/orthodoxia.be\/nl\/2021\/06\/08\/protocol-voor-de-erediensten-binnen-vanaf-9-juni-2021\/#primaryimage"},"thumbnailUrl":"https:\/\/orthodoxia.be\/wp-content\/uploads\/2018\/05\/21-13-e1623147145446.jpg","articleSection":["Actualiteit"],"inLanguage":"nl-BE"},{"@type":"WebPage","@id":"https:\/\/orthodoxia.be\/nl\/2021\/06\/08\/protocol-voor-de-erediensten-binnen-vanaf-9-juni-2021\/","url":"https:\/\/orthodoxia.be\/nl\/2021\/06\/08\/protocol-voor-de-erediensten-binnen-vanaf-9-juni-2021\/","name":"Protocol voor de erediensten binnen vanaf 9 juni 2021 - Orthodox Aartsbisdom van Belgi\u00eb","isPartOf":{"@id":"https:\/\/orthodoxia.be\/#website"},"primaryImageOfPage":{"@id":"https:\/\/orthodoxia.be\/nl\/2021\/06\/08\/protocol-voor-de-erediensten-binnen-vanaf-9-juni-2021\/#primaryimage"},"image":{"@id":"https:\/\/orthodoxia.be\/nl\/2021\/06\/08\/protocol-voor-de-erediensten-binnen-vanaf-9-juni-2021\/#primaryimage"},"thumbnailUrl":"https:\/\/orthodoxia.be\/wp-content\/uploads\/2018\/05\/21-13-e1623147145446.jpg","datePublished":"2021-06-08T10:14:10+00:00","dateModified":"2021-06-08T12:24:29+00:00","breadcrumb":{"@id":"https:\/\/orthodoxia.be\/nl\/2021\/06\/08\/protocol-voor-de-erediensten-binnen-vanaf-9-juni-2021\/#breadcrumb"},"inLanguage":"nl-BE","potentialAction":[{"@type":"ReadAction","target":["https:\/\/orthodoxia.be\/nl\/2021\/06\/08\/protocol-voor-de-erediensten-binnen-vanaf-9-juni-2021\/"]}]},{"@type":"ImageObject","inLanguage":"nl-BE","@id":"https:\/\/orthodoxia.be\/nl\/2021\/06\/08\/protocol-voor-de-erediensten-binnen-vanaf-9-juni-2021\/#primaryimage","url":"https:\/\/orthodoxia.be\/wp-content\/uploads\/2018\/05\/21-13-e1623147145446.jpg","contentUrl":"https:\/\/orthodoxia.be\/wp-content\/uploads\/2018\/05\/21-13-e1623147145446.jpg","width":800,"height":533},{"@type":"BreadcrumbList","@id":"https:\/\/orthodoxia.be\/nl\/2021\/06\/08\/protocol-voor-de-erediensten-binnen-vanaf-9-juni-2021\/#breadcrumb","itemListElement":[{"@type":"ListItem","position":1,"name":"Home","item":"https:\/\/orthodoxia.be\/nl\/"},{"@type":"ListItem","position":2,"name":"Protocol voor de erediensten binnen vanaf 9 juni 2021"}]},{"@type":"WebSite","@id":"https:\/\/orthodoxia.be\/#website","url":"https:\/\/orthodoxia.be\/","name":"Orthodox Archdiocese of Belgium (Benelux)","description":"Exarch of the Nederland en Luxemburg","publisher":{"@id":"https:\/\/orthodoxia.be\/#organization"},"alternateName":"IMB","potentialAction":[{"@type":"SearchAction","target":{"@type":"EntryPoint","urlTemplate":"https:\/\/orthodoxia.be\/?s={search_term_string}"},"query-input":{"@type":"PropertyValueSpecification","valueRequired":true,"valueName":"search_term_string"}}],"inLanguage":"nl-BE"},{"@type":"Organization","@id":"https:\/\/orthodoxia.be\/#organization","name":"Orthodox Archdiocese of Belgium (Benelux)","url":"https:\/\/orthodoxia.be\/","logo":{"@type":"ImageObject","inLanguage":"nl-BE","@id":"https:\/\/orthodoxia.be\/#\/schema\/logo\/image\/","url":"https:\/\/orthodoxia.be\/wp-content\/uploads\/2024\/02\/cropped-IMB-logo-512-cl-1.png","contentUrl":"https:\/\/orthodoxia.be\/wp-content\/uploads\/2024\/02\/cropped-IMB-logo-512-cl-1.png","width":512,"height":512,"caption":"Orthodox Archdiocese of Belgium (Benelux)"},"image":{"@id":"https:\/\/orthodoxia.be\/#\/schema\/logo\/image\/"},"sameAs":["https:\/\/www.facebook.com\/orthobel","https:\/\/x.com\/orthobel","https:\/\/www.youtube.com\/c\/orthobel","https:\/\/www.mixcloud.com\/orthobel\/","https:\/\/www.flickr.com\/photos\/148264890@N07\/albums","https:\/\/www.dailymotion.com\/Orthobel"]},{"@type":"Person","@id":"https:\/\/orthodoxia.be\/#\/schema\/person\/4641c70600fbb1aac968996a0ef6d284","name":"\u0391\u03c1\u03c7\u03b5\u03af\u03bf \u03a3\u03c5\u03bd\u03b5\u03c1\u03b3\u03b1\u03c4\u03ce\u03bd","image":{"@type":"ImageObject","inLanguage":"nl-BE","@id":"https:\/\/orthodoxia.be\/#\/schema\/person\/image\/","url":"https:\/\/secure.gravatar.com\/avatar\/0bf791bec6a55758e3ee18a1fc90f09b?s=96&d=mm&r=g","contentUrl":"https:\/\/secure.gravatar.com\/avatar\/0bf791bec6a55758e3ee18a1fc90f09b?s=96&d=mm&r=g","caption":"\u0391\u03c1\u03c7\u03b5\u03af\u03bf \u03a3\u03c5\u03bd\u03b5\u03c1\u03b3\u03b1\u03c4\u03ce\u03bd"},"url":"https:\/\/orthodoxia.be\/nl\/author\/archives\/"}]}},"_links":{"self":[{"href":"https:\/\/orthodoxia.be\/nl\/wp-json\/wp\/v2\/posts\/31763","targetHints":{"allow":["GET"]}}],"collection":[{"href":"https:\/\/orthodoxia.be\/nl\/wp-json\/wp\/v2\/posts"}],"about":[{"href":"https:\/\/orthodoxia.be\/nl\/wp-json\/wp\/v2\/types\/post"}],"author":[{"embeddable":true,"href":"https:\/\/orthodoxia.be\/nl\/wp-json\/wp\/v2\/users\/12"}],"replies":[{"embeddable":true,"href":"https:\/\/orthodoxia.be\/nl\/wp-json\/wp\/v2\/comments?post=31763"}],"version-history":[{"count":8,"href":"https:\/\/orthodoxia.be\/nl\/wp-json\/wp\/v2\/posts\/31763\/revisions"}],"predecessor-version":[{"id":31913,"href":"https:\/\/orthodoxia.be\/nl\/wp-json\/wp\/v2\/posts\/31763\/revisions\/31913"}],"wp:featuredmedia":[{"embeddable":true,"href":"https:\/\/orthodoxia.be\/nl\/wp-json\/wp\/v2\/media\/30850"}],"wp:attachment":[{"href":"https:\/\/orthodoxia.be\/nl\/wp-json\/wp\/v2\/media?parent=31763"}],"wp:term":[{"taxonomy":"category","embeddable":true,"href":"https:\/\/orthodoxia.be\/nl\/wp-json\/wp\/v2\/categories?post=31763"},{"taxonomy":"post_tag","embeddable":true,"href":"https:\/\/orthodoxia.be\/nl\/wp-json\/wp\/v2\/tags?post=31763"}],"curies":[{"name":"wp","href":"https:\/\/api.w.org\/{rel}","templated":true}]}}