{"id":32055,"date":"2021-06-21T19:17:18","date_gmt":"2021-06-21T17:17:18","guid":{"rendered":"http:\/\/orthodoxia.be\/?p=32055"},"modified":"2021-06-25T11:07:36","modified_gmt":"2021-06-25T09:07:36","slug":"pinksteren-in-de-kathedraal-van-brussel","status":"publish","type":"post","link":"https:\/\/orthodoxia.be\/nl\/2021\/06\/21\/pinksteren-in-de-kathedraal-van-brussel\/","title":{"rendered":"Pinksteren in de Kathedraal van Brussel"},"content":{"rendered":"<p style=\"text-align: justify;\">Op Pinksterzondag 20 juni 2021 vierde Zijne Eminentie Metropoliet Athenagoras van Belgi\u00eb en Exarch van Nederland en Luxemburg de Goddelijke Liturgie in de Kathedraal van de Heilige Aartsengelen Micha\u00ebl en Gabri\u00ebl van Brussel. Hij was omringd door priesters en diakens van het aartsbisdom. De viering ging door met naleving van de nieuwe versoepelde maatregelen tegen de pandemie die van kracht zijn in Belgi\u00eb, maatregelen die de deelname van een groter aantal gelovigen aan de kerkdiensten mogelijk maken.<\/p>\n<p style=\"text-align: justify;\">Zijne Eminentie verwees in zijn homilie naar de derde persoon van de Heilige Drie-eenheid, de Heilige Geest, de Parakleet, die op deze gezegende Pinksterdag neerdaalde op de hoofden van zijn discipelen die met veel ongeduld op Hem wachtten.<\/p>\n<p style=\"text-align: justify;\">Onmiddellijk na de Goddelijke Liturgie werd de Vesperdienst voor het Feest van de Heilige Geest gevierd met kniebuigingen.<\/p>\n<p style=\"text-align: justify;\">Zijne Eminentie dankte vervolgens de vice-vertegenwoordiger van de Griekse Permanente Vertegenwoordiging bij de NAVO, Zijne Excellentie Ambassadeur Evangelos Sekeris met zijn familie, evenals de consul-generaal van Griekenland in Belgi\u00eb, de heer Vassilios Zarbalis voor hun aanwezigheid bij de diensten van die dag. Hij sprak ook zijn vreugde uit over de mogelijkheid om meer deelnemers te mogen ontvangen en nodigde de gelovigen uit om terug te keren naar de kerken en de Heer te danken.<\/p>\n<p>&nbsp;<\/p>\n<p>[FAGP id=32013]<\/p>\n","protected":false},"excerpt":{"rendered":"<p>Op Pinksterzondag 20 juni 2021 vierde Zijne Eminentie Metropoliet Athenagoras van Belgi\u00eb en Exarch van Nederland en Luxemburg de Goddelijke Liturgie in de Kathedraal van de Heilige Aartsengelen Micha\u00ebl en Gabri\u00ebl van Brussel. Hij was omringd door priesters en diakens van het aartsbisdom. De viering ging door met naleving van de nieuwe versoepelde maatregelen tegen &hellip; <a href=\"https:\/\/orthodoxia.be\/nl\/2021\/06\/21\/pinksteren-in-de-kathedraal-van-brussel\/\">Continued<\/a><\/p>\n","protected":false},"author":12,"featured_media":32006,"comment_status":"closed","ping_status":"open","sticky":false,"template":"","format":"standard","meta":{"_acf_changed":false,"footnotes":""},"categories":[18,83],"tags":[],"class_list":["post-32055","post","type-post","status-publish","format-standard","has-post-thumbnail","hentry","category-actualiteit","category-persmededelingen"],"acf":[],"yoast_head":"<!-- This site is optimized with the Yoast SEO plugin v24.3 - https:\/\/yoast.com\/wordpress\/plugins\/seo\/ -->\n<title>Pinksteren in de Kathedraal van Brussel - Orthodox Aartsbisdom van Belgi\u00eb<\/title>\n<meta name=\"robots\" content=\"index, follow, max-snippet:-1, max-image-preview:large, max-video-preview:-1\" \/>\n<link rel=\"canonical\" href=\"https:\/\/orthodoxia.be\/nl\/2021\/06\/21\/pinksteren-in-de-kathedraal-van-brussel\/\" \/>\n<meta property=\"og:locale\" content=\"nl_BE\" \/>\n<meta property=\"og:type\" content=\"article\" \/>\n<meta property=\"og:title\" content=\"Pinksteren in de Kathedraal van Brussel - Orthodox Aartsbisdom van Belgi\u00eb\" \/>\n<meta property=\"og:description\" content=\"Op Pinksterzondag 20 juni 2021 vierde Zijne Eminentie Metropoliet Athenagoras van Belgi\u00eb en Exarch van Nederland en Luxemburg de Goddelijke Liturgie in de Kathedraal van de Heilige Aartsengelen Micha\u00ebl en Gabri\u00ebl van Brussel. Hij was omringd door priesters en diakens van het aartsbisdom. De viering ging door met naleving van de nieuwe versoepelde maatregelen tegen &hellip; Continued\" \/>\n<meta property=\"og:url\" content=\"https:\/\/orthodoxia.be\/nl\/2021\/06\/21\/pinksteren-in-de-kathedraal-van-brussel\/\" \/>\n<meta property=\"og:site_name\" content=\"Orthodox Aartsbisdom van Belgi\u00eb\" \/>\n<meta property=\"article:publisher\" content=\"https:\/\/www.facebook.com\/orthobel\" \/>\n<meta property=\"article:published_time\" content=\"2021-06-21T17:17:18+00:00\" \/>\n<meta property=\"article:modified_time\" content=\"2021-06-25T09:07:36+00:00\" \/>\n<meta property=\"og:image\" content=\"https:\/\/orthodoxia.be\/wp-content\/uploads\/2021\/06\/DSC_0897.jpg\" \/>\n\t<meta property=\"og:image:width\" content=\"1000\" \/>\n\t<meta property=\"og:image:height\" content=\"668\" \/>\n\t<meta property=\"og:image:type\" content=\"image\/jpeg\" \/>\n<meta name=\"author\" content=\"\u0391\u03c1\u03c7\u03b5\u03af\u03bf \u03a3\u03c5\u03bd\u03b5\u03c1\u03b3\u03b1\u03c4\u03ce\u03bd\" \/>\n<meta name=\"twitter:card\" content=\"summary_large_image\" \/>\n<meta name=\"twitter:creator\" content=\"@orthobel\" \/>\n<meta name=\"twitter:site\" content=\"@orthobel\" \/>\n<meta name=\"twitter:label1\" content=\"Geschreven door\" \/>\n\t<meta name=\"twitter:data1\" content=\"\u0391\u03c1\u03c7\u03b5\u03af\u03bf \u03a3\u03c5\u03bd\u03b5\u03c1\u03b3\u03b1\u03c4\u03ce\u03bd\" \/>\n\t<meta name=\"twitter:label2\" content=\"Geschatte leestijd\" \/>\n\t<meta name=\"twitter:data2\" content=\"1 minuut\" \/>\n<script type=\"application\/ld+json\" class=\"yoast-schema-graph\">{\"@context\":\"https:\/\/schema.org\",\"@graph\":[{\"@type\":\"Article\",\"@id\":\"https:\/\/orthodoxia.be\/nl\/2021\/06\/21\/pinksteren-in-de-kathedraal-van-brussel\/#article\",\"isPartOf\":{\"@id\":\"https:\/\/orthodoxia.be\/nl\/2021\/06\/21\/pinksteren-in-de-kathedraal-van-brussel\/\"},\"author\":{\"name\":\"\u0391\u03c1\u03c7\u03b5\u03af\u03bf \u03a3\u03c5\u03bd\u03b5\u03c1\u03b3\u03b1\u03c4\u03ce\u03bd\",\"@id\":\"https:\/\/orthodoxia.be\/#\/schema\/person\/4641c70600fbb1aac968996a0ef6d284\"},\"headline\":\"Pinksteren in de Kathedraal van Brussel\",\"datePublished\":\"2021-06-21T17:17:18+00:00\",\"dateModified\":\"2021-06-25T09:07:36+00:00\",\"mainEntityOfPage\":{\"@id\":\"https:\/\/orthodoxia.be\/nl\/2021\/06\/21\/pinksteren-in-de-kathedraal-van-brussel\/\"},\"wordCount\":216,\"publisher\":{\"@id\":\"https:\/\/orthodoxia.be\/#organization\"},\"image\":{\"@id\":\"https:\/\/orthodoxia.be\/nl\/2021\/06\/21\/pinksteren-in-de-kathedraal-van-brussel\/#primaryimage\"},\"thumbnailUrl\":\"https:\/\/orthodoxia.be\/wp-content\/uploads\/2021\/06\/DSC_0897.jpg\",\"articleSection\":[\"Actualiteit\",\"Persmededelingen\"],\"inLanguage\":\"nl-BE\"},{\"@type\":\"WebPage\",\"@id\":\"https:\/\/orthodoxia.be\/nl\/2021\/06\/21\/pinksteren-in-de-kathedraal-van-brussel\/\",\"url\":\"https:\/\/orthodoxia.be\/nl\/2021\/06\/21\/pinksteren-in-de-kathedraal-van-brussel\/\",\"name\":\"Pinksteren in de Kathedraal van Brussel - Orthodox Aartsbisdom van Belgi\u00eb\",\"isPartOf\":{\"@id\":\"https:\/\/orthodoxia.be\/#website\"},\"primaryImageOfPage\":{\"@id\":\"https:\/\/orthodoxia.be\/nl\/2021\/06\/21\/pinksteren-in-de-kathedraal-van-brussel\/#primaryimage\"},\"image\":{\"@id\":\"https:\/\/orthodoxia.be\/nl\/2021\/06\/21\/pinksteren-in-de-kathedraal-van-brussel\/#primaryimage\"},\"thumbnailUrl\":\"https:\/\/orthodoxia.be\/wp-content\/uploads\/2021\/06\/DSC_0897.jpg\",\"datePublished\":\"2021-06-21T17:17:18+00:00\",\"dateModified\":\"2021-06-25T09:07:36+00:00\",\"breadcrumb\":{\"@id\":\"https:\/\/orthodoxia.be\/nl\/2021\/06\/21\/pinksteren-in-de-kathedraal-van-brussel\/#breadcrumb\"},\"inLanguage\":\"nl-BE\",\"potentialAction\":[{\"@type\":\"ReadAction\",\"target\":[\"https:\/\/orthodoxia.be\/nl\/2021\/06\/21\/pinksteren-in-de-kathedraal-van-brussel\/\"]}]},{\"@type\":\"ImageObject\",\"inLanguage\":\"nl-BE\",\"@id\":\"https:\/\/orthodoxia.be\/nl\/2021\/06\/21\/pinksteren-in-de-kathedraal-van-brussel\/#primaryimage\",\"url\":\"https:\/\/orthodoxia.be\/wp-content\/uploads\/2021\/06\/DSC_0897.jpg\",\"contentUrl\":\"https:\/\/orthodoxia.be\/wp-content\/uploads\/2021\/06\/DSC_0897.jpg\",\"width\":1000,\"height\":668},{\"@type\":\"BreadcrumbList\",\"@id\":\"https:\/\/orthodoxia.be\/nl\/2021\/06\/21\/pinksteren-in-de-kathedraal-van-brussel\/#breadcrumb\",\"itemListElement\":[{\"@type\":\"ListItem\",\"position\":1,\"name\":\"Home\",\"item\":\"https:\/\/orthodoxia.be\/nl\/\"},{\"@type\":\"ListItem\",\"position\":2,\"name\":\"Pinksteren in de Kathedraal van Brussel\"}]},{\"@type\":\"WebSite\",\"@id\":\"https:\/\/orthodoxia.be\/#website\",\"url\":\"https:\/\/orthodoxia.be\/\",\"name\":\"Orthodox Archdiocese of Belgium (Benelux)\",\"description\":\"Exarch of the Nederland en Luxemburg\",\"publisher\":{\"@id\":\"https:\/\/orthodoxia.be\/#organization\"},\"alternateName\":\"IMB\",\"potentialAction\":[{\"@type\":\"SearchAction\",\"target\":{\"@type\":\"EntryPoint\",\"urlTemplate\":\"https:\/\/orthodoxia.be\/?s={search_term_string}\"},\"query-input\":{\"@type\":\"PropertyValueSpecification\",\"valueRequired\":true,\"valueName\":\"search_term_string\"}}],\"inLanguage\":\"nl-BE\"},{\"@type\":\"Organization\",\"@id\":\"https:\/\/orthodoxia.be\/#organization\",\"name\":\"Orthodox Archdiocese of Belgium (Benelux)\",\"url\":\"https:\/\/orthodoxia.be\/\",\"logo\":{\"@type\":\"ImageObject\",\"inLanguage\":\"nl-BE\",\"@id\":\"https:\/\/orthodoxia.be\/#\/schema\/logo\/image\/\",\"url\":\"https:\/\/orthodoxia.be\/wp-content\/uploads\/2024\/02\/cropped-IMB-logo-512-cl-1.png\",\"contentUrl\":\"https:\/\/orthodoxia.be\/wp-content\/uploads\/2024\/02\/cropped-IMB-logo-512-cl-1.png\",\"width\":512,\"height\":512,\"caption\":\"Orthodox Archdiocese of Belgium (Benelux)\"},\"image\":{\"@id\":\"https:\/\/orthodoxia.be\/#\/schema\/logo\/image\/\"},\"sameAs\":[\"https:\/\/www.facebook.com\/orthobel\",\"https:\/\/x.com\/orthobel\",\"https:\/\/www.youtube.com\/c\/orthobel\",\"https:\/\/www.mixcloud.com\/orthobel\/\",\"https:\/\/www.flickr.com\/photos\/148264890@N07\/albums\",\"https:\/\/www.dailymotion.com\/Orthobel\"]},{\"@type\":\"Person\",\"@id\":\"https:\/\/orthodoxia.be\/#\/schema\/person\/4641c70600fbb1aac968996a0ef6d284\",\"name\":\"\u0391\u03c1\u03c7\u03b5\u03af\u03bf \u03a3\u03c5\u03bd\u03b5\u03c1\u03b3\u03b1\u03c4\u03ce\u03bd\",\"image\":{\"@type\":\"ImageObject\",\"inLanguage\":\"nl-BE\",\"@id\":\"https:\/\/orthodoxia.be\/#\/schema\/person\/image\/\",\"url\":\"https:\/\/secure.gravatar.com\/avatar\/0bf791bec6a55758e3ee18a1fc90f09b?s=96&d=mm&r=g\",\"contentUrl\":\"https:\/\/secure.gravatar.com\/avatar\/0bf791bec6a55758e3ee18a1fc90f09b?s=96&d=mm&r=g\",\"caption\":\"\u0391\u03c1\u03c7\u03b5\u03af\u03bf \u03a3\u03c5\u03bd\u03b5\u03c1\u03b3\u03b1\u03c4\u03ce\u03bd\"},\"url\":\"https:\/\/orthodoxia.be\/nl\/author\/archives\/\"}]}<\/script>\n<!-- \/ Yoast SEO plugin. -->","yoast_head_json":{"title":"Pinksteren in de Kathedraal van Brussel - Orthodox Aartsbisdom van Belgi\u00eb","robots":{"index":"index","follow":"follow","max-snippet":"max-snippet:-1","max-image-preview":"max-image-preview:large","max-video-preview":"max-video-preview:-1"},"canonical":"https:\/\/orthodoxia.be\/nl\/2021\/06\/21\/pinksteren-in-de-kathedraal-van-brussel\/","og_locale":"nl_BE","og_type":"article","og_title":"Pinksteren in de Kathedraal van Brussel - Orthodox Aartsbisdom van Belgi\u00eb","og_description":"Op Pinksterzondag 20 juni 2021 vierde Zijne Eminentie Metropoliet Athenagoras van Belgi\u00eb en Exarch van Nederland en Luxemburg de Goddelijke Liturgie in de Kathedraal van de Heilige Aartsengelen Micha\u00ebl en Gabri\u00ebl van Brussel. Hij was omringd door priesters en diakens van het aartsbisdom. De viering ging door met naleving van de nieuwe versoepelde maatregelen tegen &hellip; Continued","og_url":"https:\/\/orthodoxia.be\/nl\/2021\/06\/21\/pinksteren-in-de-kathedraal-van-brussel\/","og_site_name":"Orthodox Aartsbisdom van Belgi\u00eb","article_publisher":"https:\/\/www.facebook.com\/orthobel","article_published_time":"2021-06-21T17:17:18+00:00","article_modified_time":"2021-06-25T09:07:36+00:00","og_image":[{"width":1000,"height":668,"url":"https:\/\/orthodoxia.be\/wp-content\/uploads\/2021\/06\/DSC_0897.jpg","type":"image\/jpeg"}],"author":"\u0391\u03c1\u03c7\u03b5\u03af\u03bf \u03a3\u03c5\u03bd\u03b5\u03c1\u03b3\u03b1\u03c4\u03ce\u03bd","twitter_card":"summary_large_image","twitter_creator":"@orthobel","twitter_site":"@orthobel","twitter_misc":{"Geschreven door":"\u0391\u03c1\u03c7\u03b5\u03af\u03bf \u03a3\u03c5\u03bd\u03b5\u03c1\u03b3\u03b1\u03c4\u03ce\u03bd","Geschatte leestijd":"1 minuut"},"schema":{"@context":"https:\/\/schema.org","@graph":[{"@type":"Article","@id":"https:\/\/orthodoxia.be\/nl\/2021\/06\/21\/pinksteren-in-de-kathedraal-van-brussel\/#article","isPartOf":{"@id":"https:\/\/orthodoxia.be\/nl\/2021\/06\/21\/pinksteren-in-de-kathedraal-van-brussel\/"},"author":{"name":"\u0391\u03c1\u03c7\u03b5\u03af\u03bf \u03a3\u03c5\u03bd\u03b5\u03c1\u03b3\u03b1\u03c4\u03ce\u03bd","@id":"https:\/\/orthodoxia.be\/#\/schema\/person\/4641c70600fbb1aac968996a0ef6d284"},"headline":"Pinksteren in de Kathedraal van Brussel","datePublished":"2021-06-21T17:17:18+00:00","dateModified":"2021-06-25T09:07:36+00:00","mainEntityOfPage":{"@id":"https:\/\/orthodoxia.be\/nl\/2021\/06\/21\/pinksteren-in-de-kathedraal-van-brussel\/"},"wordCount":216,"publisher":{"@id":"https:\/\/orthodoxia.be\/#organization"},"image":{"@id":"https:\/\/orthodoxia.be\/nl\/2021\/06\/21\/pinksteren-in-de-kathedraal-van-brussel\/#primaryimage"},"thumbnailUrl":"https:\/\/orthodoxia.be\/wp-content\/uploads\/2021\/06\/DSC_0897.jpg","articleSection":["Actualiteit","Persmededelingen"],"inLanguage":"nl-BE"},{"@type":"WebPage","@id":"https:\/\/orthodoxia.be\/nl\/2021\/06\/21\/pinksteren-in-de-kathedraal-van-brussel\/","url":"https:\/\/orthodoxia.be\/nl\/2021\/06\/21\/pinksteren-in-de-kathedraal-van-brussel\/","name":"Pinksteren in de Kathedraal van Brussel - Orthodox Aartsbisdom van Belgi\u00eb","isPartOf":{"@id":"https:\/\/orthodoxia.be\/#website"},"primaryImageOfPage":{"@id":"https:\/\/orthodoxia.be\/nl\/2021\/06\/21\/pinksteren-in-de-kathedraal-van-brussel\/#primaryimage"},"image":{"@id":"https:\/\/orthodoxia.be\/nl\/2021\/06\/21\/pinksteren-in-de-kathedraal-van-brussel\/#primaryimage"},"thumbnailUrl":"https:\/\/orthodoxia.be\/wp-content\/uploads\/2021\/06\/DSC_0897.jpg","datePublished":"2021-06-21T17:17:18+00:00","dateModified":"2021-06-25T09:07:36+00:00","breadcrumb":{"@id":"https:\/\/orthodoxia.be\/nl\/2021\/06\/21\/pinksteren-in-de-kathedraal-van-brussel\/#breadcrumb"},"inLanguage":"nl-BE","potentialAction":[{"@type":"ReadAction","target":["https:\/\/orthodoxia.be\/nl\/2021\/06\/21\/pinksteren-in-de-kathedraal-van-brussel\/"]}]},{"@type":"ImageObject","inLanguage":"nl-BE","@id":"https:\/\/orthodoxia.be\/nl\/2021\/06\/21\/pinksteren-in-de-kathedraal-van-brussel\/#primaryimage","url":"https:\/\/orthodoxia.be\/wp-content\/uploads\/2021\/06\/DSC_0897.jpg","contentUrl":"https:\/\/orthodoxia.be\/wp-content\/uploads\/2021\/06\/DSC_0897.jpg","width":1000,"height":668},{"@type":"BreadcrumbList","@id":"https:\/\/orthodoxia.be\/nl\/2021\/06\/21\/pinksteren-in-de-kathedraal-van-brussel\/#breadcrumb","itemListElement":[{"@type":"ListItem","position":1,"name":"Home","item":"https:\/\/orthodoxia.be\/nl\/"},{"@type":"ListItem","position":2,"name":"Pinksteren in de Kathedraal van Brussel"}]},{"@type":"WebSite","@id":"https:\/\/orthodoxia.be\/#website","url":"https:\/\/orthodoxia.be\/","name":"Orthodox Archdiocese of Belgium (Benelux)","description":"Exarch of the Nederland en Luxemburg","publisher":{"@id":"https:\/\/orthodoxia.be\/#organization"},"alternateName":"IMB","potentialAction":[{"@type":"SearchAction","target":{"@type":"EntryPoint","urlTemplate":"https:\/\/orthodoxia.be\/?s={search_term_string}"},"query-input":{"@type":"PropertyValueSpecification","valueRequired":true,"valueName":"search_term_string"}}],"inLanguage":"nl-BE"},{"@type":"Organization","@id":"https:\/\/orthodoxia.be\/#organization","name":"Orthodox Archdiocese of Belgium (Benelux)","url":"https:\/\/orthodoxia.be\/","logo":{"@type":"ImageObject","inLanguage":"nl-BE","@id":"https:\/\/orthodoxia.be\/#\/schema\/logo\/image\/","url":"https:\/\/orthodoxia.be\/wp-content\/uploads\/2024\/02\/cropped-IMB-logo-512-cl-1.png","contentUrl":"https:\/\/orthodoxia.be\/wp-content\/uploads\/2024\/02\/cropped-IMB-logo-512-cl-1.png","width":512,"height":512,"caption":"Orthodox Archdiocese of Belgium (Benelux)"},"image":{"@id":"https:\/\/orthodoxia.be\/#\/schema\/logo\/image\/"},"sameAs":["https:\/\/www.facebook.com\/orthobel","https:\/\/x.com\/orthobel","https:\/\/www.youtube.com\/c\/orthobel","https:\/\/www.mixcloud.com\/orthobel\/","https:\/\/www.flickr.com\/photos\/148264890@N07\/albums","https:\/\/www.dailymotion.com\/Orthobel"]},{"@type":"Person","@id":"https:\/\/orthodoxia.be\/#\/schema\/person\/4641c70600fbb1aac968996a0ef6d284","name":"\u0391\u03c1\u03c7\u03b5\u03af\u03bf \u03a3\u03c5\u03bd\u03b5\u03c1\u03b3\u03b1\u03c4\u03ce\u03bd","image":{"@type":"ImageObject","inLanguage":"nl-BE","@id":"https:\/\/orthodoxia.be\/#\/schema\/person\/image\/","url":"https:\/\/secure.gravatar.com\/avatar\/0bf791bec6a55758e3ee18a1fc90f09b?s=96&d=mm&r=g","contentUrl":"https:\/\/secure.gravatar.com\/avatar\/0bf791bec6a55758e3ee18a1fc90f09b?s=96&d=mm&r=g","caption":"\u0391\u03c1\u03c7\u03b5\u03af\u03bf \u03a3\u03c5\u03bd\u03b5\u03c1\u03b3\u03b1\u03c4\u03ce\u03bd"},"url":"https:\/\/orthodoxia.be\/nl\/author\/archives\/"}]}},"_links":{"self":[{"href":"https:\/\/orthodoxia.be\/nl\/wp-json\/wp\/v2\/posts\/32055","targetHints":{"allow":["GET"]}}],"collection":[{"href":"https:\/\/orthodoxia.be\/nl\/wp-json\/wp\/v2\/posts"}],"about":[{"href":"https:\/\/orthodoxia.be\/nl\/wp-json\/wp\/v2\/types\/post"}],"author":[{"embeddable":true,"href":"https:\/\/orthodoxia.be\/nl\/wp-json\/wp\/v2\/users\/12"}],"replies":[{"embeddable":true,"href":"https:\/\/orthodoxia.be\/nl\/wp-json\/wp\/v2\/comments?post=32055"}],"version-history":[{"count":1,"href":"https:\/\/orthodoxia.be\/nl\/wp-json\/wp\/v2\/posts\/32055\/revisions"}],"predecessor-version":[{"id":32056,"href":"https:\/\/orthodoxia.be\/nl\/wp-json\/wp\/v2\/posts\/32055\/revisions\/32056"}],"wp:featuredmedia":[{"embeddable":true,"href":"https:\/\/orthodoxia.be\/nl\/wp-json\/wp\/v2\/media\/32006"}],"wp:attachment":[{"href":"https:\/\/orthodoxia.be\/nl\/wp-json\/wp\/v2\/media?parent=32055"}],"wp:term":[{"taxonomy":"category","embeddable":true,"href":"https:\/\/orthodoxia.be\/nl\/wp-json\/wp\/v2\/categories?post=32055"},{"taxonomy":"post_tag","embeddable":true,"href":"https:\/\/orthodoxia.be\/nl\/wp-json\/wp\/v2\/tags?post=32055"}],"curies":[{"name":"wp","href":"https:\/\/api.w.org\/{rel}","templated":true}]}}