{"id":32057,"date":"2021-06-22T13:57:28","date_gmt":"2021-06-22T11:57:28","guid":{"rendered":"http:\/\/orthodoxia.be\/?p=32057"},"modified":"2021-06-25T14:45:26","modified_gmt":"2021-06-25T12:45:26","slug":"communique-van-de-orthodoxe-bisschoppenconferentie-van-de-benelux-ceob-obb-3","status":"publish","type":"post","link":"https:\/\/orthodoxia.be\/nl\/2021\/06\/22\/communique-van-de-orthodoxe-bisschoppenconferentie-van-de-benelux-ceob-obb-3\/","title":{"rendered":"Communiqu\u00e9 van de Orthodoxe Bisschoppenconferentie van de Benelux (CEOB-OBB)"},"content":{"rendered":"<p style=\"text-align: justify;\">Brussel &#8211; De Orthodoxe Bisschoppenconferentie van de Benelux (OBB) werd bijeengeroepen voor haar 22e gewone vergadering. Deze vergadering ging door op dinsdag 22 juni 2021 , vanwege de gezondheidscrisis via een videoconferentie. Zijne Eminentie Metropoliet Athenagoras van Belgi\u00eb (Oecumenisch Patriarchaat) zat de vergadering voor. De deelnemende bisschoppen waren Hunne Excellenties Bisschop Marc van Neamts, vertegenwoordiger van Metropoliet Joseph (Patriarchaat van Roemeni\u00eb), Bisschop Dositheus (Patriarchaat van Georgi\u00eb) en Bisschop Joachim van Apollonia (hulpbisschop van het Orthodoxe Aartsbisdom van Belgi\u00eb &#8211; Oecumenisch Patriarchaat).De bisschoppen konden informatie en standpunten uitwisselen over de huidige situatie in de drie Benelux-landen. Bovenal konden ze vaststellen dat een duidelijke verbetering van de indicatoren van de gezondheidscrisis het mogelijk maakt de maatregelen voor bijeenkomsten in het algemeen en voor bijeenkomsten van gelovigen in kerken te versoepelen. Bij kerkdiensten en vieringen mag het aantal gelovigen talrijker zijn. Uiteraard zijn er nog steeds beperkingen, vooral met betrekking tot de sociale afstand en andere toenaderingsgebruiken. Er is hoop dat we tegen het einde van de zomer terug kunnen naar een normale situatie in de kerken. Voorlopig roepen de bisschoppen echter nog op tot voorzichtigheid en respect voor de maatregelen van de autoriteiten.<\/p>\n<p style=\"text-align: justify;\">\nNogmaals wezen de bisschoppen op de noodzaak tot activering van de verschillende commissies die opereren onder auspici\u00ebn van de Bisschoppenconferentie en de benoeming van nieuwe leden.<\/p>\n<p style=\"text-align: justify;\">\nDe hi\u00ebrarchen namen kennis van het nieuwe decreet betreffende de parochies in Vlaanderen en de nieuwe verordening voor het Brussels Hoofdstedelijk Gewest. Ze werden ook op de hoogte gebracht van een demonstratie georganiseerd door het Vlaams Parlement, met deelname van vertegenwoordigers van de erediensten, tegen discriminatie en voor het respect van elke persoon en diens eigenheid. Na deze bijeenkomst ondertekenden de vertegenwoordigers van de erediensten en andere deelnemers een Charter over deze onderwerpen.<\/p>\n<p style=\"text-align: justify;\">\nDe bisschoppen gaven hun zegen aan degenen die verantwoordelijk zijn voor het zomerkamp voor kinderen en jongeren, dat voor de 22e keer gezamenlijk wordt georganiseerd door de Orthodoxe Jeugd in Nederland en Belgi\u00eb en dat dit jaar zal worden gehouden in De Hoge Rielen, Belgi\u00eb.<br \/>\nDe bisschoppen maakten ook kennis met de activiteiten van de Orthodoxe Zendende Instantie in Nederland, waaronder een ontmoeting met de minister van Justitie en een interview.<\/p>\n<p style=\"text-align: justify;\">\nBinnen het kader van hun pastorale zorg voor het orthodoxe theologische onderwijs in de Benelux, toonden de bisschoppen veel belangstelling voor de informatie over het St Irenaeus Orthodox Theologisch Instituut dat toegevoegd wordt aan de Universiteit van Nijmegen in Nederland, het functioneren ervan en zijn activiteiten. De bisschoppen informeerden ook naar de 30ste verjaardag sinds de oprichting van de Vlaamse afdeling van het Instituut van Orthodoxe Theologie Apostel Paulus in Belgi\u00eb.<\/p>\n<p style=\"text-align: justify;\">\nDe volgende bijeenkomst van de Orthodoxe Bisschoppenconferentie van de Benelux (OBB) is gepland op 16 november 2021.<\/p>\n<p style=\"text-align: justify;\">\nDe Orthodoxe Bisschoppenconferentie van de Benelux werd opgericht bij besluit van de IVe Preconciliaire Panorthodoxe Conferentie, die in juni 2009 in Chamb\u00e9sy (Gen\u00e8ve) bijeenkwam.<\/p>\n<p>[FAGP id=32028]<\/p>\n","protected":false},"excerpt":{"rendered":"<p>Brussel &#8211; De Orthodoxe Bisschoppenconferentie van de Benelux (OBB) werd bijeengeroepen voor haar 22e gewone vergadering. Deze vergadering ging door op dinsdag 22 juni 2021 , vanwege de gezondheidscrisis via een videoconferentie. Zijne Eminentie Metropoliet Athenagoras van Belgi\u00eb (Oecumenisch Patriarchaat) zat de vergadering voor. De deelnemende bisschoppen waren Hunne Excellenties Bisschop Marc van Neamts, vertegenwoordiger &hellip; <a href=\"https:\/\/orthodoxia.be\/nl\/2021\/06\/22\/communique-van-de-orthodoxe-bisschoppenconferentie-van-de-benelux-ceob-obb-3\/\">Continued<\/a><\/p>\n","protected":false},"author":12,"featured_media":32047,"comment_status":"closed","ping_status":"open","sticky":false,"template":"","format":"standard","meta":{"_acf_changed":false,"footnotes":""},"categories":[18,310],"tags":[],"class_list":["post-32057","post","type-post","status-publish","format-standard","has-post-thumbnail","hentry","category-actualiteit","category-obb"],"acf":[],"yoast_head":"<!-- This site is optimized with the Yoast SEO plugin v24.3 - https:\/\/yoast.com\/wordpress\/plugins\/seo\/ -->\n<title>Communiqu\u00e9 van de Orthodoxe Bisschoppenconferentie van de Benelux (CEOB-OBB) - Orthodox Aartsbisdom van Belgi\u00eb<\/title>\n<meta name=\"robots\" content=\"index, follow, max-snippet:-1, max-image-preview:large, max-video-preview:-1\" \/>\n<link rel=\"canonical\" href=\"https:\/\/orthodoxia.be\/nl\/2021\/06\/22\/communique-van-de-orthodoxe-bisschoppenconferentie-van-de-benelux-ceob-obb-3\/\" \/>\n<meta property=\"og:locale\" content=\"nl_BE\" \/>\n<meta property=\"og:type\" content=\"article\" \/>\n<meta property=\"og:title\" content=\"Communiqu\u00e9 van de Orthodoxe Bisschoppenconferentie van de Benelux (CEOB-OBB) - Orthodox Aartsbisdom van Belgi\u00eb\" \/>\n<meta property=\"og:description\" content=\"Brussel &#8211; De Orthodoxe Bisschoppenconferentie van de Benelux (OBB) werd bijeengeroepen voor haar 22e gewone vergadering. Deze vergadering ging door op dinsdag 22 juni 2021 , vanwege de gezondheidscrisis via een videoconferentie. Zijne Eminentie Metropoliet Athenagoras van Belgi\u00eb (Oecumenisch Patriarchaat) zat de vergadering voor. De deelnemende bisschoppen waren Hunne Excellenties Bisschop Marc van Neamts, vertegenwoordiger &hellip; Continued\" \/>\n<meta property=\"og:url\" content=\"https:\/\/orthodoxia.be\/nl\/2021\/06\/22\/communique-van-de-orthodoxe-bisschoppenconferentie-van-de-benelux-ceob-obb-3\/\" \/>\n<meta property=\"og:site_name\" content=\"Orthodox Aartsbisdom van Belgi\u00eb\" \/>\n<meta property=\"article:publisher\" content=\"https:\/\/www.facebook.com\/orthobel\" \/>\n<meta property=\"article:published_time\" content=\"2021-06-22T11:57:28+00:00\" \/>\n<meta property=\"article:modified_time\" content=\"2021-06-25T12:45:26+00:00\" \/>\n<meta property=\"og:image\" content=\"https:\/\/orthodoxia.be\/wp-content\/uploads\/2021\/06\/unnamed1.jpg\" \/>\n\t<meta property=\"og:image:width\" content=\"4032\" \/>\n\t<meta property=\"og:image:height\" content=\"3024\" \/>\n\t<meta property=\"og:image:type\" content=\"image\/jpeg\" \/>\n<meta name=\"author\" content=\"\u0391\u03c1\u03c7\u03b5\u03af\u03bf \u03a3\u03c5\u03bd\u03b5\u03c1\u03b3\u03b1\u03c4\u03ce\u03bd\" \/>\n<meta name=\"twitter:card\" content=\"summary_large_image\" \/>\n<meta name=\"twitter:creator\" content=\"@orthobel\" \/>\n<meta name=\"twitter:site\" content=\"@orthobel\" \/>\n<meta name=\"twitter:label1\" content=\"Geschreven door\" \/>\n\t<meta name=\"twitter:data1\" content=\"\u0391\u03c1\u03c7\u03b5\u03af\u03bf \u03a3\u03c5\u03bd\u03b5\u03c1\u03b3\u03b1\u03c4\u03ce\u03bd\" \/>\n\t<meta name=\"twitter:label2\" content=\"Geschatte leestijd\" \/>\n\t<meta name=\"twitter:data2\" content=\"2 minuten\" \/>\n<script type=\"application\/ld+json\" class=\"yoast-schema-graph\">{\"@context\":\"https:\/\/schema.org\",\"@graph\":[{\"@type\":\"Article\",\"@id\":\"https:\/\/orthodoxia.be\/nl\/2021\/06\/22\/communique-van-de-orthodoxe-bisschoppenconferentie-van-de-benelux-ceob-obb-3\/#article\",\"isPartOf\":{\"@id\":\"https:\/\/orthodoxia.be\/nl\/2021\/06\/22\/communique-van-de-orthodoxe-bisschoppenconferentie-van-de-benelux-ceob-obb-3\/\"},\"author\":{\"name\":\"\u0391\u03c1\u03c7\u03b5\u03af\u03bf \u03a3\u03c5\u03bd\u03b5\u03c1\u03b3\u03b1\u03c4\u03ce\u03bd\",\"@id\":\"https:\/\/orthodoxia.be\/#\/schema\/person\/4641c70600fbb1aac968996a0ef6d284\"},\"headline\":\"Communiqu\u00e9 van de Orthodoxe Bisschoppenconferentie van de Benelux (CEOB-OBB)\",\"datePublished\":\"2021-06-22T11:57:28+00:00\",\"dateModified\":\"2021-06-25T12:45:26+00:00\",\"mainEntityOfPage\":{\"@id\":\"https:\/\/orthodoxia.be\/nl\/2021\/06\/22\/communique-van-de-orthodoxe-bisschoppenconferentie-van-de-benelux-ceob-obb-3\/\"},\"wordCount\":483,\"publisher\":{\"@id\":\"https:\/\/orthodoxia.be\/#organization\"},\"image\":{\"@id\":\"https:\/\/orthodoxia.be\/nl\/2021\/06\/22\/communique-van-de-orthodoxe-bisschoppenconferentie-van-de-benelux-ceob-obb-3\/#primaryimage\"},\"thumbnailUrl\":\"https:\/\/orthodoxia.be\/wp-content\/uploads\/2021\/06\/unnamed1.jpg\",\"articleSection\":[\"Actualiteit\",\"Orthodoxe Bisschoppenconferentie van de Benelux\"],\"inLanguage\":\"nl-BE\"},{\"@type\":\"WebPage\",\"@id\":\"https:\/\/orthodoxia.be\/nl\/2021\/06\/22\/communique-van-de-orthodoxe-bisschoppenconferentie-van-de-benelux-ceob-obb-3\/\",\"url\":\"https:\/\/orthodoxia.be\/nl\/2021\/06\/22\/communique-van-de-orthodoxe-bisschoppenconferentie-van-de-benelux-ceob-obb-3\/\",\"name\":\"Communiqu\u00e9 van de Orthodoxe Bisschoppenconferentie van de Benelux (CEOB-OBB) - Orthodox Aartsbisdom van Belgi\u00eb\",\"isPartOf\":{\"@id\":\"https:\/\/orthodoxia.be\/#website\"},\"primaryImageOfPage\":{\"@id\":\"https:\/\/orthodoxia.be\/nl\/2021\/06\/22\/communique-van-de-orthodoxe-bisschoppenconferentie-van-de-benelux-ceob-obb-3\/#primaryimage\"},\"image\":{\"@id\":\"https:\/\/orthodoxia.be\/nl\/2021\/06\/22\/communique-van-de-orthodoxe-bisschoppenconferentie-van-de-benelux-ceob-obb-3\/#primaryimage\"},\"thumbnailUrl\":\"https:\/\/orthodoxia.be\/wp-content\/uploads\/2021\/06\/unnamed1.jpg\",\"datePublished\":\"2021-06-22T11:57:28+00:00\",\"dateModified\":\"2021-06-25T12:45:26+00:00\",\"breadcrumb\":{\"@id\":\"https:\/\/orthodoxia.be\/nl\/2021\/06\/22\/communique-van-de-orthodoxe-bisschoppenconferentie-van-de-benelux-ceob-obb-3\/#breadcrumb\"},\"inLanguage\":\"nl-BE\",\"potentialAction\":[{\"@type\":\"ReadAction\",\"target\":[\"https:\/\/orthodoxia.be\/nl\/2021\/06\/22\/communique-van-de-orthodoxe-bisschoppenconferentie-van-de-benelux-ceob-obb-3\/\"]}]},{\"@type\":\"ImageObject\",\"inLanguage\":\"nl-BE\",\"@id\":\"https:\/\/orthodoxia.be\/nl\/2021\/06\/22\/communique-van-de-orthodoxe-bisschoppenconferentie-van-de-benelux-ceob-obb-3\/#primaryimage\",\"url\":\"https:\/\/orthodoxia.be\/wp-content\/uploads\/2021\/06\/unnamed1.jpg\",\"contentUrl\":\"https:\/\/orthodoxia.be\/wp-content\/uploads\/2021\/06\/unnamed1.jpg\",\"width\":4032,\"height\":3024},{\"@type\":\"BreadcrumbList\",\"@id\":\"https:\/\/orthodoxia.be\/nl\/2021\/06\/22\/communique-van-de-orthodoxe-bisschoppenconferentie-van-de-benelux-ceob-obb-3\/#breadcrumb\",\"itemListElement\":[{\"@type\":\"ListItem\",\"position\":1,\"name\":\"Home\",\"item\":\"https:\/\/orthodoxia.be\/nl\/\"},{\"@type\":\"ListItem\",\"position\":2,\"name\":\"Communiqu\u00e9 van de Orthodoxe Bisschoppenconferentie van de Benelux (CEOB-OBB)\"}]},{\"@type\":\"WebSite\",\"@id\":\"https:\/\/orthodoxia.be\/#website\",\"url\":\"https:\/\/orthodoxia.be\/\",\"name\":\"Orthodox Archdiocese of Belgium (Benelux)\",\"description\":\"Exarch of the Nederland en Luxemburg\",\"publisher\":{\"@id\":\"https:\/\/orthodoxia.be\/#organization\"},\"alternateName\":\"IMB\",\"potentialAction\":[{\"@type\":\"SearchAction\",\"target\":{\"@type\":\"EntryPoint\",\"urlTemplate\":\"https:\/\/orthodoxia.be\/?s={search_term_string}\"},\"query-input\":{\"@type\":\"PropertyValueSpecification\",\"valueRequired\":true,\"valueName\":\"search_term_string\"}}],\"inLanguage\":\"nl-BE\"},{\"@type\":\"Organization\",\"@id\":\"https:\/\/orthodoxia.be\/#organization\",\"name\":\"Orthodox Archdiocese of Belgium (Benelux)\",\"url\":\"https:\/\/orthodoxia.be\/\",\"logo\":{\"@type\":\"ImageObject\",\"inLanguage\":\"nl-BE\",\"@id\":\"https:\/\/orthodoxia.be\/#\/schema\/logo\/image\/\",\"url\":\"https:\/\/orthodoxia.be\/wp-content\/uploads\/2024\/02\/cropped-IMB-logo-512-cl-1.png\",\"contentUrl\":\"https:\/\/orthodoxia.be\/wp-content\/uploads\/2024\/02\/cropped-IMB-logo-512-cl-1.png\",\"width\":512,\"height\":512,\"caption\":\"Orthodox Archdiocese of Belgium (Benelux)\"},\"image\":{\"@id\":\"https:\/\/orthodoxia.be\/#\/schema\/logo\/image\/\"},\"sameAs\":[\"https:\/\/www.facebook.com\/orthobel\",\"https:\/\/x.com\/orthobel\",\"https:\/\/www.youtube.com\/c\/orthobel\",\"https:\/\/www.mixcloud.com\/orthobel\/\",\"https:\/\/www.flickr.com\/photos\/148264890@N07\/albums\",\"https:\/\/www.dailymotion.com\/Orthobel\"]},{\"@type\":\"Person\",\"@id\":\"https:\/\/orthodoxia.be\/#\/schema\/person\/4641c70600fbb1aac968996a0ef6d284\",\"name\":\"\u0391\u03c1\u03c7\u03b5\u03af\u03bf \u03a3\u03c5\u03bd\u03b5\u03c1\u03b3\u03b1\u03c4\u03ce\u03bd\",\"image\":{\"@type\":\"ImageObject\",\"inLanguage\":\"nl-BE\",\"@id\":\"https:\/\/orthodoxia.be\/#\/schema\/person\/image\/\",\"url\":\"https:\/\/secure.gravatar.com\/avatar\/0bf791bec6a55758e3ee18a1fc90f09b?s=96&d=mm&r=g\",\"contentUrl\":\"https:\/\/secure.gravatar.com\/avatar\/0bf791bec6a55758e3ee18a1fc90f09b?s=96&d=mm&r=g\",\"caption\":\"\u0391\u03c1\u03c7\u03b5\u03af\u03bf \u03a3\u03c5\u03bd\u03b5\u03c1\u03b3\u03b1\u03c4\u03ce\u03bd\"},\"url\":\"https:\/\/orthodoxia.be\/nl\/author\/archives\/\"}]}<\/script>\n<!-- \/ Yoast SEO plugin. -->","yoast_head_json":{"title":"Communiqu\u00e9 van de Orthodoxe Bisschoppenconferentie van de Benelux (CEOB-OBB) - Orthodox Aartsbisdom van Belgi\u00eb","robots":{"index":"index","follow":"follow","max-snippet":"max-snippet:-1","max-image-preview":"max-image-preview:large","max-video-preview":"max-video-preview:-1"},"canonical":"https:\/\/orthodoxia.be\/nl\/2021\/06\/22\/communique-van-de-orthodoxe-bisschoppenconferentie-van-de-benelux-ceob-obb-3\/","og_locale":"nl_BE","og_type":"article","og_title":"Communiqu\u00e9 van de Orthodoxe Bisschoppenconferentie van de Benelux (CEOB-OBB) - Orthodox Aartsbisdom van Belgi\u00eb","og_description":"Brussel &#8211; De Orthodoxe Bisschoppenconferentie van de Benelux (OBB) werd bijeengeroepen voor haar 22e gewone vergadering. Deze vergadering ging door op dinsdag 22 juni 2021 , vanwege de gezondheidscrisis via een videoconferentie. Zijne Eminentie Metropoliet Athenagoras van Belgi\u00eb (Oecumenisch Patriarchaat) zat de vergadering voor. De deelnemende bisschoppen waren Hunne Excellenties Bisschop Marc van Neamts, vertegenwoordiger &hellip; Continued","og_url":"https:\/\/orthodoxia.be\/nl\/2021\/06\/22\/communique-van-de-orthodoxe-bisschoppenconferentie-van-de-benelux-ceob-obb-3\/","og_site_name":"Orthodox Aartsbisdom van Belgi\u00eb","article_publisher":"https:\/\/www.facebook.com\/orthobel","article_published_time":"2021-06-22T11:57:28+00:00","article_modified_time":"2021-06-25T12:45:26+00:00","og_image":[{"width":4032,"height":3024,"url":"https:\/\/orthodoxia.be\/wp-content\/uploads\/2021\/06\/unnamed1.jpg","type":"image\/jpeg"}],"author":"\u0391\u03c1\u03c7\u03b5\u03af\u03bf \u03a3\u03c5\u03bd\u03b5\u03c1\u03b3\u03b1\u03c4\u03ce\u03bd","twitter_card":"summary_large_image","twitter_creator":"@orthobel","twitter_site":"@orthobel","twitter_misc":{"Geschreven door":"\u0391\u03c1\u03c7\u03b5\u03af\u03bf \u03a3\u03c5\u03bd\u03b5\u03c1\u03b3\u03b1\u03c4\u03ce\u03bd","Geschatte leestijd":"2 minuten"},"schema":{"@context":"https:\/\/schema.org","@graph":[{"@type":"Article","@id":"https:\/\/orthodoxia.be\/nl\/2021\/06\/22\/communique-van-de-orthodoxe-bisschoppenconferentie-van-de-benelux-ceob-obb-3\/#article","isPartOf":{"@id":"https:\/\/orthodoxia.be\/nl\/2021\/06\/22\/communique-van-de-orthodoxe-bisschoppenconferentie-van-de-benelux-ceob-obb-3\/"},"author":{"name":"\u0391\u03c1\u03c7\u03b5\u03af\u03bf \u03a3\u03c5\u03bd\u03b5\u03c1\u03b3\u03b1\u03c4\u03ce\u03bd","@id":"https:\/\/orthodoxia.be\/#\/schema\/person\/4641c70600fbb1aac968996a0ef6d284"},"headline":"Communiqu\u00e9 van de Orthodoxe Bisschoppenconferentie van de Benelux (CEOB-OBB)","datePublished":"2021-06-22T11:57:28+00:00","dateModified":"2021-06-25T12:45:26+00:00","mainEntityOfPage":{"@id":"https:\/\/orthodoxia.be\/nl\/2021\/06\/22\/communique-van-de-orthodoxe-bisschoppenconferentie-van-de-benelux-ceob-obb-3\/"},"wordCount":483,"publisher":{"@id":"https:\/\/orthodoxia.be\/#organization"},"image":{"@id":"https:\/\/orthodoxia.be\/nl\/2021\/06\/22\/communique-van-de-orthodoxe-bisschoppenconferentie-van-de-benelux-ceob-obb-3\/#primaryimage"},"thumbnailUrl":"https:\/\/orthodoxia.be\/wp-content\/uploads\/2021\/06\/unnamed1.jpg","articleSection":["Actualiteit","Orthodoxe Bisschoppenconferentie van de Benelux"],"inLanguage":"nl-BE"},{"@type":"WebPage","@id":"https:\/\/orthodoxia.be\/nl\/2021\/06\/22\/communique-van-de-orthodoxe-bisschoppenconferentie-van-de-benelux-ceob-obb-3\/","url":"https:\/\/orthodoxia.be\/nl\/2021\/06\/22\/communique-van-de-orthodoxe-bisschoppenconferentie-van-de-benelux-ceob-obb-3\/","name":"Communiqu\u00e9 van de Orthodoxe Bisschoppenconferentie van de Benelux (CEOB-OBB) - Orthodox Aartsbisdom van Belgi\u00eb","isPartOf":{"@id":"https:\/\/orthodoxia.be\/#website"},"primaryImageOfPage":{"@id":"https:\/\/orthodoxia.be\/nl\/2021\/06\/22\/communique-van-de-orthodoxe-bisschoppenconferentie-van-de-benelux-ceob-obb-3\/#primaryimage"},"image":{"@id":"https:\/\/orthodoxia.be\/nl\/2021\/06\/22\/communique-van-de-orthodoxe-bisschoppenconferentie-van-de-benelux-ceob-obb-3\/#primaryimage"},"thumbnailUrl":"https:\/\/orthodoxia.be\/wp-content\/uploads\/2021\/06\/unnamed1.jpg","datePublished":"2021-06-22T11:57:28+00:00","dateModified":"2021-06-25T12:45:26+00:00","breadcrumb":{"@id":"https:\/\/orthodoxia.be\/nl\/2021\/06\/22\/communique-van-de-orthodoxe-bisschoppenconferentie-van-de-benelux-ceob-obb-3\/#breadcrumb"},"inLanguage":"nl-BE","potentialAction":[{"@type":"ReadAction","target":["https:\/\/orthodoxia.be\/nl\/2021\/06\/22\/communique-van-de-orthodoxe-bisschoppenconferentie-van-de-benelux-ceob-obb-3\/"]}]},{"@type":"ImageObject","inLanguage":"nl-BE","@id":"https:\/\/orthodoxia.be\/nl\/2021\/06\/22\/communique-van-de-orthodoxe-bisschoppenconferentie-van-de-benelux-ceob-obb-3\/#primaryimage","url":"https:\/\/orthodoxia.be\/wp-content\/uploads\/2021\/06\/unnamed1.jpg","contentUrl":"https:\/\/orthodoxia.be\/wp-content\/uploads\/2021\/06\/unnamed1.jpg","width":4032,"height":3024},{"@type":"BreadcrumbList","@id":"https:\/\/orthodoxia.be\/nl\/2021\/06\/22\/communique-van-de-orthodoxe-bisschoppenconferentie-van-de-benelux-ceob-obb-3\/#breadcrumb","itemListElement":[{"@type":"ListItem","position":1,"name":"Home","item":"https:\/\/orthodoxia.be\/nl\/"},{"@type":"ListItem","position":2,"name":"Communiqu\u00e9 van de Orthodoxe Bisschoppenconferentie van de Benelux (CEOB-OBB)"}]},{"@type":"WebSite","@id":"https:\/\/orthodoxia.be\/#website","url":"https:\/\/orthodoxia.be\/","name":"Orthodox Archdiocese of Belgium (Benelux)","description":"Exarch of the Nederland en Luxemburg","publisher":{"@id":"https:\/\/orthodoxia.be\/#organization"},"alternateName":"IMB","potentialAction":[{"@type":"SearchAction","target":{"@type":"EntryPoint","urlTemplate":"https:\/\/orthodoxia.be\/?s={search_term_string}"},"query-input":{"@type":"PropertyValueSpecification","valueRequired":true,"valueName":"search_term_string"}}],"inLanguage":"nl-BE"},{"@type":"Organization","@id":"https:\/\/orthodoxia.be\/#organization","name":"Orthodox Archdiocese of Belgium (Benelux)","url":"https:\/\/orthodoxia.be\/","logo":{"@type":"ImageObject","inLanguage":"nl-BE","@id":"https:\/\/orthodoxia.be\/#\/schema\/logo\/image\/","url":"https:\/\/orthodoxia.be\/wp-content\/uploads\/2024\/02\/cropped-IMB-logo-512-cl-1.png","contentUrl":"https:\/\/orthodoxia.be\/wp-content\/uploads\/2024\/02\/cropped-IMB-logo-512-cl-1.png","width":512,"height":512,"caption":"Orthodox Archdiocese of Belgium (Benelux)"},"image":{"@id":"https:\/\/orthodoxia.be\/#\/schema\/logo\/image\/"},"sameAs":["https:\/\/www.facebook.com\/orthobel","https:\/\/x.com\/orthobel","https:\/\/www.youtube.com\/c\/orthobel","https:\/\/www.mixcloud.com\/orthobel\/","https:\/\/www.flickr.com\/photos\/148264890@N07\/albums","https:\/\/www.dailymotion.com\/Orthobel"]},{"@type":"Person","@id":"https:\/\/orthodoxia.be\/#\/schema\/person\/4641c70600fbb1aac968996a0ef6d284","name":"\u0391\u03c1\u03c7\u03b5\u03af\u03bf \u03a3\u03c5\u03bd\u03b5\u03c1\u03b3\u03b1\u03c4\u03ce\u03bd","image":{"@type":"ImageObject","inLanguage":"nl-BE","@id":"https:\/\/orthodoxia.be\/#\/schema\/person\/image\/","url":"https:\/\/secure.gravatar.com\/avatar\/0bf791bec6a55758e3ee18a1fc90f09b?s=96&d=mm&r=g","contentUrl":"https:\/\/secure.gravatar.com\/avatar\/0bf791bec6a55758e3ee18a1fc90f09b?s=96&d=mm&r=g","caption":"\u0391\u03c1\u03c7\u03b5\u03af\u03bf \u03a3\u03c5\u03bd\u03b5\u03c1\u03b3\u03b1\u03c4\u03ce\u03bd"},"url":"https:\/\/orthodoxia.be\/nl\/author\/archives\/"}]}},"_links":{"self":[{"href":"https:\/\/orthodoxia.be\/nl\/wp-json\/wp\/v2\/posts\/32057","targetHints":{"allow":["GET"]}}],"collection":[{"href":"https:\/\/orthodoxia.be\/nl\/wp-json\/wp\/v2\/posts"}],"about":[{"href":"https:\/\/orthodoxia.be\/nl\/wp-json\/wp\/v2\/types\/post"}],"author":[{"embeddable":true,"href":"https:\/\/orthodoxia.be\/nl\/wp-json\/wp\/v2\/users\/12"}],"replies":[{"embeddable":true,"href":"https:\/\/orthodoxia.be\/nl\/wp-json\/wp\/v2\/comments?post=32057"}],"version-history":[{"count":3,"href":"https:\/\/orthodoxia.be\/nl\/wp-json\/wp\/v2\/posts\/32057\/revisions"}],"predecessor-version":[{"id":32249,"href":"https:\/\/orthodoxia.be\/nl\/wp-json\/wp\/v2\/posts\/32057\/revisions\/32249"}],"wp:featuredmedia":[{"embeddable":true,"href":"https:\/\/orthodoxia.be\/nl\/wp-json\/wp\/v2\/media\/32047"}],"wp:attachment":[{"href":"https:\/\/orthodoxia.be\/nl\/wp-json\/wp\/v2\/media?parent=32057"}],"wp:term":[{"taxonomy":"category","embeddable":true,"href":"https:\/\/orthodoxia.be\/nl\/wp-json\/wp\/v2\/categories?post=32057"},{"taxonomy":"post_tag","embeddable":true,"href":"https:\/\/orthodoxia.be\/nl\/wp-json\/wp\/v2\/tags?post=32057"}],"curies":[{"name":"wp","href":"https:\/\/api.w.org\/{rel}","templated":true}]}}