{"id":32633,"date":"2021-07-13T11:56:13","date_gmt":"2021-07-13T09:56:13","guid":{"rendered":"http:\/\/orthodoxia.be\/?p=32633"},"modified":"2021-07-13T12:51:39","modified_gmt":"2021-07-13T10:51:39","slug":"metropoliet-athenagoras-van-belgie-op-het-eiland-korfoe","status":"publish","type":"post","link":"https:\/\/orthodoxia.be\/nl\/2021\/07\/13\/metropoliet-athenagoras-van-belgie-op-het-eiland-korfoe\/","title":{"rendered":"Metropoliet Athenagoras van Belgi\u00eb op het eiland Korfoe"},"content":{"rendered":"<p><span style=\"font-weight: 400;\">Zijne Eminentie Metropoliet Athenagoras van Belgi\u00eb bevond zich tijdens het weekend van 10 en 11 juli 2021 op het eiland Corfu.<\/span><\/p>\n<p><span style=\"font-weight: 400;\">\u00a0<\/span><\/p>\n<p><span style=\"font-weight: 400;\">Op zondag 11 juli 2021 ging hij naar de kerk van de heilige Spyridon waar hij, op uitnodiging en met toestemming van Zijne Eminentie Metropoliet Nektarios van Korfu, Paxi en de Diapontische Eilanden, de Goddelijke Liturgie vierde. In zijn homilie verwees de Metropoliet van Belgi\u00eb naar de perikoop van het evangelie van de dag, om vervolgens voor de parochianen van verschillende nationaliteiten en tradities het oecumenische karakter van de heilige Spyridon en van de Orthodoxe Kerk te onderstrepen.<\/span><\/p>\n<p><span style=\"font-weight: 400;\">\u00a0Voor de wegzending dankte hij Zijne Eminentie Metropoliet Nektarios van Korfu voor zijn toestemming om voor de genadige relieken van de heilige Spyridon de Wonderdoener te mogen celebreren, evenals de rector van de parochie, aartspriester Georgios Vlachos, voor zijn hartelijke gastvrijheid.<\/span><\/p>\n<p>&nbsp;<\/p>\n<p>[FAGP id=32628]<\/p>\n","protected":false},"excerpt":{"rendered":"<p>Zijne Eminentie Metropoliet Athenagoras van Belgi\u00eb bevond zich tijdens het weekend van 10 en 11 juli 2021 op het eiland Corfu. \u00a0 Op zondag 11 juli 2021 ging hij naar de kerk van de heilige Spyridon waar hij, op uitnodiging en met toestemming van Zijne Eminentie Metropoliet Nektarios van Korfu, Paxi en de Diapontische Eilanden, &hellip; <a href=\"https:\/\/orthodoxia.be\/nl\/2021\/07\/13\/metropoliet-athenagoras-van-belgie-op-het-eiland-korfoe\/\">Continued<\/a><\/p>\n","protected":false},"author":12,"featured_media":32621,"comment_status":"closed","ping_status":"open","sticky":false,"template":"","format":"standard","meta":{"_acf_changed":false,"footnotes":""},"categories":[18,83],"tags":[],"class_list":["post-32633","post","type-post","status-publish","format-standard","has-post-thumbnail","hentry","category-actualiteit","category-persmededelingen"],"acf":[],"yoast_head":"<!-- This site is optimized with the Yoast SEO plugin v24.3 - https:\/\/yoast.com\/wordpress\/plugins\/seo\/ -->\n<title>Metropoliet Athenagoras van Belgi\u00eb op het eiland Korfoe - Orthodox Aartsbisdom van Belgi\u00eb<\/title>\n<meta name=\"robots\" content=\"index, follow, max-snippet:-1, max-image-preview:large, max-video-preview:-1\" \/>\n<link rel=\"canonical\" href=\"https:\/\/orthodoxia.be\/nl\/2021\/07\/13\/metropoliet-athenagoras-van-belgie-op-het-eiland-korfoe\/\" \/>\n<meta property=\"og:locale\" content=\"nl_BE\" \/>\n<meta property=\"og:type\" content=\"article\" \/>\n<meta property=\"og:title\" content=\"Metropoliet Athenagoras van Belgi\u00eb op het eiland Korfoe - Orthodox Aartsbisdom van Belgi\u00eb\" \/>\n<meta property=\"og:description\" content=\"Zijne Eminentie Metropoliet Athenagoras van Belgi\u00eb bevond zich tijdens het weekend van 10 en 11 juli 2021 op het eiland Corfu. \u00a0 Op zondag 11 juli 2021 ging hij naar de kerk van de heilige Spyridon waar hij, op uitnodiging en met toestemming van Zijne Eminentie Metropoliet Nektarios van Korfu, Paxi en de Diapontische Eilanden, &hellip; Continued\" \/>\n<meta property=\"og:url\" content=\"https:\/\/orthodoxia.be\/nl\/2021\/07\/13\/metropoliet-athenagoras-van-belgie-op-het-eiland-korfoe\/\" \/>\n<meta property=\"og:site_name\" content=\"Orthodox Aartsbisdom van Belgi\u00eb\" \/>\n<meta property=\"article:publisher\" content=\"https:\/\/www.facebook.com\/orthobel\" \/>\n<meta property=\"article:published_time\" content=\"2021-07-13T09:56:13+00:00\" \/>\n<meta property=\"article:modified_time\" content=\"2021-07-13T10:51:39+00:00\" \/>\n<meta property=\"og:image\" content=\"https:\/\/orthodoxia.be\/wp-content\/uploads\/2021\/07\/PXL_20210711_104137114.jpg\" \/>\n\t<meta property=\"og:image:width\" content=\"4000\" \/>\n\t<meta property=\"og:image:height\" content=\"3000\" \/>\n\t<meta property=\"og:image:type\" content=\"image\/jpeg\" \/>\n<meta name=\"author\" content=\"\u0391\u03c1\u03c7\u03b5\u03af\u03bf \u03a3\u03c5\u03bd\u03b5\u03c1\u03b3\u03b1\u03c4\u03ce\u03bd\" \/>\n<meta name=\"twitter:card\" content=\"summary_large_image\" \/>\n<meta name=\"twitter:creator\" content=\"@orthobel\" \/>\n<meta name=\"twitter:site\" content=\"@orthobel\" \/>\n<meta name=\"twitter:label1\" content=\"Geschreven door\" \/>\n\t<meta name=\"twitter:data1\" content=\"\u0391\u03c1\u03c7\u03b5\u03af\u03bf \u03a3\u03c5\u03bd\u03b5\u03c1\u03b3\u03b1\u03c4\u03ce\u03bd\" \/>\n\t<meta name=\"twitter:label2\" content=\"Geschatte leestijd\" \/>\n\t<meta name=\"twitter:data2\" content=\"1 minuut\" \/>\n<script type=\"application\/ld+json\" class=\"yoast-schema-graph\">{\"@context\":\"https:\/\/schema.org\",\"@graph\":[{\"@type\":\"Article\",\"@id\":\"https:\/\/orthodoxia.be\/nl\/2021\/07\/13\/metropoliet-athenagoras-van-belgie-op-het-eiland-korfoe\/#article\",\"isPartOf\":{\"@id\":\"https:\/\/orthodoxia.be\/nl\/2021\/07\/13\/metropoliet-athenagoras-van-belgie-op-het-eiland-korfoe\/\"},\"author\":{\"name\":\"\u0391\u03c1\u03c7\u03b5\u03af\u03bf \u03a3\u03c5\u03bd\u03b5\u03c1\u03b3\u03b1\u03c4\u03ce\u03bd\",\"@id\":\"https:\/\/orthodoxia.be\/#\/schema\/person\/4641c70600fbb1aac968996a0ef6d284\"},\"headline\":\"Metropoliet Athenagoras van Belgi\u00eb op het eiland Korfoe\",\"datePublished\":\"2021-07-13T09:56:13+00:00\",\"dateModified\":\"2021-07-13T10:51:39+00:00\",\"mainEntityOfPage\":{\"@id\":\"https:\/\/orthodoxia.be\/nl\/2021\/07\/13\/metropoliet-athenagoras-van-belgie-op-het-eiland-korfoe\/\"},\"wordCount\":146,\"publisher\":{\"@id\":\"https:\/\/orthodoxia.be\/#organization\"},\"image\":{\"@id\":\"https:\/\/orthodoxia.be\/nl\/2021\/07\/13\/metropoliet-athenagoras-van-belgie-op-het-eiland-korfoe\/#primaryimage\"},\"thumbnailUrl\":\"https:\/\/orthodoxia.be\/wp-content\/uploads\/2021\/07\/PXL_20210711_104137114.jpg\",\"articleSection\":[\"Actualiteit\",\"Persmededelingen\"],\"inLanguage\":\"nl-BE\"},{\"@type\":\"WebPage\",\"@id\":\"https:\/\/orthodoxia.be\/nl\/2021\/07\/13\/metropoliet-athenagoras-van-belgie-op-het-eiland-korfoe\/\",\"url\":\"https:\/\/orthodoxia.be\/nl\/2021\/07\/13\/metropoliet-athenagoras-van-belgie-op-het-eiland-korfoe\/\",\"name\":\"Metropoliet Athenagoras van Belgi\u00eb op het eiland Korfoe - Orthodox Aartsbisdom van Belgi\u00eb\",\"isPartOf\":{\"@id\":\"https:\/\/orthodoxia.be\/#website\"},\"primaryImageOfPage\":{\"@id\":\"https:\/\/orthodoxia.be\/nl\/2021\/07\/13\/metropoliet-athenagoras-van-belgie-op-het-eiland-korfoe\/#primaryimage\"},\"image\":{\"@id\":\"https:\/\/orthodoxia.be\/nl\/2021\/07\/13\/metropoliet-athenagoras-van-belgie-op-het-eiland-korfoe\/#primaryimage\"},\"thumbnailUrl\":\"https:\/\/orthodoxia.be\/wp-content\/uploads\/2021\/07\/PXL_20210711_104137114.jpg\",\"datePublished\":\"2021-07-13T09:56:13+00:00\",\"dateModified\":\"2021-07-13T10:51:39+00:00\",\"breadcrumb\":{\"@id\":\"https:\/\/orthodoxia.be\/nl\/2021\/07\/13\/metropoliet-athenagoras-van-belgie-op-het-eiland-korfoe\/#breadcrumb\"},\"inLanguage\":\"nl-BE\",\"potentialAction\":[{\"@type\":\"ReadAction\",\"target\":[\"https:\/\/orthodoxia.be\/nl\/2021\/07\/13\/metropoliet-athenagoras-van-belgie-op-het-eiland-korfoe\/\"]}]},{\"@type\":\"ImageObject\",\"inLanguage\":\"nl-BE\",\"@id\":\"https:\/\/orthodoxia.be\/nl\/2021\/07\/13\/metropoliet-athenagoras-van-belgie-op-het-eiland-korfoe\/#primaryimage\",\"url\":\"https:\/\/orthodoxia.be\/wp-content\/uploads\/2021\/07\/PXL_20210711_104137114.jpg\",\"contentUrl\":\"https:\/\/orthodoxia.be\/wp-content\/uploads\/2021\/07\/PXL_20210711_104137114.jpg\",\"width\":4000,\"height\":3000},{\"@type\":\"BreadcrumbList\",\"@id\":\"https:\/\/orthodoxia.be\/nl\/2021\/07\/13\/metropoliet-athenagoras-van-belgie-op-het-eiland-korfoe\/#breadcrumb\",\"itemListElement\":[{\"@type\":\"ListItem\",\"position\":1,\"name\":\"Home\",\"item\":\"https:\/\/orthodoxia.be\/nl\/\"},{\"@type\":\"ListItem\",\"position\":2,\"name\":\"Metropoliet Athenagoras van Belgi\u00eb op het eiland Korfoe\"}]},{\"@type\":\"WebSite\",\"@id\":\"https:\/\/orthodoxia.be\/#website\",\"url\":\"https:\/\/orthodoxia.be\/\",\"name\":\"Orthodox Archdiocese of Belgium (Benelux)\",\"description\":\"Exarch of the Nederland en Luxemburg\",\"publisher\":{\"@id\":\"https:\/\/orthodoxia.be\/#organization\"},\"alternateName\":\"IMB\",\"potentialAction\":[{\"@type\":\"SearchAction\",\"target\":{\"@type\":\"EntryPoint\",\"urlTemplate\":\"https:\/\/orthodoxia.be\/?s={search_term_string}\"},\"query-input\":{\"@type\":\"PropertyValueSpecification\",\"valueRequired\":true,\"valueName\":\"search_term_string\"}}],\"inLanguage\":\"nl-BE\"},{\"@type\":\"Organization\",\"@id\":\"https:\/\/orthodoxia.be\/#organization\",\"name\":\"Orthodox Archdiocese of Belgium (Benelux)\",\"url\":\"https:\/\/orthodoxia.be\/\",\"logo\":{\"@type\":\"ImageObject\",\"inLanguage\":\"nl-BE\",\"@id\":\"https:\/\/orthodoxia.be\/#\/schema\/logo\/image\/\",\"url\":\"https:\/\/orthodoxia.be\/wp-content\/uploads\/2024\/02\/cropped-IMB-logo-512-cl-1.png\",\"contentUrl\":\"https:\/\/orthodoxia.be\/wp-content\/uploads\/2024\/02\/cropped-IMB-logo-512-cl-1.png\",\"width\":512,\"height\":512,\"caption\":\"Orthodox Archdiocese of Belgium (Benelux)\"},\"image\":{\"@id\":\"https:\/\/orthodoxia.be\/#\/schema\/logo\/image\/\"},\"sameAs\":[\"https:\/\/www.facebook.com\/orthobel\",\"https:\/\/x.com\/orthobel\",\"https:\/\/www.youtube.com\/c\/orthobel\",\"https:\/\/www.mixcloud.com\/orthobel\/\",\"https:\/\/www.flickr.com\/photos\/148264890@N07\/albums\",\"https:\/\/www.dailymotion.com\/Orthobel\"]},{\"@type\":\"Person\",\"@id\":\"https:\/\/orthodoxia.be\/#\/schema\/person\/4641c70600fbb1aac968996a0ef6d284\",\"name\":\"\u0391\u03c1\u03c7\u03b5\u03af\u03bf \u03a3\u03c5\u03bd\u03b5\u03c1\u03b3\u03b1\u03c4\u03ce\u03bd\",\"image\":{\"@type\":\"ImageObject\",\"inLanguage\":\"nl-BE\",\"@id\":\"https:\/\/orthodoxia.be\/#\/schema\/person\/image\/\",\"url\":\"https:\/\/secure.gravatar.com\/avatar\/0bf791bec6a55758e3ee18a1fc90f09b?s=96&d=mm&r=g\",\"contentUrl\":\"https:\/\/secure.gravatar.com\/avatar\/0bf791bec6a55758e3ee18a1fc90f09b?s=96&d=mm&r=g\",\"caption\":\"\u0391\u03c1\u03c7\u03b5\u03af\u03bf \u03a3\u03c5\u03bd\u03b5\u03c1\u03b3\u03b1\u03c4\u03ce\u03bd\"},\"url\":\"https:\/\/orthodoxia.be\/nl\/author\/archives\/\"}]}<\/script>\n<!-- \/ Yoast SEO plugin. -->","yoast_head_json":{"title":"Metropoliet Athenagoras van Belgi\u00eb op het eiland Korfoe - Orthodox Aartsbisdom van Belgi\u00eb","robots":{"index":"index","follow":"follow","max-snippet":"max-snippet:-1","max-image-preview":"max-image-preview:large","max-video-preview":"max-video-preview:-1"},"canonical":"https:\/\/orthodoxia.be\/nl\/2021\/07\/13\/metropoliet-athenagoras-van-belgie-op-het-eiland-korfoe\/","og_locale":"nl_BE","og_type":"article","og_title":"Metropoliet Athenagoras van Belgi\u00eb op het eiland Korfoe - Orthodox Aartsbisdom van Belgi\u00eb","og_description":"Zijne Eminentie Metropoliet Athenagoras van Belgi\u00eb bevond zich tijdens het weekend van 10 en 11 juli 2021 op het eiland Corfu. \u00a0 Op zondag 11 juli 2021 ging hij naar de kerk van de heilige Spyridon waar hij, op uitnodiging en met toestemming van Zijne Eminentie Metropoliet Nektarios van Korfu, Paxi en de Diapontische Eilanden, &hellip; Continued","og_url":"https:\/\/orthodoxia.be\/nl\/2021\/07\/13\/metropoliet-athenagoras-van-belgie-op-het-eiland-korfoe\/","og_site_name":"Orthodox Aartsbisdom van Belgi\u00eb","article_publisher":"https:\/\/www.facebook.com\/orthobel","article_published_time":"2021-07-13T09:56:13+00:00","article_modified_time":"2021-07-13T10:51:39+00:00","og_image":[{"width":4000,"height":3000,"url":"https:\/\/orthodoxia.be\/wp-content\/uploads\/2021\/07\/PXL_20210711_104137114.jpg","type":"image\/jpeg"}],"author":"\u0391\u03c1\u03c7\u03b5\u03af\u03bf \u03a3\u03c5\u03bd\u03b5\u03c1\u03b3\u03b1\u03c4\u03ce\u03bd","twitter_card":"summary_large_image","twitter_creator":"@orthobel","twitter_site":"@orthobel","twitter_misc":{"Geschreven door":"\u0391\u03c1\u03c7\u03b5\u03af\u03bf \u03a3\u03c5\u03bd\u03b5\u03c1\u03b3\u03b1\u03c4\u03ce\u03bd","Geschatte leestijd":"1 minuut"},"schema":{"@context":"https:\/\/schema.org","@graph":[{"@type":"Article","@id":"https:\/\/orthodoxia.be\/nl\/2021\/07\/13\/metropoliet-athenagoras-van-belgie-op-het-eiland-korfoe\/#article","isPartOf":{"@id":"https:\/\/orthodoxia.be\/nl\/2021\/07\/13\/metropoliet-athenagoras-van-belgie-op-het-eiland-korfoe\/"},"author":{"name":"\u0391\u03c1\u03c7\u03b5\u03af\u03bf \u03a3\u03c5\u03bd\u03b5\u03c1\u03b3\u03b1\u03c4\u03ce\u03bd","@id":"https:\/\/orthodoxia.be\/#\/schema\/person\/4641c70600fbb1aac968996a0ef6d284"},"headline":"Metropoliet Athenagoras van Belgi\u00eb op het eiland Korfoe","datePublished":"2021-07-13T09:56:13+00:00","dateModified":"2021-07-13T10:51:39+00:00","mainEntityOfPage":{"@id":"https:\/\/orthodoxia.be\/nl\/2021\/07\/13\/metropoliet-athenagoras-van-belgie-op-het-eiland-korfoe\/"},"wordCount":146,"publisher":{"@id":"https:\/\/orthodoxia.be\/#organization"},"image":{"@id":"https:\/\/orthodoxia.be\/nl\/2021\/07\/13\/metropoliet-athenagoras-van-belgie-op-het-eiland-korfoe\/#primaryimage"},"thumbnailUrl":"https:\/\/orthodoxia.be\/wp-content\/uploads\/2021\/07\/PXL_20210711_104137114.jpg","articleSection":["Actualiteit","Persmededelingen"],"inLanguage":"nl-BE"},{"@type":"WebPage","@id":"https:\/\/orthodoxia.be\/nl\/2021\/07\/13\/metropoliet-athenagoras-van-belgie-op-het-eiland-korfoe\/","url":"https:\/\/orthodoxia.be\/nl\/2021\/07\/13\/metropoliet-athenagoras-van-belgie-op-het-eiland-korfoe\/","name":"Metropoliet Athenagoras van Belgi\u00eb op het eiland Korfoe - Orthodox Aartsbisdom van Belgi\u00eb","isPartOf":{"@id":"https:\/\/orthodoxia.be\/#website"},"primaryImageOfPage":{"@id":"https:\/\/orthodoxia.be\/nl\/2021\/07\/13\/metropoliet-athenagoras-van-belgie-op-het-eiland-korfoe\/#primaryimage"},"image":{"@id":"https:\/\/orthodoxia.be\/nl\/2021\/07\/13\/metropoliet-athenagoras-van-belgie-op-het-eiland-korfoe\/#primaryimage"},"thumbnailUrl":"https:\/\/orthodoxia.be\/wp-content\/uploads\/2021\/07\/PXL_20210711_104137114.jpg","datePublished":"2021-07-13T09:56:13+00:00","dateModified":"2021-07-13T10:51:39+00:00","breadcrumb":{"@id":"https:\/\/orthodoxia.be\/nl\/2021\/07\/13\/metropoliet-athenagoras-van-belgie-op-het-eiland-korfoe\/#breadcrumb"},"inLanguage":"nl-BE","potentialAction":[{"@type":"ReadAction","target":["https:\/\/orthodoxia.be\/nl\/2021\/07\/13\/metropoliet-athenagoras-van-belgie-op-het-eiland-korfoe\/"]}]},{"@type":"ImageObject","inLanguage":"nl-BE","@id":"https:\/\/orthodoxia.be\/nl\/2021\/07\/13\/metropoliet-athenagoras-van-belgie-op-het-eiland-korfoe\/#primaryimage","url":"https:\/\/orthodoxia.be\/wp-content\/uploads\/2021\/07\/PXL_20210711_104137114.jpg","contentUrl":"https:\/\/orthodoxia.be\/wp-content\/uploads\/2021\/07\/PXL_20210711_104137114.jpg","width":4000,"height":3000},{"@type":"BreadcrumbList","@id":"https:\/\/orthodoxia.be\/nl\/2021\/07\/13\/metropoliet-athenagoras-van-belgie-op-het-eiland-korfoe\/#breadcrumb","itemListElement":[{"@type":"ListItem","position":1,"name":"Home","item":"https:\/\/orthodoxia.be\/nl\/"},{"@type":"ListItem","position":2,"name":"Metropoliet Athenagoras van Belgi\u00eb op het eiland Korfoe"}]},{"@type":"WebSite","@id":"https:\/\/orthodoxia.be\/#website","url":"https:\/\/orthodoxia.be\/","name":"Orthodox Archdiocese of Belgium (Benelux)","description":"Exarch of the Nederland en Luxemburg","publisher":{"@id":"https:\/\/orthodoxia.be\/#organization"},"alternateName":"IMB","potentialAction":[{"@type":"SearchAction","target":{"@type":"EntryPoint","urlTemplate":"https:\/\/orthodoxia.be\/?s={search_term_string}"},"query-input":{"@type":"PropertyValueSpecification","valueRequired":true,"valueName":"search_term_string"}}],"inLanguage":"nl-BE"},{"@type":"Organization","@id":"https:\/\/orthodoxia.be\/#organization","name":"Orthodox Archdiocese of Belgium (Benelux)","url":"https:\/\/orthodoxia.be\/","logo":{"@type":"ImageObject","inLanguage":"nl-BE","@id":"https:\/\/orthodoxia.be\/#\/schema\/logo\/image\/","url":"https:\/\/orthodoxia.be\/wp-content\/uploads\/2024\/02\/cropped-IMB-logo-512-cl-1.png","contentUrl":"https:\/\/orthodoxia.be\/wp-content\/uploads\/2024\/02\/cropped-IMB-logo-512-cl-1.png","width":512,"height":512,"caption":"Orthodox Archdiocese of Belgium (Benelux)"},"image":{"@id":"https:\/\/orthodoxia.be\/#\/schema\/logo\/image\/"},"sameAs":["https:\/\/www.facebook.com\/orthobel","https:\/\/x.com\/orthobel","https:\/\/www.youtube.com\/c\/orthobel","https:\/\/www.mixcloud.com\/orthobel\/","https:\/\/www.flickr.com\/photos\/148264890@N07\/albums","https:\/\/www.dailymotion.com\/Orthobel"]},{"@type":"Person","@id":"https:\/\/orthodoxia.be\/#\/schema\/person\/4641c70600fbb1aac968996a0ef6d284","name":"\u0391\u03c1\u03c7\u03b5\u03af\u03bf \u03a3\u03c5\u03bd\u03b5\u03c1\u03b3\u03b1\u03c4\u03ce\u03bd","image":{"@type":"ImageObject","inLanguage":"nl-BE","@id":"https:\/\/orthodoxia.be\/#\/schema\/person\/image\/","url":"https:\/\/secure.gravatar.com\/avatar\/0bf791bec6a55758e3ee18a1fc90f09b?s=96&d=mm&r=g","contentUrl":"https:\/\/secure.gravatar.com\/avatar\/0bf791bec6a55758e3ee18a1fc90f09b?s=96&d=mm&r=g","caption":"\u0391\u03c1\u03c7\u03b5\u03af\u03bf \u03a3\u03c5\u03bd\u03b5\u03c1\u03b3\u03b1\u03c4\u03ce\u03bd"},"url":"https:\/\/orthodoxia.be\/nl\/author\/archives\/"}]}},"_links":{"self":[{"href":"https:\/\/orthodoxia.be\/nl\/wp-json\/wp\/v2\/posts\/32633","targetHints":{"allow":["GET"]}}],"collection":[{"href":"https:\/\/orthodoxia.be\/nl\/wp-json\/wp\/v2\/posts"}],"about":[{"href":"https:\/\/orthodoxia.be\/nl\/wp-json\/wp\/v2\/types\/post"}],"author":[{"embeddable":true,"href":"https:\/\/orthodoxia.be\/nl\/wp-json\/wp\/v2\/users\/12"}],"replies":[{"embeddable":true,"href":"https:\/\/orthodoxia.be\/nl\/wp-json\/wp\/v2\/comments?post=32633"}],"version-history":[{"count":2,"href":"https:\/\/orthodoxia.be\/nl\/wp-json\/wp\/v2\/posts\/32633\/revisions"}],"predecessor-version":[{"id":32635,"href":"https:\/\/orthodoxia.be\/nl\/wp-json\/wp\/v2\/posts\/32633\/revisions\/32635"}],"wp:featuredmedia":[{"embeddable":true,"href":"https:\/\/orthodoxia.be\/nl\/wp-json\/wp\/v2\/media\/32621"}],"wp:attachment":[{"href":"https:\/\/orthodoxia.be\/nl\/wp-json\/wp\/v2\/media?parent=32633"}],"wp:term":[{"taxonomy":"category","embeddable":true,"href":"https:\/\/orthodoxia.be\/nl\/wp-json\/wp\/v2\/categories?post=32633"},{"taxonomy":"post_tag","embeddable":true,"href":"https:\/\/orthodoxia.be\/nl\/wp-json\/wp\/v2\/tags?post=32633"}],"curies":[{"name":"wp","href":"https:\/\/api.w.org\/{rel}","templated":true}]}}