{"id":35060,"date":"2021-11-08T14:00:24","date_gmt":"2021-11-08T13:00:24","guid":{"rendered":"http:\/\/orthodoxia.be\/?p=35060"},"modified":"2021-11-12T10:32:50","modified_gmt":"2021-11-12T09:32:50","slug":"parochiefeest-van-de-hh-anargyren-in-peronnes","status":"publish","type":"post","link":"https:\/\/orthodoxia.be\/nl\/2021\/11\/08\/parochiefeest-van-de-hh-anargyren-in-peronnes\/","title":{"rendered":"Parochiefeest van de HH. Anargyren in P\u00e9ronnes"},"content":{"rendered":"<p style=\"text-align: justify;\">Op 1 november 2021 vierde Zijne Eminentie Metropoliet Athenagoras van Belgi\u00eb en Exarch van Nederland en Luxemburg de Goddelijke Liturgie in de feestvierende parochie van de Heiligen Anargyres in P\u00e9ronnes.<\/p>\n<p style=\"text-align: justify;\">Zijne Eminentie verwees in zijn homilie naar het leven van de Heiligen der Anargyres, die het voorbeeld toonden hoe men zijn ego\u00efsme kan overstijgen door te geven aan anderen, wat zij deden door hun medische kennis gratis ten dienste van anderen te stellen.<\/p>\n<p style=\"text-align: justify;\">Aan het einde van de Goddelijke Liturgie dankte Zijne Eminentie de rector van de parochie, aartspriester Panteleimon Noussis, voor zijn pastorale werk, evenals de concelebrerende en vanuit het Aartsbisdom meegekomen priesters, en de gastsprekers voor de Synaxis van de clerus. Hij uitte tevens zijn vreugde over de prachtige, naar Byzantijnse traditie vertolkte zang van het parochiekoor, zowel in het Frans als in het Grieks.<\/p>\n<p style=\"text-align: justify;\">Daarna volgde een kleine receptie voor de gelovigen, met inachtneming van de in Belgi\u00eb geldende gezondheidsmaatregelen.<\/p>\n<p>[FAGP id=34933]<\/p>\n","protected":false},"excerpt":{"rendered":"<p>Op 1 november 2021 vierde Zijne Eminentie Metropoliet Athenagoras van Belgi\u00eb en Exarch van Nederland en Luxemburg de Goddelijke Liturgie in de feestvierende parochie van de Heiligen Anargyres in P\u00e9ronnes. Zijne Eminentie verwees in zijn homilie naar het leven van de Heiligen der Anargyres, die het voorbeeld toonden hoe men zijn ego\u00efsme kan overstijgen door &hellip; <a href=\"https:\/\/orthodoxia.be\/nl\/2021\/11\/08\/parochiefeest-van-de-hh-anargyren-in-peronnes\/\">Continued<\/a><\/p>\n","protected":false},"author":12,"featured_media":34938,"comment_status":"closed","ping_status":"open","sticky":false,"template":"","format":"standard","meta":{"_acf_changed":false,"footnotes":""},"categories":[18,83],"tags":[],"class_list":["post-35060","post","type-post","status-publish","format-standard","has-post-thumbnail","hentry","category-actualiteit","category-persmededelingen"],"acf":[],"yoast_head":"<!-- This site is optimized with the Yoast SEO plugin v24.3 - https:\/\/yoast.com\/wordpress\/plugins\/seo\/ -->\n<title>Parochiefeest van de HH. Anargyren in P\u00e9ronnes - Orthodox Aartsbisdom van Belgi\u00eb<\/title>\n<meta name=\"robots\" content=\"index, follow, max-snippet:-1, max-image-preview:large, max-video-preview:-1\" \/>\n<link rel=\"canonical\" href=\"https:\/\/orthodoxia.be\/2021\/11\/08\/\u03c0\u03b1\u03bd\u03ae\u03b3\u03c5\u03c1\u03b9\u03c2-\u03c4\u03c9\u03bd-\u03b1\u03b3\u03af\u03c9\u03bd-\u03b1\u03bd\u03b1\u03c1\u03b3\u03cd\u03c1\u03c9\u03bd-\u03c3\u03c4\u03b9\u03c2-\u03c0\u03b5\/\" \/>\n<meta property=\"og:locale\" content=\"nl_BE\" \/>\n<meta property=\"og:type\" content=\"article\" \/>\n<meta property=\"og:title\" content=\"Parochiefeest van de HH. Anargyren in P\u00e9ronnes - Orthodox Aartsbisdom van Belgi\u00eb\" \/>\n<meta property=\"og:description\" content=\"Op 1 november 2021 vierde Zijne Eminentie Metropoliet Athenagoras van Belgi\u00eb en Exarch van Nederland en Luxemburg de Goddelijke Liturgie in de feestvierende parochie van de Heiligen Anargyres in P\u00e9ronnes. Zijne Eminentie verwees in zijn homilie naar het leven van de Heiligen der Anargyres, die het voorbeeld toonden hoe men zijn ego\u00efsme kan overstijgen door &hellip; Continued\" \/>\n<meta property=\"og:url\" content=\"https:\/\/orthodoxia.be\/2021\/11\/08\/\u03c0\u03b1\u03bd\u03ae\u03b3\u03c5\u03c1\u03b9\u03c2-\u03c4\u03c9\u03bd-\u03b1\u03b3\u03af\u03c9\u03bd-\u03b1\u03bd\u03b1\u03c1\u03b3\u03cd\u03c1\u03c9\u03bd-\u03c3\u03c4\u03b9\u03c2-\u03c0\u03b5\/\" \/>\n<meta property=\"og:site_name\" content=\"Orthodox Aartsbisdom van Belgi\u00eb\" \/>\n<meta property=\"article:publisher\" content=\"https:\/\/www.facebook.com\/orthobel\" \/>\n<meta property=\"article:published_time\" content=\"2021-11-08T13:00:24+00:00\" \/>\n<meta property=\"article:modified_time\" content=\"2021-11-12T09:32:50+00:00\" \/>\n<meta property=\"og:image\" content=\"https:\/\/orthodoxia.be\/wp-content\/uploads\/2021\/11\/IMG_20211101_111509_edit_161714235964907.jpg\" \/>\n\t<meta property=\"og:image:width\" content=\"1020\" \/>\n\t<meta property=\"og:image:height\" content=\"765\" \/>\n\t<meta property=\"og:image:type\" content=\"image\/jpeg\" \/>\n<meta name=\"author\" content=\"\u0391\u03c1\u03c7\u03b5\u03af\u03bf \u03a3\u03c5\u03bd\u03b5\u03c1\u03b3\u03b1\u03c4\u03ce\u03bd\" \/>\n<meta name=\"twitter:card\" content=\"summary_large_image\" \/>\n<meta name=\"twitter:creator\" content=\"@orthobel\" \/>\n<meta name=\"twitter:site\" content=\"@orthobel\" \/>\n<meta name=\"twitter:label1\" content=\"Geschreven door\" \/>\n\t<meta name=\"twitter:data1\" content=\"\u0391\u03c1\u03c7\u03b5\u03af\u03bf \u03a3\u03c5\u03bd\u03b5\u03c1\u03b3\u03b1\u03c4\u03ce\u03bd\" \/>\n\t<meta name=\"twitter:label2\" content=\"Geschatte leestijd\" \/>\n\t<meta name=\"twitter:data2\" content=\"1 minuut\" \/>\n<script type=\"application\/ld+json\" class=\"yoast-schema-graph\">{\"@context\":\"https:\/\/schema.org\",\"@graph\":[{\"@type\":\"Article\",\"@id\":\"https:\/\/orthodoxia.be\/2021\/11\/08\/%cf%80%ce%b1%ce%bd%ce%ae%ce%b3%cf%85%cf%81%ce%b9%cf%82-%cf%84%cf%89%ce%bd-%ce%b1%ce%b3%ce%af%cf%89%ce%bd-%ce%b1%ce%bd%ce%b1%cf%81%ce%b3%cf%8d%cf%81%cf%89%ce%bd-%cf%83%cf%84%ce%b9%cf%82-%cf%80%ce%b5\/#article\",\"isPartOf\":{\"@id\":\"https:\/\/orthodoxia.be\/2021\/11\/08\/%cf%80%ce%b1%ce%bd%ce%ae%ce%b3%cf%85%cf%81%ce%b9%cf%82-%cf%84%cf%89%ce%bd-%ce%b1%ce%b3%ce%af%cf%89%ce%bd-%ce%b1%ce%bd%ce%b1%cf%81%ce%b3%cf%8d%cf%81%cf%89%ce%bd-%cf%83%cf%84%ce%b9%cf%82-%cf%80%ce%b5\/\"},\"author\":{\"name\":\"\u0391\u03c1\u03c7\u03b5\u03af\u03bf \u03a3\u03c5\u03bd\u03b5\u03c1\u03b3\u03b1\u03c4\u03ce\u03bd\",\"@id\":\"https:\/\/orthodoxia.be\/#\/schema\/person\/4641c70600fbb1aac968996a0ef6d284\"},\"headline\":\"Parochiefeest van de HH. Anargyren in P\u00e9ronnes\",\"datePublished\":\"2021-11-08T13:00:24+00:00\",\"dateModified\":\"2021-11-12T09:32:50+00:00\",\"mainEntityOfPage\":{\"@id\":\"https:\/\/orthodoxia.be\/2021\/11\/08\/%cf%80%ce%b1%ce%bd%ce%ae%ce%b3%cf%85%cf%81%ce%b9%cf%82-%cf%84%cf%89%ce%bd-%ce%b1%ce%b3%ce%af%cf%89%ce%bd-%ce%b1%ce%bd%ce%b1%cf%81%ce%b3%cf%8d%cf%81%cf%89%ce%bd-%cf%83%cf%84%ce%b9%cf%82-%cf%80%ce%b5\/\"},\"wordCount\":163,\"publisher\":{\"@id\":\"https:\/\/orthodoxia.be\/#organization\"},\"image\":{\"@id\":\"https:\/\/orthodoxia.be\/2021\/11\/08\/%cf%80%ce%b1%ce%bd%ce%ae%ce%b3%cf%85%cf%81%ce%b9%cf%82-%cf%84%cf%89%ce%bd-%ce%b1%ce%b3%ce%af%cf%89%ce%bd-%ce%b1%ce%bd%ce%b1%cf%81%ce%b3%cf%8d%cf%81%cf%89%ce%bd-%cf%83%cf%84%ce%b9%cf%82-%cf%80%ce%b5\/#primaryimage\"},\"thumbnailUrl\":\"https:\/\/orthodoxia.be\/wp-content\/uploads\/2021\/11\/IMG_20211101_111509_edit_161714235964907.jpg\",\"articleSection\":[\"Actualiteit\",\"Persmededelingen\"],\"inLanguage\":\"nl-BE\"},{\"@type\":\"WebPage\",\"@id\":\"https:\/\/orthodoxia.be\/2021\/11\/08\/%cf%80%ce%b1%ce%bd%ce%ae%ce%b3%cf%85%cf%81%ce%b9%cf%82-%cf%84%cf%89%ce%bd-%ce%b1%ce%b3%ce%af%cf%89%ce%bd-%ce%b1%ce%bd%ce%b1%cf%81%ce%b3%cf%8d%cf%81%cf%89%ce%bd-%cf%83%cf%84%ce%b9%cf%82-%cf%80%ce%b5\/\",\"url\":\"https:\/\/orthodoxia.be\/2021\/11\/08\/%cf%80%ce%b1%ce%bd%ce%ae%ce%b3%cf%85%cf%81%ce%b9%cf%82-%cf%84%cf%89%ce%bd-%ce%b1%ce%b3%ce%af%cf%89%ce%bd-%ce%b1%ce%bd%ce%b1%cf%81%ce%b3%cf%8d%cf%81%cf%89%ce%bd-%cf%83%cf%84%ce%b9%cf%82-%cf%80%ce%b5\/\",\"name\":\"Parochiefeest van de HH. Anargyren in P\u00e9ronnes - Orthodox Aartsbisdom van Belgi\u00eb\",\"isPartOf\":{\"@id\":\"https:\/\/orthodoxia.be\/#website\"},\"primaryImageOfPage\":{\"@id\":\"https:\/\/orthodoxia.be\/2021\/11\/08\/%cf%80%ce%b1%ce%bd%ce%ae%ce%b3%cf%85%cf%81%ce%b9%cf%82-%cf%84%cf%89%ce%bd-%ce%b1%ce%b3%ce%af%cf%89%ce%bd-%ce%b1%ce%bd%ce%b1%cf%81%ce%b3%cf%8d%cf%81%cf%89%ce%bd-%cf%83%cf%84%ce%b9%cf%82-%cf%80%ce%b5\/#primaryimage\"},\"image\":{\"@id\":\"https:\/\/orthodoxia.be\/2021\/11\/08\/%cf%80%ce%b1%ce%bd%ce%ae%ce%b3%cf%85%cf%81%ce%b9%cf%82-%cf%84%cf%89%ce%bd-%ce%b1%ce%b3%ce%af%cf%89%ce%bd-%ce%b1%ce%bd%ce%b1%cf%81%ce%b3%cf%8d%cf%81%cf%89%ce%bd-%cf%83%cf%84%ce%b9%cf%82-%cf%80%ce%b5\/#primaryimage\"},\"thumbnailUrl\":\"https:\/\/orthodoxia.be\/wp-content\/uploads\/2021\/11\/IMG_20211101_111509_edit_161714235964907.jpg\",\"datePublished\":\"2021-11-08T13:00:24+00:00\",\"dateModified\":\"2021-11-12T09:32:50+00:00\",\"breadcrumb\":{\"@id\":\"https:\/\/orthodoxia.be\/2021\/11\/08\/%cf%80%ce%b1%ce%bd%ce%ae%ce%b3%cf%85%cf%81%ce%b9%cf%82-%cf%84%cf%89%ce%bd-%ce%b1%ce%b3%ce%af%cf%89%ce%bd-%ce%b1%ce%bd%ce%b1%cf%81%ce%b3%cf%8d%cf%81%cf%89%ce%bd-%cf%83%cf%84%ce%b9%cf%82-%cf%80%ce%b5\/#breadcrumb\"},\"inLanguage\":\"nl-BE\",\"potentialAction\":[{\"@type\":\"ReadAction\",\"target\":[\"https:\/\/orthodoxia.be\/2021\/11\/08\/%cf%80%ce%b1%ce%bd%ce%ae%ce%b3%cf%85%cf%81%ce%b9%cf%82-%cf%84%cf%89%ce%bd-%ce%b1%ce%b3%ce%af%cf%89%ce%bd-%ce%b1%ce%bd%ce%b1%cf%81%ce%b3%cf%8d%cf%81%cf%89%ce%bd-%cf%83%cf%84%ce%b9%cf%82-%cf%80%ce%b5\/\"]}]},{\"@type\":\"ImageObject\",\"inLanguage\":\"nl-BE\",\"@id\":\"https:\/\/orthodoxia.be\/2021\/11\/08\/%cf%80%ce%b1%ce%bd%ce%ae%ce%b3%cf%85%cf%81%ce%b9%cf%82-%cf%84%cf%89%ce%bd-%ce%b1%ce%b3%ce%af%cf%89%ce%bd-%ce%b1%ce%bd%ce%b1%cf%81%ce%b3%cf%8d%cf%81%cf%89%ce%bd-%cf%83%cf%84%ce%b9%cf%82-%cf%80%ce%b5\/#primaryimage\",\"url\":\"https:\/\/orthodoxia.be\/wp-content\/uploads\/2021\/11\/IMG_20211101_111509_edit_161714235964907.jpg\",\"contentUrl\":\"https:\/\/orthodoxia.be\/wp-content\/uploads\/2021\/11\/IMG_20211101_111509_edit_161714235964907.jpg\",\"width\":1020,\"height\":765,\"caption\":\"nor_soft\"},{\"@type\":\"BreadcrumbList\",\"@id\":\"https:\/\/orthodoxia.be\/2021\/11\/08\/%cf%80%ce%b1%ce%bd%ce%ae%ce%b3%cf%85%cf%81%ce%b9%cf%82-%cf%84%cf%89%ce%bd-%ce%b1%ce%b3%ce%af%cf%89%ce%bd-%ce%b1%ce%bd%ce%b1%cf%81%ce%b3%cf%8d%cf%81%cf%89%ce%bd-%cf%83%cf%84%ce%b9%cf%82-%cf%80%ce%b5\/#breadcrumb\",\"itemListElement\":[{\"@type\":\"ListItem\",\"position\":1,\"name\":\"Home\",\"item\":\"https:\/\/orthodoxia.be\/nl\/\"},{\"@type\":\"ListItem\",\"position\":2,\"name\":\"Parochiefeest van de HH. Anargyren in P\u00e9ronnes\"}]},{\"@type\":\"WebSite\",\"@id\":\"https:\/\/orthodoxia.be\/#website\",\"url\":\"https:\/\/orthodoxia.be\/\",\"name\":\"Orthodox Archdiocese of Belgium (Benelux)\",\"description\":\"Exarch of the Nederland en Luxemburg\",\"publisher\":{\"@id\":\"https:\/\/orthodoxia.be\/#organization\"},\"alternateName\":\"IMB\",\"potentialAction\":[{\"@type\":\"SearchAction\",\"target\":{\"@type\":\"EntryPoint\",\"urlTemplate\":\"https:\/\/orthodoxia.be\/?s={search_term_string}\"},\"query-input\":{\"@type\":\"PropertyValueSpecification\",\"valueRequired\":true,\"valueName\":\"search_term_string\"}}],\"inLanguage\":\"nl-BE\"},{\"@type\":\"Organization\",\"@id\":\"https:\/\/orthodoxia.be\/#organization\",\"name\":\"Orthodox Archdiocese of Belgium (Benelux)\",\"url\":\"https:\/\/orthodoxia.be\/\",\"logo\":{\"@type\":\"ImageObject\",\"inLanguage\":\"nl-BE\",\"@id\":\"https:\/\/orthodoxia.be\/#\/schema\/logo\/image\/\",\"url\":\"https:\/\/orthodoxia.be\/wp-content\/uploads\/2024\/02\/cropped-IMB-logo-512-cl-1.png\",\"contentUrl\":\"https:\/\/orthodoxia.be\/wp-content\/uploads\/2024\/02\/cropped-IMB-logo-512-cl-1.png\",\"width\":512,\"height\":512,\"caption\":\"Orthodox Archdiocese of Belgium (Benelux)\"},\"image\":{\"@id\":\"https:\/\/orthodoxia.be\/#\/schema\/logo\/image\/\"},\"sameAs\":[\"https:\/\/www.facebook.com\/orthobel\",\"https:\/\/x.com\/orthobel\",\"https:\/\/www.youtube.com\/c\/orthobel\",\"https:\/\/www.mixcloud.com\/orthobel\/\",\"https:\/\/www.flickr.com\/photos\/148264890@N07\/albums\",\"https:\/\/www.dailymotion.com\/Orthobel\"]},{\"@type\":\"Person\",\"@id\":\"https:\/\/orthodoxia.be\/#\/schema\/person\/4641c70600fbb1aac968996a0ef6d284\",\"name\":\"\u0391\u03c1\u03c7\u03b5\u03af\u03bf \u03a3\u03c5\u03bd\u03b5\u03c1\u03b3\u03b1\u03c4\u03ce\u03bd\",\"image\":{\"@type\":\"ImageObject\",\"inLanguage\":\"nl-BE\",\"@id\":\"https:\/\/orthodoxia.be\/#\/schema\/person\/image\/\",\"url\":\"https:\/\/secure.gravatar.com\/avatar\/0bf791bec6a55758e3ee18a1fc90f09b?s=96&d=mm&r=g\",\"contentUrl\":\"https:\/\/secure.gravatar.com\/avatar\/0bf791bec6a55758e3ee18a1fc90f09b?s=96&d=mm&r=g\",\"caption\":\"\u0391\u03c1\u03c7\u03b5\u03af\u03bf \u03a3\u03c5\u03bd\u03b5\u03c1\u03b3\u03b1\u03c4\u03ce\u03bd\"},\"url\":\"https:\/\/orthodoxia.be\/nl\/author\/archives\/\"}]}<\/script>\n<!-- \/ Yoast SEO plugin. -->","yoast_head_json":{"title":"Parochiefeest van de HH. Anargyren in P\u00e9ronnes - Orthodox Aartsbisdom van Belgi\u00eb","robots":{"index":"index","follow":"follow","max-snippet":"max-snippet:-1","max-image-preview":"max-image-preview:large","max-video-preview":"max-video-preview:-1"},"canonical":"https:\/\/orthodoxia.be\/2021\/11\/08\/\u03c0\u03b1\u03bd\u03ae\u03b3\u03c5\u03c1\u03b9\u03c2-\u03c4\u03c9\u03bd-\u03b1\u03b3\u03af\u03c9\u03bd-\u03b1\u03bd\u03b1\u03c1\u03b3\u03cd\u03c1\u03c9\u03bd-\u03c3\u03c4\u03b9\u03c2-\u03c0\u03b5\/","og_locale":"nl_BE","og_type":"article","og_title":"Parochiefeest van de HH. Anargyren in P\u00e9ronnes - Orthodox Aartsbisdom van Belgi\u00eb","og_description":"Op 1 november 2021 vierde Zijne Eminentie Metropoliet Athenagoras van Belgi\u00eb en Exarch van Nederland en Luxemburg de Goddelijke Liturgie in de feestvierende parochie van de Heiligen Anargyres in P\u00e9ronnes. Zijne Eminentie verwees in zijn homilie naar het leven van de Heiligen der Anargyres, die het voorbeeld toonden hoe men zijn ego\u00efsme kan overstijgen door &hellip; Continued","og_url":"https:\/\/orthodoxia.be\/2021\/11\/08\/\u03c0\u03b1\u03bd\u03ae\u03b3\u03c5\u03c1\u03b9\u03c2-\u03c4\u03c9\u03bd-\u03b1\u03b3\u03af\u03c9\u03bd-\u03b1\u03bd\u03b1\u03c1\u03b3\u03cd\u03c1\u03c9\u03bd-\u03c3\u03c4\u03b9\u03c2-\u03c0\u03b5\/","og_site_name":"Orthodox Aartsbisdom van Belgi\u00eb","article_publisher":"https:\/\/www.facebook.com\/orthobel","article_published_time":"2021-11-08T13:00:24+00:00","article_modified_time":"2021-11-12T09:32:50+00:00","og_image":[{"width":1020,"height":765,"url":"https:\/\/orthodoxia.be\/wp-content\/uploads\/2021\/11\/IMG_20211101_111509_edit_161714235964907.jpg","type":"image\/jpeg"}],"author":"\u0391\u03c1\u03c7\u03b5\u03af\u03bf \u03a3\u03c5\u03bd\u03b5\u03c1\u03b3\u03b1\u03c4\u03ce\u03bd","twitter_card":"summary_large_image","twitter_creator":"@orthobel","twitter_site":"@orthobel","twitter_misc":{"Geschreven door":"\u0391\u03c1\u03c7\u03b5\u03af\u03bf \u03a3\u03c5\u03bd\u03b5\u03c1\u03b3\u03b1\u03c4\u03ce\u03bd","Geschatte leestijd":"1 minuut"},"schema":{"@context":"https:\/\/schema.org","@graph":[{"@type":"Article","@id":"https:\/\/orthodoxia.be\/2021\/11\/08\/%cf%80%ce%b1%ce%bd%ce%ae%ce%b3%cf%85%cf%81%ce%b9%cf%82-%cf%84%cf%89%ce%bd-%ce%b1%ce%b3%ce%af%cf%89%ce%bd-%ce%b1%ce%bd%ce%b1%cf%81%ce%b3%cf%8d%cf%81%cf%89%ce%bd-%cf%83%cf%84%ce%b9%cf%82-%cf%80%ce%b5\/#article","isPartOf":{"@id":"https:\/\/orthodoxia.be\/2021\/11\/08\/%cf%80%ce%b1%ce%bd%ce%ae%ce%b3%cf%85%cf%81%ce%b9%cf%82-%cf%84%cf%89%ce%bd-%ce%b1%ce%b3%ce%af%cf%89%ce%bd-%ce%b1%ce%bd%ce%b1%cf%81%ce%b3%cf%8d%cf%81%cf%89%ce%bd-%cf%83%cf%84%ce%b9%cf%82-%cf%80%ce%b5\/"},"author":{"name":"\u0391\u03c1\u03c7\u03b5\u03af\u03bf \u03a3\u03c5\u03bd\u03b5\u03c1\u03b3\u03b1\u03c4\u03ce\u03bd","@id":"https:\/\/orthodoxia.be\/#\/schema\/person\/4641c70600fbb1aac968996a0ef6d284"},"headline":"Parochiefeest van de HH. Anargyren in P\u00e9ronnes","datePublished":"2021-11-08T13:00:24+00:00","dateModified":"2021-11-12T09:32:50+00:00","mainEntityOfPage":{"@id":"https:\/\/orthodoxia.be\/2021\/11\/08\/%cf%80%ce%b1%ce%bd%ce%ae%ce%b3%cf%85%cf%81%ce%b9%cf%82-%cf%84%cf%89%ce%bd-%ce%b1%ce%b3%ce%af%cf%89%ce%bd-%ce%b1%ce%bd%ce%b1%cf%81%ce%b3%cf%8d%cf%81%cf%89%ce%bd-%cf%83%cf%84%ce%b9%cf%82-%cf%80%ce%b5\/"},"wordCount":163,"publisher":{"@id":"https:\/\/orthodoxia.be\/#organization"},"image":{"@id":"https:\/\/orthodoxia.be\/2021\/11\/08\/%cf%80%ce%b1%ce%bd%ce%ae%ce%b3%cf%85%cf%81%ce%b9%cf%82-%cf%84%cf%89%ce%bd-%ce%b1%ce%b3%ce%af%cf%89%ce%bd-%ce%b1%ce%bd%ce%b1%cf%81%ce%b3%cf%8d%cf%81%cf%89%ce%bd-%cf%83%cf%84%ce%b9%cf%82-%cf%80%ce%b5\/#primaryimage"},"thumbnailUrl":"https:\/\/orthodoxia.be\/wp-content\/uploads\/2021\/11\/IMG_20211101_111509_edit_161714235964907.jpg","articleSection":["Actualiteit","Persmededelingen"],"inLanguage":"nl-BE"},{"@type":"WebPage","@id":"https:\/\/orthodoxia.be\/2021\/11\/08\/%cf%80%ce%b1%ce%bd%ce%ae%ce%b3%cf%85%cf%81%ce%b9%cf%82-%cf%84%cf%89%ce%bd-%ce%b1%ce%b3%ce%af%cf%89%ce%bd-%ce%b1%ce%bd%ce%b1%cf%81%ce%b3%cf%8d%cf%81%cf%89%ce%bd-%cf%83%cf%84%ce%b9%cf%82-%cf%80%ce%b5\/","url":"https:\/\/orthodoxia.be\/2021\/11\/08\/%cf%80%ce%b1%ce%bd%ce%ae%ce%b3%cf%85%cf%81%ce%b9%cf%82-%cf%84%cf%89%ce%bd-%ce%b1%ce%b3%ce%af%cf%89%ce%bd-%ce%b1%ce%bd%ce%b1%cf%81%ce%b3%cf%8d%cf%81%cf%89%ce%bd-%cf%83%cf%84%ce%b9%cf%82-%cf%80%ce%b5\/","name":"Parochiefeest van de HH. Anargyren in P\u00e9ronnes - Orthodox Aartsbisdom van Belgi\u00eb","isPartOf":{"@id":"https:\/\/orthodoxia.be\/#website"},"primaryImageOfPage":{"@id":"https:\/\/orthodoxia.be\/2021\/11\/08\/%cf%80%ce%b1%ce%bd%ce%ae%ce%b3%cf%85%cf%81%ce%b9%cf%82-%cf%84%cf%89%ce%bd-%ce%b1%ce%b3%ce%af%cf%89%ce%bd-%ce%b1%ce%bd%ce%b1%cf%81%ce%b3%cf%8d%cf%81%cf%89%ce%bd-%cf%83%cf%84%ce%b9%cf%82-%cf%80%ce%b5\/#primaryimage"},"image":{"@id":"https:\/\/orthodoxia.be\/2021\/11\/08\/%cf%80%ce%b1%ce%bd%ce%ae%ce%b3%cf%85%cf%81%ce%b9%cf%82-%cf%84%cf%89%ce%bd-%ce%b1%ce%b3%ce%af%cf%89%ce%bd-%ce%b1%ce%bd%ce%b1%cf%81%ce%b3%cf%8d%cf%81%cf%89%ce%bd-%cf%83%cf%84%ce%b9%cf%82-%cf%80%ce%b5\/#primaryimage"},"thumbnailUrl":"https:\/\/orthodoxia.be\/wp-content\/uploads\/2021\/11\/IMG_20211101_111509_edit_161714235964907.jpg","datePublished":"2021-11-08T13:00:24+00:00","dateModified":"2021-11-12T09:32:50+00:00","breadcrumb":{"@id":"https:\/\/orthodoxia.be\/2021\/11\/08\/%cf%80%ce%b1%ce%bd%ce%ae%ce%b3%cf%85%cf%81%ce%b9%cf%82-%cf%84%cf%89%ce%bd-%ce%b1%ce%b3%ce%af%cf%89%ce%bd-%ce%b1%ce%bd%ce%b1%cf%81%ce%b3%cf%8d%cf%81%cf%89%ce%bd-%cf%83%cf%84%ce%b9%cf%82-%cf%80%ce%b5\/#breadcrumb"},"inLanguage":"nl-BE","potentialAction":[{"@type":"ReadAction","target":["https:\/\/orthodoxia.be\/2021\/11\/08\/%cf%80%ce%b1%ce%bd%ce%ae%ce%b3%cf%85%cf%81%ce%b9%cf%82-%cf%84%cf%89%ce%bd-%ce%b1%ce%b3%ce%af%cf%89%ce%bd-%ce%b1%ce%bd%ce%b1%cf%81%ce%b3%cf%8d%cf%81%cf%89%ce%bd-%cf%83%cf%84%ce%b9%cf%82-%cf%80%ce%b5\/"]}]},{"@type":"ImageObject","inLanguage":"nl-BE","@id":"https:\/\/orthodoxia.be\/2021\/11\/08\/%cf%80%ce%b1%ce%bd%ce%ae%ce%b3%cf%85%cf%81%ce%b9%cf%82-%cf%84%cf%89%ce%bd-%ce%b1%ce%b3%ce%af%cf%89%ce%bd-%ce%b1%ce%bd%ce%b1%cf%81%ce%b3%cf%8d%cf%81%cf%89%ce%bd-%cf%83%cf%84%ce%b9%cf%82-%cf%80%ce%b5\/#primaryimage","url":"https:\/\/orthodoxia.be\/wp-content\/uploads\/2021\/11\/IMG_20211101_111509_edit_161714235964907.jpg","contentUrl":"https:\/\/orthodoxia.be\/wp-content\/uploads\/2021\/11\/IMG_20211101_111509_edit_161714235964907.jpg","width":1020,"height":765,"caption":"nor_soft"},{"@type":"BreadcrumbList","@id":"https:\/\/orthodoxia.be\/2021\/11\/08\/%cf%80%ce%b1%ce%bd%ce%ae%ce%b3%cf%85%cf%81%ce%b9%cf%82-%cf%84%cf%89%ce%bd-%ce%b1%ce%b3%ce%af%cf%89%ce%bd-%ce%b1%ce%bd%ce%b1%cf%81%ce%b3%cf%8d%cf%81%cf%89%ce%bd-%cf%83%cf%84%ce%b9%cf%82-%cf%80%ce%b5\/#breadcrumb","itemListElement":[{"@type":"ListItem","position":1,"name":"Home","item":"https:\/\/orthodoxia.be\/nl\/"},{"@type":"ListItem","position":2,"name":"Parochiefeest van de HH. Anargyren in P\u00e9ronnes"}]},{"@type":"WebSite","@id":"https:\/\/orthodoxia.be\/#website","url":"https:\/\/orthodoxia.be\/","name":"Orthodox Archdiocese of Belgium (Benelux)","description":"Exarch of the Nederland en Luxemburg","publisher":{"@id":"https:\/\/orthodoxia.be\/#organization"},"alternateName":"IMB","potentialAction":[{"@type":"SearchAction","target":{"@type":"EntryPoint","urlTemplate":"https:\/\/orthodoxia.be\/?s={search_term_string}"},"query-input":{"@type":"PropertyValueSpecification","valueRequired":true,"valueName":"search_term_string"}}],"inLanguage":"nl-BE"},{"@type":"Organization","@id":"https:\/\/orthodoxia.be\/#organization","name":"Orthodox Archdiocese of Belgium (Benelux)","url":"https:\/\/orthodoxia.be\/","logo":{"@type":"ImageObject","inLanguage":"nl-BE","@id":"https:\/\/orthodoxia.be\/#\/schema\/logo\/image\/","url":"https:\/\/orthodoxia.be\/wp-content\/uploads\/2024\/02\/cropped-IMB-logo-512-cl-1.png","contentUrl":"https:\/\/orthodoxia.be\/wp-content\/uploads\/2024\/02\/cropped-IMB-logo-512-cl-1.png","width":512,"height":512,"caption":"Orthodox Archdiocese of Belgium (Benelux)"},"image":{"@id":"https:\/\/orthodoxia.be\/#\/schema\/logo\/image\/"},"sameAs":["https:\/\/www.facebook.com\/orthobel","https:\/\/x.com\/orthobel","https:\/\/www.youtube.com\/c\/orthobel","https:\/\/www.mixcloud.com\/orthobel\/","https:\/\/www.flickr.com\/photos\/148264890@N07\/albums","https:\/\/www.dailymotion.com\/Orthobel"]},{"@type":"Person","@id":"https:\/\/orthodoxia.be\/#\/schema\/person\/4641c70600fbb1aac968996a0ef6d284","name":"\u0391\u03c1\u03c7\u03b5\u03af\u03bf \u03a3\u03c5\u03bd\u03b5\u03c1\u03b3\u03b1\u03c4\u03ce\u03bd","image":{"@type":"ImageObject","inLanguage":"nl-BE","@id":"https:\/\/orthodoxia.be\/#\/schema\/person\/image\/","url":"https:\/\/secure.gravatar.com\/avatar\/0bf791bec6a55758e3ee18a1fc90f09b?s=96&d=mm&r=g","contentUrl":"https:\/\/secure.gravatar.com\/avatar\/0bf791bec6a55758e3ee18a1fc90f09b?s=96&d=mm&r=g","caption":"\u0391\u03c1\u03c7\u03b5\u03af\u03bf \u03a3\u03c5\u03bd\u03b5\u03c1\u03b3\u03b1\u03c4\u03ce\u03bd"},"url":"https:\/\/orthodoxia.be\/nl\/author\/archives\/"}]}},"_links":{"self":[{"href":"https:\/\/orthodoxia.be\/nl\/wp-json\/wp\/v2\/posts\/35060","targetHints":{"allow":["GET"]}}],"collection":[{"href":"https:\/\/orthodoxia.be\/nl\/wp-json\/wp\/v2\/posts"}],"about":[{"href":"https:\/\/orthodoxia.be\/nl\/wp-json\/wp\/v2\/types\/post"}],"author":[{"embeddable":true,"href":"https:\/\/orthodoxia.be\/nl\/wp-json\/wp\/v2\/users\/12"}],"replies":[{"embeddable":true,"href":"https:\/\/orthodoxia.be\/nl\/wp-json\/wp\/v2\/comments?post=35060"}],"version-history":[{"count":1,"href":"https:\/\/orthodoxia.be\/nl\/wp-json\/wp\/v2\/posts\/35060\/revisions"}],"predecessor-version":[{"id":35061,"href":"https:\/\/orthodoxia.be\/nl\/wp-json\/wp\/v2\/posts\/35060\/revisions\/35061"}],"wp:featuredmedia":[{"embeddable":true,"href":"https:\/\/orthodoxia.be\/nl\/wp-json\/wp\/v2\/media\/34938"}],"wp:attachment":[{"href":"https:\/\/orthodoxia.be\/nl\/wp-json\/wp\/v2\/media?parent=35060"}],"wp:term":[{"taxonomy":"category","embeddable":true,"href":"https:\/\/orthodoxia.be\/nl\/wp-json\/wp\/v2\/categories?post=35060"},{"taxonomy":"post_tag","embeddable":true,"href":"https:\/\/orthodoxia.be\/nl\/wp-json\/wp\/v2\/tags?post=35060"}],"curies":[{"name":"wp","href":"https:\/\/api.w.org\/{rel}","templated":true}]}}