{"id":35343,"date":"2021-11-30T10:54:54","date_gmt":"2021-11-30T09:54:54","guid":{"rendered":"http:\/\/orthodoxia.be\/?p=35343"},"modified":"2021-12-01T10:17:24","modified_gmt":"2021-12-01T09:17:24","slug":"bijeenkomst-in-brussel-van-de-metropoliet-van-belgie-met-de-griekse-minister-van-onderwijs","status":"publish","type":"post","link":"https:\/\/orthodoxia.be\/nl\/2021\/11\/30\/bijeenkomst-in-brussel-van-de-metropoliet-van-belgie-met-de-griekse-minister-van-onderwijs\/","title":{"rendered":"Bijeenkomst in Brussel van de Metropoliet van Belgi\u00eb met de Griekse Minister van Onderwijs"},"content":{"rendered":"<p style=\"text-align: justify;\">Op dinsdag 30 november 2021 had Zijne Eminentie Metropoliet Athenagoras van Belgi\u00eb en exarch van Nederland en Luxemburg een ontmoeting met mevrouw Niki Kerameos, minister van Onderwijs en Religieuze Zaken van Griekenland, die in Brussel was voor de Europese Raad van ministers van Onderwijs.<\/p>\n<p style=\"text-align: justify;\">De ontmoeting vond plaats in een hartelijke sfeer, terwijl de discussie zich toespitste op de werking van de Griekse Kestekidion-school in Brussel, die is ondergebracht in een gebouw van de Kerk (Oecumenisch Patriarchaat), wat deel uitmaakt van de uitstekende samenwerking tussen het Aartsbisdom en de Griekse Staat.<\/p>\n<p style=\"text-align: justify;\">De minister gaf uiting aan zijn grote belangstelling voor zowel de Kestekidion-school als voor verschillende kwesties die het Aartsbisdom en de Griekse gemeenschap in de Benelux aangaan.<\/p>\n<p>[FAGP id=35327]<\/p>\n","protected":false},"excerpt":{"rendered":"<p>Op dinsdag 30 november 2021 had Zijne Eminentie Metropoliet Athenagoras van Belgi\u00eb en exarch van Nederland en Luxemburg een ontmoeting met mevrouw Niki Kerameos, minister van Onderwijs en Religieuze Zaken van Griekenland, die in Brussel was voor de Europese Raad van ministers van Onderwijs. De ontmoeting vond plaats in een hartelijke sfeer, terwijl de discussie &hellip; <a href=\"https:\/\/orthodoxia.be\/nl\/2021\/11\/30\/bijeenkomst-in-brussel-van-de-metropoliet-van-belgie-met-de-griekse-minister-van-onderwijs\/\">Continued<\/a><\/p>\n","protected":false},"author":12,"featured_media":35333,"comment_status":"closed","ping_status":"open","sticky":false,"template":"","format":"standard","meta":{"_acf_changed":false,"footnotes":""},"categories":[18,83],"tags":[],"class_list":["post-35343","post","type-post","status-publish","format-standard","has-post-thumbnail","hentry","category-actualiteit","category-persmededelingen"],"acf":[],"yoast_head":"<!-- This site is optimized with the Yoast SEO plugin v24.3 - https:\/\/yoast.com\/wordpress\/plugins\/seo\/ -->\n<title>Bijeenkomst in Brussel van de Metropoliet van Belgi\u00eb met de Griekse Minister van Onderwijs - Orthodox Aartsbisdom van Belgi\u00eb<\/title>\n<meta name=\"robots\" content=\"index, follow, max-snippet:-1, max-image-preview:large, max-video-preview:-1\" \/>\n<link rel=\"canonical\" href=\"https:\/\/orthodoxia.be\/nl\/2021\/11\/30\/bijeenkomst-in-brussel-van-de-metropoliet-van-belgie-met-de-griekse-minister-van-onderwijs\/\" \/>\n<meta property=\"og:locale\" content=\"nl_BE\" \/>\n<meta property=\"og:type\" content=\"article\" \/>\n<meta property=\"og:title\" content=\"Bijeenkomst in Brussel van de Metropoliet van Belgi\u00eb met de Griekse Minister van Onderwijs - Orthodox Aartsbisdom van Belgi\u00eb\" \/>\n<meta property=\"og:description\" content=\"Op dinsdag 30 november 2021 had Zijne Eminentie Metropoliet Athenagoras van Belgi\u00eb en exarch van Nederland en Luxemburg een ontmoeting met mevrouw Niki Kerameos, minister van Onderwijs en Religieuze Zaken van Griekenland, die in Brussel was voor de Europese Raad van ministers van Onderwijs. De ontmoeting vond plaats in een hartelijke sfeer, terwijl de discussie &hellip; Continued\" \/>\n<meta property=\"og:url\" content=\"https:\/\/orthodoxia.be\/nl\/2021\/11\/30\/bijeenkomst-in-brussel-van-de-metropoliet-van-belgie-met-de-griekse-minister-van-onderwijs\/\" \/>\n<meta property=\"og:site_name\" content=\"Orthodox Aartsbisdom van Belgi\u00eb\" \/>\n<meta property=\"article:publisher\" content=\"https:\/\/www.facebook.com\/orthobel\" \/>\n<meta property=\"article:published_time\" content=\"2021-11-30T09:54:54+00:00\" \/>\n<meta property=\"article:modified_time\" content=\"2021-12-01T09:17:24+00:00\" \/>\n<meta property=\"og:image\" content=\"https:\/\/orthodoxia.be\/wp-content\/uploads\/2021\/11\/IMG-1467-1.jpg\" \/>\n\t<meta property=\"og:image:width\" content=\"1000\" \/>\n\t<meta property=\"og:image:height\" content=\"750\" \/>\n\t<meta property=\"og:image:type\" content=\"image\/jpeg\" \/>\n<meta name=\"author\" content=\"\u0391\u03c1\u03c7\u03b5\u03af\u03bf \u03a3\u03c5\u03bd\u03b5\u03c1\u03b3\u03b1\u03c4\u03ce\u03bd\" \/>\n<meta name=\"twitter:card\" content=\"summary_large_image\" \/>\n<meta name=\"twitter:creator\" content=\"@orthobel\" \/>\n<meta name=\"twitter:site\" content=\"@orthobel\" \/>\n<meta name=\"twitter:label1\" content=\"Geschreven door\" \/>\n\t<meta name=\"twitter:data1\" content=\"\u0391\u03c1\u03c7\u03b5\u03af\u03bf \u03a3\u03c5\u03bd\u03b5\u03c1\u03b3\u03b1\u03c4\u03ce\u03bd\" \/>\n\t<meta name=\"twitter:label2\" content=\"Geschatte leestijd\" \/>\n\t<meta name=\"twitter:data2\" content=\"1 minuut\" \/>\n<script type=\"application\/ld+json\" class=\"yoast-schema-graph\">{\"@context\":\"https:\/\/schema.org\",\"@graph\":[{\"@type\":\"Article\",\"@id\":\"https:\/\/orthodoxia.be\/nl\/2021\/11\/30\/bijeenkomst-in-brussel-van-de-metropoliet-van-belgie-met-de-griekse-minister-van-onderwijs\/#article\",\"isPartOf\":{\"@id\":\"https:\/\/orthodoxia.be\/nl\/2021\/11\/30\/bijeenkomst-in-brussel-van-de-metropoliet-van-belgie-met-de-griekse-minister-van-onderwijs\/\"},\"author\":{\"name\":\"\u0391\u03c1\u03c7\u03b5\u03af\u03bf \u03a3\u03c5\u03bd\u03b5\u03c1\u03b3\u03b1\u03c4\u03ce\u03bd\",\"@id\":\"https:\/\/orthodoxia.be\/#\/schema\/person\/4641c70600fbb1aac968996a0ef6d284\"},\"headline\":\"Bijeenkomst in Brussel van de Metropoliet van Belgi\u00eb met de Griekse Minister van Onderwijs\",\"datePublished\":\"2021-11-30T09:54:54+00:00\",\"dateModified\":\"2021-12-01T09:17:24+00:00\",\"mainEntityOfPage\":{\"@id\":\"https:\/\/orthodoxia.be\/nl\/2021\/11\/30\/bijeenkomst-in-brussel-van-de-metropoliet-van-belgie-met-de-griekse-minister-van-onderwijs\/\"},\"wordCount\":132,\"publisher\":{\"@id\":\"https:\/\/orthodoxia.be\/#organization\"},\"image\":{\"@id\":\"https:\/\/orthodoxia.be\/nl\/2021\/11\/30\/bijeenkomst-in-brussel-van-de-metropoliet-van-belgie-met-de-griekse-minister-van-onderwijs\/#primaryimage\"},\"thumbnailUrl\":\"https:\/\/orthodoxia.be\/wp-content\/uploads\/2021\/11\/IMG-1467-1.jpg\",\"articleSection\":[\"Actualiteit\",\"Persmededelingen\"],\"inLanguage\":\"nl-BE\"},{\"@type\":\"WebPage\",\"@id\":\"https:\/\/orthodoxia.be\/nl\/2021\/11\/30\/bijeenkomst-in-brussel-van-de-metropoliet-van-belgie-met-de-griekse-minister-van-onderwijs\/\",\"url\":\"https:\/\/orthodoxia.be\/nl\/2021\/11\/30\/bijeenkomst-in-brussel-van-de-metropoliet-van-belgie-met-de-griekse-minister-van-onderwijs\/\",\"name\":\"Bijeenkomst in Brussel van de Metropoliet van Belgi\u00eb met de Griekse Minister van Onderwijs - Orthodox Aartsbisdom van Belgi\u00eb\",\"isPartOf\":{\"@id\":\"https:\/\/orthodoxia.be\/#website\"},\"primaryImageOfPage\":{\"@id\":\"https:\/\/orthodoxia.be\/nl\/2021\/11\/30\/bijeenkomst-in-brussel-van-de-metropoliet-van-belgie-met-de-griekse-minister-van-onderwijs\/#primaryimage\"},\"image\":{\"@id\":\"https:\/\/orthodoxia.be\/nl\/2021\/11\/30\/bijeenkomst-in-brussel-van-de-metropoliet-van-belgie-met-de-griekse-minister-van-onderwijs\/#primaryimage\"},\"thumbnailUrl\":\"https:\/\/orthodoxia.be\/wp-content\/uploads\/2021\/11\/IMG-1467-1.jpg\",\"datePublished\":\"2021-11-30T09:54:54+00:00\",\"dateModified\":\"2021-12-01T09:17:24+00:00\",\"breadcrumb\":{\"@id\":\"https:\/\/orthodoxia.be\/nl\/2021\/11\/30\/bijeenkomst-in-brussel-van-de-metropoliet-van-belgie-met-de-griekse-minister-van-onderwijs\/#breadcrumb\"},\"inLanguage\":\"nl-BE\",\"potentialAction\":[{\"@type\":\"ReadAction\",\"target\":[\"https:\/\/orthodoxia.be\/nl\/2021\/11\/30\/bijeenkomst-in-brussel-van-de-metropoliet-van-belgie-met-de-griekse-minister-van-onderwijs\/\"]}]},{\"@type\":\"ImageObject\",\"inLanguage\":\"nl-BE\",\"@id\":\"https:\/\/orthodoxia.be\/nl\/2021\/11\/30\/bijeenkomst-in-brussel-van-de-metropoliet-van-belgie-met-de-griekse-minister-van-onderwijs\/#primaryimage\",\"url\":\"https:\/\/orthodoxia.be\/wp-content\/uploads\/2021\/11\/IMG-1467-1.jpg\",\"contentUrl\":\"https:\/\/orthodoxia.be\/wp-content\/uploads\/2021\/11\/IMG-1467-1.jpg\",\"width\":1000,\"height\":750},{\"@type\":\"BreadcrumbList\",\"@id\":\"https:\/\/orthodoxia.be\/nl\/2021\/11\/30\/bijeenkomst-in-brussel-van-de-metropoliet-van-belgie-met-de-griekse-minister-van-onderwijs\/#breadcrumb\",\"itemListElement\":[{\"@type\":\"ListItem\",\"position\":1,\"name\":\"Home\",\"item\":\"https:\/\/orthodoxia.be\/nl\/\"},{\"@type\":\"ListItem\",\"position\":2,\"name\":\"Bijeenkomst in Brussel van de Metropoliet van Belgi\u00eb met de Griekse Minister van Onderwijs\"}]},{\"@type\":\"WebSite\",\"@id\":\"https:\/\/orthodoxia.be\/#website\",\"url\":\"https:\/\/orthodoxia.be\/\",\"name\":\"Orthodox Archdiocese of Belgium (Benelux)\",\"description\":\"Exarch of the Nederland en Luxemburg\",\"publisher\":{\"@id\":\"https:\/\/orthodoxia.be\/#organization\"},\"alternateName\":\"IMB\",\"potentialAction\":[{\"@type\":\"SearchAction\",\"target\":{\"@type\":\"EntryPoint\",\"urlTemplate\":\"https:\/\/orthodoxia.be\/?s={search_term_string}\"},\"query-input\":{\"@type\":\"PropertyValueSpecification\",\"valueRequired\":true,\"valueName\":\"search_term_string\"}}],\"inLanguage\":\"nl-BE\"},{\"@type\":\"Organization\",\"@id\":\"https:\/\/orthodoxia.be\/#organization\",\"name\":\"Orthodox Archdiocese of Belgium (Benelux)\",\"url\":\"https:\/\/orthodoxia.be\/\",\"logo\":{\"@type\":\"ImageObject\",\"inLanguage\":\"nl-BE\",\"@id\":\"https:\/\/orthodoxia.be\/#\/schema\/logo\/image\/\",\"url\":\"https:\/\/orthodoxia.be\/wp-content\/uploads\/2024\/02\/cropped-IMB-logo-512-cl-1.png\",\"contentUrl\":\"https:\/\/orthodoxia.be\/wp-content\/uploads\/2024\/02\/cropped-IMB-logo-512-cl-1.png\",\"width\":512,\"height\":512,\"caption\":\"Orthodox Archdiocese of Belgium (Benelux)\"},\"image\":{\"@id\":\"https:\/\/orthodoxia.be\/#\/schema\/logo\/image\/\"},\"sameAs\":[\"https:\/\/www.facebook.com\/orthobel\",\"https:\/\/x.com\/orthobel\",\"https:\/\/www.youtube.com\/c\/orthobel\",\"https:\/\/www.mixcloud.com\/orthobel\/\",\"https:\/\/www.flickr.com\/photos\/148264890@N07\/albums\",\"https:\/\/www.dailymotion.com\/Orthobel\"]},{\"@type\":\"Person\",\"@id\":\"https:\/\/orthodoxia.be\/#\/schema\/person\/4641c70600fbb1aac968996a0ef6d284\",\"name\":\"\u0391\u03c1\u03c7\u03b5\u03af\u03bf \u03a3\u03c5\u03bd\u03b5\u03c1\u03b3\u03b1\u03c4\u03ce\u03bd\",\"image\":{\"@type\":\"ImageObject\",\"inLanguage\":\"nl-BE\",\"@id\":\"https:\/\/orthodoxia.be\/#\/schema\/person\/image\/\",\"url\":\"https:\/\/secure.gravatar.com\/avatar\/0bf791bec6a55758e3ee18a1fc90f09b?s=96&d=mm&r=g\",\"contentUrl\":\"https:\/\/secure.gravatar.com\/avatar\/0bf791bec6a55758e3ee18a1fc90f09b?s=96&d=mm&r=g\",\"caption\":\"\u0391\u03c1\u03c7\u03b5\u03af\u03bf \u03a3\u03c5\u03bd\u03b5\u03c1\u03b3\u03b1\u03c4\u03ce\u03bd\"},\"url\":\"https:\/\/orthodoxia.be\/nl\/author\/archives\/\"}]}<\/script>\n<!-- \/ Yoast SEO plugin. -->","yoast_head_json":{"title":"Bijeenkomst in Brussel van de Metropoliet van Belgi\u00eb met de Griekse Minister van Onderwijs - Orthodox Aartsbisdom van Belgi\u00eb","robots":{"index":"index","follow":"follow","max-snippet":"max-snippet:-1","max-image-preview":"max-image-preview:large","max-video-preview":"max-video-preview:-1"},"canonical":"https:\/\/orthodoxia.be\/nl\/2021\/11\/30\/bijeenkomst-in-brussel-van-de-metropoliet-van-belgie-met-de-griekse-minister-van-onderwijs\/","og_locale":"nl_BE","og_type":"article","og_title":"Bijeenkomst in Brussel van de Metropoliet van Belgi\u00eb met de Griekse Minister van Onderwijs - Orthodox Aartsbisdom van Belgi\u00eb","og_description":"Op dinsdag 30 november 2021 had Zijne Eminentie Metropoliet Athenagoras van Belgi\u00eb en exarch van Nederland en Luxemburg een ontmoeting met mevrouw Niki Kerameos, minister van Onderwijs en Religieuze Zaken van Griekenland, die in Brussel was voor de Europese Raad van ministers van Onderwijs. De ontmoeting vond plaats in een hartelijke sfeer, terwijl de discussie &hellip; Continued","og_url":"https:\/\/orthodoxia.be\/nl\/2021\/11\/30\/bijeenkomst-in-brussel-van-de-metropoliet-van-belgie-met-de-griekse-minister-van-onderwijs\/","og_site_name":"Orthodox Aartsbisdom van Belgi\u00eb","article_publisher":"https:\/\/www.facebook.com\/orthobel","article_published_time":"2021-11-30T09:54:54+00:00","article_modified_time":"2021-12-01T09:17:24+00:00","og_image":[{"width":1000,"height":750,"url":"https:\/\/orthodoxia.be\/wp-content\/uploads\/2021\/11\/IMG-1467-1.jpg","type":"image\/jpeg"}],"author":"\u0391\u03c1\u03c7\u03b5\u03af\u03bf \u03a3\u03c5\u03bd\u03b5\u03c1\u03b3\u03b1\u03c4\u03ce\u03bd","twitter_card":"summary_large_image","twitter_creator":"@orthobel","twitter_site":"@orthobel","twitter_misc":{"Geschreven door":"\u0391\u03c1\u03c7\u03b5\u03af\u03bf \u03a3\u03c5\u03bd\u03b5\u03c1\u03b3\u03b1\u03c4\u03ce\u03bd","Geschatte leestijd":"1 minuut"},"schema":{"@context":"https:\/\/schema.org","@graph":[{"@type":"Article","@id":"https:\/\/orthodoxia.be\/nl\/2021\/11\/30\/bijeenkomst-in-brussel-van-de-metropoliet-van-belgie-met-de-griekse-minister-van-onderwijs\/#article","isPartOf":{"@id":"https:\/\/orthodoxia.be\/nl\/2021\/11\/30\/bijeenkomst-in-brussel-van-de-metropoliet-van-belgie-met-de-griekse-minister-van-onderwijs\/"},"author":{"name":"\u0391\u03c1\u03c7\u03b5\u03af\u03bf \u03a3\u03c5\u03bd\u03b5\u03c1\u03b3\u03b1\u03c4\u03ce\u03bd","@id":"https:\/\/orthodoxia.be\/#\/schema\/person\/4641c70600fbb1aac968996a0ef6d284"},"headline":"Bijeenkomst in Brussel van de Metropoliet van Belgi\u00eb met de Griekse Minister van Onderwijs","datePublished":"2021-11-30T09:54:54+00:00","dateModified":"2021-12-01T09:17:24+00:00","mainEntityOfPage":{"@id":"https:\/\/orthodoxia.be\/nl\/2021\/11\/30\/bijeenkomst-in-brussel-van-de-metropoliet-van-belgie-met-de-griekse-minister-van-onderwijs\/"},"wordCount":132,"publisher":{"@id":"https:\/\/orthodoxia.be\/#organization"},"image":{"@id":"https:\/\/orthodoxia.be\/nl\/2021\/11\/30\/bijeenkomst-in-brussel-van-de-metropoliet-van-belgie-met-de-griekse-minister-van-onderwijs\/#primaryimage"},"thumbnailUrl":"https:\/\/orthodoxia.be\/wp-content\/uploads\/2021\/11\/IMG-1467-1.jpg","articleSection":["Actualiteit","Persmededelingen"],"inLanguage":"nl-BE"},{"@type":"WebPage","@id":"https:\/\/orthodoxia.be\/nl\/2021\/11\/30\/bijeenkomst-in-brussel-van-de-metropoliet-van-belgie-met-de-griekse-minister-van-onderwijs\/","url":"https:\/\/orthodoxia.be\/nl\/2021\/11\/30\/bijeenkomst-in-brussel-van-de-metropoliet-van-belgie-met-de-griekse-minister-van-onderwijs\/","name":"Bijeenkomst in Brussel van de Metropoliet van Belgi\u00eb met de Griekse Minister van Onderwijs - Orthodox Aartsbisdom van Belgi\u00eb","isPartOf":{"@id":"https:\/\/orthodoxia.be\/#website"},"primaryImageOfPage":{"@id":"https:\/\/orthodoxia.be\/nl\/2021\/11\/30\/bijeenkomst-in-brussel-van-de-metropoliet-van-belgie-met-de-griekse-minister-van-onderwijs\/#primaryimage"},"image":{"@id":"https:\/\/orthodoxia.be\/nl\/2021\/11\/30\/bijeenkomst-in-brussel-van-de-metropoliet-van-belgie-met-de-griekse-minister-van-onderwijs\/#primaryimage"},"thumbnailUrl":"https:\/\/orthodoxia.be\/wp-content\/uploads\/2021\/11\/IMG-1467-1.jpg","datePublished":"2021-11-30T09:54:54+00:00","dateModified":"2021-12-01T09:17:24+00:00","breadcrumb":{"@id":"https:\/\/orthodoxia.be\/nl\/2021\/11\/30\/bijeenkomst-in-brussel-van-de-metropoliet-van-belgie-met-de-griekse-minister-van-onderwijs\/#breadcrumb"},"inLanguage":"nl-BE","potentialAction":[{"@type":"ReadAction","target":["https:\/\/orthodoxia.be\/nl\/2021\/11\/30\/bijeenkomst-in-brussel-van-de-metropoliet-van-belgie-met-de-griekse-minister-van-onderwijs\/"]}]},{"@type":"ImageObject","inLanguage":"nl-BE","@id":"https:\/\/orthodoxia.be\/nl\/2021\/11\/30\/bijeenkomst-in-brussel-van-de-metropoliet-van-belgie-met-de-griekse-minister-van-onderwijs\/#primaryimage","url":"https:\/\/orthodoxia.be\/wp-content\/uploads\/2021\/11\/IMG-1467-1.jpg","contentUrl":"https:\/\/orthodoxia.be\/wp-content\/uploads\/2021\/11\/IMG-1467-1.jpg","width":1000,"height":750},{"@type":"BreadcrumbList","@id":"https:\/\/orthodoxia.be\/nl\/2021\/11\/30\/bijeenkomst-in-brussel-van-de-metropoliet-van-belgie-met-de-griekse-minister-van-onderwijs\/#breadcrumb","itemListElement":[{"@type":"ListItem","position":1,"name":"Home","item":"https:\/\/orthodoxia.be\/nl\/"},{"@type":"ListItem","position":2,"name":"Bijeenkomst in Brussel van de Metropoliet van Belgi\u00eb met de Griekse Minister van Onderwijs"}]},{"@type":"WebSite","@id":"https:\/\/orthodoxia.be\/#website","url":"https:\/\/orthodoxia.be\/","name":"Orthodox Archdiocese of Belgium (Benelux)","description":"Exarch of the Nederland en Luxemburg","publisher":{"@id":"https:\/\/orthodoxia.be\/#organization"},"alternateName":"IMB","potentialAction":[{"@type":"SearchAction","target":{"@type":"EntryPoint","urlTemplate":"https:\/\/orthodoxia.be\/?s={search_term_string}"},"query-input":{"@type":"PropertyValueSpecification","valueRequired":true,"valueName":"search_term_string"}}],"inLanguage":"nl-BE"},{"@type":"Organization","@id":"https:\/\/orthodoxia.be\/#organization","name":"Orthodox Archdiocese of Belgium (Benelux)","url":"https:\/\/orthodoxia.be\/","logo":{"@type":"ImageObject","inLanguage":"nl-BE","@id":"https:\/\/orthodoxia.be\/#\/schema\/logo\/image\/","url":"https:\/\/orthodoxia.be\/wp-content\/uploads\/2024\/02\/cropped-IMB-logo-512-cl-1.png","contentUrl":"https:\/\/orthodoxia.be\/wp-content\/uploads\/2024\/02\/cropped-IMB-logo-512-cl-1.png","width":512,"height":512,"caption":"Orthodox Archdiocese of Belgium (Benelux)"},"image":{"@id":"https:\/\/orthodoxia.be\/#\/schema\/logo\/image\/"},"sameAs":["https:\/\/www.facebook.com\/orthobel","https:\/\/x.com\/orthobel","https:\/\/www.youtube.com\/c\/orthobel","https:\/\/www.mixcloud.com\/orthobel\/","https:\/\/www.flickr.com\/photos\/148264890@N07\/albums","https:\/\/www.dailymotion.com\/Orthobel"]},{"@type":"Person","@id":"https:\/\/orthodoxia.be\/#\/schema\/person\/4641c70600fbb1aac968996a0ef6d284","name":"\u0391\u03c1\u03c7\u03b5\u03af\u03bf \u03a3\u03c5\u03bd\u03b5\u03c1\u03b3\u03b1\u03c4\u03ce\u03bd","image":{"@type":"ImageObject","inLanguage":"nl-BE","@id":"https:\/\/orthodoxia.be\/#\/schema\/person\/image\/","url":"https:\/\/secure.gravatar.com\/avatar\/0bf791bec6a55758e3ee18a1fc90f09b?s=96&d=mm&r=g","contentUrl":"https:\/\/secure.gravatar.com\/avatar\/0bf791bec6a55758e3ee18a1fc90f09b?s=96&d=mm&r=g","caption":"\u0391\u03c1\u03c7\u03b5\u03af\u03bf \u03a3\u03c5\u03bd\u03b5\u03c1\u03b3\u03b1\u03c4\u03ce\u03bd"},"url":"https:\/\/orthodoxia.be\/nl\/author\/archives\/"}]}},"_links":{"self":[{"href":"https:\/\/orthodoxia.be\/nl\/wp-json\/wp\/v2\/posts\/35343","targetHints":{"allow":["GET"]}}],"collection":[{"href":"https:\/\/orthodoxia.be\/nl\/wp-json\/wp\/v2\/posts"}],"about":[{"href":"https:\/\/orthodoxia.be\/nl\/wp-json\/wp\/v2\/types\/post"}],"author":[{"embeddable":true,"href":"https:\/\/orthodoxia.be\/nl\/wp-json\/wp\/v2\/users\/12"}],"replies":[{"embeddable":true,"href":"https:\/\/orthodoxia.be\/nl\/wp-json\/wp\/v2\/comments?post=35343"}],"version-history":[{"count":1,"href":"https:\/\/orthodoxia.be\/nl\/wp-json\/wp\/v2\/posts\/35343\/revisions"}],"predecessor-version":[{"id":35344,"href":"https:\/\/orthodoxia.be\/nl\/wp-json\/wp\/v2\/posts\/35343\/revisions\/35344"}],"wp:featuredmedia":[{"embeddable":true,"href":"https:\/\/orthodoxia.be\/nl\/wp-json\/wp\/v2\/media\/35333"}],"wp:attachment":[{"href":"https:\/\/orthodoxia.be\/nl\/wp-json\/wp\/v2\/media?parent=35343"}],"wp:term":[{"taxonomy":"category","embeddable":true,"href":"https:\/\/orthodoxia.be\/nl\/wp-json\/wp\/v2\/categories?post=35343"},{"taxonomy":"post_tag","embeddable":true,"href":"https:\/\/orthodoxia.be\/nl\/wp-json\/wp\/v2\/tags?post=35343"}],"curies":[{"name":"wp","href":"https:\/\/api.w.org\/{rel}","templated":true}]}}