{"id":35548,"date":"2021-12-07T12:24:12","date_gmt":"2021-12-07T11:24:12","guid":{"rendered":"http:\/\/orthodoxia.be\/?p=35548"},"modified":"2021-12-10T17:55:15","modified_gmt":"2021-12-10T16:55:15","slug":"het-feest-van-de-heilige-barbara-in-belgie","status":"publish","type":"post","link":"https:\/\/orthodoxia.be\/nl\/2021\/12\/07\/het-feest-van-de-heilige-barbara-in-belgie\/","title":{"rendered":"Het feest van de heilige Barbara in Belgi\u00eb"},"content":{"rendered":"<p style=\"text-align: justify;\">Het Aartsbisdom Belgi\u00eb heeft in alle betrokken parochies het feest van de heilige Grootmartelares Barbara gevierd.<\/p>\n<p style=\"text-align: justify;\">Op vrijdagavond 3 december 2021 ging Zijne Eminentie Metropoliet Athenagoras van Belgi\u00eb en Exarch van Nederland en Luxemburg voor in de vesperdienst van de heilige Barbara in de parochie van Luik. In zijn homilie verwees Zijne Eminentie naar het leven van de heilige en de weerklank daarvan voor de hedendaagse gelovigen. Aan het einde van de dienst dankte hij de rector van de parochie voor zijn pastorale werk, evenals de priesters die gekomen waren om de heilige te eren.<\/p>\n<p style=\"text-align: justify;\">De volgende dag, op 4 december 2021, vierde Zijne Eminentie de Goddelijke Liturgie in de parochie van de Heilige Barbara in Genk, omringd door de priesters van de Provincie Limburg. Na de Goddelijke Liturgie dankte Zijne Eminentie de priesters die waren gekomen om aan het feest deel te nemen en feliciteerde hij de rector van de parochie met zijn pastorale werk en met de werkzaamheden ter verfraaiing van de kerk in de afgelopen jaren.<\/p>\n<p style=\"text-align: justify;\">De dag na het feest van de heilige Barbara, zondag 5 december 2021, vierde Zijne Eminentie de Goddelijke Liturgie in de parochie van Charleroi. In zijn homilie verwees hij naar de evangelieperikoop van die dag, waarin hij het verschijnsel van de hypocrisie analyseerde dat onder vele mensen van de Kerk rondwaart, en de gelovigen uitnodigde een zuivere kerkelijke moraal te ontwikkelen. Aan het einde van de Goddelijke Liturgie sprak Zijne Eminentie zijn dank uit aan de rector van de parochie voor zijn pastorale bijdrage, en aan de officieren van SHAPE, onder leiding van generaal Symeon-Charalambos Psimoulis, die de viering van de heilige Barbara eveneens met hun aanwezigheid kwamen vereren.<\/p>\n<p>[FAGP id=35487]<\/p>\n","protected":false},"excerpt":{"rendered":"<p>Het Aartsbisdom Belgi\u00eb heeft in alle betrokken parochies het feest van de heilige Grootmartelares Barbara gevierd. Op vrijdagavond 3 december 2021 ging Zijne Eminentie Metropoliet Athenagoras van Belgi\u00eb en Exarch van Nederland en Luxemburg voor in de vesperdienst van de heilige Barbara in de parochie van Luik. In zijn homilie verwees Zijne Eminentie naar het &hellip; <a href=\"https:\/\/orthodoxia.be\/nl\/2021\/12\/07\/het-feest-van-de-heilige-barbara-in-belgie\/\">Continued<\/a><\/p>\n","protected":false},"author":12,"featured_media":35511,"comment_status":"closed","ping_status":"open","sticky":false,"template":"","format":"standard","meta":{"_acf_changed":false,"footnotes":""},"categories":[18],"tags":[],"class_list":["post-35548","post","type-post","status-publish","format-standard","has-post-thumbnail","hentry","category-actualiteit"],"acf":[],"yoast_head":"<!-- This site is optimized with the Yoast SEO plugin v24.3 - https:\/\/yoast.com\/wordpress\/plugins\/seo\/ -->\n<title>Het feest van de heilige Barbara in Belgi\u00eb - Orthodox Aartsbisdom van Belgi\u00eb<\/title>\n<meta name=\"robots\" content=\"index, follow, max-snippet:-1, max-image-preview:large, max-video-preview:-1\" \/>\n<link rel=\"canonical\" href=\"https:\/\/orthodoxia.be\/2021\/12\/07\/\u03b7-\u03b5\u03bf\u03c1\u03c4\u03ae-\u03c4\u03b7\u03c2-\u03b1\u03b3\u03af\u03b1\u03c2-\u03b2\u03b1\u03c1\u03b2\u03ac\u03c1\u03b1\u03c2-\u03c3\u03c4\u03bf-\u03b2\u03ad\u03bb\u03b3\u03b9\u03bf\/\" \/>\n<meta property=\"og:locale\" content=\"nl_BE\" \/>\n<meta property=\"og:type\" content=\"article\" \/>\n<meta property=\"og:title\" content=\"Het feest van de heilige Barbara in Belgi\u00eb - Orthodox Aartsbisdom van Belgi\u00eb\" \/>\n<meta property=\"og:description\" content=\"Het Aartsbisdom Belgi\u00eb heeft in alle betrokken parochies het feest van de heilige Grootmartelares Barbara gevierd. Op vrijdagavond 3 december 2021 ging Zijne Eminentie Metropoliet Athenagoras van Belgi\u00eb en Exarch van Nederland en Luxemburg voor in de vesperdienst van de heilige Barbara in de parochie van Luik. In zijn homilie verwees Zijne Eminentie naar het &hellip; Continued\" \/>\n<meta property=\"og:url\" content=\"https:\/\/orthodoxia.be\/2021\/12\/07\/\u03b7-\u03b5\u03bf\u03c1\u03c4\u03ae-\u03c4\u03b7\u03c2-\u03b1\u03b3\u03af\u03b1\u03c2-\u03b2\u03b1\u03c1\u03b2\u03ac\u03c1\u03b1\u03c2-\u03c3\u03c4\u03bf-\u03b2\u03ad\u03bb\u03b3\u03b9\u03bf\/\" \/>\n<meta property=\"og:site_name\" content=\"Orthodox Aartsbisdom van Belgi\u00eb\" \/>\n<meta property=\"article:publisher\" content=\"https:\/\/www.facebook.com\/orthobel\" \/>\n<meta property=\"article:published_time\" content=\"2021-12-07T11:24:12+00:00\" \/>\n<meta property=\"article:modified_time\" content=\"2021-12-10T16:55:15+00:00\" \/>\n<meta property=\"og:image\" content=\"https:\/\/orthodoxia.be\/wp-content\/uploads\/2021\/12\/IMG_9995.jpg\" \/>\n\t<meta property=\"og:image:width\" content=\"700\" \/>\n\t<meta property=\"og:image:height\" content=\"933\" \/>\n\t<meta property=\"og:image:type\" content=\"image\/jpeg\" \/>\n<meta name=\"author\" content=\"\u0391\u03c1\u03c7\u03b5\u03af\u03bf \u03a3\u03c5\u03bd\u03b5\u03c1\u03b3\u03b1\u03c4\u03ce\u03bd\" \/>\n<meta name=\"twitter:card\" content=\"summary_large_image\" \/>\n<meta name=\"twitter:creator\" content=\"@orthobel\" \/>\n<meta name=\"twitter:site\" content=\"@orthobel\" \/>\n<meta name=\"twitter:label1\" content=\"Geschreven door\" \/>\n\t<meta name=\"twitter:data1\" content=\"\u0391\u03c1\u03c7\u03b5\u03af\u03bf \u03a3\u03c5\u03bd\u03b5\u03c1\u03b3\u03b1\u03c4\u03ce\u03bd\" \/>\n\t<meta name=\"twitter:label2\" content=\"Geschatte leestijd\" \/>\n\t<meta name=\"twitter:data2\" content=\"1 minuut\" \/>\n<script type=\"application\/ld+json\" class=\"yoast-schema-graph\">{\"@context\":\"https:\/\/schema.org\",\"@graph\":[{\"@type\":\"Article\",\"@id\":\"https:\/\/orthodoxia.be\/2021\/12\/07\/%ce%b7-%ce%b5%ce%bf%cf%81%cf%84%ce%ae-%cf%84%ce%b7%cf%82-%ce%b1%ce%b3%ce%af%ce%b1%cf%82-%ce%b2%ce%b1%cf%81%ce%b2%ce%ac%cf%81%ce%b1%cf%82-%cf%83%cf%84%ce%bf-%ce%b2%ce%ad%ce%bb%ce%b3%ce%b9%ce%bf\/#article\",\"isPartOf\":{\"@id\":\"https:\/\/orthodoxia.be\/2021\/12\/07\/%ce%b7-%ce%b5%ce%bf%cf%81%cf%84%ce%ae-%cf%84%ce%b7%cf%82-%ce%b1%ce%b3%ce%af%ce%b1%cf%82-%ce%b2%ce%b1%cf%81%ce%b2%ce%ac%cf%81%ce%b1%cf%82-%cf%83%cf%84%ce%bf-%ce%b2%ce%ad%ce%bb%ce%b3%ce%b9%ce%bf\/\"},\"author\":{\"name\":\"\u0391\u03c1\u03c7\u03b5\u03af\u03bf \u03a3\u03c5\u03bd\u03b5\u03c1\u03b3\u03b1\u03c4\u03ce\u03bd\",\"@id\":\"https:\/\/orthodoxia.be\/#\/schema\/person\/4641c70600fbb1aac968996a0ef6d284\"},\"headline\":\"Het feest van de heilige Barbara in Belgi\u00eb\",\"datePublished\":\"2021-12-07T11:24:12+00:00\",\"dateModified\":\"2021-12-10T16:55:15+00:00\",\"mainEntityOfPage\":{\"@id\":\"https:\/\/orthodoxia.be\/2021\/12\/07\/%ce%b7-%ce%b5%ce%bf%cf%81%cf%84%ce%ae-%cf%84%ce%b7%cf%82-%ce%b1%ce%b3%ce%af%ce%b1%cf%82-%ce%b2%ce%b1%cf%81%ce%b2%ce%ac%cf%81%ce%b1%cf%82-%cf%83%cf%84%ce%bf-%ce%b2%ce%ad%ce%bb%ce%b3%ce%b9%ce%bf\/\"},\"wordCount\":282,\"publisher\":{\"@id\":\"https:\/\/orthodoxia.be\/#organization\"},\"image\":{\"@id\":\"https:\/\/orthodoxia.be\/2021\/12\/07\/%ce%b7-%ce%b5%ce%bf%cf%81%cf%84%ce%ae-%cf%84%ce%b7%cf%82-%ce%b1%ce%b3%ce%af%ce%b1%cf%82-%ce%b2%ce%b1%cf%81%ce%b2%ce%ac%cf%81%ce%b1%cf%82-%cf%83%cf%84%ce%bf-%ce%b2%ce%ad%ce%bb%ce%b3%ce%b9%ce%bf\/#primaryimage\"},\"thumbnailUrl\":\"https:\/\/orthodoxia.be\/wp-content\/uploads\/2021\/12\/IMG_9995.jpg\",\"articleSection\":[\"Actualiteit\"],\"inLanguage\":\"nl-BE\"},{\"@type\":\"WebPage\",\"@id\":\"https:\/\/orthodoxia.be\/2021\/12\/07\/%ce%b7-%ce%b5%ce%bf%cf%81%cf%84%ce%ae-%cf%84%ce%b7%cf%82-%ce%b1%ce%b3%ce%af%ce%b1%cf%82-%ce%b2%ce%b1%cf%81%ce%b2%ce%ac%cf%81%ce%b1%cf%82-%cf%83%cf%84%ce%bf-%ce%b2%ce%ad%ce%bb%ce%b3%ce%b9%ce%bf\/\",\"url\":\"https:\/\/orthodoxia.be\/2021\/12\/07\/%ce%b7-%ce%b5%ce%bf%cf%81%cf%84%ce%ae-%cf%84%ce%b7%cf%82-%ce%b1%ce%b3%ce%af%ce%b1%cf%82-%ce%b2%ce%b1%cf%81%ce%b2%ce%ac%cf%81%ce%b1%cf%82-%cf%83%cf%84%ce%bf-%ce%b2%ce%ad%ce%bb%ce%b3%ce%b9%ce%bf\/\",\"name\":\"Het feest van de heilige Barbara in Belgi\u00eb - Orthodox Aartsbisdom van Belgi\u00eb\",\"isPartOf\":{\"@id\":\"https:\/\/orthodoxia.be\/#website\"},\"primaryImageOfPage\":{\"@id\":\"https:\/\/orthodoxia.be\/2021\/12\/07\/%ce%b7-%ce%b5%ce%bf%cf%81%cf%84%ce%ae-%cf%84%ce%b7%cf%82-%ce%b1%ce%b3%ce%af%ce%b1%cf%82-%ce%b2%ce%b1%cf%81%ce%b2%ce%ac%cf%81%ce%b1%cf%82-%cf%83%cf%84%ce%bf-%ce%b2%ce%ad%ce%bb%ce%b3%ce%b9%ce%bf\/#primaryimage\"},\"image\":{\"@id\":\"https:\/\/orthodoxia.be\/2021\/12\/07\/%ce%b7-%ce%b5%ce%bf%cf%81%cf%84%ce%ae-%cf%84%ce%b7%cf%82-%ce%b1%ce%b3%ce%af%ce%b1%cf%82-%ce%b2%ce%b1%cf%81%ce%b2%ce%ac%cf%81%ce%b1%cf%82-%cf%83%cf%84%ce%bf-%ce%b2%ce%ad%ce%bb%ce%b3%ce%b9%ce%bf\/#primaryimage\"},\"thumbnailUrl\":\"https:\/\/orthodoxia.be\/wp-content\/uploads\/2021\/12\/IMG_9995.jpg\",\"datePublished\":\"2021-12-07T11:24:12+00:00\",\"dateModified\":\"2021-12-10T16:55:15+00:00\",\"breadcrumb\":{\"@id\":\"https:\/\/orthodoxia.be\/2021\/12\/07\/%ce%b7-%ce%b5%ce%bf%cf%81%cf%84%ce%ae-%cf%84%ce%b7%cf%82-%ce%b1%ce%b3%ce%af%ce%b1%cf%82-%ce%b2%ce%b1%cf%81%ce%b2%ce%ac%cf%81%ce%b1%cf%82-%cf%83%cf%84%ce%bf-%ce%b2%ce%ad%ce%bb%ce%b3%ce%b9%ce%bf\/#breadcrumb\"},\"inLanguage\":\"nl-BE\",\"potentialAction\":[{\"@type\":\"ReadAction\",\"target\":[\"https:\/\/orthodoxia.be\/2021\/12\/07\/%ce%b7-%ce%b5%ce%bf%cf%81%cf%84%ce%ae-%cf%84%ce%b7%cf%82-%ce%b1%ce%b3%ce%af%ce%b1%cf%82-%ce%b2%ce%b1%cf%81%ce%b2%ce%ac%cf%81%ce%b1%cf%82-%cf%83%cf%84%ce%bf-%ce%b2%ce%ad%ce%bb%ce%b3%ce%b9%ce%bf\/\"]}]},{\"@type\":\"ImageObject\",\"inLanguage\":\"nl-BE\",\"@id\":\"https:\/\/orthodoxia.be\/2021\/12\/07\/%ce%b7-%ce%b5%ce%bf%cf%81%cf%84%ce%ae-%cf%84%ce%b7%cf%82-%ce%b1%ce%b3%ce%af%ce%b1%cf%82-%ce%b2%ce%b1%cf%81%ce%b2%ce%ac%cf%81%ce%b1%cf%82-%cf%83%cf%84%ce%bf-%ce%b2%ce%ad%ce%bb%ce%b3%ce%b9%ce%bf\/#primaryimage\",\"url\":\"https:\/\/orthodoxia.be\/wp-content\/uploads\/2021\/12\/IMG_9995.jpg\",\"contentUrl\":\"https:\/\/orthodoxia.be\/wp-content\/uploads\/2021\/12\/IMG_9995.jpg\",\"width\":700,\"height\":933},{\"@type\":\"BreadcrumbList\",\"@id\":\"https:\/\/orthodoxia.be\/2021\/12\/07\/%ce%b7-%ce%b5%ce%bf%cf%81%cf%84%ce%ae-%cf%84%ce%b7%cf%82-%ce%b1%ce%b3%ce%af%ce%b1%cf%82-%ce%b2%ce%b1%cf%81%ce%b2%ce%ac%cf%81%ce%b1%cf%82-%cf%83%cf%84%ce%bf-%ce%b2%ce%ad%ce%bb%ce%b3%ce%b9%ce%bf\/#breadcrumb\",\"itemListElement\":[{\"@type\":\"ListItem\",\"position\":1,\"name\":\"Home\",\"item\":\"https:\/\/orthodoxia.be\/nl\/\"},{\"@type\":\"ListItem\",\"position\":2,\"name\":\"Het feest van de heilige Barbara in Belgi\u00eb\"}]},{\"@type\":\"WebSite\",\"@id\":\"https:\/\/orthodoxia.be\/#website\",\"url\":\"https:\/\/orthodoxia.be\/\",\"name\":\"Orthodox Archdiocese of Belgium (Benelux)\",\"description\":\"Exarch of the Nederland en Luxemburg\",\"publisher\":{\"@id\":\"https:\/\/orthodoxia.be\/#organization\"},\"alternateName\":\"IMB\",\"potentialAction\":[{\"@type\":\"SearchAction\",\"target\":{\"@type\":\"EntryPoint\",\"urlTemplate\":\"https:\/\/orthodoxia.be\/?s={search_term_string}\"},\"query-input\":{\"@type\":\"PropertyValueSpecification\",\"valueRequired\":true,\"valueName\":\"search_term_string\"}}],\"inLanguage\":\"nl-BE\"},{\"@type\":\"Organization\",\"@id\":\"https:\/\/orthodoxia.be\/#organization\",\"name\":\"Orthodox Archdiocese of Belgium (Benelux)\",\"url\":\"https:\/\/orthodoxia.be\/\",\"logo\":{\"@type\":\"ImageObject\",\"inLanguage\":\"nl-BE\",\"@id\":\"https:\/\/orthodoxia.be\/#\/schema\/logo\/image\/\",\"url\":\"https:\/\/orthodoxia.be\/wp-content\/uploads\/2024\/02\/cropped-IMB-logo-512-cl-1.png\",\"contentUrl\":\"https:\/\/orthodoxia.be\/wp-content\/uploads\/2024\/02\/cropped-IMB-logo-512-cl-1.png\",\"width\":512,\"height\":512,\"caption\":\"Orthodox Archdiocese of Belgium (Benelux)\"},\"image\":{\"@id\":\"https:\/\/orthodoxia.be\/#\/schema\/logo\/image\/\"},\"sameAs\":[\"https:\/\/www.facebook.com\/orthobel\",\"https:\/\/x.com\/orthobel\",\"https:\/\/www.youtube.com\/c\/orthobel\",\"https:\/\/www.mixcloud.com\/orthobel\/\",\"https:\/\/www.flickr.com\/photos\/148264890@N07\/albums\",\"https:\/\/www.dailymotion.com\/Orthobel\"]},{\"@type\":\"Person\",\"@id\":\"https:\/\/orthodoxia.be\/#\/schema\/person\/4641c70600fbb1aac968996a0ef6d284\",\"name\":\"\u0391\u03c1\u03c7\u03b5\u03af\u03bf \u03a3\u03c5\u03bd\u03b5\u03c1\u03b3\u03b1\u03c4\u03ce\u03bd\",\"image\":{\"@type\":\"ImageObject\",\"inLanguage\":\"nl-BE\",\"@id\":\"https:\/\/orthodoxia.be\/#\/schema\/person\/image\/\",\"url\":\"https:\/\/secure.gravatar.com\/avatar\/0bf791bec6a55758e3ee18a1fc90f09b?s=96&d=mm&r=g\",\"contentUrl\":\"https:\/\/secure.gravatar.com\/avatar\/0bf791bec6a55758e3ee18a1fc90f09b?s=96&d=mm&r=g\",\"caption\":\"\u0391\u03c1\u03c7\u03b5\u03af\u03bf \u03a3\u03c5\u03bd\u03b5\u03c1\u03b3\u03b1\u03c4\u03ce\u03bd\"},\"url\":\"https:\/\/orthodoxia.be\/nl\/author\/archives\/\"}]}<\/script>\n<!-- \/ Yoast SEO plugin. -->","yoast_head_json":{"title":"Het feest van de heilige Barbara in Belgi\u00eb - Orthodox Aartsbisdom van Belgi\u00eb","robots":{"index":"index","follow":"follow","max-snippet":"max-snippet:-1","max-image-preview":"max-image-preview:large","max-video-preview":"max-video-preview:-1"},"canonical":"https:\/\/orthodoxia.be\/2021\/12\/07\/\u03b7-\u03b5\u03bf\u03c1\u03c4\u03ae-\u03c4\u03b7\u03c2-\u03b1\u03b3\u03af\u03b1\u03c2-\u03b2\u03b1\u03c1\u03b2\u03ac\u03c1\u03b1\u03c2-\u03c3\u03c4\u03bf-\u03b2\u03ad\u03bb\u03b3\u03b9\u03bf\/","og_locale":"nl_BE","og_type":"article","og_title":"Het feest van de heilige Barbara in Belgi\u00eb - Orthodox Aartsbisdom van Belgi\u00eb","og_description":"Het Aartsbisdom Belgi\u00eb heeft in alle betrokken parochies het feest van de heilige Grootmartelares Barbara gevierd. Op vrijdagavond 3 december 2021 ging Zijne Eminentie Metropoliet Athenagoras van Belgi\u00eb en Exarch van Nederland en Luxemburg voor in de vesperdienst van de heilige Barbara in de parochie van Luik. In zijn homilie verwees Zijne Eminentie naar het &hellip; Continued","og_url":"https:\/\/orthodoxia.be\/2021\/12\/07\/\u03b7-\u03b5\u03bf\u03c1\u03c4\u03ae-\u03c4\u03b7\u03c2-\u03b1\u03b3\u03af\u03b1\u03c2-\u03b2\u03b1\u03c1\u03b2\u03ac\u03c1\u03b1\u03c2-\u03c3\u03c4\u03bf-\u03b2\u03ad\u03bb\u03b3\u03b9\u03bf\/","og_site_name":"Orthodox Aartsbisdom van Belgi\u00eb","article_publisher":"https:\/\/www.facebook.com\/orthobel","article_published_time":"2021-12-07T11:24:12+00:00","article_modified_time":"2021-12-10T16:55:15+00:00","og_image":[{"width":700,"height":933,"url":"https:\/\/orthodoxia.be\/wp-content\/uploads\/2021\/12\/IMG_9995.jpg","type":"image\/jpeg"}],"author":"\u0391\u03c1\u03c7\u03b5\u03af\u03bf \u03a3\u03c5\u03bd\u03b5\u03c1\u03b3\u03b1\u03c4\u03ce\u03bd","twitter_card":"summary_large_image","twitter_creator":"@orthobel","twitter_site":"@orthobel","twitter_misc":{"Geschreven door":"\u0391\u03c1\u03c7\u03b5\u03af\u03bf \u03a3\u03c5\u03bd\u03b5\u03c1\u03b3\u03b1\u03c4\u03ce\u03bd","Geschatte leestijd":"1 minuut"},"schema":{"@context":"https:\/\/schema.org","@graph":[{"@type":"Article","@id":"https:\/\/orthodoxia.be\/2021\/12\/07\/%ce%b7-%ce%b5%ce%bf%cf%81%cf%84%ce%ae-%cf%84%ce%b7%cf%82-%ce%b1%ce%b3%ce%af%ce%b1%cf%82-%ce%b2%ce%b1%cf%81%ce%b2%ce%ac%cf%81%ce%b1%cf%82-%cf%83%cf%84%ce%bf-%ce%b2%ce%ad%ce%bb%ce%b3%ce%b9%ce%bf\/#article","isPartOf":{"@id":"https:\/\/orthodoxia.be\/2021\/12\/07\/%ce%b7-%ce%b5%ce%bf%cf%81%cf%84%ce%ae-%cf%84%ce%b7%cf%82-%ce%b1%ce%b3%ce%af%ce%b1%cf%82-%ce%b2%ce%b1%cf%81%ce%b2%ce%ac%cf%81%ce%b1%cf%82-%cf%83%cf%84%ce%bf-%ce%b2%ce%ad%ce%bb%ce%b3%ce%b9%ce%bf\/"},"author":{"name":"\u0391\u03c1\u03c7\u03b5\u03af\u03bf \u03a3\u03c5\u03bd\u03b5\u03c1\u03b3\u03b1\u03c4\u03ce\u03bd","@id":"https:\/\/orthodoxia.be\/#\/schema\/person\/4641c70600fbb1aac968996a0ef6d284"},"headline":"Het feest van de heilige Barbara in Belgi\u00eb","datePublished":"2021-12-07T11:24:12+00:00","dateModified":"2021-12-10T16:55:15+00:00","mainEntityOfPage":{"@id":"https:\/\/orthodoxia.be\/2021\/12\/07\/%ce%b7-%ce%b5%ce%bf%cf%81%cf%84%ce%ae-%cf%84%ce%b7%cf%82-%ce%b1%ce%b3%ce%af%ce%b1%cf%82-%ce%b2%ce%b1%cf%81%ce%b2%ce%ac%cf%81%ce%b1%cf%82-%cf%83%cf%84%ce%bf-%ce%b2%ce%ad%ce%bb%ce%b3%ce%b9%ce%bf\/"},"wordCount":282,"publisher":{"@id":"https:\/\/orthodoxia.be\/#organization"},"image":{"@id":"https:\/\/orthodoxia.be\/2021\/12\/07\/%ce%b7-%ce%b5%ce%bf%cf%81%cf%84%ce%ae-%cf%84%ce%b7%cf%82-%ce%b1%ce%b3%ce%af%ce%b1%cf%82-%ce%b2%ce%b1%cf%81%ce%b2%ce%ac%cf%81%ce%b1%cf%82-%cf%83%cf%84%ce%bf-%ce%b2%ce%ad%ce%bb%ce%b3%ce%b9%ce%bf\/#primaryimage"},"thumbnailUrl":"https:\/\/orthodoxia.be\/wp-content\/uploads\/2021\/12\/IMG_9995.jpg","articleSection":["Actualiteit"],"inLanguage":"nl-BE"},{"@type":"WebPage","@id":"https:\/\/orthodoxia.be\/2021\/12\/07\/%ce%b7-%ce%b5%ce%bf%cf%81%cf%84%ce%ae-%cf%84%ce%b7%cf%82-%ce%b1%ce%b3%ce%af%ce%b1%cf%82-%ce%b2%ce%b1%cf%81%ce%b2%ce%ac%cf%81%ce%b1%cf%82-%cf%83%cf%84%ce%bf-%ce%b2%ce%ad%ce%bb%ce%b3%ce%b9%ce%bf\/","url":"https:\/\/orthodoxia.be\/2021\/12\/07\/%ce%b7-%ce%b5%ce%bf%cf%81%cf%84%ce%ae-%cf%84%ce%b7%cf%82-%ce%b1%ce%b3%ce%af%ce%b1%cf%82-%ce%b2%ce%b1%cf%81%ce%b2%ce%ac%cf%81%ce%b1%cf%82-%cf%83%cf%84%ce%bf-%ce%b2%ce%ad%ce%bb%ce%b3%ce%b9%ce%bf\/","name":"Het feest van de heilige Barbara in Belgi\u00eb - Orthodox Aartsbisdom van Belgi\u00eb","isPartOf":{"@id":"https:\/\/orthodoxia.be\/#website"},"primaryImageOfPage":{"@id":"https:\/\/orthodoxia.be\/2021\/12\/07\/%ce%b7-%ce%b5%ce%bf%cf%81%cf%84%ce%ae-%cf%84%ce%b7%cf%82-%ce%b1%ce%b3%ce%af%ce%b1%cf%82-%ce%b2%ce%b1%cf%81%ce%b2%ce%ac%cf%81%ce%b1%cf%82-%cf%83%cf%84%ce%bf-%ce%b2%ce%ad%ce%bb%ce%b3%ce%b9%ce%bf\/#primaryimage"},"image":{"@id":"https:\/\/orthodoxia.be\/2021\/12\/07\/%ce%b7-%ce%b5%ce%bf%cf%81%cf%84%ce%ae-%cf%84%ce%b7%cf%82-%ce%b1%ce%b3%ce%af%ce%b1%cf%82-%ce%b2%ce%b1%cf%81%ce%b2%ce%ac%cf%81%ce%b1%cf%82-%cf%83%cf%84%ce%bf-%ce%b2%ce%ad%ce%bb%ce%b3%ce%b9%ce%bf\/#primaryimage"},"thumbnailUrl":"https:\/\/orthodoxia.be\/wp-content\/uploads\/2021\/12\/IMG_9995.jpg","datePublished":"2021-12-07T11:24:12+00:00","dateModified":"2021-12-10T16:55:15+00:00","breadcrumb":{"@id":"https:\/\/orthodoxia.be\/2021\/12\/07\/%ce%b7-%ce%b5%ce%bf%cf%81%cf%84%ce%ae-%cf%84%ce%b7%cf%82-%ce%b1%ce%b3%ce%af%ce%b1%cf%82-%ce%b2%ce%b1%cf%81%ce%b2%ce%ac%cf%81%ce%b1%cf%82-%cf%83%cf%84%ce%bf-%ce%b2%ce%ad%ce%bb%ce%b3%ce%b9%ce%bf\/#breadcrumb"},"inLanguage":"nl-BE","potentialAction":[{"@type":"ReadAction","target":["https:\/\/orthodoxia.be\/2021\/12\/07\/%ce%b7-%ce%b5%ce%bf%cf%81%cf%84%ce%ae-%cf%84%ce%b7%cf%82-%ce%b1%ce%b3%ce%af%ce%b1%cf%82-%ce%b2%ce%b1%cf%81%ce%b2%ce%ac%cf%81%ce%b1%cf%82-%cf%83%cf%84%ce%bf-%ce%b2%ce%ad%ce%bb%ce%b3%ce%b9%ce%bf\/"]}]},{"@type":"ImageObject","inLanguage":"nl-BE","@id":"https:\/\/orthodoxia.be\/2021\/12\/07\/%ce%b7-%ce%b5%ce%bf%cf%81%cf%84%ce%ae-%cf%84%ce%b7%cf%82-%ce%b1%ce%b3%ce%af%ce%b1%cf%82-%ce%b2%ce%b1%cf%81%ce%b2%ce%ac%cf%81%ce%b1%cf%82-%cf%83%cf%84%ce%bf-%ce%b2%ce%ad%ce%bb%ce%b3%ce%b9%ce%bf\/#primaryimage","url":"https:\/\/orthodoxia.be\/wp-content\/uploads\/2021\/12\/IMG_9995.jpg","contentUrl":"https:\/\/orthodoxia.be\/wp-content\/uploads\/2021\/12\/IMG_9995.jpg","width":700,"height":933},{"@type":"BreadcrumbList","@id":"https:\/\/orthodoxia.be\/2021\/12\/07\/%ce%b7-%ce%b5%ce%bf%cf%81%cf%84%ce%ae-%cf%84%ce%b7%cf%82-%ce%b1%ce%b3%ce%af%ce%b1%cf%82-%ce%b2%ce%b1%cf%81%ce%b2%ce%ac%cf%81%ce%b1%cf%82-%cf%83%cf%84%ce%bf-%ce%b2%ce%ad%ce%bb%ce%b3%ce%b9%ce%bf\/#breadcrumb","itemListElement":[{"@type":"ListItem","position":1,"name":"Home","item":"https:\/\/orthodoxia.be\/nl\/"},{"@type":"ListItem","position":2,"name":"Het feest van de heilige Barbara in Belgi\u00eb"}]},{"@type":"WebSite","@id":"https:\/\/orthodoxia.be\/#website","url":"https:\/\/orthodoxia.be\/","name":"Orthodox Archdiocese of Belgium (Benelux)","description":"Exarch of the Nederland en Luxemburg","publisher":{"@id":"https:\/\/orthodoxia.be\/#organization"},"alternateName":"IMB","potentialAction":[{"@type":"SearchAction","target":{"@type":"EntryPoint","urlTemplate":"https:\/\/orthodoxia.be\/?s={search_term_string}"},"query-input":{"@type":"PropertyValueSpecification","valueRequired":true,"valueName":"search_term_string"}}],"inLanguage":"nl-BE"},{"@type":"Organization","@id":"https:\/\/orthodoxia.be\/#organization","name":"Orthodox Archdiocese of Belgium (Benelux)","url":"https:\/\/orthodoxia.be\/","logo":{"@type":"ImageObject","inLanguage":"nl-BE","@id":"https:\/\/orthodoxia.be\/#\/schema\/logo\/image\/","url":"https:\/\/orthodoxia.be\/wp-content\/uploads\/2024\/02\/cropped-IMB-logo-512-cl-1.png","contentUrl":"https:\/\/orthodoxia.be\/wp-content\/uploads\/2024\/02\/cropped-IMB-logo-512-cl-1.png","width":512,"height":512,"caption":"Orthodox Archdiocese of Belgium (Benelux)"},"image":{"@id":"https:\/\/orthodoxia.be\/#\/schema\/logo\/image\/"},"sameAs":["https:\/\/www.facebook.com\/orthobel","https:\/\/x.com\/orthobel","https:\/\/www.youtube.com\/c\/orthobel","https:\/\/www.mixcloud.com\/orthobel\/","https:\/\/www.flickr.com\/photos\/148264890@N07\/albums","https:\/\/www.dailymotion.com\/Orthobel"]},{"@type":"Person","@id":"https:\/\/orthodoxia.be\/#\/schema\/person\/4641c70600fbb1aac968996a0ef6d284","name":"\u0391\u03c1\u03c7\u03b5\u03af\u03bf \u03a3\u03c5\u03bd\u03b5\u03c1\u03b3\u03b1\u03c4\u03ce\u03bd","image":{"@type":"ImageObject","inLanguage":"nl-BE","@id":"https:\/\/orthodoxia.be\/#\/schema\/person\/image\/","url":"https:\/\/secure.gravatar.com\/avatar\/0bf791bec6a55758e3ee18a1fc90f09b?s=96&d=mm&r=g","contentUrl":"https:\/\/secure.gravatar.com\/avatar\/0bf791bec6a55758e3ee18a1fc90f09b?s=96&d=mm&r=g","caption":"\u0391\u03c1\u03c7\u03b5\u03af\u03bf \u03a3\u03c5\u03bd\u03b5\u03c1\u03b3\u03b1\u03c4\u03ce\u03bd"},"url":"https:\/\/orthodoxia.be\/nl\/author\/archives\/"}]}},"_links":{"self":[{"href":"https:\/\/orthodoxia.be\/nl\/wp-json\/wp\/v2\/posts\/35548","targetHints":{"allow":["GET"]}}],"collection":[{"href":"https:\/\/orthodoxia.be\/nl\/wp-json\/wp\/v2\/posts"}],"about":[{"href":"https:\/\/orthodoxia.be\/nl\/wp-json\/wp\/v2\/types\/post"}],"author":[{"embeddable":true,"href":"https:\/\/orthodoxia.be\/nl\/wp-json\/wp\/v2\/users\/12"}],"replies":[{"embeddable":true,"href":"https:\/\/orthodoxia.be\/nl\/wp-json\/wp\/v2\/comments?post=35548"}],"version-history":[{"count":1,"href":"https:\/\/orthodoxia.be\/nl\/wp-json\/wp\/v2\/posts\/35548\/revisions"}],"predecessor-version":[{"id":35549,"href":"https:\/\/orthodoxia.be\/nl\/wp-json\/wp\/v2\/posts\/35548\/revisions\/35549"}],"wp:featuredmedia":[{"embeddable":true,"href":"https:\/\/orthodoxia.be\/nl\/wp-json\/wp\/v2\/media\/35511"}],"wp:attachment":[{"href":"https:\/\/orthodoxia.be\/nl\/wp-json\/wp\/v2\/media?parent=35548"}],"wp:term":[{"taxonomy":"category","embeddable":true,"href":"https:\/\/orthodoxia.be\/nl\/wp-json\/wp\/v2\/categories?post=35548"},{"taxonomy":"post_tag","embeddable":true,"href":"https:\/\/orthodoxia.be\/nl\/wp-json\/wp\/v2\/tags?post=35548"}],"curies":[{"name":"wp","href":"https:\/\/api.w.org\/{rel}","templated":true}]}}