{"id":38142,"date":"2022-05-23T09:40:22","date_gmt":"2022-05-23T07:40:22","guid":{"rendered":"http:\/\/orthodoxia.be\/?p=38142"},"modified":"2022-05-23T11:56:40","modified_gmt":"2022-05-23T09:56:40","slug":"betuiging-van-deelneming-vanwege-de-leden-van-de-geestelijkheid-van-de-aartsbisdom-van-belgie","status":"publish","type":"post","link":"https:\/\/orthodoxia.be\/nl\/2022\/05\/23\/betuiging-van-deelneming-vanwege-de-leden-van-de-geestelijkheid-van-de-aartsbisdom-van-belgie\/","title":{"rendered":"Betuiging van deelneming vanwege de leden van de Geestelijkheid van de Aartsbisdom van Belgi\u00eb"},"content":{"rendered":"<p style=\"text-align: center;\"><strong>BETUIGING VAN DEELNEMING<\/strong><br \/>\n<strong>VANWEGE DE LEDEN VAN DE GEESTELIJKHEID<\/strong><br \/>\n<strong>VAN DE AARTSBISDOM VAN BELGI\u00cb<\/strong><br \/>\n<strong>EN EXARCHAAT VAN NEDERLAND EN LUXEMBURG<\/strong><br \/>\n<strong>VOOR DE RUST IN DE HEER<\/strong><br \/>\n<strong>VAN MARIE-THERESE CLEMENCE XAVIER JANSSENS (MITA)<\/strong><br \/>\n<strong>IN EEUWIGE GEDACHTENIS<\/strong><\/p>\n<p><strong>Christus is verrezen!<\/strong><\/p>\n<p style=\"text-align: justify;\">Bij het vernemen van ontslapen in de Heer van de geliefde Moeder van onze Metropoliet Athenagoras, Marie-Th\u00e9r\u00e8se Cl\u00e9mence Xavier Janssens, betuigt de geestelijkheid van de Aartsbisdom van Belgi\u00eb en Exarchaat van Nederland en Luxemburg haar medeleven.<br \/>\nRekening houdend met haar bijdrage aan de parochie van de Heilige Apostel Andreas, waar zij haar man, wijlen vader Ignace Peckstadt, vele jaren heeft bijgestaan met grote christelijke liefde, nederigheid, vriendelijkheid en stiptheid, heeft de gehele clerus van het Aartsbisdom besloten:<br \/>\nOm haar diepste medeleven te betuigen aan haar familie,<br \/>\nOm in de mate van het mogelijke aanwezig te zijn bij de begrafenis van de overledene,<br \/>\nOm in plaats van een bloemenkrans, een symbolisch bedrag te storten op de bankrekening van het Aartsbisdom voor zijn liefdadigheidswerk,<br \/>\nOm deze rouwbetuiging in de kranten te publiceren.<\/p>\n<p style=\"text-align: center;\"><strong>Gedaan te Brussel, op 20 mei 2022<\/strong><\/p>\n<p style=\"text-align: center;\"><strong>De leden van de Geestelijkheid<\/strong><br \/>\n<strong>Van het Aartsbisdom van Belgi\u00eb<\/strong><br \/>\n<strong>en Exarchaat van Nederland en Luxemburg<\/strong><\/p>\n","protected":false},"excerpt":{"rendered":"<p>BETUIGING VAN DEELNEMING VANWEGE DE LEDEN VAN DE GEESTELIJKHEID VAN DE AARTSBISDOM VAN BELGI\u00cb EN EXARCHAAT VAN NEDERLAND EN LUXEMBURG VOOR DE RUST IN DE HEER VAN MARIE-THERESE CLEMENCE XAVIER JANSSENS (MITA) IN EEUWIGE GEDACHTENIS Christus is verrezen! Bij het vernemen van ontslapen in de Heer van de geliefde Moeder van onze Metropoliet Athenagoras, Marie-Th\u00e9r\u00e8se &hellip; <a href=\"https:\/\/orthodoxia.be\/nl\/2022\/05\/23\/betuiging-van-deelneming-vanwege-de-leden-van-de-geestelijkheid-van-de-aartsbisdom-van-belgie\/\">Continued<\/a><\/p>\n","protected":false},"author":12,"featured_media":33330,"comment_status":"closed","ping_status":"open","sticky":false,"template":"","format":"standard","meta":{"_acf_changed":false,"footnotes":""},"categories":[18,83],"tags":[],"class_list":["post-38142","post","type-post","status-publish","format-standard","has-post-thumbnail","hentry","category-actualiteit","category-persmededelingen"],"acf":[],"yoast_head":"<!-- This site is optimized with the Yoast SEO plugin v24.3 - https:\/\/yoast.com\/wordpress\/plugins\/seo\/ -->\n<title>Betuiging van deelneming vanwege de leden van de Geestelijkheid van de Aartsbisdom van Belgi\u00eb - Orthodox Aartsbisdom van Belgi\u00eb<\/title>\n<meta name=\"robots\" content=\"index, follow, max-snippet:-1, max-image-preview:large, max-video-preview:-1\" \/>\n<link rel=\"canonical\" href=\"https:\/\/orthodoxia.be\/nl\/2022\/05\/23\/betuiging-van-deelneming-vanwege-de-leden-van-de-geestelijkheid-van-de-aartsbisdom-van-belgie\/\" \/>\n<meta property=\"og:locale\" content=\"nl_BE\" \/>\n<meta property=\"og:type\" content=\"article\" \/>\n<meta property=\"og:title\" content=\"Betuiging van deelneming vanwege de leden van de Geestelijkheid van de Aartsbisdom van Belgi\u00eb - Orthodox Aartsbisdom van Belgi\u00eb\" \/>\n<meta property=\"og:description\" content=\"BETUIGING VAN DEELNEMING VANWEGE DE LEDEN VAN DE GEESTELIJKHEID VAN DE AARTSBISDOM VAN BELGI\u00cb EN EXARCHAAT VAN NEDERLAND EN LUXEMBURG VOOR DE RUST IN DE HEER VAN MARIE-THERESE CLEMENCE XAVIER JANSSENS (MITA) IN EEUWIGE GEDACHTENIS Christus is verrezen! Bij het vernemen van ontslapen in de Heer van de geliefde Moeder van onze Metropoliet Athenagoras, Marie-Th\u00e9r\u00e8se &hellip; Continued\" \/>\n<meta property=\"og:url\" content=\"https:\/\/orthodoxia.be\/nl\/2022\/05\/23\/betuiging-van-deelneming-vanwege-de-leden-van-de-geestelijkheid-van-de-aartsbisdom-van-belgie\/\" \/>\n<meta property=\"og:site_name\" content=\"Orthodox Aartsbisdom van Belgi\u00eb\" \/>\n<meta property=\"article:publisher\" content=\"https:\/\/www.facebook.com\/orthobel\" \/>\n<meta property=\"article:published_time\" content=\"2022-05-23T07:40:22+00:00\" \/>\n<meta property=\"article:modified_time\" content=\"2022-05-23T09:56:40+00:00\" \/>\n<meta property=\"og:image\" content=\"https:\/\/orthodoxia.be\/wp-content\/uploads\/2021\/08\/logo-benelux-500px.jpg\" \/>\n\t<meta property=\"og:image:width\" content=\"500\" \/>\n\t<meta property=\"og:image:height\" content=\"501\" \/>\n\t<meta property=\"og:image:type\" content=\"image\/jpeg\" \/>\n<meta name=\"author\" content=\"\u0391\u03c1\u03c7\u03b5\u03af\u03bf \u03a3\u03c5\u03bd\u03b5\u03c1\u03b3\u03b1\u03c4\u03ce\u03bd\" \/>\n<meta name=\"twitter:card\" content=\"summary_large_image\" \/>\n<meta name=\"twitter:creator\" content=\"@orthobel\" \/>\n<meta name=\"twitter:site\" content=\"@orthobel\" \/>\n<meta name=\"twitter:label1\" content=\"Geschreven door\" \/>\n\t<meta name=\"twitter:data1\" content=\"\u0391\u03c1\u03c7\u03b5\u03af\u03bf \u03a3\u03c5\u03bd\u03b5\u03c1\u03b3\u03b1\u03c4\u03ce\u03bd\" \/>\n\t<meta name=\"twitter:label2\" content=\"Geschatte leestijd\" \/>\n\t<meta name=\"twitter:data2\" content=\"1 minuut\" \/>\n<script type=\"application\/ld+json\" class=\"yoast-schema-graph\">{\"@context\":\"https:\/\/schema.org\",\"@graph\":[{\"@type\":\"Article\",\"@id\":\"https:\/\/orthodoxia.be\/nl\/2022\/05\/23\/betuiging-van-deelneming-vanwege-de-leden-van-de-geestelijkheid-van-de-aartsbisdom-van-belgie\/#article\",\"isPartOf\":{\"@id\":\"https:\/\/orthodoxia.be\/nl\/2022\/05\/23\/betuiging-van-deelneming-vanwege-de-leden-van-de-geestelijkheid-van-de-aartsbisdom-van-belgie\/\"},\"author\":{\"name\":\"\u0391\u03c1\u03c7\u03b5\u03af\u03bf \u03a3\u03c5\u03bd\u03b5\u03c1\u03b3\u03b1\u03c4\u03ce\u03bd\",\"@id\":\"https:\/\/orthodoxia.be\/#\/schema\/person\/4641c70600fbb1aac968996a0ef6d284\"},\"headline\":\"Betuiging van deelneming vanwege de leden van de Geestelijkheid van de Aartsbisdom van Belgi\u00eb\",\"datePublished\":\"2022-05-23T07:40:22+00:00\",\"dateModified\":\"2022-05-23T09:56:40+00:00\",\"mainEntityOfPage\":{\"@id\":\"https:\/\/orthodoxia.be\/nl\/2022\/05\/23\/betuiging-van-deelneming-vanwege-de-leden-van-de-geestelijkheid-van-de-aartsbisdom-van-belgie\/\"},\"wordCount\":206,\"publisher\":{\"@id\":\"https:\/\/orthodoxia.be\/#organization\"},\"image\":{\"@id\":\"https:\/\/orthodoxia.be\/nl\/2022\/05\/23\/betuiging-van-deelneming-vanwege-de-leden-van-de-geestelijkheid-van-de-aartsbisdom-van-belgie\/#primaryimage\"},\"thumbnailUrl\":\"https:\/\/orthodoxia.be\/wp-content\/uploads\/2021\/08\/logo-benelux-500px.jpg\",\"articleSection\":[\"Actualiteit\",\"Persmededelingen\"],\"inLanguage\":\"nl-BE\"},{\"@type\":\"WebPage\",\"@id\":\"https:\/\/orthodoxia.be\/nl\/2022\/05\/23\/betuiging-van-deelneming-vanwege-de-leden-van-de-geestelijkheid-van-de-aartsbisdom-van-belgie\/\",\"url\":\"https:\/\/orthodoxia.be\/nl\/2022\/05\/23\/betuiging-van-deelneming-vanwege-de-leden-van-de-geestelijkheid-van-de-aartsbisdom-van-belgie\/\",\"name\":\"Betuiging van deelneming vanwege de leden van de Geestelijkheid van de Aartsbisdom van Belgi\u00eb - Orthodox Aartsbisdom van Belgi\u00eb\",\"isPartOf\":{\"@id\":\"https:\/\/orthodoxia.be\/#website\"},\"primaryImageOfPage\":{\"@id\":\"https:\/\/orthodoxia.be\/nl\/2022\/05\/23\/betuiging-van-deelneming-vanwege-de-leden-van-de-geestelijkheid-van-de-aartsbisdom-van-belgie\/#primaryimage\"},\"image\":{\"@id\":\"https:\/\/orthodoxia.be\/nl\/2022\/05\/23\/betuiging-van-deelneming-vanwege-de-leden-van-de-geestelijkheid-van-de-aartsbisdom-van-belgie\/#primaryimage\"},\"thumbnailUrl\":\"https:\/\/orthodoxia.be\/wp-content\/uploads\/2021\/08\/logo-benelux-500px.jpg\",\"datePublished\":\"2022-05-23T07:40:22+00:00\",\"dateModified\":\"2022-05-23T09:56:40+00:00\",\"breadcrumb\":{\"@id\":\"https:\/\/orthodoxia.be\/nl\/2022\/05\/23\/betuiging-van-deelneming-vanwege-de-leden-van-de-geestelijkheid-van-de-aartsbisdom-van-belgie\/#breadcrumb\"},\"inLanguage\":\"nl-BE\",\"potentialAction\":[{\"@type\":\"ReadAction\",\"target\":[\"https:\/\/orthodoxia.be\/nl\/2022\/05\/23\/betuiging-van-deelneming-vanwege-de-leden-van-de-geestelijkheid-van-de-aartsbisdom-van-belgie\/\"]}]},{\"@type\":\"ImageObject\",\"inLanguage\":\"nl-BE\",\"@id\":\"https:\/\/orthodoxia.be\/nl\/2022\/05\/23\/betuiging-van-deelneming-vanwege-de-leden-van-de-geestelijkheid-van-de-aartsbisdom-van-belgie\/#primaryimage\",\"url\":\"https:\/\/orthodoxia.be\/wp-content\/uploads\/2021\/08\/logo-benelux-500px.jpg\",\"contentUrl\":\"https:\/\/orthodoxia.be\/wp-content\/uploads\/2021\/08\/logo-benelux-500px.jpg\",\"width\":500,\"height\":501},{\"@type\":\"BreadcrumbList\",\"@id\":\"https:\/\/orthodoxia.be\/nl\/2022\/05\/23\/betuiging-van-deelneming-vanwege-de-leden-van-de-geestelijkheid-van-de-aartsbisdom-van-belgie\/#breadcrumb\",\"itemListElement\":[{\"@type\":\"ListItem\",\"position\":1,\"name\":\"Home\",\"item\":\"https:\/\/orthodoxia.be\/nl\/\"},{\"@type\":\"ListItem\",\"position\":2,\"name\":\"Betuiging van deelneming vanwege de leden van de Geestelijkheid van de Aartsbisdom van Belgi\u00eb\"}]},{\"@type\":\"WebSite\",\"@id\":\"https:\/\/orthodoxia.be\/#website\",\"url\":\"https:\/\/orthodoxia.be\/\",\"name\":\"Orthodox Archdiocese of Belgium (Benelux)\",\"description\":\"Exarch of the Nederland en Luxemburg\",\"publisher\":{\"@id\":\"https:\/\/orthodoxia.be\/#organization\"},\"alternateName\":\"IMB\",\"potentialAction\":[{\"@type\":\"SearchAction\",\"target\":{\"@type\":\"EntryPoint\",\"urlTemplate\":\"https:\/\/orthodoxia.be\/?s={search_term_string}\"},\"query-input\":{\"@type\":\"PropertyValueSpecification\",\"valueRequired\":true,\"valueName\":\"search_term_string\"}}],\"inLanguage\":\"nl-BE\"},{\"@type\":\"Organization\",\"@id\":\"https:\/\/orthodoxia.be\/#organization\",\"name\":\"Orthodox Archdiocese of Belgium (Benelux)\",\"url\":\"https:\/\/orthodoxia.be\/\",\"logo\":{\"@type\":\"ImageObject\",\"inLanguage\":\"nl-BE\",\"@id\":\"https:\/\/orthodoxia.be\/#\/schema\/logo\/image\/\",\"url\":\"https:\/\/orthodoxia.be\/wp-content\/uploads\/2024\/02\/cropped-IMB-logo-512-cl-1.png\",\"contentUrl\":\"https:\/\/orthodoxia.be\/wp-content\/uploads\/2024\/02\/cropped-IMB-logo-512-cl-1.png\",\"width\":512,\"height\":512,\"caption\":\"Orthodox Archdiocese of Belgium (Benelux)\"},\"image\":{\"@id\":\"https:\/\/orthodoxia.be\/#\/schema\/logo\/image\/\"},\"sameAs\":[\"https:\/\/www.facebook.com\/orthobel\",\"https:\/\/x.com\/orthobel\",\"https:\/\/www.youtube.com\/c\/orthobel\",\"https:\/\/www.mixcloud.com\/orthobel\/\",\"https:\/\/www.flickr.com\/photos\/148264890@N07\/albums\",\"https:\/\/www.dailymotion.com\/Orthobel\"]},{\"@type\":\"Person\",\"@id\":\"https:\/\/orthodoxia.be\/#\/schema\/person\/4641c70600fbb1aac968996a0ef6d284\",\"name\":\"\u0391\u03c1\u03c7\u03b5\u03af\u03bf \u03a3\u03c5\u03bd\u03b5\u03c1\u03b3\u03b1\u03c4\u03ce\u03bd\",\"image\":{\"@type\":\"ImageObject\",\"inLanguage\":\"nl-BE\",\"@id\":\"https:\/\/orthodoxia.be\/#\/schema\/person\/image\/\",\"url\":\"https:\/\/secure.gravatar.com\/avatar\/0bf791bec6a55758e3ee18a1fc90f09b?s=96&d=mm&r=g\",\"contentUrl\":\"https:\/\/secure.gravatar.com\/avatar\/0bf791bec6a55758e3ee18a1fc90f09b?s=96&d=mm&r=g\",\"caption\":\"\u0391\u03c1\u03c7\u03b5\u03af\u03bf \u03a3\u03c5\u03bd\u03b5\u03c1\u03b3\u03b1\u03c4\u03ce\u03bd\"},\"url\":\"https:\/\/orthodoxia.be\/nl\/author\/archives\/\"}]}<\/script>\n<!-- \/ Yoast SEO plugin. -->","yoast_head_json":{"title":"Betuiging van deelneming vanwege de leden van de Geestelijkheid van de Aartsbisdom van Belgi\u00eb - Orthodox Aartsbisdom van Belgi\u00eb","robots":{"index":"index","follow":"follow","max-snippet":"max-snippet:-1","max-image-preview":"max-image-preview:large","max-video-preview":"max-video-preview:-1"},"canonical":"https:\/\/orthodoxia.be\/nl\/2022\/05\/23\/betuiging-van-deelneming-vanwege-de-leden-van-de-geestelijkheid-van-de-aartsbisdom-van-belgie\/","og_locale":"nl_BE","og_type":"article","og_title":"Betuiging van deelneming vanwege de leden van de Geestelijkheid van de Aartsbisdom van Belgi\u00eb - Orthodox Aartsbisdom van Belgi\u00eb","og_description":"BETUIGING VAN DEELNEMING VANWEGE DE LEDEN VAN DE GEESTELIJKHEID VAN DE AARTSBISDOM VAN BELGI\u00cb EN EXARCHAAT VAN NEDERLAND EN LUXEMBURG VOOR DE RUST IN DE HEER VAN MARIE-THERESE CLEMENCE XAVIER JANSSENS (MITA) IN EEUWIGE GEDACHTENIS Christus is verrezen! Bij het vernemen van ontslapen in de Heer van de geliefde Moeder van onze Metropoliet Athenagoras, Marie-Th\u00e9r\u00e8se &hellip; Continued","og_url":"https:\/\/orthodoxia.be\/nl\/2022\/05\/23\/betuiging-van-deelneming-vanwege-de-leden-van-de-geestelijkheid-van-de-aartsbisdom-van-belgie\/","og_site_name":"Orthodox Aartsbisdom van Belgi\u00eb","article_publisher":"https:\/\/www.facebook.com\/orthobel","article_published_time":"2022-05-23T07:40:22+00:00","article_modified_time":"2022-05-23T09:56:40+00:00","og_image":[{"width":500,"height":501,"url":"https:\/\/orthodoxia.be\/wp-content\/uploads\/2021\/08\/logo-benelux-500px.jpg","type":"image\/jpeg"}],"author":"\u0391\u03c1\u03c7\u03b5\u03af\u03bf \u03a3\u03c5\u03bd\u03b5\u03c1\u03b3\u03b1\u03c4\u03ce\u03bd","twitter_card":"summary_large_image","twitter_creator":"@orthobel","twitter_site":"@orthobel","twitter_misc":{"Geschreven door":"\u0391\u03c1\u03c7\u03b5\u03af\u03bf \u03a3\u03c5\u03bd\u03b5\u03c1\u03b3\u03b1\u03c4\u03ce\u03bd","Geschatte leestijd":"1 minuut"},"schema":{"@context":"https:\/\/schema.org","@graph":[{"@type":"Article","@id":"https:\/\/orthodoxia.be\/nl\/2022\/05\/23\/betuiging-van-deelneming-vanwege-de-leden-van-de-geestelijkheid-van-de-aartsbisdom-van-belgie\/#article","isPartOf":{"@id":"https:\/\/orthodoxia.be\/nl\/2022\/05\/23\/betuiging-van-deelneming-vanwege-de-leden-van-de-geestelijkheid-van-de-aartsbisdom-van-belgie\/"},"author":{"name":"\u0391\u03c1\u03c7\u03b5\u03af\u03bf \u03a3\u03c5\u03bd\u03b5\u03c1\u03b3\u03b1\u03c4\u03ce\u03bd","@id":"https:\/\/orthodoxia.be\/#\/schema\/person\/4641c70600fbb1aac968996a0ef6d284"},"headline":"Betuiging van deelneming vanwege de leden van de Geestelijkheid van de Aartsbisdom van Belgi\u00eb","datePublished":"2022-05-23T07:40:22+00:00","dateModified":"2022-05-23T09:56:40+00:00","mainEntityOfPage":{"@id":"https:\/\/orthodoxia.be\/nl\/2022\/05\/23\/betuiging-van-deelneming-vanwege-de-leden-van-de-geestelijkheid-van-de-aartsbisdom-van-belgie\/"},"wordCount":206,"publisher":{"@id":"https:\/\/orthodoxia.be\/#organization"},"image":{"@id":"https:\/\/orthodoxia.be\/nl\/2022\/05\/23\/betuiging-van-deelneming-vanwege-de-leden-van-de-geestelijkheid-van-de-aartsbisdom-van-belgie\/#primaryimage"},"thumbnailUrl":"https:\/\/orthodoxia.be\/wp-content\/uploads\/2021\/08\/logo-benelux-500px.jpg","articleSection":["Actualiteit","Persmededelingen"],"inLanguage":"nl-BE"},{"@type":"WebPage","@id":"https:\/\/orthodoxia.be\/nl\/2022\/05\/23\/betuiging-van-deelneming-vanwege-de-leden-van-de-geestelijkheid-van-de-aartsbisdom-van-belgie\/","url":"https:\/\/orthodoxia.be\/nl\/2022\/05\/23\/betuiging-van-deelneming-vanwege-de-leden-van-de-geestelijkheid-van-de-aartsbisdom-van-belgie\/","name":"Betuiging van deelneming vanwege de leden van de Geestelijkheid van de Aartsbisdom van Belgi\u00eb - Orthodox Aartsbisdom van Belgi\u00eb","isPartOf":{"@id":"https:\/\/orthodoxia.be\/#website"},"primaryImageOfPage":{"@id":"https:\/\/orthodoxia.be\/nl\/2022\/05\/23\/betuiging-van-deelneming-vanwege-de-leden-van-de-geestelijkheid-van-de-aartsbisdom-van-belgie\/#primaryimage"},"image":{"@id":"https:\/\/orthodoxia.be\/nl\/2022\/05\/23\/betuiging-van-deelneming-vanwege-de-leden-van-de-geestelijkheid-van-de-aartsbisdom-van-belgie\/#primaryimage"},"thumbnailUrl":"https:\/\/orthodoxia.be\/wp-content\/uploads\/2021\/08\/logo-benelux-500px.jpg","datePublished":"2022-05-23T07:40:22+00:00","dateModified":"2022-05-23T09:56:40+00:00","breadcrumb":{"@id":"https:\/\/orthodoxia.be\/nl\/2022\/05\/23\/betuiging-van-deelneming-vanwege-de-leden-van-de-geestelijkheid-van-de-aartsbisdom-van-belgie\/#breadcrumb"},"inLanguage":"nl-BE","potentialAction":[{"@type":"ReadAction","target":["https:\/\/orthodoxia.be\/nl\/2022\/05\/23\/betuiging-van-deelneming-vanwege-de-leden-van-de-geestelijkheid-van-de-aartsbisdom-van-belgie\/"]}]},{"@type":"ImageObject","inLanguage":"nl-BE","@id":"https:\/\/orthodoxia.be\/nl\/2022\/05\/23\/betuiging-van-deelneming-vanwege-de-leden-van-de-geestelijkheid-van-de-aartsbisdom-van-belgie\/#primaryimage","url":"https:\/\/orthodoxia.be\/wp-content\/uploads\/2021\/08\/logo-benelux-500px.jpg","contentUrl":"https:\/\/orthodoxia.be\/wp-content\/uploads\/2021\/08\/logo-benelux-500px.jpg","width":500,"height":501},{"@type":"BreadcrumbList","@id":"https:\/\/orthodoxia.be\/nl\/2022\/05\/23\/betuiging-van-deelneming-vanwege-de-leden-van-de-geestelijkheid-van-de-aartsbisdom-van-belgie\/#breadcrumb","itemListElement":[{"@type":"ListItem","position":1,"name":"Home","item":"https:\/\/orthodoxia.be\/nl\/"},{"@type":"ListItem","position":2,"name":"Betuiging van deelneming vanwege de leden van de Geestelijkheid van de Aartsbisdom van Belgi\u00eb"}]},{"@type":"WebSite","@id":"https:\/\/orthodoxia.be\/#website","url":"https:\/\/orthodoxia.be\/","name":"Orthodox Archdiocese of Belgium (Benelux)","description":"Exarch of the Nederland en Luxemburg","publisher":{"@id":"https:\/\/orthodoxia.be\/#organization"},"alternateName":"IMB","potentialAction":[{"@type":"SearchAction","target":{"@type":"EntryPoint","urlTemplate":"https:\/\/orthodoxia.be\/?s={search_term_string}"},"query-input":{"@type":"PropertyValueSpecification","valueRequired":true,"valueName":"search_term_string"}}],"inLanguage":"nl-BE"},{"@type":"Organization","@id":"https:\/\/orthodoxia.be\/#organization","name":"Orthodox Archdiocese of Belgium (Benelux)","url":"https:\/\/orthodoxia.be\/","logo":{"@type":"ImageObject","inLanguage":"nl-BE","@id":"https:\/\/orthodoxia.be\/#\/schema\/logo\/image\/","url":"https:\/\/orthodoxia.be\/wp-content\/uploads\/2024\/02\/cropped-IMB-logo-512-cl-1.png","contentUrl":"https:\/\/orthodoxia.be\/wp-content\/uploads\/2024\/02\/cropped-IMB-logo-512-cl-1.png","width":512,"height":512,"caption":"Orthodox Archdiocese of Belgium (Benelux)"},"image":{"@id":"https:\/\/orthodoxia.be\/#\/schema\/logo\/image\/"},"sameAs":["https:\/\/www.facebook.com\/orthobel","https:\/\/x.com\/orthobel","https:\/\/www.youtube.com\/c\/orthobel","https:\/\/www.mixcloud.com\/orthobel\/","https:\/\/www.flickr.com\/photos\/148264890@N07\/albums","https:\/\/www.dailymotion.com\/Orthobel"]},{"@type":"Person","@id":"https:\/\/orthodoxia.be\/#\/schema\/person\/4641c70600fbb1aac968996a0ef6d284","name":"\u0391\u03c1\u03c7\u03b5\u03af\u03bf \u03a3\u03c5\u03bd\u03b5\u03c1\u03b3\u03b1\u03c4\u03ce\u03bd","image":{"@type":"ImageObject","inLanguage":"nl-BE","@id":"https:\/\/orthodoxia.be\/#\/schema\/person\/image\/","url":"https:\/\/secure.gravatar.com\/avatar\/0bf791bec6a55758e3ee18a1fc90f09b?s=96&d=mm&r=g","contentUrl":"https:\/\/secure.gravatar.com\/avatar\/0bf791bec6a55758e3ee18a1fc90f09b?s=96&d=mm&r=g","caption":"\u0391\u03c1\u03c7\u03b5\u03af\u03bf \u03a3\u03c5\u03bd\u03b5\u03c1\u03b3\u03b1\u03c4\u03ce\u03bd"},"url":"https:\/\/orthodoxia.be\/nl\/author\/archives\/"}]}},"_links":{"self":[{"href":"https:\/\/orthodoxia.be\/nl\/wp-json\/wp\/v2\/posts\/38142","targetHints":{"allow":["GET"]}}],"collection":[{"href":"https:\/\/orthodoxia.be\/nl\/wp-json\/wp\/v2\/posts"}],"about":[{"href":"https:\/\/orthodoxia.be\/nl\/wp-json\/wp\/v2\/types\/post"}],"author":[{"embeddable":true,"href":"https:\/\/orthodoxia.be\/nl\/wp-json\/wp\/v2\/users\/12"}],"replies":[{"embeddable":true,"href":"https:\/\/orthodoxia.be\/nl\/wp-json\/wp\/v2\/comments?post=38142"}],"version-history":[{"count":2,"href":"https:\/\/orthodoxia.be\/nl\/wp-json\/wp\/v2\/posts\/38142\/revisions"}],"predecessor-version":[{"id":38144,"href":"https:\/\/orthodoxia.be\/nl\/wp-json\/wp\/v2\/posts\/38142\/revisions\/38144"}],"wp:featuredmedia":[{"embeddable":true,"href":"https:\/\/orthodoxia.be\/nl\/wp-json\/wp\/v2\/media\/33330"}],"wp:attachment":[{"href":"https:\/\/orthodoxia.be\/nl\/wp-json\/wp\/v2\/media?parent=38142"}],"wp:term":[{"taxonomy":"category","embeddable":true,"href":"https:\/\/orthodoxia.be\/nl\/wp-json\/wp\/v2\/categories?post=38142"},{"taxonomy":"post_tag","embeddable":true,"href":"https:\/\/orthodoxia.be\/nl\/wp-json\/wp\/v2\/tags?post=38142"}],"curies":[{"name":"wp","href":"https:\/\/api.w.org\/{rel}","templated":true}]}}