{"id":38349,"date":"2022-06-16T17:58:33","date_gmt":"2022-06-16T15:58:33","guid":{"rendered":"http:\/\/orthodoxia.be\/?p=38349"},"modified":"2022-06-16T18:00:38","modified_gmt":"2022-06-16T16:00:38","slug":"metropoliet-athenagoras-van-belgie-voor-een-zending-in-bulgarije","status":"publish","type":"post","link":"https:\/\/orthodoxia.be\/nl\/2022\/06\/16\/metropoliet-athenagoras-van-belgie-voor-een-zending-in-bulgarije\/","title":{"rendered":"Metropoliet Athenagoras van Belgi\u00eb voor een zending in Bulgarije"},"content":{"rendered":"<p style=\"text-align: justify;\">Zijne Eminentie M\u00e9tropoliet Athenagoras van Belgi\u00eb was van 12 tot en met 15 juni in Bulgarije, waar hij deelnam aan een zending. Het was de Orde van de Heilige Apostel Andreas de Apostel &#8211; de Archons van het Oecumenisch Patriarchaat in Amerika &#8211; die deze missie had voorbereid, strevend naar Religieuze Vrijheid. De zending ving aan in Roemeni\u00eb, waar de delegatie onder meer in audi\u00ebntie ontvangen werd in het Presidentieel Paleis, alsook in het Patriarchaat van Roemeni\u00eb door Bisschop Varlaam van Ploiesti; een ontmoeting had met de Eerste Minister van het land, Dhr. Nicolae Ciuca; een bezoek heeft gebracht aan de Amerikaanse en Britse Ambassades.<\/p>\n<p style=\"text-align: justify;\">Op zondag 12 juni reisde de delegatie van de Archonten naar Sofia, de hoofdstad van Bulgarije, waar Metropoliet Athenagoras de vertegenwoordiging leidde. Ze hadden er ontmoetingen met de Eerste Minister van Bulgarije, dhr. Kyril Petkov; werden er ontvangen door de voorzitter en de fractieleiders van het Bulgaars Parlement; mochten verder genieten van een audi\u00ebntie van Patriarch Neofyt van Bulgarije en hi\u00ebrarchen van het Bulgaars Patriarchaat; en werden tenslotte ontvangen door de Amerikaanse Ambassadeur, mevr. Herro Mustafa.<\/p>\n<p style=\"text-align: justify;\">De bedoeling van het bezoek aan beide Balkanlanden &#8211; leden van de Europese Unie &#8211; was om Religieuze Vrijheid te bepleiten en te ijveren voor vrede in de wereld. Het is pas een begin van een samenwerking tussen de leiders van beide landen en de Archonten van de Oecumenische Troon.<\/p>\n<p style=\"text-align: justify;\">De organisatie van deze missie was in handen van Archon Boris Gurov en diens vrouw Youlianna, verbonden aan ons Aartsbisdom.<\/p>\n<p>&nbsp;<\/p>\n<p>[FAGP id=38346]<\/p>\n","protected":false},"excerpt":{"rendered":"<p>Zijne Eminentie M\u00e9tropoliet Athenagoras van Belgi\u00eb was van 12 tot en met 15 juni in Bulgarije, waar hij deelnam aan een zending. Het was de Orde van de Heilige Apostel Andreas de Apostel &#8211; de Archons van het Oecumenisch Patriarchaat in Amerika &#8211; die deze missie had voorbereid, strevend naar Religieuze Vrijheid. De zending ving &hellip; <a href=\"https:\/\/orthodoxia.be\/nl\/2022\/06\/16\/metropoliet-athenagoras-van-belgie-voor-een-zending-in-bulgarije\/\">Continued<\/a><\/p>\n","protected":false},"author":10,"featured_media":38339,"comment_status":"closed","ping_status":"open","sticky":false,"template":"","format":"standard","meta":{"_acf_changed":false,"footnotes":""},"categories":[18],"tags":[],"class_list":["post-38349","post","type-post","status-publish","format-standard","has-post-thumbnail","hentry","category-actualiteit"],"acf":[],"yoast_head":"<!-- This site is optimized with the Yoast SEO plugin v24.3 - https:\/\/yoast.com\/wordpress\/plugins\/seo\/ -->\n<title>Metropoliet Athenagoras van Belgi\u00eb voor een zending in Bulgarije - Orthodox Aartsbisdom van Belgi\u00eb<\/title>\n<meta name=\"robots\" content=\"index, follow, max-snippet:-1, max-image-preview:large, max-video-preview:-1\" \/>\n<link rel=\"canonical\" href=\"https:\/\/orthodoxia.be\/nl\/2022\/06\/16\/metropoliet-athenagoras-van-belgie-voor-een-zending-in-bulgarije\/\" \/>\n<meta property=\"og:locale\" content=\"nl_BE\" \/>\n<meta property=\"og:type\" content=\"article\" \/>\n<meta property=\"og:title\" content=\"Metropoliet Athenagoras van Belgi\u00eb voor een zending in Bulgarije - Orthodox Aartsbisdom van Belgi\u00eb\" \/>\n<meta property=\"og:description\" content=\"Zijne Eminentie M\u00e9tropoliet Athenagoras van Belgi\u00eb was van 12 tot en met 15 juni in Bulgarije, waar hij deelnam aan een zending. Het was de Orde van de Heilige Apostel Andreas de Apostel &#8211; de Archons van het Oecumenisch Patriarchaat in Amerika &#8211; die deze missie had voorbereid, strevend naar Religieuze Vrijheid. De zending ving &hellip; Continued\" \/>\n<meta property=\"og:url\" content=\"https:\/\/orthodoxia.be\/nl\/2022\/06\/16\/metropoliet-athenagoras-van-belgie-voor-een-zending-in-bulgarije\/\" \/>\n<meta property=\"og:site_name\" content=\"Orthodox Aartsbisdom van Belgi\u00eb\" \/>\n<meta property=\"article:publisher\" content=\"https:\/\/www.facebook.com\/orthobel\" \/>\n<meta property=\"article:published_time\" content=\"2022-06-16T15:58:33+00:00\" \/>\n<meta property=\"article:modified_time\" content=\"2022-06-16T16:00:38+00:00\" \/>\n<meta property=\"og:image\" content=\"https:\/\/orthodoxia.be\/wp-content\/uploads\/2022\/06\/52142466947_30138c8a36_o.jpg\" \/>\n\t<meta property=\"og:image:width\" content=\"682\" \/>\n\t<meta property=\"og:image:height\" content=\"1023\" \/>\n\t<meta property=\"og:image:type\" content=\"image\/jpeg\" \/>\n<meta name=\"author\" content=\"fr. Emilianos Chatzivasileiou\" \/>\n<meta name=\"twitter:card\" content=\"summary_large_image\" \/>\n<meta name=\"twitter:creator\" content=\"@orthobel\" \/>\n<meta name=\"twitter:site\" content=\"@orthobel\" \/>\n<meta name=\"twitter:label1\" content=\"Geschreven door\" \/>\n\t<meta name=\"twitter:data1\" content=\"fr. Emilianos Chatzivasileiou\" \/>\n\t<meta name=\"twitter:label2\" content=\"Geschatte leestijd\" \/>\n\t<meta name=\"twitter:data2\" content=\"1 minuut\" \/>\n<script type=\"application\/ld+json\" class=\"yoast-schema-graph\">{\"@context\":\"https:\/\/schema.org\",\"@graph\":[{\"@type\":\"Article\",\"@id\":\"https:\/\/orthodoxia.be\/nl\/2022\/06\/16\/metropoliet-athenagoras-van-belgie-voor-een-zending-in-bulgarije\/#article\",\"isPartOf\":{\"@id\":\"https:\/\/orthodoxia.be\/nl\/2022\/06\/16\/metropoliet-athenagoras-van-belgie-voor-een-zending-in-bulgarije\/\"},\"author\":{\"name\":\"fr. Emilianos Chatzivasileiou\",\"@id\":\"https:\/\/orthodoxia.be\/#\/schema\/person\/f6c4fd8f4c3dfc201522ccccede872c4\"},\"headline\":\"Metropoliet Athenagoras van Belgi\u00eb voor een zending in Bulgarije\",\"datePublished\":\"2022-06-16T15:58:33+00:00\",\"dateModified\":\"2022-06-16T16:00:38+00:00\",\"mainEntityOfPage\":{\"@id\":\"https:\/\/orthodoxia.be\/nl\/2022\/06\/16\/metropoliet-athenagoras-van-belgie-voor-een-zending-in-bulgarije\/\"},\"wordCount\":264,\"publisher\":{\"@id\":\"https:\/\/orthodoxia.be\/#organization\"},\"image\":{\"@id\":\"https:\/\/orthodoxia.be\/nl\/2022\/06\/16\/metropoliet-athenagoras-van-belgie-voor-een-zending-in-bulgarije\/#primaryimage\"},\"thumbnailUrl\":\"https:\/\/orthodoxia.be\/wp-content\/uploads\/2022\/06\/52142466947_30138c8a36_o.jpg\",\"articleSection\":[\"Actualiteit\"],\"inLanguage\":\"nl-BE\"},{\"@type\":\"WebPage\",\"@id\":\"https:\/\/orthodoxia.be\/nl\/2022\/06\/16\/metropoliet-athenagoras-van-belgie-voor-een-zending-in-bulgarije\/\",\"url\":\"https:\/\/orthodoxia.be\/nl\/2022\/06\/16\/metropoliet-athenagoras-van-belgie-voor-een-zending-in-bulgarije\/\",\"name\":\"Metropoliet Athenagoras van Belgi\u00eb voor een zending in Bulgarije - Orthodox Aartsbisdom van Belgi\u00eb\",\"isPartOf\":{\"@id\":\"https:\/\/orthodoxia.be\/#website\"},\"primaryImageOfPage\":{\"@id\":\"https:\/\/orthodoxia.be\/nl\/2022\/06\/16\/metropoliet-athenagoras-van-belgie-voor-een-zending-in-bulgarije\/#primaryimage\"},\"image\":{\"@id\":\"https:\/\/orthodoxia.be\/nl\/2022\/06\/16\/metropoliet-athenagoras-van-belgie-voor-een-zending-in-bulgarije\/#primaryimage\"},\"thumbnailUrl\":\"https:\/\/orthodoxia.be\/wp-content\/uploads\/2022\/06\/52142466947_30138c8a36_o.jpg\",\"datePublished\":\"2022-06-16T15:58:33+00:00\",\"dateModified\":\"2022-06-16T16:00:38+00:00\",\"breadcrumb\":{\"@id\":\"https:\/\/orthodoxia.be\/nl\/2022\/06\/16\/metropoliet-athenagoras-van-belgie-voor-een-zending-in-bulgarije\/#breadcrumb\"},\"inLanguage\":\"nl-BE\",\"potentialAction\":[{\"@type\":\"ReadAction\",\"target\":[\"https:\/\/orthodoxia.be\/nl\/2022\/06\/16\/metropoliet-athenagoras-van-belgie-voor-een-zending-in-bulgarije\/\"]}]},{\"@type\":\"ImageObject\",\"inLanguage\":\"nl-BE\",\"@id\":\"https:\/\/orthodoxia.be\/nl\/2022\/06\/16\/metropoliet-athenagoras-van-belgie-voor-een-zending-in-bulgarije\/#primaryimage\",\"url\":\"https:\/\/orthodoxia.be\/wp-content\/uploads\/2022\/06\/52142466947_30138c8a36_o.jpg\",\"contentUrl\":\"https:\/\/orthodoxia.be\/wp-content\/uploads\/2022\/06\/52142466947_30138c8a36_o.jpg\",\"width\":682,\"height\":1023,\"caption\":\"On Monday, June 13, 2022, an Archon delegation met in the Parliament of Bulgaria with the chairman and multi-partisan representatives of the Bulgaria-USA Parliamentarian Friendship group and the President of the National Assembly (Parliament). The delegation is traveling to Bulgaria as part of a religious freedom mission.\"},{\"@type\":\"BreadcrumbList\",\"@id\":\"https:\/\/orthodoxia.be\/nl\/2022\/06\/16\/metropoliet-athenagoras-van-belgie-voor-een-zending-in-bulgarije\/#breadcrumb\",\"itemListElement\":[{\"@type\":\"ListItem\",\"position\":1,\"name\":\"Home\",\"item\":\"https:\/\/orthodoxia.be\/nl\/\"},{\"@type\":\"ListItem\",\"position\":2,\"name\":\"Metropoliet Athenagoras van Belgi\u00eb voor een zending in Bulgarije\"}]},{\"@type\":\"WebSite\",\"@id\":\"https:\/\/orthodoxia.be\/#website\",\"url\":\"https:\/\/orthodoxia.be\/\",\"name\":\"Orthodox Archdiocese of Belgium (Benelux)\",\"description\":\"Exarch of the Nederland en Luxemburg\",\"publisher\":{\"@id\":\"https:\/\/orthodoxia.be\/#organization\"},\"alternateName\":\"IMB\",\"potentialAction\":[{\"@type\":\"SearchAction\",\"target\":{\"@type\":\"EntryPoint\",\"urlTemplate\":\"https:\/\/orthodoxia.be\/?s={search_term_string}\"},\"query-input\":{\"@type\":\"PropertyValueSpecification\",\"valueRequired\":true,\"valueName\":\"search_term_string\"}}],\"inLanguage\":\"nl-BE\"},{\"@type\":\"Organization\",\"@id\":\"https:\/\/orthodoxia.be\/#organization\",\"name\":\"Orthodox Archdiocese of Belgium (Benelux)\",\"url\":\"https:\/\/orthodoxia.be\/\",\"logo\":{\"@type\":\"ImageObject\",\"inLanguage\":\"nl-BE\",\"@id\":\"https:\/\/orthodoxia.be\/#\/schema\/logo\/image\/\",\"url\":\"https:\/\/orthodoxia.be\/wp-content\/uploads\/2024\/02\/cropped-IMB-logo-512-cl-1.png\",\"contentUrl\":\"https:\/\/orthodoxia.be\/wp-content\/uploads\/2024\/02\/cropped-IMB-logo-512-cl-1.png\",\"width\":512,\"height\":512,\"caption\":\"Orthodox Archdiocese of Belgium (Benelux)\"},\"image\":{\"@id\":\"https:\/\/orthodoxia.be\/#\/schema\/logo\/image\/\"},\"sameAs\":[\"https:\/\/www.facebook.com\/orthobel\",\"https:\/\/x.com\/orthobel\",\"https:\/\/www.youtube.com\/c\/orthobel\",\"https:\/\/www.mixcloud.com\/orthobel\/\",\"https:\/\/www.flickr.com\/photos\/148264890@N07\/albums\",\"https:\/\/www.dailymotion.com\/Orthobel\"]},{\"@type\":\"Person\",\"@id\":\"https:\/\/orthodoxia.be\/#\/schema\/person\/f6c4fd8f4c3dfc201522ccccede872c4\",\"name\":\"fr. Emilianos Chatzivasileiou\",\"image\":{\"@type\":\"ImageObject\",\"inLanguage\":\"nl-BE\",\"@id\":\"https:\/\/orthodoxia.be\/#\/schema\/person\/image\/\",\"url\":\"https:\/\/secure.gravatar.com\/avatar\/5b67115dbb9ae1579c39e9ae857d39ac?s=96&d=mm&r=g\",\"contentUrl\":\"https:\/\/secure.gravatar.com\/avatar\/5b67115dbb9ae1579c39e9ae857d39ac?s=96&d=mm&r=g\",\"caption\":\"fr. Emilianos Chatzivasileiou\"},\"sameAs\":[\"http:\/\/orthodoxia.be\"],\"url\":\"https:\/\/orthodoxia.be\/nl\/author\/p-emilianos\/\"}]}<\/script>\n<!-- \/ Yoast SEO plugin. -->","yoast_head_json":{"title":"Metropoliet Athenagoras van Belgi\u00eb voor een zending in Bulgarije - Orthodox Aartsbisdom van Belgi\u00eb","robots":{"index":"index","follow":"follow","max-snippet":"max-snippet:-1","max-image-preview":"max-image-preview:large","max-video-preview":"max-video-preview:-1"},"canonical":"https:\/\/orthodoxia.be\/nl\/2022\/06\/16\/metropoliet-athenagoras-van-belgie-voor-een-zending-in-bulgarije\/","og_locale":"nl_BE","og_type":"article","og_title":"Metropoliet Athenagoras van Belgi\u00eb voor een zending in Bulgarije - Orthodox Aartsbisdom van Belgi\u00eb","og_description":"Zijne Eminentie M\u00e9tropoliet Athenagoras van Belgi\u00eb was van 12 tot en met 15 juni in Bulgarije, waar hij deelnam aan een zending. Het was de Orde van de Heilige Apostel Andreas de Apostel &#8211; de Archons van het Oecumenisch Patriarchaat in Amerika &#8211; die deze missie had voorbereid, strevend naar Religieuze Vrijheid. De zending ving &hellip; Continued","og_url":"https:\/\/orthodoxia.be\/nl\/2022\/06\/16\/metropoliet-athenagoras-van-belgie-voor-een-zending-in-bulgarije\/","og_site_name":"Orthodox Aartsbisdom van Belgi\u00eb","article_publisher":"https:\/\/www.facebook.com\/orthobel","article_published_time":"2022-06-16T15:58:33+00:00","article_modified_time":"2022-06-16T16:00:38+00:00","og_image":[{"width":682,"height":1023,"url":"https:\/\/orthodoxia.be\/wp-content\/uploads\/2022\/06\/52142466947_30138c8a36_o.jpg","type":"image\/jpeg"}],"author":"fr. Emilianos Chatzivasileiou","twitter_card":"summary_large_image","twitter_creator":"@orthobel","twitter_site":"@orthobel","twitter_misc":{"Geschreven door":"fr. Emilianos Chatzivasileiou","Geschatte leestijd":"1 minuut"},"schema":{"@context":"https:\/\/schema.org","@graph":[{"@type":"Article","@id":"https:\/\/orthodoxia.be\/nl\/2022\/06\/16\/metropoliet-athenagoras-van-belgie-voor-een-zending-in-bulgarije\/#article","isPartOf":{"@id":"https:\/\/orthodoxia.be\/nl\/2022\/06\/16\/metropoliet-athenagoras-van-belgie-voor-een-zending-in-bulgarije\/"},"author":{"name":"fr. Emilianos Chatzivasileiou","@id":"https:\/\/orthodoxia.be\/#\/schema\/person\/f6c4fd8f4c3dfc201522ccccede872c4"},"headline":"Metropoliet Athenagoras van Belgi\u00eb voor een zending in Bulgarije","datePublished":"2022-06-16T15:58:33+00:00","dateModified":"2022-06-16T16:00:38+00:00","mainEntityOfPage":{"@id":"https:\/\/orthodoxia.be\/nl\/2022\/06\/16\/metropoliet-athenagoras-van-belgie-voor-een-zending-in-bulgarije\/"},"wordCount":264,"publisher":{"@id":"https:\/\/orthodoxia.be\/#organization"},"image":{"@id":"https:\/\/orthodoxia.be\/nl\/2022\/06\/16\/metropoliet-athenagoras-van-belgie-voor-een-zending-in-bulgarije\/#primaryimage"},"thumbnailUrl":"https:\/\/orthodoxia.be\/wp-content\/uploads\/2022\/06\/52142466947_30138c8a36_o.jpg","articleSection":["Actualiteit"],"inLanguage":"nl-BE"},{"@type":"WebPage","@id":"https:\/\/orthodoxia.be\/nl\/2022\/06\/16\/metropoliet-athenagoras-van-belgie-voor-een-zending-in-bulgarije\/","url":"https:\/\/orthodoxia.be\/nl\/2022\/06\/16\/metropoliet-athenagoras-van-belgie-voor-een-zending-in-bulgarije\/","name":"Metropoliet Athenagoras van Belgi\u00eb voor een zending in Bulgarije - Orthodox Aartsbisdom van Belgi\u00eb","isPartOf":{"@id":"https:\/\/orthodoxia.be\/#website"},"primaryImageOfPage":{"@id":"https:\/\/orthodoxia.be\/nl\/2022\/06\/16\/metropoliet-athenagoras-van-belgie-voor-een-zending-in-bulgarije\/#primaryimage"},"image":{"@id":"https:\/\/orthodoxia.be\/nl\/2022\/06\/16\/metropoliet-athenagoras-van-belgie-voor-een-zending-in-bulgarije\/#primaryimage"},"thumbnailUrl":"https:\/\/orthodoxia.be\/wp-content\/uploads\/2022\/06\/52142466947_30138c8a36_o.jpg","datePublished":"2022-06-16T15:58:33+00:00","dateModified":"2022-06-16T16:00:38+00:00","breadcrumb":{"@id":"https:\/\/orthodoxia.be\/nl\/2022\/06\/16\/metropoliet-athenagoras-van-belgie-voor-een-zending-in-bulgarije\/#breadcrumb"},"inLanguage":"nl-BE","potentialAction":[{"@type":"ReadAction","target":["https:\/\/orthodoxia.be\/nl\/2022\/06\/16\/metropoliet-athenagoras-van-belgie-voor-een-zending-in-bulgarije\/"]}]},{"@type":"ImageObject","inLanguage":"nl-BE","@id":"https:\/\/orthodoxia.be\/nl\/2022\/06\/16\/metropoliet-athenagoras-van-belgie-voor-een-zending-in-bulgarije\/#primaryimage","url":"https:\/\/orthodoxia.be\/wp-content\/uploads\/2022\/06\/52142466947_30138c8a36_o.jpg","contentUrl":"https:\/\/orthodoxia.be\/wp-content\/uploads\/2022\/06\/52142466947_30138c8a36_o.jpg","width":682,"height":1023,"caption":"On Monday, June 13, 2022, an Archon delegation met in the Parliament of Bulgaria with the chairman and multi-partisan representatives of the Bulgaria-USA Parliamentarian Friendship group and the President of the National Assembly (Parliament). The delegation is traveling to Bulgaria as part of a religious freedom mission."},{"@type":"BreadcrumbList","@id":"https:\/\/orthodoxia.be\/nl\/2022\/06\/16\/metropoliet-athenagoras-van-belgie-voor-een-zending-in-bulgarije\/#breadcrumb","itemListElement":[{"@type":"ListItem","position":1,"name":"Home","item":"https:\/\/orthodoxia.be\/nl\/"},{"@type":"ListItem","position":2,"name":"Metropoliet Athenagoras van Belgi\u00eb voor een zending in Bulgarije"}]},{"@type":"WebSite","@id":"https:\/\/orthodoxia.be\/#website","url":"https:\/\/orthodoxia.be\/","name":"Orthodox Archdiocese of Belgium (Benelux)","description":"Exarch of the Nederland en Luxemburg","publisher":{"@id":"https:\/\/orthodoxia.be\/#organization"},"alternateName":"IMB","potentialAction":[{"@type":"SearchAction","target":{"@type":"EntryPoint","urlTemplate":"https:\/\/orthodoxia.be\/?s={search_term_string}"},"query-input":{"@type":"PropertyValueSpecification","valueRequired":true,"valueName":"search_term_string"}}],"inLanguage":"nl-BE"},{"@type":"Organization","@id":"https:\/\/orthodoxia.be\/#organization","name":"Orthodox Archdiocese of Belgium (Benelux)","url":"https:\/\/orthodoxia.be\/","logo":{"@type":"ImageObject","inLanguage":"nl-BE","@id":"https:\/\/orthodoxia.be\/#\/schema\/logo\/image\/","url":"https:\/\/orthodoxia.be\/wp-content\/uploads\/2024\/02\/cropped-IMB-logo-512-cl-1.png","contentUrl":"https:\/\/orthodoxia.be\/wp-content\/uploads\/2024\/02\/cropped-IMB-logo-512-cl-1.png","width":512,"height":512,"caption":"Orthodox Archdiocese of Belgium (Benelux)"},"image":{"@id":"https:\/\/orthodoxia.be\/#\/schema\/logo\/image\/"},"sameAs":["https:\/\/www.facebook.com\/orthobel","https:\/\/x.com\/orthobel","https:\/\/www.youtube.com\/c\/orthobel","https:\/\/www.mixcloud.com\/orthobel\/","https:\/\/www.flickr.com\/photos\/148264890@N07\/albums","https:\/\/www.dailymotion.com\/Orthobel"]},{"@type":"Person","@id":"https:\/\/orthodoxia.be\/#\/schema\/person\/f6c4fd8f4c3dfc201522ccccede872c4","name":"fr. Emilianos Chatzivasileiou","image":{"@type":"ImageObject","inLanguage":"nl-BE","@id":"https:\/\/orthodoxia.be\/#\/schema\/person\/image\/","url":"https:\/\/secure.gravatar.com\/avatar\/5b67115dbb9ae1579c39e9ae857d39ac?s=96&d=mm&r=g","contentUrl":"https:\/\/secure.gravatar.com\/avatar\/5b67115dbb9ae1579c39e9ae857d39ac?s=96&d=mm&r=g","caption":"fr. Emilianos Chatzivasileiou"},"sameAs":["http:\/\/orthodoxia.be"],"url":"https:\/\/orthodoxia.be\/nl\/author\/p-emilianos\/"}]}},"_links":{"self":[{"href":"https:\/\/orthodoxia.be\/nl\/wp-json\/wp\/v2\/posts\/38349","targetHints":{"allow":["GET"]}}],"collection":[{"href":"https:\/\/orthodoxia.be\/nl\/wp-json\/wp\/v2\/posts"}],"about":[{"href":"https:\/\/orthodoxia.be\/nl\/wp-json\/wp\/v2\/types\/post"}],"author":[{"embeddable":true,"href":"https:\/\/orthodoxia.be\/nl\/wp-json\/wp\/v2\/users\/10"}],"replies":[{"embeddable":true,"href":"https:\/\/orthodoxia.be\/nl\/wp-json\/wp\/v2\/comments?post=38349"}],"version-history":[{"count":1,"href":"https:\/\/orthodoxia.be\/nl\/wp-json\/wp\/v2\/posts\/38349\/revisions"}],"predecessor-version":[{"id":38350,"href":"https:\/\/orthodoxia.be\/nl\/wp-json\/wp\/v2\/posts\/38349\/revisions\/38350"}],"wp:featuredmedia":[{"embeddable":true,"href":"https:\/\/orthodoxia.be\/nl\/wp-json\/wp\/v2\/media\/38339"}],"wp:attachment":[{"href":"https:\/\/orthodoxia.be\/nl\/wp-json\/wp\/v2\/media?parent=38349"}],"wp:term":[{"taxonomy":"category","embeddable":true,"href":"https:\/\/orthodoxia.be\/nl\/wp-json\/wp\/v2\/categories?post=38349"},{"taxonomy":"post_tag","embeddable":true,"href":"https:\/\/orthodoxia.be\/nl\/wp-json\/wp\/v2\/tags?post=38349"}],"curies":[{"name":"wp","href":"https:\/\/api.w.org\/{rel}","templated":true}]}}