{"id":38453,"date":"2022-06-28T13:58:13","date_gmt":"2022-06-28T11:58:13","guid":{"rendered":"http:\/\/orthodoxia.be\/?p=38453"},"modified":"2022-06-28T22:58:10","modified_gmt":"2022-06-28T20:58:10","slug":"griekse-militaire-vertegenwoordiger-bij-de-navo-bezoekt-de-metropoliet-van-belgie","status":"publish","type":"post","link":"https:\/\/orthodoxia.be\/nl\/2022\/06\/28\/griekse-militaire-vertegenwoordiger-bij-de-navo-bezoekt-de-metropoliet-van-belgie\/","title":{"rendered":"Griekse militaire vertegenwoordiger bij de NAVO bezoekt de Metropoliet van Belgi\u00eb"},"content":{"rendered":"<p style=\"text-align: justify;\">Op dinsdagmorgen 28 juni 2022 ontving Zijne Eminentie Metropoliet Athenagoras van Belgi\u00eb en Exarch van Nederland en Luxemburg het hoofd van de Griekse militaire delegatie bij de NAVO, generaal Petros Demestichas.<\/p>\n<p style=\"text-align: justify;\">Dit beleefdheidsbezoek was een eerste contact en zegening van de plaatselijke Kerk voor de indiensttreding van de vermaarde Griekse militair bij het hoofdkwartier van de Navo in Brussel.<\/p>\n<p style=\"text-align: justify;\">Metropoliet Athenagoras wenste generaal Demestichas in zijn welkomstwoord sterkte en moed toe bij zijn taak met grote verantwoordelijkheid en veel succes bij zijn pogingen om de vrede in onze verscheurde wereld te bewaren.<\/p>\n","protected":false},"excerpt":{"rendered":"<p>Op dinsdagmorgen 28 juni 2022 ontving Zijne Eminentie Metropoliet Athenagoras van Belgi\u00eb en Exarch van Nederland en Luxemburg het hoofd van de Griekse militaire delegatie bij de NAVO, generaal Petros Demestichas. Dit beleefdheidsbezoek was een eerste contact en zegening van de plaatselijke Kerk voor de indiensttreding van de vermaarde Griekse militair bij het hoofdkwartier van &hellip; <a href=\"https:\/\/orthodoxia.be\/nl\/2022\/06\/28\/griekse-militaire-vertegenwoordiger-bij-de-navo-bezoekt-de-metropoliet-van-belgie\/\">Continued<\/a><\/p>\n","protected":false},"author":10,"featured_media":38428,"comment_status":"closed","ping_status":"open","sticky":false,"template":"","format":"standard","meta":{"_acf_changed":false,"footnotes":""},"categories":[18],"tags":[],"class_list":["post-38453","post","type-post","status-publish","format-standard","has-post-thumbnail","hentry","category-actualiteit"],"acf":[],"yoast_head":"<!-- This site is optimized with the Yoast SEO plugin v24.3 - https:\/\/yoast.com\/wordpress\/plugins\/seo\/ -->\n<title>Griekse militaire vertegenwoordiger bij de NAVO bezoekt de Metropoliet van Belgi\u00eb - Orthodox Aartsbisdom van Belgi\u00eb<\/title>\n<meta name=\"robots\" content=\"index, follow, max-snippet:-1, max-image-preview:large, max-video-preview:-1\" \/>\n<link rel=\"canonical\" href=\"https:\/\/orthodoxia.be\/2022\/06\/28\/\u03bf-\u03c3\u03c4\u03c1\u03b1\u03c4\u03b9\u03c9\u03c4\u03b9\u03ba\u03cc\u03c2-\u03b1\u03bd\u03c4\u03b9\u03c0\u03c1\u03cc\u03c3\u03c9\u03c0\u03bf\u03c2-\u03c4\u03b7\u03c2-\u03b5\u03bb\u03bb\u03ac\/\" \/>\n<meta property=\"og:locale\" content=\"nl_BE\" \/>\n<meta property=\"og:type\" content=\"article\" \/>\n<meta property=\"og:title\" content=\"Griekse militaire vertegenwoordiger bij de NAVO bezoekt de Metropoliet van Belgi\u00eb - Orthodox Aartsbisdom van Belgi\u00eb\" \/>\n<meta property=\"og:description\" content=\"Op dinsdagmorgen 28 juni 2022 ontving Zijne Eminentie Metropoliet Athenagoras van Belgi\u00eb en Exarch van Nederland en Luxemburg het hoofd van de Griekse militaire delegatie bij de NAVO, generaal Petros Demestichas. Dit beleefdheidsbezoek was een eerste contact en zegening van de plaatselijke Kerk voor de indiensttreding van de vermaarde Griekse militair bij het hoofdkwartier van &hellip; Continued\" \/>\n<meta property=\"og:url\" content=\"https:\/\/orthodoxia.be\/2022\/06\/28\/\u03bf-\u03c3\u03c4\u03c1\u03b1\u03c4\u03b9\u03c9\u03c4\u03b9\u03ba\u03cc\u03c2-\u03b1\u03bd\u03c4\u03b9\u03c0\u03c1\u03cc\u03c3\u03c9\u03c0\u03bf\u03c2-\u03c4\u03b7\u03c2-\u03b5\u03bb\u03bb\u03ac\/\" \/>\n<meta property=\"og:site_name\" content=\"Orthodox Aartsbisdom van Belgi\u00eb\" \/>\n<meta property=\"article:publisher\" content=\"https:\/\/www.facebook.com\/orthobel\" \/>\n<meta property=\"article:published_time\" content=\"2022-06-28T11:58:13+00:00\" \/>\n<meta property=\"article:modified_time\" content=\"2022-06-28T20:58:10+00:00\" \/>\n<meta property=\"og:image\" content=\"https:\/\/orthodoxia.be\/wp-content\/uploads\/2022\/06\/image001-1.jpg\" \/>\n\t<meta property=\"og:image:width\" content=\"1023\" \/>\n\t<meta property=\"og:image:height\" content=\"856\" \/>\n\t<meta property=\"og:image:type\" content=\"image\/jpeg\" \/>\n<meta name=\"author\" content=\"fr. Emilianos Chatzivasileiou\" \/>\n<meta name=\"twitter:card\" content=\"summary_large_image\" \/>\n<meta name=\"twitter:creator\" content=\"@orthobel\" \/>\n<meta name=\"twitter:site\" content=\"@orthobel\" \/>\n<meta name=\"twitter:label1\" content=\"Geschreven door\" \/>\n\t<meta name=\"twitter:data1\" content=\"fr. Emilianos Chatzivasileiou\" \/>\n<script type=\"application\/ld+json\" class=\"yoast-schema-graph\">{\"@context\":\"https:\/\/schema.org\",\"@graph\":[{\"@type\":\"Article\",\"@id\":\"https:\/\/orthodoxia.be\/2022\/06\/28\/%ce%bf-%cf%83%cf%84%cf%81%ce%b1%cf%84%ce%b9%cf%89%cf%84%ce%b9%ce%ba%cf%8c%cf%82-%ce%b1%ce%bd%cf%84%ce%b9%cf%80%cf%81%cf%8c%cf%83%cf%89%cf%80%ce%bf%cf%82-%cf%84%ce%b7%cf%82-%ce%b5%ce%bb%ce%bb%ce%ac\/#article\",\"isPartOf\":{\"@id\":\"https:\/\/orthodoxia.be\/2022\/06\/28\/%ce%bf-%cf%83%cf%84%cf%81%ce%b1%cf%84%ce%b9%cf%89%cf%84%ce%b9%ce%ba%cf%8c%cf%82-%ce%b1%ce%bd%cf%84%ce%b9%cf%80%cf%81%cf%8c%cf%83%cf%89%cf%80%ce%bf%cf%82-%cf%84%ce%b7%cf%82-%ce%b5%ce%bb%ce%bb%ce%ac\/\"},\"author\":{\"name\":\"fr. Emilianos Chatzivasileiou\",\"@id\":\"https:\/\/orthodoxia.be\/#\/schema\/person\/f6c4fd8f4c3dfc201522ccccede872c4\"},\"headline\":\"Griekse militaire vertegenwoordiger bij de NAVO bezoekt de Metropoliet van Belgi\u00eb\",\"datePublished\":\"2022-06-28T11:58:13+00:00\",\"dateModified\":\"2022-06-28T20:58:10+00:00\",\"mainEntityOfPage\":{\"@id\":\"https:\/\/orthodoxia.be\/2022\/06\/28\/%ce%bf-%cf%83%cf%84%cf%81%ce%b1%cf%84%ce%b9%cf%89%cf%84%ce%b9%ce%ba%cf%8c%cf%82-%ce%b1%ce%bd%cf%84%ce%b9%cf%80%cf%81%cf%8c%cf%83%cf%89%cf%80%ce%bf%cf%82-%cf%84%ce%b7%cf%82-%ce%b5%ce%bb%ce%bb%ce%ac\/\"},\"wordCount\":101,\"publisher\":{\"@id\":\"https:\/\/orthodoxia.be\/#organization\"},\"image\":{\"@id\":\"https:\/\/orthodoxia.be\/2022\/06\/28\/%ce%bf-%cf%83%cf%84%cf%81%ce%b1%cf%84%ce%b9%cf%89%cf%84%ce%b9%ce%ba%cf%8c%cf%82-%ce%b1%ce%bd%cf%84%ce%b9%cf%80%cf%81%cf%8c%cf%83%cf%89%cf%80%ce%bf%cf%82-%cf%84%ce%b7%cf%82-%ce%b5%ce%bb%ce%bb%ce%ac\/#primaryimage\"},\"thumbnailUrl\":\"https:\/\/orthodoxia.be\/wp-content\/uploads\/2022\/06\/image001-1.jpg\",\"articleSection\":[\"Actualiteit\"],\"inLanguage\":\"nl-BE\"},{\"@type\":\"WebPage\",\"@id\":\"https:\/\/orthodoxia.be\/2022\/06\/28\/%ce%bf-%cf%83%cf%84%cf%81%ce%b1%cf%84%ce%b9%cf%89%cf%84%ce%b9%ce%ba%cf%8c%cf%82-%ce%b1%ce%bd%cf%84%ce%b9%cf%80%cf%81%cf%8c%cf%83%cf%89%cf%80%ce%bf%cf%82-%cf%84%ce%b7%cf%82-%ce%b5%ce%bb%ce%bb%ce%ac\/\",\"url\":\"https:\/\/orthodoxia.be\/2022\/06\/28\/%ce%bf-%cf%83%cf%84%cf%81%ce%b1%cf%84%ce%b9%cf%89%cf%84%ce%b9%ce%ba%cf%8c%cf%82-%ce%b1%ce%bd%cf%84%ce%b9%cf%80%cf%81%cf%8c%cf%83%cf%89%cf%80%ce%bf%cf%82-%cf%84%ce%b7%cf%82-%ce%b5%ce%bb%ce%bb%ce%ac\/\",\"name\":\"Griekse militaire vertegenwoordiger bij de NAVO bezoekt de Metropoliet van Belgi\u00eb - Orthodox Aartsbisdom van Belgi\u00eb\",\"isPartOf\":{\"@id\":\"https:\/\/orthodoxia.be\/#website\"},\"primaryImageOfPage\":{\"@id\":\"https:\/\/orthodoxia.be\/2022\/06\/28\/%ce%bf-%cf%83%cf%84%cf%81%ce%b1%cf%84%ce%b9%cf%89%cf%84%ce%b9%ce%ba%cf%8c%cf%82-%ce%b1%ce%bd%cf%84%ce%b9%cf%80%cf%81%cf%8c%cf%83%cf%89%cf%80%ce%bf%cf%82-%cf%84%ce%b7%cf%82-%ce%b5%ce%bb%ce%bb%ce%ac\/#primaryimage\"},\"image\":{\"@id\":\"https:\/\/orthodoxia.be\/2022\/06\/28\/%ce%bf-%cf%83%cf%84%cf%81%ce%b1%cf%84%ce%b9%cf%89%cf%84%ce%b9%ce%ba%cf%8c%cf%82-%ce%b1%ce%bd%cf%84%ce%b9%cf%80%cf%81%cf%8c%cf%83%cf%89%cf%80%ce%bf%cf%82-%cf%84%ce%b7%cf%82-%ce%b5%ce%bb%ce%bb%ce%ac\/#primaryimage\"},\"thumbnailUrl\":\"https:\/\/orthodoxia.be\/wp-content\/uploads\/2022\/06\/image001-1.jpg\",\"datePublished\":\"2022-06-28T11:58:13+00:00\",\"dateModified\":\"2022-06-28T20:58:10+00:00\",\"breadcrumb\":{\"@id\":\"https:\/\/orthodoxia.be\/2022\/06\/28\/%ce%bf-%cf%83%cf%84%cf%81%ce%b1%cf%84%ce%b9%cf%89%cf%84%ce%b9%ce%ba%cf%8c%cf%82-%ce%b1%ce%bd%cf%84%ce%b9%cf%80%cf%81%cf%8c%cf%83%cf%89%cf%80%ce%bf%cf%82-%cf%84%ce%b7%cf%82-%ce%b5%ce%bb%ce%bb%ce%ac\/#breadcrumb\"},\"inLanguage\":\"nl-BE\",\"potentialAction\":[{\"@type\":\"ReadAction\",\"target\":[\"https:\/\/orthodoxia.be\/2022\/06\/28\/%ce%bf-%cf%83%cf%84%cf%81%ce%b1%cf%84%ce%b9%cf%89%cf%84%ce%b9%ce%ba%cf%8c%cf%82-%ce%b1%ce%bd%cf%84%ce%b9%cf%80%cf%81%cf%8c%cf%83%cf%89%cf%80%ce%bf%cf%82-%cf%84%ce%b7%cf%82-%ce%b5%ce%bb%ce%bb%ce%ac\/\"]}]},{\"@type\":\"ImageObject\",\"inLanguage\":\"nl-BE\",\"@id\":\"https:\/\/orthodoxia.be\/2022\/06\/28\/%ce%bf-%cf%83%cf%84%cf%81%ce%b1%cf%84%ce%b9%cf%89%cf%84%ce%b9%ce%ba%cf%8c%cf%82-%ce%b1%ce%bd%cf%84%ce%b9%cf%80%cf%81%cf%8c%cf%83%cf%89%cf%80%ce%bf%cf%82-%cf%84%ce%b7%cf%82-%ce%b5%ce%bb%ce%bb%ce%ac\/#primaryimage\",\"url\":\"https:\/\/orthodoxia.be\/wp-content\/uploads\/2022\/06\/image001-1.jpg\",\"contentUrl\":\"https:\/\/orthodoxia.be\/wp-content\/uploads\/2022\/06\/image001-1.jpg\",\"width\":1023,\"height\":856},{\"@type\":\"BreadcrumbList\",\"@id\":\"https:\/\/orthodoxia.be\/2022\/06\/28\/%ce%bf-%cf%83%cf%84%cf%81%ce%b1%cf%84%ce%b9%cf%89%cf%84%ce%b9%ce%ba%cf%8c%cf%82-%ce%b1%ce%bd%cf%84%ce%b9%cf%80%cf%81%cf%8c%cf%83%cf%89%cf%80%ce%bf%cf%82-%cf%84%ce%b7%cf%82-%ce%b5%ce%bb%ce%bb%ce%ac\/#breadcrumb\",\"itemListElement\":[{\"@type\":\"ListItem\",\"position\":1,\"name\":\"Home\",\"item\":\"https:\/\/orthodoxia.be\/nl\/\"},{\"@type\":\"ListItem\",\"position\":2,\"name\":\"Griekse militaire vertegenwoordiger bij de NAVO bezoekt de Metropoliet van Belgi\u00eb\"}]},{\"@type\":\"WebSite\",\"@id\":\"https:\/\/orthodoxia.be\/#website\",\"url\":\"https:\/\/orthodoxia.be\/\",\"name\":\"Orthodox Archdiocese of Belgium (Benelux)\",\"description\":\"Exarch of the Nederland en Luxemburg\",\"publisher\":{\"@id\":\"https:\/\/orthodoxia.be\/#organization\"},\"alternateName\":\"IMB\",\"potentialAction\":[{\"@type\":\"SearchAction\",\"target\":{\"@type\":\"EntryPoint\",\"urlTemplate\":\"https:\/\/orthodoxia.be\/?s={search_term_string}\"},\"query-input\":{\"@type\":\"PropertyValueSpecification\",\"valueRequired\":true,\"valueName\":\"search_term_string\"}}],\"inLanguage\":\"nl-BE\"},{\"@type\":\"Organization\",\"@id\":\"https:\/\/orthodoxia.be\/#organization\",\"name\":\"Orthodox Archdiocese of Belgium (Benelux)\",\"url\":\"https:\/\/orthodoxia.be\/\",\"logo\":{\"@type\":\"ImageObject\",\"inLanguage\":\"nl-BE\",\"@id\":\"https:\/\/orthodoxia.be\/#\/schema\/logo\/image\/\",\"url\":\"https:\/\/orthodoxia.be\/wp-content\/uploads\/2024\/02\/cropped-IMB-logo-512-cl-1.png\",\"contentUrl\":\"https:\/\/orthodoxia.be\/wp-content\/uploads\/2024\/02\/cropped-IMB-logo-512-cl-1.png\",\"width\":512,\"height\":512,\"caption\":\"Orthodox Archdiocese of Belgium (Benelux)\"},\"image\":{\"@id\":\"https:\/\/orthodoxia.be\/#\/schema\/logo\/image\/\"},\"sameAs\":[\"https:\/\/www.facebook.com\/orthobel\",\"https:\/\/x.com\/orthobel\",\"https:\/\/www.youtube.com\/c\/orthobel\",\"https:\/\/www.mixcloud.com\/orthobel\/\",\"https:\/\/www.flickr.com\/photos\/148264890@N07\/albums\",\"https:\/\/www.dailymotion.com\/Orthobel\"]},{\"@type\":\"Person\",\"@id\":\"https:\/\/orthodoxia.be\/#\/schema\/person\/f6c4fd8f4c3dfc201522ccccede872c4\",\"name\":\"fr. Emilianos Chatzivasileiou\",\"image\":{\"@type\":\"ImageObject\",\"inLanguage\":\"nl-BE\",\"@id\":\"https:\/\/orthodoxia.be\/#\/schema\/person\/image\/\",\"url\":\"https:\/\/secure.gravatar.com\/avatar\/5b67115dbb9ae1579c39e9ae857d39ac?s=96&d=mm&r=g\",\"contentUrl\":\"https:\/\/secure.gravatar.com\/avatar\/5b67115dbb9ae1579c39e9ae857d39ac?s=96&d=mm&r=g\",\"caption\":\"fr. Emilianos Chatzivasileiou\"},\"sameAs\":[\"http:\/\/orthodoxia.be\"],\"url\":\"https:\/\/orthodoxia.be\/nl\/author\/p-emilianos\/\"}]}<\/script>\n<!-- \/ Yoast SEO plugin. -->","yoast_head_json":{"title":"Griekse militaire vertegenwoordiger bij de NAVO bezoekt de Metropoliet van Belgi\u00eb - Orthodox Aartsbisdom van Belgi\u00eb","robots":{"index":"index","follow":"follow","max-snippet":"max-snippet:-1","max-image-preview":"max-image-preview:large","max-video-preview":"max-video-preview:-1"},"canonical":"https:\/\/orthodoxia.be\/2022\/06\/28\/\u03bf-\u03c3\u03c4\u03c1\u03b1\u03c4\u03b9\u03c9\u03c4\u03b9\u03ba\u03cc\u03c2-\u03b1\u03bd\u03c4\u03b9\u03c0\u03c1\u03cc\u03c3\u03c9\u03c0\u03bf\u03c2-\u03c4\u03b7\u03c2-\u03b5\u03bb\u03bb\u03ac\/","og_locale":"nl_BE","og_type":"article","og_title":"Griekse militaire vertegenwoordiger bij de NAVO bezoekt de Metropoliet van Belgi\u00eb - Orthodox Aartsbisdom van Belgi\u00eb","og_description":"Op dinsdagmorgen 28 juni 2022 ontving Zijne Eminentie Metropoliet Athenagoras van Belgi\u00eb en Exarch van Nederland en Luxemburg het hoofd van de Griekse militaire delegatie bij de NAVO, generaal Petros Demestichas. Dit beleefdheidsbezoek was een eerste contact en zegening van de plaatselijke Kerk voor de indiensttreding van de vermaarde Griekse militair bij het hoofdkwartier van &hellip; Continued","og_url":"https:\/\/orthodoxia.be\/2022\/06\/28\/\u03bf-\u03c3\u03c4\u03c1\u03b1\u03c4\u03b9\u03c9\u03c4\u03b9\u03ba\u03cc\u03c2-\u03b1\u03bd\u03c4\u03b9\u03c0\u03c1\u03cc\u03c3\u03c9\u03c0\u03bf\u03c2-\u03c4\u03b7\u03c2-\u03b5\u03bb\u03bb\u03ac\/","og_site_name":"Orthodox Aartsbisdom van Belgi\u00eb","article_publisher":"https:\/\/www.facebook.com\/orthobel","article_published_time":"2022-06-28T11:58:13+00:00","article_modified_time":"2022-06-28T20:58:10+00:00","og_image":[{"width":1023,"height":856,"url":"https:\/\/orthodoxia.be\/wp-content\/uploads\/2022\/06\/image001-1.jpg","type":"image\/jpeg"}],"author":"fr. Emilianos Chatzivasileiou","twitter_card":"summary_large_image","twitter_creator":"@orthobel","twitter_site":"@orthobel","twitter_misc":{"Geschreven door":"fr. Emilianos Chatzivasileiou"},"schema":{"@context":"https:\/\/schema.org","@graph":[{"@type":"Article","@id":"https:\/\/orthodoxia.be\/2022\/06\/28\/%ce%bf-%cf%83%cf%84%cf%81%ce%b1%cf%84%ce%b9%cf%89%cf%84%ce%b9%ce%ba%cf%8c%cf%82-%ce%b1%ce%bd%cf%84%ce%b9%cf%80%cf%81%cf%8c%cf%83%cf%89%cf%80%ce%bf%cf%82-%cf%84%ce%b7%cf%82-%ce%b5%ce%bb%ce%bb%ce%ac\/#article","isPartOf":{"@id":"https:\/\/orthodoxia.be\/2022\/06\/28\/%ce%bf-%cf%83%cf%84%cf%81%ce%b1%cf%84%ce%b9%cf%89%cf%84%ce%b9%ce%ba%cf%8c%cf%82-%ce%b1%ce%bd%cf%84%ce%b9%cf%80%cf%81%cf%8c%cf%83%cf%89%cf%80%ce%bf%cf%82-%cf%84%ce%b7%cf%82-%ce%b5%ce%bb%ce%bb%ce%ac\/"},"author":{"name":"fr. Emilianos Chatzivasileiou","@id":"https:\/\/orthodoxia.be\/#\/schema\/person\/f6c4fd8f4c3dfc201522ccccede872c4"},"headline":"Griekse militaire vertegenwoordiger bij de NAVO bezoekt de Metropoliet van Belgi\u00eb","datePublished":"2022-06-28T11:58:13+00:00","dateModified":"2022-06-28T20:58:10+00:00","mainEntityOfPage":{"@id":"https:\/\/orthodoxia.be\/2022\/06\/28\/%ce%bf-%cf%83%cf%84%cf%81%ce%b1%cf%84%ce%b9%cf%89%cf%84%ce%b9%ce%ba%cf%8c%cf%82-%ce%b1%ce%bd%cf%84%ce%b9%cf%80%cf%81%cf%8c%cf%83%cf%89%cf%80%ce%bf%cf%82-%cf%84%ce%b7%cf%82-%ce%b5%ce%bb%ce%bb%ce%ac\/"},"wordCount":101,"publisher":{"@id":"https:\/\/orthodoxia.be\/#organization"},"image":{"@id":"https:\/\/orthodoxia.be\/2022\/06\/28\/%ce%bf-%cf%83%cf%84%cf%81%ce%b1%cf%84%ce%b9%cf%89%cf%84%ce%b9%ce%ba%cf%8c%cf%82-%ce%b1%ce%bd%cf%84%ce%b9%cf%80%cf%81%cf%8c%cf%83%cf%89%cf%80%ce%bf%cf%82-%cf%84%ce%b7%cf%82-%ce%b5%ce%bb%ce%bb%ce%ac\/#primaryimage"},"thumbnailUrl":"https:\/\/orthodoxia.be\/wp-content\/uploads\/2022\/06\/image001-1.jpg","articleSection":["Actualiteit"],"inLanguage":"nl-BE"},{"@type":"WebPage","@id":"https:\/\/orthodoxia.be\/2022\/06\/28\/%ce%bf-%cf%83%cf%84%cf%81%ce%b1%cf%84%ce%b9%cf%89%cf%84%ce%b9%ce%ba%cf%8c%cf%82-%ce%b1%ce%bd%cf%84%ce%b9%cf%80%cf%81%cf%8c%cf%83%cf%89%cf%80%ce%bf%cf%82-%cf%84%ce%b7%cf%82-%ce%b5%ce%bb%ce%bb%ce%ac\/","url":"https:\/\/orthodoxia.be\/2022\/06\/28\/%ce%bf-%cf%83%cf%84%cf%81%ce%b1%cf%84%ce%b9%cf%89%cf%84%ce%b9%ce%ba%cf%8c%cf%82-%ce%b1%ce%bd%cf%84%ce%b9%cf%80%cf%81%cf%8c%cf%83%cf%89%cf%80%ce%bf%cf%82-%cf%84%ce%b7%cf%82-%ce%b5%ce%bb%ce%bb%ce%ac\/","name":"Griekse militaire vertegenwoordiger bij de NAVO bezoekt de Metropoliet van Belgi\u00eb - Orthodox Aartsbisdom van Belgi\u00eb","isPartOf":{"@id":"https:\/\/orthodoxia.be\/#website"},"primaryImageOfPage":{"@id":"https:\/\/orthodoxia.be\/2022\/06\/28\/%ce%bf-%cf%83%cf%84%cf%81%ce%b1%cf%84%ce%b9%cf%89%cf%84%ce%b9%ce%ba%cf%8c%cf%82-%ce%b1%ce%bd%cf%84%ce%b9%cf%80%cf%81%cf%8c%cf%83%cf%89%cf%80%ce%bf%cf%82-%cf%84%ce%b7%cf%82-%ce%b5%ce%bb%ce%bb%ce%ac\/#primaryimage"},"image":{"@id":"https:\/\/orthodoxia.be\/2022\/06\/28\/%ce%bf-%cf%83%cf%84%cf%81%ce%b1%cf%84%ce%b9%cf%89%cf%84%ce%b9%ce%ba%cf%8c%cf%82-%ce%b1%ce%bd%cf%84%ce%b9%cf%80%cf%81%cf%8c%cf%83%cf%89%cf%80%ce%bf%cf%82-%cf%84%ce%b7%cf%82-%ce%b5%ce%bb%ce%bb%ce%ac\/#primaryimage"},"thumbnailUrl":"https:\/\/orthodoxia.be\/wp-content\/uploads\/2022\/06\/image001-1.jpg","datePublished":"2022-06-28T11:58:13+00:00","dateModified":"2022-06-28T20:58:10+00:00","breadcrumb":{"@id":"https:\/\/orthodoxia.be\/2022\/06\/28\/%ce%bf-%cf%83%cf%84%cf%81%ce%b1%cf%84%ce%b9%cf%89%cf%84%ce%b9%ce%ba%cf%8c%cf%82-%ce%b1%ce%bd%cf%84%ce%b9%cf%80%cf%81%cf%8c%cf%83%cf%89%cf%80%ce%bf%cf%82-%cf%84%ce%b7%cf%82-%ce%b5%ce%bb%ce%bb%ce%ac\/#breadcrumb"},"inLanguage":"nl-BE","potentialAction":[{"@type":"ReadAction","target":["https:\/\/orthodoxia.be\/2022\/06\/28\/%ce%bf-%cf%83%cf%84%cf%81%ce%b1%cf%84%ce%b9%cf%89%cf%84%ce%b9%ce%ba%cf%8c%cf%82-%ce%b1%ce%bd%cf%84%ce%b9%cf%80%cf%81%cf%8c%cf%83%cf%89%cf%80%ce%bf%cf%82-%cf%84%ce%b7%cf%82-%ce%b5%ce%bb%ce%bb%ce%ac\/"]}]},{"@type":"ImageObject","inLanguage":"nl-BE","@id":"https:\/\/orthodoxia.be\/2022\/06\/28\/%ce%bf-%cf%83%cf%84%cf%81%ce%b1%cf%84%ce%b9%cf%89%cf%84%ce%b9%ce%ba%cf%8c%cf%82-%ce%b1%ce%bd%cf%84%ce%b9%cf%80%cf%81%cf%8c%cf%83%cf%89%cf%80%ce%bf%cf%82-%cf%84%ce%b7%cf%82-%ce%b5%ce%bb%ce%bb%ce%ac\/#primaryimage","url":"https:\/\/orthodoxia.be\/wp-content\/uploads\/2022\/06\/image001-1.jpg","contentUrl":"https:\/\/orthodoxia.be\/wp-content\/uploads\/2022\/06\/image001-1.jpg","width":1023,"height":856},{"@type":"BreadcrumbList","@id":"https:\/\/orthodoxia.be\/2022\/06\/28\/%ce%bf-%cf%83%cf%84%cf%81%ce%b1%cf%84%ce%b9%cf%89%cf%84%ce%b9%ce%ba%cf%8c%cf%82-%ce%b1%ce%bd%cf%84%ce%b9%cf%80%cf%81%cf%8c%cf%83%cf%89%cf%80%ce%bf%cf%82-%cf%84%ce%b7%cf%82-%ce%b5%ce%bb%ce%bb%ce%ac\/#breadcrumb","itemListElement":[{"@type":"ListItem","position":1,"name":"Home","item":"https:\/\/orthodoxia.be\/nl\/"},{"@type":"ListItem","position":2,"name":"Griekse militaire vertegenwoordiger bij de NAVO bezoekt de Metropoliet van Belgi\u00eb"}]},{"@type":"WebSite","@id":"https:\/\/orthodoxia.be\/#website","url":"https:\/\/orthodoxia.be\/","name":"Orthodox Archdiocese of Belgium (Benelux)","description":"Exarch of the Nederland en Luxemburg","publisher":{"@id":"https:\/\/orthodoxia.be\/#organization"},"alternateName":"IMB","potentialAction":[{"@type":"SearchAction","target":{"@type":"EntryPoint","urlTemplate":"https:\/\/orthodoxia.be\/?s={search_term_string}"},"query-input":{"@type":"PropertyValueSpecification","valueRequired":true,"valueName":"search_term_string"}}],"inLanguage":"nl-BE"},{"@type":"Organization","@id":"https:\/\/orthodoxia.be\/#organization","name":"Orthodox Archdiocese of Belgium (Benelux)","url":"https:\/\/orthodoxia.be\/","logo":{"@type":"ImageObject","inLanguage":"nl-BE","@id":"https:\/\/orthodoxia.be\/#\/schema\/logo\/image\/","url":"https:\/\/orthodoxia.be\/wp-content\/uploads\/2024\/02\/cropped-IMB-logo-512-cl-1.png","contentUrl":"https:\/\/orthodoxia.be\/wp-content\/uploads\/2024\/02\/cropped-IMB-logo-512-cl-1.png","width":512,"height":512,"caption":"Orthodox Archdiocese of Belgium (Benelux)"},"image":{"@id":"https:\/\/orthodoxia.be\/#\/schema\/logo\/image\/"},"sameAs":["https:\/\/www.facebook.com\/orthobel","https:\/\/x.com\/orthobel","https:\/\/www.youtube.com\/c\/orthobel","https:\/\/www.mixcloud.com\/orthobel\/","https:\/\/www.flickr.com\/photos\/148264890@N07\/albums","https:\/\/www.dailymotion.com\/Orthobel"]},{"@type":"Person","@id":"https:\/\/orthodoxia.be\/#\/schema\/person\/f6c4fd8f4c3dfc201522ccccede872c4","name":"fr. Emilianos Chatzivasileiou","image":{"@type":"ImageObject","inLanguage":"nl-BE","@id":"https:\/\/orthodoxia.be\/#\/schema\/person\/image\/","url":"https:\/\/secure.gravatar.com\/avatar\/5b67115dbb9ae1579c39e9ae857d39ac?s=96&d=mm&r=g","contentUrl":"https:\/\/secure.gravatar.com\/avatar\/5b67115dbb9ae1579c39e9ae857d39ac?s=96&d=mm&r=g","caption":"fr. Emilianos Chatzivasileiou"},"sameAs":["http:\/\/orthodoxia.be"],"url":"https:\/\/orthodoxia.be\/nl\/author\/p-emilianos\/"}]}},"_links":{"self":[{"href":"https:\/\/orthodoxia.be\/nl\/wp-json\/wp\/v2\/posts\/38453","targetHints":{"allow":["GET"]}}],"collection":[{"href":"https:\/\/orthodoxia.be\/nl\/wp-json\/wp\/v2\/posts"}],"about":[{"href":"https:\/\/orthodoxia.be\/nl\/wp-json\/wp\/v2\/types\/post"}],"author":[{"embeddable":true,"href":"https:\/\/orthodoxia.be\/nl\/wp-json\/wp\/v2\/users\/10"}],"replies":[{"embeddable":true,"href":"https:\/\/orthodoxia.be\/nl\/wp-json\/wp\/v2\/comments?post=38453"}],"version-history":[{"count":1,"href":"https:\/\/orthodoxia.be\/nl\/wp-json\/wp\/v2\/posts\/38453\/revisions"}],"predecessor-version":[{"id":38454,"href":"https:\/\/orthodoxia.be\/nl\/wp-json\/wp\/v2\/posts\/38453\/revisions\/38454"}],"wp:featuredmedia":[{"embeddable":true,"href":"https:\/\/orthodoxia.be\/nl\/wp-json\/wp\/v2\/media\/38428"}],"wp:attachment":[{"href":"https:\/\/orthodoxia.be\/nl\/wp-json\/wp\/v2\/media?parent=38453"}],"wp:term":[{"taxonomy":"category","embeddable":true,"href":"https:\/\/orthodoxia.be\/nl\/wp-json\/wp\/v2\/categories?post=38453"},{"taxonomy":"post_tag","embeddable":true,"href":"https:\/\/orthodoxia.be\/nl\/wp-json\/wp\/v2\/tags?post=38453"}],"curies":[{"name":"wp","href":"https:\/\/api.w.org\/{rel}","templated":true}]}}