{"id":39044,"date":"2022-09-12T18:54:33","date_gmt":"2022-09-12T16:54:33","guid":{"rendered":"http:\/\/orthodoxia.be\/?p=39044"},"modified":"2022-09-12T18:57:27","modified_gmt":"2022-09-12T16:57:27","slug":"metropoliet-athenagoras-vierde-voor-het-eerst-liturgie-in-de-heilige-nikolaaskerk-in-amsterdam","status":"publish","type":"post","link":"https:\/\/orthodoxia.be\/nl\/2022\/09\/12\/metropoliet-athenagoras-vierde-voor-het-eerst-liturgie-in-de-heilige-nikolaaskerk-in-amsterdam\/","title":{"rendered":"Metropoliet Athenagoras vierde voor het eerst Liturgie in de Heilige Nikolaaskerk in Amsterdam"},"content":{"rendered":"<p style=\"text-align: justify;\">Op zondag 11 september 2022 heeft Zijne Eminentie Metropoliet Athenagoras van Belgi\u00eb en Exarch van Nederland en Luxemburg voor het eerst een Goddelijke Liturgie gevierd in de kerk van de Heilige Nikolaas van Myra in Amsterdam. Deze Parochie behoorde sinds haar oprichting in 1974 tot het Patriarchaat van Moskou, tot de meerderheid van clerus en gelovigen eerder dit jaar besloten zich te willen plaatsen onder het Oecumenisch Patriarchaat. Met een besluit van de Heilige Synode van de Moeder-Kerk van Constantinopel werd de Parochie kanoniek opgenomen in de jurisdicite van de Oecumenische Troon en overgeheveld naar het Aartsbisdom van Belgi\u00eb en Exarchaat van Nederland en Luxemburg.<\/p>\n<p style=\"text-align: justify;\">Met Zijne Eminentie Metropoliet Athenagoras vierden mee de priesters van de Parochie, alsook enkele gasten uit het buitenland die voor de opening van het Orthodox Instituut van de Heilige Irineus (Radboud Universiteit van Nijmegen) naar Nederland waren afgereisd.<\/p>\n<p style=\"text-align: justify;\">V\u00f3\u00f3r de Goddelijke Liturgie werden twee lezers gewijd. De Goddelijke Liturgie werd voornamelijk gevierd in het Nederlands en het Kerkslavisch en opgeluisterd door het parochiekoor.<\/p>\n<p style=\"text-align: justify;\">In zijn homilie combineerde Metropoliet Athenagoras de eerste dag van het kerkelijk jaar \u2013 die toegewijd is aan het behoud van Gods Schepping \u2013 met de parabel van de wijnbouwers, waarbij hij opriep om niet te zijn zoals de ondankbare wijnbouwers. \u201cMaar laten we danken voor wat ons is gegeven, laten we kijken hoe we onze zonden kunnen herkennen, laten we er alles aan doen om nederig te zijn, laten we leren hoe we boete moeten doen en hoe we steun kunnen vinden bij Christus, die de Hoeksteen is, deze Steen die door de mensheid verworpen wordt, het fundament van onze redding\u201d.<\/p>\n<p style=\"text-align: justify;\">Op het einde van de Liturgie werd Metropoliet Athenagoras verwelkomd door de rector van de Parochie, Archimandriet Meletios Webber. De geestelijken en parochianen hadden erg uitgekeken naar deze bijzonder dag en verheugen zich in het nieuwe hoofdstuk van hun Parochie. Metropoliet Athenagoras zei dat we geroepen zijn een ware lokale Kerk te vormen en dat alle orthodoxe christenen op een gegeven plaats of van een gebeid zich zouden scharen rond \u00e9\u00e9n en dezelfde bisschop, precies zoals de kerkelijke verordeningen het willen. We zijn geroepen een voortdurende pinkstergemeenschap te zijn, in dewelke iedereen in zijn taal spreekt, maar er een perfecte eenheid is. De metropoliet riep ook op tot gebed voor vrede in de wereld. \u201cOns model is Christus, de hoeksteen, die de Prins is van de Vrede! Laten we samen getuigenis afleggen van Christus\u2019 aanwezig in de wereld\u201d! Nadien volgde een Agape in de parochiezaal.<\/p>\n<p style=\"text-align: justify;\">De Parochie werd dus in 1974 opgericht door een kleine groep orthodoxe christenen \u2013 Russen, Servi\u00ebrs en Nederlanders \u2013 die zochten naar een plaats voor gebed en ontmoeting. Het waren Vader Alexis Voogd en zijn Russische echtgenote, Tatiana Voogd-Stojanova, die streefden naar een gemeenschap met wortels in de Russische spiritualiteit, maar open voor de Nederlandse taal en cultuur. Metropoliet Anthony (Bloom) van Sourozh speelde hierbij een belangrijke rol. Beschermheilige van de parochie werd vanzelfsprekend de Heilige Nikolaas van Myra, een grote heilige in de Orthodoxe Kerk, en daarnaast schutspatroon van de stad Amsterdam.<\/p>\n<p style=\"text-align: justify;\">In 2006 heeft de parochie een grotere kerk aangekocht in de Amsterdamse buurt \u2018Jordaan\u2019: de Tichelkerk met het daarbij behorende kloostercomplex. De ruime neo-Romaanse kerk is geleidelijk aangepast aan de orthodoxe eredienst. In 2010 werd een natuurstenen, gebeeldhouwde ikonostase ge\u00efnstalleerd. Ook werd een doopkapel met moza\u00efeken en een tweede ikonostase ingericht. De inrichting van de kerk en de doopkapel is ge\u00efnspireerd door de kunst van het vroege, ongedeelde christendom.De parochie heeft een open en internationaal karakter en telt meer dan 20 nationaliteiten. De diensten (in het Nederlands, Russisch en Engels) en de pastorale zorg zijn in handen van 4 priesters en 3 diakens.<\/p>\n<p style=\"text-align: justify;\">[FAGP id=39033]<\/p>\n","protected":false},"excerpt":{"rendered":"<p>Op zondag 11 september 2022 heeft Zijne Eminentie Metropoliet Athenagoras van Belgi\u00eb en Exarch van Nederland en Luxemburg voor het eerst een Goddelijke Liturgie gevierd in de kerk van de Heilige Nikolaas van Myra in Amsterdam. Deze Parochie behoorde sinds haar oprichting in 1974 tot het Patriarchaat van Moskou, tot de meerderheid van clerus en &hellip; <a href=\"https:\/\/orthodoxia.be\/nl\/2022\/09\/12\/metropoliet-athenagoras-vierde-voor-het-eerst-liturgie-in-de-heilige-nikolaaskerk-in-amsterdam\/\">Continued<\/a><\/p>\n","protected":false},"author":10,"featured_media":39036,"comment_status":"closed","ping_status":"open","sticky":false,"template":"","format":"standard","meta":{"_acf_changed":false,"footnotes":""},"categories":[18],"tags":[],"class_list":["post-39044","post","type-post","status-publish","format-standard","has-post-thumbnail","hentry","category-actualiteit"],"acf":[],"yoast_head":"<!-- This site is optimized with the Yoast SEO plugin v24.3 - https:\/\/yoast.com\/wordpress\/plugins\/seo\/ -->\n<title>Metropoliet Athenagoras vierde voor het eerst Liturgie in de Heilige Nikolaaskerk in Amsterdam - Orthodox Aartsbisdom van Belgi\u00eb<\/title>\n<meta name=\"robots\" content=\"index, follow, max-snippet:-1, max-image-preview:large, max-video-preview:-1\" \/>\n<link rel=\"canonical\" href=\"https:\/\/orthodoxia.be\/nl\/2022\/09\/12\/metropoliet-athenagoras-vierde-voor-het-eerst-liturgie-in-de-heilige-nikolaaskerk-in-amsterdam\/\" \/>\n<meta property=\"og:locale\" content=\"nl_BE\" \/>\n<meta property=\"og:type\" content=\"article\" \/>\n<meta property=\"og:title\" content=\"Metropoliet Athenagoras vierde voor het eerst Liturgie in de Heilige Nikolaaskerk in Amsterdam - Orthodox Aartsbisdom van Belgi\u00eb\" \/>\n<meta property=\"og:description\" content=\"Op zondag 11 september 2022 heeft Zijne Eminentie Metropoliet Athenagoras van Belgi\u00eb en Exarch van Nederland en Luxemburg voor het eerst een Goddelijke Liturgie gevierd in de kerk van de Heilige Nikolaas van Myra in Amsterdam. Deze Parochie behoorde sinds haar oprichting in 1974 tot het Patriarchaat van Moskou, tot de meerderheid van clerus en &hellip; Continued\" \/>\n<meta property=\"og:url\" content=\"https:\/\/orthodoxia.be\/nl\/2022\/09\/12\/metropoliet-athenagoras-vierde-voor-het-eerst-liturgie-in-de-heilige-nikolaaskerk-in-amsterdam\/\" \/>\n<meta property=\"og:site_name\" content=\"Orthodox Aartsbisdom van Belgi\u00eb\" \/>\n<meta property=\"article:publisher\" content=\"https:\/\/www.facebook.com\/orthobel\" \/>\n<meta property=\"article:published_time\" content=\"2022-09-12T16:54:33+00:00\" \/>\n<meta property=\"article:modified_time\" content=\"2022-09-12T16:57:27+00:00\" \/>\n<meta property=\"og:image\" content=\"https:\/\/orthodoxia.be\/wp-content\/uploads\/2022\/09\/IMG_6148.jpg\" \/>\n\t<meta property=\"og:image:width\" content=\"1023\" \/>\n\t<meta property=\"og:image:height\" content=\"767\" \/>\n\t<meta property=\"og:image:type\" content=\"image\/jpeg\" \/>\n<meta name=\"author\" content=\"fr. Emilianos Chatzivasileiou\" \/>\n<meta name=\"twitter:card\" content=\"summary_large_image\" \/>\n<meta name=\"twitter:creator\" content=\"@orthobel\" \/>\n<meta name=\"twitter:site\" content=\"@orthobel\" \/>\n<meta name=\"twitter:label1\" content=\"Geschreven door\" \/>\n\t<meta name=\"twitter:data1\" content=\"fr. Emilianos Chatzivasileiou\" \/>\n\t<meta name=\"twitter:label2\" content=\"Geschatte leestijd\" \/>\n\t<meta name=\"twitter:data2\" content=\"3 minuten\" \/>\n<script type=\"application\/ld+json\" class=\"yoast-schema-graph\">{\"@context\":\"https:\/\/schema.org\",\"@graph\":[{\"@type\":\"Article\",\"@id\":\"https:\/\/orthodoxia.be\/nl\/2022\/09\/12\/metropoliet-athenagoras-vierde-voor-het-eerst-liturgie-in-de-heilige-nikolaaskerk-in-amsterdam\/#article\",\"isPartOf\":{\"@id\":\"https:\/\/orthodoxia.be\/nl\/2022\/09\/12\/metropoliet-athenagoras-vierde-voor-het-eerst-liturgie-in-de-heilige-nikolaaskerk-in-amsterdam\/\"},\"author\":{\"name\":\"fr. Emilianos Chatzivasileiou\",\"@id\":\"https:\/\/orthodoxia.be\/#\/schema\/person\/f6c4fd8f4c3dfc201522ccccede872c4\"},\"headline\":\"Metropoliet Athenagoras vierde voor het eerst Liturgie in de Heilige Nikolaaskerk in Amsterdam\",\"datePublished\":\"2022-09-12T16:54:33+00:00\",\"dateModified\":\"2022-09-12T16:57:27+00:00\",\"mainEntityOfPage\":{\"@id\":\"https:\/\/orthodoxia.be\/nl\/2022\/09\/12\/metropoliet-athenagoras-vierde-voor-het-eerst-liturgie-in-de-heilige-nikolaaskerk-in-amsterdam\/\"},\"wordCount\":619,\"publisher\":{\"@id\":\"https:\/\/orthodoxia.be\/#organization\"},\"image\":{\"@id\":\"https:\/\/orthodoxia.be\/nl\/2022\/09\/12\/metropoliet-athenagoras-vierde-voor-het-eerst-liturgie-in-de-heilige-nikolaaskerk-in-amsterdam\/#primaryimage\"},\"thumbnailUrl\":\"https:\/\/orthodoxia.be\/wp-content\/uploads\/2022\/09\/IMG_6148.jpg\",\"articleSection\":[\"Actualiteit\"],\"inLanguage\":\"nl-BE\"},{\"@type\":\"WebPage\",\"@id\":\"https:\/\/orthodoxia.be\/nl\/2022\/09\/12\/metropoliet-athenagoras-vierde-voor-het-eerst-liturgie-in-de-heilige-nikolaaskerk-in-amsterdam\/\",\"url\":\"https:\/\/orthodoxia.be\/nl\/2022\/09\/12\/metropoliet-athenagoras-vierde-voor-het-eerst-liturgie-in-de-heilige-nikolaaskerk-in-amsterdam\/\",\"name\":\"Metropoliet Athenagoras vierde voor het eerst Liturgie in de Heilige Nikolaaskerk in Amsterdam - Orthodox Aartsbisdom van Belgi\u00eb\",\"isPartOf\":{\"@id\":\"https:\/\/orthodoxia.be\/#website\"},\"primaryImageOfPage\":{\"@id\":\"https:\/\/orthodoxia.be\/nl\/2022\/09\/12\/metropoliet-athenagoras-vierde-voor-het-eerst-liturgie-in-de-heilige-nikolaaskerk-in-amsterdam\/#primaryimage\"},\"image\":{\"@id\":\"https:\/\/orthodoxia.be\/nl\/2022\/09\/12\/metropoliet-athenagoras-vierde-voor-het-eerst-liturgie-in-de-heilige-nikolaaskerk-in-amsterdam\/#primaryimage\"},\"thumbnailUrl\":\"https:\/\/orthodoxia.be\/wp-content\/uploads\/2022\/09\/IMG_6148.jpg\",\"datePublished\":\"2022-09-12T16:54:33+00:00\",\"dateModified\":\"2022-09-12T16:57:27+00:00\",\"breadcrumb\":{\"@id\":\"https:\/\/orthodoxia.be\/nl\/2022\/09\/12\/metropoliet-athenagoras-vierde-voor-het-eerst-liturgie-in-de-heilige-nikolaaskerk-in-amsterdam\/#breadcrumb\"},\"inLanguage\":\"nl-BE\",\"potentialAction\":[{\"@type\":\"ReadAction\",\"target\":[\"https:\/\/orthodoxia.be\/nl\/2022\/09\/12\/metropoliet-athenagoras-vierde-voor-het-eerst-liturgie-in-de-heilige-nikolaaskerk-in-amsterdam\/\"]}]},{\"@type\":\"ImageObject\",\"inLanguage\":\"nl-BE\",\"@id\":\"https:\/\/orthodoxia.be\/nl\/2022\/09\/12\/metropoliet-athenagoras-vierde-voor-het-eerst-liturgie-in-de-heilige-nikolaaskerk-in-amsterdam\/#primaryimage\",\"url\":\"https:\/\/orthodoxia.be\/wp-content\/uploads\/2022\/09\/IMG_6148.jpg\",\"contentUrl\":\"https:\/\/orthodoxia.be\/wp-content\/uploads\/2022\/09\/IMG_6148.jpg\",\"width\":1023,\"height\":767},{\"@type\":\"BreadcrumbList\",\"@id\":\"https:\/\/orthodoxia.be\/nl\/2022\/09\/12\/metropoliet-athenagoras-vierde-voor-het-eerst-liturgie-in-de-heilige-nikolaaskerk-in-amsterdam\/#breadcrumb\",\"itemListElement\":[{\"@type\":\"ListItem\",\"position\":1,\"name\":\"Home\",\"item\":\"https:\/\/orthodoxia.be\/nl\/\"},{\"@type\":\"ListItem\",\"position\":2,\"name\":\"Metropoliet Athenagoras vierde voor het eerst Liturgie in de Heilige Nikolaaskerk in Amsterdam\"}]},{\"@type\":\"WebSite\",\"@id\":\"https:\/\/orthodoxia.be\/#website\",\"url\":\"https:\/\/orthodoxia.be\/\",\"name\":\"Orthodox Archdiocese of Belgium (Benelux)\",\"description\":\"Exarch of the Nederland en Luxemburg\",\"publisher\":{\"@id\":\"https:\/\/orthodoxia.be\/#organization\"},\"alternateName\":\"IMB\",\"potentialAction\":[{\"@type\":\"SearchAction\",\"target\":{\"@type\":\"EntryPoint\",\"urlTemplate\":\"https:\/\/orthodoxia.be\/?s={search_term_string}\"},\"query-input\":{\"@type\":\"PropertyValueSpecification\",\"valueRequired\":true,\"valueName\":\"search_term_string\"}}],\"inLanguage\":\"nl-BE\"},{\"@type\":\"Organization\",\"@id\":\"https:\/\/orthodoxia.be\/#organization\",\"name\":\"Orthodox Archdiocese of Belgium (Benelux)\",\"url\":\"https:\/\/orthodoxia.be\/\",\"logo\":{\"@type\":\"ImageObject\",\"inLanguage\":\"nl-BE\",\"@id\":\"https:\/\/orthodoxia.be\/#\/schema\/logo\/image\/\",\"url\":\"https:\/\/orthodoxia.be\/wp-content\/uploads\/2024\/02\/cropped-IMB-logo-512-cl-1.png\",\"contentUrl\":\"https:\/\/orthodoxia.be\/wp-content\/uploads\/2024\/02\/cropped-IMB-logo-512-cl-1.png\",\"width\":512,\"height\":512,\"caption\":\"Orthodox Archdiocese of Belgium (Benelux)\"},\"image\":{\"@id\":\"https:\/\/orthodoxia.be\/#\/schema\/logo\/image\/\"},\"sameAs\":[\"https:\/\/www.facebook.com\/orthobel\",\"https:\/\/x.com\/orthobel\",\"https:\/\/www.youtube.com\/c\/orthobel\",\"https:\/\/www.mixcloud.com\/orthobel\/\",\"https:\/\/www.flickr.com\/photos\/148264890@N07\/albums\",\"https:\/\/www.dailymotion.com\/Orthobel\"]},{\"@type\":\"Person\",\"@id\":\"https:\/\/orthodoxia.be\/#\/schema\/person\/f6c4fd8f4c3dfc201522ccccede872c4\",\"name\":\"fr. Emilianos Chatzivasileiou\",\"image\":{\"@type\":\"ImageObject\",\"inLanguage\":\"nl-BE\",\"@id\":\"https:\/\/orthodoxia.be\/#\/schema\/person\/image\/\",\"url\":\"https:\/\/secure.gravatar.com\/avatar\/5b67115dbb9ae1579c39e9ae857d39ac?s=96&d=mm&r=g\",\"contentUrl\":\"https:\/\/secure.gravatar.com\/avatar\/5b67115dbb9ae1579c39e9ae857d39ac?s=96&d=mm&r=g\",\"caption\":\"fr. Emilianos Chatzivasileiou\"},\"sameAs\":[\"http:\/\/orthodoxia.be\"],\"url\":\"https:\/\/orthodoxia.be\/nl\/author\/p-emilianos\/\"}]}<\/script>\n<!-- \/ Yoast SEO plugin. -->","yoast_head_json":{"title":"Metropoliet Athenagoras vierde voor het eerst Liturgie in de Heilige Nikolaaskerk in Amsterdam - Orthodox Aartsbisdom van Belgi\u00eb","robots":{"index":"index","follow":"follow","max-snippet":"max-snippet:-1","max-image-preview":"max-image-preview:large","max-video-preview":"max-video-preview:-1"},"canonical":"https:\/\/orthodoxia.be\/nl\/2022\/09\/12\/metropoliet-athenagoras-vierde-voor-het-eerst-liturgie-in-de-heilige-nikolaaskerk-in-amsterdam\/","og_locale":"nl_BE","og_type":"article","og_title":"Metropoliet Athenagoras vierde voor het eerst Liturgie in de Heilige Nikolaaskerk in Amsterdam - Orthodox Aartsbisdom van Belgi\u00eb","og_description":"Op zondag 11 september 2022 heeft Zijne Eminentie Metropoliet Athenagoras van Belgi\u00eb en Exarch van Nederland en Luxemburg voor het eerst een Goddelijke Liturgie gevierd in de kerk van de Heilige Nikolaas van Myra in Amsterdam. Deze Parochie behoorde sinds haar oprichting in 1974 tot het Patriarchaat van Moskou, tot de meerderheid van clerus en &hellip; Continued","og_url":"https:\/\/orthodoxia.be\/nl\/2022\/09\/12\/metropoliet-athenagoras-vierde-voor-het-eerst-liturgie-in-de-heilige-nikolaaskerk-in-amsterdam\/","og_site_name":"Orthodox Aartsbisdom van Belgi\u00eb","article_publisher":"https:\/\/www.facebook.com\/orthobel","article_published_time":"2022-09-12T16:54:33+00:00","article_modified_time":"2022-09-12T16:57:27+00:00","og_image":[{"width":1023,"height":767,"url":"https:\/\/orthodoxia.be\/wp-content\/uploads\/2022\/09\/IMG_6148.jpg","type":"image\/jpeg"}],"author":"fr. Emilianos Chatzivasileiou","twitter_card":"summary_large_image","twitter_creator":"@orthobel","twitter_site":"@orthobel","twitter_misc":{"Geschreven door":"fr. Emilianos Chatzivasileiou","Geschatte leestijd":"3 minuten"},"schema":{"@context":"https:\/\/schema.org","@graph":[{"@type":"Article","@id":"https:\/\/orthodoxia.be\/nl\/2022\/09\/12\/metropoliet-athenagoras-vierde-voor-het-eerst-liturgie-in-de-heilige-nikolaaskerk-in-amsterdam\/#article","isPartOf":{"@id":"https:\/\/orthodoxia.be\/nl\/2022\/09\/12\/metropoliet-athenagoras-vierde-voor-het-eerst-liturgie-in-de-heilige-nikolaaskerk-in-amsterdam\/"},"author":{"name":"fr. Emilianos Chatzivasileiou","@id":"https:\/\/orthodoxia.be\/#\/schema\/person\/f6c4fd8f4c3dfc201522ccccede872c4"},"headline":"Metropoliet Athenagoras vierde voor het eerst Liturgie in de Heilige Nikolaaskerk in Amsterdam","datePublished":"2022-09-12T16:54:33+00:00","dateModified":"2022-09-12T16:57:27+00:00","mainEntityOfPage":{"@id":"https:\/\/orthodoxia.be\/nl\/2022\/09\/12\/metropoliet-athenagoras-vierde-voor-het-eerst-liturgie-in-de-heilige-nikolaaskerk-in-amsterdam\/"},"wordCount":619,"publisher":{"@id":"https:\/\/orthodoxia.be\/#organization"},"image":{"@id":"https:\/\/orthodoxia.be\/nl\/2022\/09\/12\/metropoliet-athenagoras-vierde-voor-het-eerst-liturgie-in-de-heilige-nikolaaskerk-in-amsterdam\/#primaryimage"},"thumbnailUrl":"https:\/\/orthodoxia.be\/wp-content\/uploads\/2022\/09\/IMG_6148.jpg","articleSection":["Actualiteit"],"inLanguage":"nl-BE"},{"@type":"WebPage","@id":"https:\/\/orthodoxia.be\/nl\/2022\/09\/12\/metropoliet-athenagoras-vierde-voor-het-eerst-liturgie-in-de-heilige-nikolaaskerk-in-amsterdam\/","url":"https:\/\/orthodoxia.be\/nl\/2022\/09\/12\/metropoliet-athenagoras-vierde-voor-het-eerst-liturgie-in-de-heilige-nikolaaskerk-in-amsterdam\/","name":"Metropoliet Athenagoras vierde voor het eerst Liturgie in de Heilige Nikolaaskerk in Amsterdam - Orthodox Aartsbisdom van Belgi\u00eb","isPartOf":{"@id":"https:\/\/orthodoxia.be\/#website"},"primaryImageOfPage":{"@id":"https:\/\/orthodoxia.be\/nl\/2022\/09\/12\/metropoliet-athenagoras-vierde-voor-het-eerst-liturgie-in-de-heilige-nikolaaskerk-in-amsterdam\/#primaryimage"},"image":{"@id":"https:\/\/orthodoxia.be\/nl\/2022\/09\/12\/metropoliet-athenagoras-vierde-voor-het-eerst-liturgie-in-de-heilige-nikolaaskerk-in-amsterdam\/#primaryimage"},"thumbnailUrl":"https:\/\/orthodoxia.be\/wp-content\/uploads\/2022\/09\/IMG_6148.jpg","datePublished":"2022-09-12T16:54:33+00:00","dateModified":"2022-09-12T16:57:27+00:00","breadcrumb":{"@id":"https:\/\/orthodoxia.be\/nl\/2022\/09\/12\/metropoliet-athenagoras-vierde-voor-het-eerst-liturgie-in-de-heilige-nikolaaskerk-in-amsterdam\/#breadcrumb"},"inLanguage":"nl-BE","potentialAction":[{"@type":"ReadAction","target":["https:\/\/orthodoxia.be\/nl\/2022\/09\/12\/metropoliet-athenagoras-vierde-voor-het-eerst-liturgie-in-de-heilige-nikolaaskerk-in-amsterdam\/"]}]},{"@type":"ImageObject","inLanguage":"nl-BE","@id":"https:\/\/orthodoxia.be\/nl\/2022\/09\/12\/metropoliet-athenagoras-vierde-voor-het-eerst-liturgie-in-de-heilige-nikolaaskerk-in-amsterdam\/#primaryimage","url":"https:\/\/orthodoxia.be\/wp-content\/uploads\/2022\/09\/IMG_6148.jpg","contentUrl":"https:\/\/orthodoxia.be\/wp-content\/uploads\/2022\/09\/IMG_6148.jpg","width":1023,"height":767},{"@type":"BreadcrumbList","@id":"https:\/\/orthodoxia.be\/nl\/2022\/09\/12\/metropoliet-athenagoras-vierde-voor-het-eerst-liturgie-in-de-heilige-nikolaaskerk-in-amsterdam\/#breadcrumb","itemListElement":[{"@type":"ListItem","position":1,"name":"Home","item":"https:\/\/orthodoxia.be\/nl\/"},{"@type":"ListItem","position":2,"name":"Metropoliet Athenagoras vierde voor het eerst Liturgie in de Heilige Nikolaaskerk in Amsterdam"}]},{"@type":"WebSite","@id":"https:\/\/orthodoxia.be\/#website","url":"https:\/\/orthodoxia.be\/","name":"Orthodox Archdiocese of Belgium (Benelux)","description":"Exarch of the Nederland en Luxemburg","publisher":{"@id":"https:\/\/orthodoxia.be\/#organization"},"alternateName":"IMB","potentialAction":[{"@type":"SearchAction","target":{"@type":"EntryPoint","urlTemplate":"https:\/\/orthodoxia.be\/?s={search_term_string}"},"query-input":{"@type":"PropertyValueSpecification","valueRequired":true,"valueName":"search_term_string"}}],"inLanguage":"nl-BE"},{"@type":"Organization","@id":"https:\/\/orthodoxia.be\/#organization","name":"Orthodox Archdiocese of Belgium (Benelux)","url":"https:\/\/orthodoxia.be\/","logo":{"@type":"ImageObject","inLanguage":"nl-BE","@id":"https:\/\/orthodoxia.be\/#\/schema\/logo\/image\/","url":"https:\/\/orthodoxia.be\/wp-content\/uploads\/2024\/02\/cropped-IMB-logo-512-cl-1.png","contentUrl":"https:\/\/orthodoxia.be\/wp-content\/uploads\/2024\/02\/cropped-IMB-logo-512-cl-1.png","width":512,"height":512,"caption":"Orthodox Archdiocese of Belgium (Benelux)"},"image":{"@id":"https:\/\/orthodoxia.be\/#\/schema\/logo\/image\/"},"sameAs":["https:\/\/www.facebook.com\/orthobel","https:\/\/x.com\/orthobel","https:\/\/www.youtube.com\/c\/orthobel","https:\/\/www.mixcloud.com\/orthobel\/","https:\/\/www.flickr.com\/photos\/148264890@N07\/albums","https:\/\/www.dailymotion.com\/Orthobel"]},{"@type":"Person","@id":"https:\/\/orthodoxia.be\/#\/schema\/person\/f6c4fd8f4c3dfc201522ccccede872c4","name":"fr. Emilianos Chatzivasileiou","image":{"@type":"ImageObject","inLanguage":"nl-BE","@id":"https:\/\/orthodoxia.be\/#\/schema\/person\/image\/","url":"https:\/\/secure.gravatar.com\/avatar\/5b67115dbb9ae1579c39e9ae857d39ac?s=96&d=mm&r=g","contentUrl":"https:\/\/secure.gravatar.com\/avatar\/5b67115dbb9ae1579c39e9ae857d39ac?s=96&d=mm&r=g","caption":"fr. Emilianos Chatzivasileiou"},"sameAs":["http:\/\/orthodoxia.be"],"url":"https:\/\/orthodoxia.be\/nl\/author\/p-emilianos\/"}]}},"_links":{"self":[{"href":"https:\/\/orthodoxia.be\/nl\/wp-json\/wp\/v2\/posts\/39044","targetHints":{"allow":["GET"]}}],"collection":[{"href":"https:\/\/orthodoxia.be\/nl\/wp-json\/wp\/v2\/posts"}],"about":[{"href":"https:\/\/orthodoxia.be\/nl\/wp-json\/wp\/v2\/types\/post"}],"author":[{"embeddable":true,"href":"https:\/\/orthodoxia.be\/nl\/wp-json\/wp\/v2\/users\/10"}],"replies":[{"embeddable":true,"href":"https:\/\/orthodoxia.be\/nl\/wp-json\/wp\/v2\/comments?post=39044"}],"version-history":[{"count":1,"href":"https:\/\/orthodoxia.be\/nl\/wp-json\/wp\/v2\/posts\/39044\/revisions"}],"predecessor-version":[{"id":39045,"href":"https:\/\/orthodoxia.be\/nl\/wp-json\/wp\/v2\/posts\/39044\/revisions\/39045"}],"wp:featuredmedia":[{"embeddable":true,"href":"https:\/\/orthodoxia.be\/nl\/wp-json\/wp\/v2\/media\/39036"}],"wp:attachment":[{"href":"https:\/\/orthodoxia.be\/nl\/wp-json\/wp\/v2\/media?parent=39044"}],"wp:term":[{"taxonomy":"category","embeddable":true,"href":"https:\/\/orthodoxia.be\/nl\/wp-json\/wp\/v2\/categories?post=39044"},{"taxonomy":"post_tag","embeddable":true,"href":"https:\/\/orthodoxia.be\/nl\/wp-json\/wp\/v2\/tags?post=39044"}],"curies":[{"name":"wp","href":"https:\/\/api.w.org\/{rel}","templated":true}]}}