{"id":4750,"date":"2014-11-12T18:10:36","date_gmt":"2014-11-12T17:10:36","guid":{"rendered":"http:\/\/new.orthodoxia.be\/?p=4750"},"modified":"2017-11-15T12:06:40","modified_gmt":"2017-11-15T12:06:40","slug":"verklaring-van-de-orthodoxe-bisschoppenconferentie-van-de-benelux-obb-ceob","status":"publish","type":"post","link":"https:\/\/orthodoxia.be\/nl\/2014\/11\/12\/verklaring-van-de-orthodoxe-bisschoppenconferentie-van-de-benelux-obb-ceob\/","title":{"rendered":"VERKLARING VAN DE ORTHODOXE BISSCHOPPENCONFERENTIE VAN DE BENELUX (OBB-CEOB)"},"content":{"rendered":"<p>Brussel &#8211; Woensdag 12 november 2014 is de Orthodoxe Bisschoppenconferentie van de Benelux (OBB) voor de achtste keer samengekomen op de zetel van het Orthodox Aartsbisdom van Belgi\u00eb, Charbolaan 71. Ze werd voorgezeten door Zijne Eminentie Metropoliet Athenagoras van Belgi\u00eb (Oecumenisch Patriarchaat). Vicevoorzitter Aartsbisschop Simon (Patriarchaat van Moskou), Bisschop Marc (plaatsvervanger van Metropoliet Iosif &#8211; Patriarchaat van Roemeni\u00eb), Metropoliet Serafim (Patriarchaat van Roemeni\u00eb), Aartsbisschop Micha\u00efl (Russische Kerk in het Buitenland \u2013 Patriarchaat van Moskou), Bisschop Maximos van Evmenia (Oecumenisch Patriarchaat) en Bisschop Dositheos (Patriarchaat van Georgi\u00eb) waren eveneens aanwezig.<\/p>\n<p>Eens te meer draaiden de gesprekken rond het voor het einde van de lente van 2016 aangekondigde, Groot Panorthodox Concilie, en de voorbereidingen daarop.<\/p>\n<p>Het bezoek van Zijne Alheiligheid Oecumenisch Patriarch Bartholomeos aan Belgi\u00eb, van 29 januari tot 1 februari 2015, op uitnodiging van de Katholieke Universiteit Leuven, waarvan de Patriarch doctor honoris causa is, vormde het onderwerp van uitwisselingen en gesprekken met het oog op de voorbereiding van een actieve deelname van de Orthodoxe Bisschoppenconferentie van de Benelux aan dit patriarchale bezoek.<\/p>\n<p>De bisschoppen werden ingelicht over de laatste ontwikkelingen rond de aanwezigheid van de Orthodoxie in Nederland.<\/p>\n<p>Het jongerenpastoraat, de problemen rond een betere communicatie tussen de orthodoxe jongerenbewegingen en de canonieke bisdommen van de Kerk, de activering en werkwijze van de commissies onder de bescherming van de Bisschoppenconferentie, de nood aan gelijke vertalingen van liturgische teksten, waren ook overwegings- en gespreksonderwerpen.<\/p>\n<p>De bisschoppen sneden ook het onderwerp aan van de dialoog met de Rooms-katholieke Kerk op wereldvlak, evenals de verhoudingen tussen de Orthodoxe Kerk en de andere christelijke Kerken in de Benelux.<\/p>\n<p>Verder hebben de hi\u00ebrarchen nieuws en inlichtingen uitgewisseld over verschillende activiteiten in hun bisdommen.<\/p>\n<p>De OBB werd opgericht bij besluit van de IVe Preconciliaire Panorthodoxe Conferentie te Chamb\u00e9sy (Gen\u00e8ve) in juni 2009. De leden van de OBB toonden eens te meer hun vastberadenheid om in goede samenwerking te ijveren voor de orthodoxe gelovigen en voor een goede getuigenis in de drie landen van de Benelux.<\/p>\n","protected":false},"excerpt":{"rendered":"<p>Brussel &#8211; Woensdag 12 november 2014 is de Orthodoxe Bisschoppenconferentie van de Benelux (OBB) voor de achtste keer samengekomen op de zetel van het Orthodox Aartsbisdom van Belgi\u00eb, Charbolaan 71. Ze werd voorgezeten door Zijne Eminentie Metropoliet Athenagoras van Belgi\u00eb (Oecumenisch Patriarchaat). Vicevoorzitter Aartsbisschop Simon (Patriarchaat van Moskou), Bisschop Marc (plaatsvervanger van Metropoliet Iosif &#8211; &hellip; <a href=\"https:\/\/orthodoxia.be\/nl\/2014\/11\/12\/verklaring-van-de-orthodoxe-bisschoppenconferentie-van-de-benelux-obb-ceob\/\">Continued<\/a><\/p>\n","protected":false},"author":12,"featured_media":0,"comment_status":"open","ping_status":"open","sticky":false,"template":"","format":"standard","meta":{"_acf_changed":false,"footnotes":""},"categories":[18,310],"tags":[],"class_list":["post-4750","post","type-post","status-publish","format-standard","hentry","category-actualiteit","category-obb"],"acf":[],"yoast_head":"<!-- This site is optimized with the Yoast SEO plugin v24.3 - https:\/\/yoast.com\/wordpress\/plugins\/seo\/ -->\n<title>VERKLARING VAN DE ORTHODOXE BISSCHOPPENCONFERENTIE VAN DE BENELUX (OBB-CEOB) - Orthodox Aartsbisdom van Belgi\u00eb<\/title>\n<meta name=\"robots\" content=\"index, follow, max-snippet:-1, max-image-preview:large, max-video-preview:-1\" \/>\n<link rel=\"canonical\" href=\"https:\/\/orthodoxia.be\/nl\/2014\/11\/12\/verklaring-van-de-orthodoxe-bisschoppenconferentie-van-de-benelux-obb-ceob\/\" \/>\n<meta property=\"og:locale\" content=\"nl_BE\" \/>\n<meta property=\"og:type\" content=\"article\" \/>\n<meta property=\"og:title\" content=\"VERKLARING VAN DE ORTHODOXE BISSCHOPPENCONFERENTIE VAN DE BENELUX (OBB-CEOB) - Orthodox Aartsbisdom van Belgi\u00eb\" \/>\n<meta property=\"og:description\" content=\"Brussel &#8211; Woensdag 12 november 2014 is de Orthodoxe Bisschoppenconferentie van de Benelux (OBB) voor de achtste keer samengekomen op de zetel van het Orthodox Aartsbisdom van Belgi\u00eb, Charbolaan 71. Ze werd voorgezeten door Zijne Eminentie Metropoliet Athenagoras van Belgi\u00eb (Oecumenisch Patriarchaat). Vicevoorzitter Aartsbisschop Simon (Patriarchaat van Moskou), Bisschop Marc (plaatsvervanger van Metropoliet Iosif &#8211; &hellip; Continued\" \/>\n<meta property=\"og:url\" content=\"https:\/\/orthodoxia.be\/nl\/2014\/11\/12\/verklaring-van-de-orthodoxe-bisschoppenconferentie-van-de-benelux-obb-ceob\/\" \/>\n<meta property=\"og:site_name\" content=\"Orthodox Aartsbisdom van Belgi\u00eb\" \/>\n<meta property=\"article:publisher\" content=\"https:\/\/www.facebook.com\/orthobel\" \/>\n<meta property=\"article:published_time\" content=\"2014-11-12T17:10:36+00:00\" \/>\n<meta property=\"article:modified_time\" content=\"2017-11-15T12:06:40+00:00\" \/>\n<meta property=\"og:image\" content=\"https:\/\/orthodoxia.be\/wp-content\/uploads\/2025\/02\/Orthobel.jpg\" \/>\n\t<meta property=\"og:image:width\" content=\"1200\" \/>\n\t<meta property=\"og:image:height\" content=\"675\" \/>\n\t<meta property=\"og:image:type\" content=\"image\/jpeg\" \/>\n<meta name=\"author\" content=\"\u0391\u03c1\u03c7\u03b5\u03af\u03bf \u03a3\u03c5\u03bd\u03b5\u03c1\u03b3\u03b1\u03c4\u03ce\u03bd\" \/>\n<meta name=\"twitter:card\" content=\"summary_large_image\" \/>\n<meta name=\"twitter:creator\" content=\"@orthobel\" \/>\n<meta name=\"twitter:site\" content=\"@orthobel\" \/>\n<meta name=\"twitter:label1\" content=\"Geschreven door\" \/>\n\t<meta name=\"twitter:data1\" content=\"\u0391\u03c1\u03c7\u03b5\u03af\u03bf \u03a3\u03c5\u03bd\u03b5\u03c1\u03b3\u03b1\u03c4\u03ce\u03bd\" \/>\n\t<meta name=\"twitter:label2\" content=\"Geschatte leestijd\" \/>\n\t<meta name=\"twitter:data2\" content=\"2 minuten\" \/>\n<script type=\"application\/ld+json\" class=\"yoast-schema-graph\">{\"@context\":\"https:\/\/schema.org\",\"@graph\":[{\"@type\":\"Article\",\"@id\":\"https:\/\/orthodoxia.be\/nl\/2014\/11\/12\/verklaring-van-de-orthodoxe-bisschoppenconferentie-van-de-benelux-obb-ceob\/#article\",\"isPartOf\":{\"@id\":\"https:\/\/orthodoxia.be\/nl\/2014\/11\/12\/verklaring-van-de-orthodoxe-bisschoppenconferentie-van-de-benelux-obb-ceob\/\"},\"author\":{\"name\":\"\u0391\u03c1\u03c7\u03b5\u03af\u03bf \u03a3\u03c5\u03bd\u03b5\u03c1\u03b3\u03b1\u03c4\u03ce\u03bd\",\"@id\":\"https:\/\/orthodoxia.be\/#\/schema\/person\/4641c70600fbb1aac968996a0ef6d284\"},\"headline\":\"VERKLARING VAN DE ORTHODOXE BISSCHOPPENCONFERENTIE VAN DE BENELUX (OBB-CEOB)\",\"datePublished\":\"2014-11-12T17:10:36+00:00\",\"dateModified\":\"2017-11-15T12:06:40+00:00\",\"mainEntityOfPage\":{\"@id\":\"https:\/\/orthodoxia.be\/nl\/2014\/11\/12\/verklaring-van-de-orthodoxe-bisschoppenconferentie-van-de-benelux-obb-ceob\/\"},\"wordCount\":333,\"commentCount\":0,\"publisher\":{\"@id\":\"https:\/\/orthodoxia.be\/#organization\"},\"articleSection\":[\"Actualiteit\",\"Orthodoxe Bisschoppenconferentie van de Benelux\"],\"inLanguage\":\"nl-BE\",\"potentialAction\":[{\"@type\":\"CommentAction\",\"name\":\"Comment\",\"target\":[\"https:\/\/orthodoxia.be\/nl\/2014\/11\/12\/verklaring-van-de-orthodoxe-bisschoppenconferentie-van-de-benelux-obb-ceob\/#respond\"]}]},{\"@type\":\"WebPage\",\"@id\":\"https:\/\/orthodoxia.be\/nl\/2014\/11\/12\/verklaring-van-de-orthodoxe-bisschoppenconferentie-van-de-benelux-obb-ceob\/\",\"url\":\"https:\/\/orthodoxia.be\/nl\/2014\/11\/12\/verklaring-van-de-orthodoxe-bisschoppenconferentie-van-de-benelux-obb-ceob\/\",\"name\":\"VERKLARING VAN DE ORTHODOXE BISSCHOPPENCONFERENTIE VAN DE BENELUX (OBB-CEOB) - Orthodox Aartsbisdom van Belgi\u00eb\",\"isPartOf\":{\"@id\":\"https:\/\/orthodoxia.be\/#website\"},\"datePublished\":\"2014-11-12T17:10:36+00:00\",\"dateModified\":\"2017-11-15T12:06:40+00:00\",\"breadcrumb\":{\"@id\":\"https:\/\/orthodoxia.be\/nl\/2014\/11\/12\/verklaring-van-de-orthodoxe-bisschoppenconferentie-van-de-benelux-obb-ceob\/#breadcrumb\"},\"inLanguage\":\"nl-BE\",\"potentialAction\":[{\"@type\":\"ReadAction\",\"target\":[\"https:\/\/orthodoxia.be\/nl\/2014\/11\/12\/verklaring-van-de-orthodoxe-bisschoppenconferentie-van-de-benelux-obb-ceob\/\"]}]},{\"@type\":\"BreadcrumbList\",\"@id\":\"https:\/\/orthodoxia.be\/nl\/2014\/11\/12\/verklaring-van-de-orthodoxe-bisschoppenconferentie-van-de-benelux-obb-ceob\/#breadcrumb\",\"itemListElement\":[{\"@type\":\"ListItem\",\"position\":1,\"name\":\"Home\",\"item\":\"https:\/\/orthodoxia.be\/nl\/\"},{\"@type\":\"ListItem\",\"position\":2,\"name\":\"VERKLARING VAN DE ORTHODOXE BISSCHOPPENCONFERENTIE VAN DE BENELUX (OBB-CEOB)\"}]},{\"@type\":\"WebSite\",\"@id\":\"https:\/\/orthodoxia.be\/#website\",\"url\":\"https:\/\/orthodoxia.be\/\",\"name\":\"Orthodox Archdiocese of Belgium (Benelux)\",\"description\":\"Exarch of the Nederland en Luxemburg\",\"publisher\":{\"@id\":\"https:\/\/orthodoxia.be\/#organization\"},\"alternateName\":\"IMB\",\"potentialAction\":[{\"@type\":\"SearchAction\",\"target\":{\"@type\":\"EntryPoint\",\"urlTemplate\":\"https:\/\/orthodoxia.be\/?s={search_term_string}\"},\"query-input\":{\"@type\":\"PropertyValueSpecification\",\"valueRequired\":true,\"valueName\":\"search_term_string\"}}],\"inLanguage\":\"nl-BE\"},{\"@type\":\"Organization\",\"@id\":\"https:\/\/orthodoxia.be\/#organization\",\"name\":\"Orthodox Archdiocese of Belgium (Benelux)\",\"url\":\"https:\/\/orthodoxia.be\/\",\"logo\":{\"@type\":\"ImageObject\",\"inLanguage\":\"nl-BE\",\"@id\":\"https:\/\/orthodoxia.be\/#\/schema\/logo\/image\/\",\"url\":\"https:\/\/orthodoxia.be\/wp-content\/uploads\/2024\/02\/cropped-IMB-logo-512-cl-1.png\",\"contentUrl\":\"https:\/\/orthodoxia.be\/wp-content\/uploads\/2024\/02\/cropped-IMB-logo-512-cl-1.png\",\"width\":512,\"height\":512,\"caption\":\"Orthodox Archdiocese of Belgium (Benelux)\"},\"image\":{\"@id\":\"https:\/\/orthodoxia.be\/#\/schema\/logo\/image\/\"},\"sameAs\":[\"https:\/\/www.facebook.com\/orthobel\",\"https:\/\/x.com\/orthobel\",\"https:\/\/www.youtube.com\/c\/orthobel\",\"https:\/\/www.mixcloud.com\/orthobel\/\",\"https:\/\/www.flickr.com\/photos\/148264890@N07\/albums\",\"https:\/\/www.dailymotion.com\/Orthobel\"]},{\"@type\":\"Person\",\"@id\":\"https:\/\/orthodoxia.be\/#\/schema\/person\/4641c70600fbb1aac968996a0ef6d284\",\"name\":\"\u0391\u03c1\u03c7\u03b5\u03af\u03bf \u03a3\u03c5\u03bd\u03b5\u03c1\u03b3\u03b1\u03c4\u03ce\u03bd\",\"image\":{\"@type\":\"ImageObject\",\"inLanguage\":\"nl-BE\",\"@id\":\"https:\/\/orthodoxia.be\/#\/schema\/person\/image\/\",\"url\":\"https:\/\/secure.gravatar.com\/avatar\/0bf791bec6a55758e3ee18a1fc90f09b?s=96&d=mm&r=g\",\"contentUrl\":\"https:\/\/secure.gravatar.com\/avatar\/0bf791bec6a55758e3ee18a1fc90f09b?s=96&d=mm&r=g\",\"caption\":\"\u0391\u03c1\u03c7\u03b5\u03af\u03bf \u03a3\u03c5\u03bd\u03b5\u03c1\u03b3\u03b1\u03c4\u03ce\u03bd\"},\"url\":\"https:\/\/orthodoxia.be\/nl\/author\/archives\/\"}]}<\/script>\n<!-- \/ Yoast SEO plugin. -->","yoast_head_json":{"title":"VERKLARING VAN DE ORTHODOXE BISSCHOPPENCONFERENTIE VAN DE BENELUX (OBB-CEOB) - Orthodox Aartsbisdom van Belgi\u00eb","robots":{"index":"index","follow":"follow","max-snippet":"max-snippet:-1","max-image-preview":"max-image-preview:large","max-video-preview":"max-video-preview:-1"},"canonical":"https:\/\/orthodoxia.be\/nl\/2014\/11\/12\/verklaring-van-de-orthodoxe-bisschoppenconferentie-van-de-benelux-obb-ceob\/","og_locale":"nl_BE","og_type":"article","og_title":"VERKLARING VAN DE ORTHODOXE BISSCHOPPENCONFERENTIE VAN DE BENELUX (OBB-CEOB) - Orthodox Aartsbisdom van Belgi\u00eb","og_description":"Brussel &#8211; Woensdag 12 november 2014 is de Orthodoxe Bisschoppenconferentie van de Benelux (OBB) voor de achtste keer samengekomen op de zetel van het Orthodox Aartsbisdom van Belgi\u00eb, Charbolaan 71. Ze werd voorgezeten door Zijne Eminentie Metropoliet Athenagoras van Belgi\u00eb (Oecumenisch Patriarchaat). Vicevoorzitter Aartsbisschop Simon (Patriarchaat van Moskou), Bisschop Marc (plaatsvervanger van Metropoliet Iosif &#8211; &hellip; Continued","og_url":"https:\/\/orthodoxia.be\/nl\/2014\/11\/12\/verklaring-van-de-orthodoxe-bisschoppenconferentie-van-de-benelux-obb-ceob\/","og_site_name":"Orthodox Aartsbisdom van Belgi\u00eb","article_publisher":"https:\/\/www.facebook.com\/orthobel","article_published_time":"2014-11-12T17:10:36+00:00","article_modified_time":"2017-11-15T12:06:40+00:00","og_image":[{"width":1200,"height":675,"url":"https:\/\/orthodoxia.be\/wp-content\/uploads\/2025\/02\/Orthobel.jpg","type":"image\/jpeg"}],"author":"\u0391\u03c1\u03c7\u03b5\u03af\u03bf \u03a3\u03c5\u03bd\u03b5\u03c1\u03b3\u03b1\u03c4\u03ce\u03bd","twitter_card":"summary_large_image","twitter_creator":"@orthobel","twitter_site":"@orthobel","twitter_misc":{"Geschreven door":"\u0391\u03c1\u03c7\u03b5\u03af\u03bf \u03a3\u03c5\u03bd\u03b5\u03c1\u03b3\u03b1\u03c4\u03ce\u03bd","Geschatte leestijd":"2 minuten"},"schema":{"@context":"https:\/\/schema.org","@graph":[{"@type":"Article","@id":"https:\/\/orthodoxia.be\/nl\/2014\/11\/12\/verklaring-van-de-orthodoxe-bisschoppenconferentie-van-de-benelux-obb-ceob\/#article","isPartOf":{"@id":"https:\/\/orthodoxia.be\/nl\/2014\/11\/12\/verklaring-van-de-orthodoxe-bisschoppenconferentie-van-de-benelux-obb-ceob\/"},"author":{"name":"\u0391\u03c1\u03c7\u03b5\u03af\u03bf \u03a3\u03c5\u03bd\u03b5\u03c1\u03b3\u03b1\u03c4\u03ce\u03bd","@id":"https:\/\/orthodoxia.be\/#\/schema\/person\/4641c70600fbb1aac968996a0ef6d284"},"headline":"VERKLARING VAN DE ORTHODOXE BISSCHOPPENCONFERENTIE VAN DE BENELUX (OBB-CEOB)","datePublished":"2014-11-12T17:10:36+00:00","dateModified":"2017-11-15T12:06:40+00:00","mainEntityOfPage":{"@id":"https:\/\/orthodoxia.be\/nl\/2014\/11\/12\/verklaring-van-de-orthodoxe-bisschoppenconferentie-van-de-benelux-obb-ceob\/"},"wordCount":333,"commentCount":0,"publisher":{"@id":"https:\/\/orthodoxia.be\/#organization"},"articleSection":["Actualiteit","Orthodoxe Bisschoppenconferentie van de Benelux"],"inLanguage":"nl-BE","potentialAction":[{"@type":"CommentAction","name":"Comment","target":["https:\/\/orthodoxia.be\/nl\/2014\/11\/12\/verklaring-van-de-orthodoxe-bisschoppenconferentie-van-de-benelux-obb-ceob\/#respond"]}]},{"@type":"WebPage","@id":"https:\/\/orthodoxia.be\/nl\/2014\/11\/12\/verklaring-van-de-orthodoxe-bisschoppenconferentie-van-de-benelux-obb-ceob\/","url":"https:\/\/orthodoxia.be\/nl\/2014\/11\/12\/verklaring-van-de-orthodoxe-bisschoppenconferentie-van-de-benelux-obb-ceob\/","name":"VERKLARING VAN DE ORTHODOXE BISSCHOPPENCONFERENTIE VAN DE BENELUX (OBB-CEOB) - Orthodox Aartsbisdom van Belgi\u00eb","isPartOf":{"@id":"https:\/\/orthodoxia.be\/#website"},"datePublished":"2014-11-12T17:10:36+00:00","dateModified":"2017-11-15T12:06:40+00:00","breadcrumb":{"@id":"https:\/\/orthodoxia.be\/nl\/2014\/11\/12\/verklaring-van-de-orthodoxe-bisschoppenconferentie-van-de-benelux-obb-ceob\/#breadcrumb"},"inLanguage":"nl-BE","potentialAction":[{"@type":"ReadAction","target":["https:\/\/orthodoxia.be\/nl\/2014\/11\/12\/verklaring-van-de-orthodoxe-bisschoppenconferentie-van-de-benelux-obb-ceob\/"]}]},{"@type":"BreadcrumbList","@id":"https:\/\/orthodoxia.be\/nl\/2014\/11\/12\/verklaring-van-de-orthodoxe-bisschoppenconferentie-van-de-benelux-obb-ceob\/#breadcrumb","itemListElement":[{"@type":"ListItem","position":1,"name":"Home","item":"https:\/\/orthodoxia.be\/nl\/"},{"@type":"ListItem","position":2,"name":"VERKLARING VAN DE ORTHODOXE BISSCHOPPENCONFERENTIE VAN DE BENELUX (OBB-CEOB)"}]},{"@type":"WebSite","@id":"https:\/\/orthodoxia.be\/#website","url":"https:\/\/orthodoxia.be\/","name":"Orthodox Archdiocese of Belgium (Benelux)","description":"Exarch of the Nederland en Luxemburg","publisher":{"@id":"https:\/\/orthodoxia.be\/#organization"},"alternateName":"IMB","potentialAction":[{"@type":"SearchAction","target":{"@type":"EntryPoint","urlTemplate":"https:\/\/orthodoxia.be\/?s={search_term_string}"},"query-input":{"@type":"PropertyValueSpecification","valueRequired":true,"valueName":"search_term_string"}}],"inLanguage":"nl-BE"},{"@type":"Organization","@id":"https:\/\/orthodoxia.be\/#organization","name":"Orthodox Archdiocese of Belgium (Benelux)","url":"https:\/\/orthodoxia.be\/","logo":{"@type":"ImageObject","inLanguage":"nl-BE","@id":"https:\/\/orthodoxia.be\/#\/schema\/logo\/image\/","url":"https:\/\/orthodoxia.be\/wp-content\/uploads\/2024\/02\/cropped-IMB-logo-512-cl-1.png","contentUrl":"https:\/\/orthodoxia.be\/wp-content\/uploads\/2024\/02\/cropped-IMB-logo-512-cl-1.png","width":512,"height":512,"caption":"Orthodox Archdiocese of Belgium (Benelux)"},"image":{"@id":"https:\/\/orthodoxia.be\/#\/schema\/logo\/image\/"},"sameAs":["https:\/\/www.facebook.com\/orthobel","https:\/\/x.com\/orthobel","https:\/\/www.youtube.com\/c\/orthobel","https:\/\/www.mixcloud.com\/orthobel\/","https:\/\/www.flickr.com\/photos\/148264890@N07\/albums","https:\/\/www.dailymotion.com\/Orthobel"]},{"@type":"Person","@id":"https:\/\/orthodoxia.be\/#\/schema\/person\/4641c70600fbb1aac968996a0ef6d284","name":"\u0391\u03c1\u03c7\u03b5\u03af\u03bf \u03a3\u03c5\u03bd\u03b5\u03c1\u03b3\u03b1\u03c4\u03ce\u03bd","image":{"@type":"ImageObject","inLanguage":"nl-BE","@id":"https:\/\/orthodoxia.be\/#\/schema\/person\/image\/","url":"https:\/\/secure.gravatar.com\/avatar\/0bf791bec6a55758e3ee18a1fc90f09b?s=96&d=mm&r=g","contentUrl":"https:\/\/secure.gravatar.com\/avatar\/0bf791bec6a55758e3ee18a1fc90f09b?s=96&d=mm&r=g","caption":"\u0391\u03c1\u03c7\u03b5\u03af\u03bf \u03a3\u03c5\u03bd\u03b5\u03c1\u03b3\u03b1\u03c4\u03ce\u03bd"},"url":"https:\/\/orthodoxia.be\/nl\/author\/archives\/"}]}},"_links":{"self":[{"href":"https:\/\/orthodoxia.be\/nl\/wp-json\/wp\/v2\/posts\/4750","targetHints":{"allow":["GET"]}}],"collection":[{"href":"https:\/\/orthodoxia.be\/nl\/wp-json\/wp\/v2\/posts"}],"about":[{"href":"https:\/\/orthodoxia.be\/nl\/wp-json\/wp\/v2\/types\/post"}],"author":[{"embeddable":true,"href":"https:\/\/orthodoxia.be\/nl\/wp-json\/wp\/v2\/users\/12"}],"replies":[{"embeddable":true,"href":"https:\/\/orthodoxia.be\/nl\/wp-json\/wp\/v2\/comments?post=4750"}],"version-history":[{"count":1,"href":"https:\/\/orthodoxia.be\/nl\/wp-json\/wp\/v2\/posts\/4750\/revisions"}],"predecessor-version":[{"id":4751,"href":"https:\/\/orthodoxia.be\/nl\/wp-json\/wp\/v2\/posts\/4750\/revisions\/4751"}],"wp:attachment":[{"href":"https:\/\/orthodoxia.be\/nl\/wp-json\/wp\/v2\/media?parent=4750"}],"wp:term":[{"taxonomy":"category","embeddable":true,"href":"https:\/\/orthodoxia.be\/nl\/wp-json\/wp\/v2\/categories?post=4750"},{"taxonomy":"post_tag","embeddable":true,"href":"https:\/\/orthodoxia.be\/nl\/wp-json\/wp\/v2\/tags?post=4750"}],"curies":[{"name":"wp","href":"https:\/\/api.w.org\/{rel}","templated":true}]}}