{"id":4797,"date":"2012-12-05T22:30:37","date_gmt":"2012-12-05T21:30:37","guid":{"rendered":"http:\/\/new.orthodoxia.be\/?p=4797"},"modified":"2017-11-21T12:56:30","modified_gmt":"2017-11-21T12:56:30","slug":"in-memoriam-patriarch-ignatios-van-antiochie-geboren-hazim","status":"publish","type":"post","link":"https:\/\/orthodoxia.be\/nl\/2012\/12\/05\/in-memoriam-patriarch-ignatios-van-antiochie-geboren-hazim\/","title":{"rendered":"IN MEMORIAM  PATRIARCH IGNATIOS VAN ANTIOCHI\u00cb (geboren Hazim)"},"content":{"rendered":"<p>Beiroet &#8211; Deze ochtend &#8211; 5 december 2012 &#8211; in het Sint-Jorisziekenhuis te \u00e0 Beiroet, Patriarch Ignatios van Antiochi\u00eb, primaat van het Orthodox Patriarchaat van Antiochi\u00eb, overleden op de leeftijd van 92 jaar. Hij was sinds gisteren in het ziekenhuis opgenomen ten gevolge van een hersenbloeding. Hij bevond zich sindsdien in een comateuse toestand.<\/p>\n<p>De betreurde patriarch werd op 1 april 1920 als Habib Hazim in een Arabische christelijke familie geboren in Mhardeh, nabij de Syrische stad Hama. Hij studeerde literatuurwetenschappen in Beiroet en theologie aan het Orthodox Instituut Sint-Sergius te Parijs. In 1961 werd hij bisschop en later metropoliet van de Syrische stad Lattaquie. In 1988 richtte hij een universiteit op aan het Balamandklooster in het noorden van Libanon. Hij was er jarenlang docent en decaan. De universiteit telt 4.900 studenten en heeft ook een priesteropleiding en een centrum voor islamitisch-christelijke studies.<\/p>\n<p>Door zijn verkiezing tot orthodox patriarch van Antiochi\u00eb, in juli 1979, werd hij meteen ook \u00e9\u00e9n van de belangrijkste christelijke kerkleiders van het Midden-Oosten. Zijn Kerk telt enkele miljoenen gelovigen, die grotendeels in Libanon en Syri\u00eb wonen. In Syri\u00eb vormen de orthodoxe christenen de grootste christelijke gemeenschap. De patriarch stond bekend om zijn inspanningen voor de versterking van de theologische dialoog tussen de Rooms-katholieke en de orthodoxe Kerk. Hij was een felle voorvechter van een gemeenschappelijke paasdatum voor de christelijke Kerken van Oost en West. De voorbije maanden kwam hij ook in het nieuws met zijn herhaaldelijke oproepen tot de Syrische christenen om het land niet te verlaten en zijn aansporingen tot dialoog en verzoening in Syri\u00eb.<\/p>\n<p>De Orthodoxe Kerk van Antiochi\u00eb is de derde in de reeks van 14 autokefale Orthodoxe Kerken.<\/p>\n<p>De begrafenis zal gevierd worden op 9 december in de Sint-Nikolaaskerk in Beiroet (Libanon), terwijl de betreurde patriarch begraven zal worden te Damascus (Syri\u00eb).<\/p>\n<p>&nbsp;<\/p>\n","protected":false},"excerpt":{"rendered":"<p>Beiroet &#8211; Deze ochtend &#8211; 5 december 2012 &#8211; in het Sint-Jorisziekenhuis te \u00e0 Beiroet, Patriarch Ignatios van Antiochi\u00eb, primaat van het Orthodox Patriarchaat van Antiochi\u00eb, overleden op de leeftijd van 92 jaar. Hij was sinds gisteren in het ziekenhuis opgenomen ten gevolge van een hersenbloeding. Hij bevond zich sindsdien in een comateuse toestand. De &hellip; <a href=\"https:\/\/orthodoxia.be\/nl\/2012\/12\/05\/in-memoriam-patriarch-ignatios-van-antiochie-geboren-hazim\/\">Continued<\/a><\/p>\n","protected":false},"author":12,"featured_media":0,"comment_status":"open","ping_status":"open","sticky":false,"template":"","format":"standard","meta":{"_acf_changed":false,"footnotes":""},"categories":[18],"tags":[],"class_list":["post-4797","post","type-post","status-publish","format-standard","hentry","category-actualiteit"],"acf":[],"yoast_head":"<!-- This site is optimized with the Yoast SEO plugin v24.3 - https:\/\/yoast.com\/wordpress\/plugins\/seo\/ -->\n<title>IN MEMORIAM PATRIARCH IGNATIOS VAN ANTIOCHI\u00cb (geboren Hazim) - Orthodox Aartsbisdom van Belgi\u00eb<\/title>\n<meta name=\"robots\" content=\"index, follow, max-snippet:-1, max-image-preview:large, max-video-preview:-1\" \/>\n<link rel=\"canonical\" href=\"https:\/\/orthodoxia.be\/nl\/2012\/12\/05\/in-memoriam-patriarch-ignatios-van-antiochie-geboren-hazim\/\" \/>\n<meta property=\"og:locale\" content=\"nl_BE\" \/>\n<meta property=\"og:type\" content=\"article\" \/>\n<meta property=\"og:title\" content=\"IN MEMORIAM PATRIARCH IGNATIOS VAN ANTIOCHI\u00cb (geboren Hazim) - Orthodox Aartsbisdom van Belgi\u00eb\" \/>\n<meta property=\"og:description\" content=\"Beiroet &#8211; Deze ochtend &#8211; 5 december 2012 &#8211; in het Sint-Jorisziekenhuis te \u00e0 Beiroet, Patriarch Ignatios van Antiochi\u00eb, primaat van het Orthodox Patriarchaat van Antiochi\u00eb, overleden op de leeftijd van 92 jaar. Hij was sinds gisteren in het ziekenhuis opgenomen ten gevolge van een hersenbloeding. Hij bevond zich sindsdien in een comateuse toestand. De &hellip; Continued\" \/>\n<meta property=\"og:url\" content=\"https:\/\/orthodoxia.be\/nl\/2012\/12\/05\/in-memoriam-patriarch-ignatios-van-antiochie-geboren-hazim\/\" \/>\n<meta property=\"og:site_name\" content=\"Orthodox Aartsbisdom van Belgi\u00eb\" \/>\n<meta property=\"article:publisher\" content=\"https:\/\/www.facebook.com\/orthobel\" \/>\n<meta property=\"article:published_time\" content=\"2012-12-05T21:30:37+00:00\" \/>\n<meta property=\"article:modified_time\" content=\"2017-11-21T12:56:30+00:00\" \/>\n<meta property=\"og:image\" content=\"https:\/\/orthodoxia.be\/wp-content\/uploads\/2025\/02\/Orthobel.jpg\" \/>\n\t<meta property=\"og:image:width\" content=\"1200\" \/>\n\t<meta property=\"og:image:height\" content=\"675\" \/>\n\t<meta property=\"og:image:type\" content=\"image\/jpeg\" \/>\n<meta name=\"author\" content=\"\u0391\u03c1\u03c7\u03b5\u03af\u03bf \u03a3\u03c5\u03bd\u03b5\u03c1\u03b3\u03b1\u03c4\u03ce\u03bd\" \/>\n<meta name=\"twitter:card\" content=\"summary_large_image\" \/>\n<meta name=\"twitter:creator\" content=\"@orthobel\" \/>\n<meta name=\"twitter:site\" content=\"@orthobel\" \/>\n<meta name=\"twitter:label1\" content=\"Geschreven door\" \/>\n\t<meta name=\"twitter:data1\" content=\"\u0391\u03c1\u03c7\u03b5\u03af\u03bf \u03a3\u03c5\u03bd\u03b5\u03c1\u03b3\u03b1\u03c4\u03ce\u03bd\" \/>\n\t<meta name=\"twitter:label2\" content=\"Geschatte leestijd\" \/>\n\t<meta name=\"twitter:data2\" content=\"1 minuut\" \/>\n<script type=\"application\/ld+json\" class=\"yoast-schema-graph\">{\"@context\":\"https:\/\/schema.org\",\"@graph\":[{\"@type\":\"Article\",\"@id\":\"https:\/\/orthodoxia.be\/nl\/2012\/12\/05\/in-memoriam-patriarch-ignatios-van-antiochie-geboren-hazim\/#article\",\"isPartOf\":{\"@id\":\"https:\/\/orthodoxia.be\/nl\/2012\/12\/05\/in-memoriam-patriarch-ignatios-van-antiochie-geboren-hazim\/\"},\"author\":{\"name\":\"\u0391\u03c1\u03c7\u03b5\u03af\u03bf \u03a3\u03c5\u03bd\u03b5\u03c1\u03b3\u03b1\u03c4\u03ce\u03bd\",\"@id\":\"https:\/\/orthodoxia.be\/#\/schema\/person\/4641c70600fbb1aac968996a0ef6d284\"},\"headline\":\"IN MEMORIAM PATRIARCH IGNATIOS VAN ANTIOCHI\u00cb (geboren Hazim)\",\"datePublished\":\"2012-12-05T21:30:37+00:00\",\"dateModified\":\"2017-11-21T12:56:30+00:00\",\"mainEntityOfPage\":{\"@id\":\"https:\/\/orthodoxia.be\/nl\/2012\/12\/05\/in-memoriam-patriarch-ignatios-van-antiochie-geboren-hazim\/\"},\"wordCount\":297,\"commentCount\":0,\"publisher\":{\"@id\":\"https:\/\/orthodoxia.be\/#organization\"},\"articleSection\":[\"Actualiteit\"],\"inLanguage\":\"nl-BE\",\"potentialAction\":[{\"@type\":\"CommentAction\",\"name\":\"Comment\",\"target\":[\"https:\/\/orthodoxia.be\/nl\/2012\/12\/05\/in-memoriam-patriarch-ignatios-van-antiochie-geboren-hazim\/#respond\"]}]},{\"@type\":\"WebPage\",\"@id\":\"https:\/\/orthodoxia.be\/nl\/2012\/12\/05\/in-memoriam-patriarch-ignatios-van-antiochie-geboren-hazim\/\",\"url\":\"https:\/\/orthodoxia.be\/nl\/2012\/12\/05\/in-memoriam-patriarch-ignatios-van-antiochie-geboren-hazim\/\",\"name\":\"IN MEMORIAM PATRIARCH IGNATIOS VAN ANTIOCHI\u00cb (geboren Hazim) - Orthodox Aartsbisdom van Belgi\u00eb\",\"isPartOf\":{\"@id\":\"https:\/\/orthodoxia.be\/#website\"},\"datePublished\":\"2012-12-05T21:30:37+00:00\",\"dateModified\":\"2017-11-21T12:56:30+00:00\",\"breadcrumb\":{\"@id\":\"https:\/\/orthodoxia.be\/nl\/2012\/12\/05\/in-memoriam-patriarch-ignatios-van-antiochie-geboren-hazim\/#breadcrumb\"},\"inLanguage\":\"nl-BE\",\"potentialAction\":[{\"@type\":\"ReadAction\",\"target\":[\"https:\/\/orthodoxia.be\/nl\/2012\/12\/05\/in-memoriam-patriarch-ignatios-van-antiochie-geboren-hazim\/\"]}]},{\"@type\":\"BreadcrumbList\",\"@id\":\"https:\/\/orthodoxia.be\/nl\/2012\/12\/05\/in-memoriam-patriarch-ignatios-van-antiochie-geboren-hazim\/#breadcrumb\",\"itemListElement\":[{\"@type\":\"ListItem\",\"position\":1,\"name\":\"Home\",\"item\":\"https:\/\/orthodoxia.be\/nl\/\"},{\"@type\":\"ListItem\",\"position\":2,\"name\":\"IN MEMORIAM PATRIARCH IGNATIOS VAN ANTIOCHI\u00cb (geboren Hazim)\"}]},{\"@type\":\"WebSite\",\"@id\":\"https:\/\/orthodoxia.be\/#website\",\"url\":\"https:\/\/orthodoxia.be\/\",\"name\":\"Orthodox Archdiocese of Belgium (Benelux)\",\"description\":\"Exarch of the Nederland en Luxemburg\",\"publisher\":{\"@id\":\"https:\/\/orthodoxia.be\/#organization\"},\"alternateName\":\"IMB\",\"potentialAction\":[{\"@type\":\"SearchAction\",\"target\":{\"@type\":\"EntryPoint\",\"urlTemplate\":\"https:\/\/orthodoxia.be\/?s={search_term_string}\"},\"query-input\":{\"@type\":\"PropertyValueSpecification\",\"valueRequired\":true,\"valueName\":\"search_term_string\"}}],\"inLanguage\":\"nl-BE\"},{\"@type\":\"Organization\",\"@id\":\"https:\/\/orthodoxia.be\/#organization\",\"name\":\"Orthodox Archdiocese of Belgium (Benelux)\",\"url\":\"https:\/\/orthodoxia.be\/\",\"logo\":{\"@type\":\"ImageObject\",\"inLanguage\":\"nl-BE\",\"@id\":\"https:\/\/orthodoxia.be\/#\/schema\/logo\/image\/\",\"url\":\"https:\/\/orthodoxia.be\/wp-content\/uploads\/2024\/02\/cropped-IMB-logo-512-cl-1.png\",\"contentUrl\":\"https:\/\/orthodoxia.be\/wp-content\/uploads\/2024\/02\/cropped-IMB-logo-512-cl-1.png\",\"width\":512,\"height\":512,\"caption\":\"Orthodox Archdiocese of Belgium (Benelux)\"},\"image\":{\"@id\":\"https:\/\/orthodoxia.be\/#\/schema\/logo\/image\/\"},\"sameAs\":[\"https:\/\/www.facebook.com\/orthobel\",\"https:\/\/x.com\/orthobel\",\"https:\/\/www.youtube.com\/c\/orthobel\",\"https:\/\/www.mixcloud.com\/orthobel\/\",\"https:\/\/www.flickr.com\/photos\/148264890@N07\/albums\",\"https:\/\/www.dailymotion.com\/Orthobel\"]},{\"@type\":\"Person\",\"@id\":\"https:\/\/orthodoxia.be\/#\/schema\/person\/4641c70600fbb1aac968996a0ef6d284\",\"name\":\"\u0391\u03c1\u03c7\u03b5\u03af\u03bf \u03a3\u03c5\u03bd\u03b5\u03c1\u03b3\u03b1\u03c4\u03ce\u03bd\",\"image\":{\"@type\":\"ImageObject\",\"inLanguage\":\"nl-BE\",\"@id\":\"https:\/\/orthodoxia.be\/#\/schema\/person\/image\/\",\"url\":\"https:\/\/secure.gravatar.com\/avatar\/0bf791bec6a55758e3ee18a1fc90f09b?s=96&d=mm&r=g\",\"contentUrl\":\"https:\/\/secure.gravatar.com\/avatar\/0bf791bec6a55758e3ee18a1fc90f09b?s=96&d=mm&r=g\",\"caption\":\"\u0391\u03c1\u03c7\u03b5\u03af\u03bf \u03a3\u03c5\u03bd\u03b5\u03c1\u03b3\u03b1\u03c4\u03ce\u03bd\"},\"url\":\"https:\/\/orthodoxia.be\/nl\/author\/archives\/\"}]}<\/script>\n<!-- \/ Yoast SEO plugin. -->","yoast_head_json":{"title":"IN MEMORIAM PATRIARCH IGNATIOS VAN ANTIOCHI\u00cb (geboren Hazim) - Orthodox Aartsbisdom van Belgi\u00eb","robots":{"index":"index","follow":"follow","max-snippet":"max-snippet:-1","max-image-preview":"max-image-preview:large","max-video-preview":"max-video-preview:-1"},"canonical":"https:\/\/orthodoxia.be\/nl\/2012\/12\/05\/in-memoriam-patriarch-ignatios-van-antiochie-geboren-hazim\/","og_locale":"nl_BE","og_type":"article","og_title":"IN MEMORIAM PATRIARCH IGNATIOS VAN ANTIOCHI\u00cb (geboren Hazim) - Orthodox Aartsbisdom van Belgi\u00eb","og_description":"Beiroet &#8211; Deze ochtend &#8211; 5 december 2012 &#8211; in het Sint-Jorisziekenhuis te \u00e0 Beiroet, Patriarch Ignatios van Antiochi\u00eb, primaat van het Orthodox Patriarchaat van Antiochi\u00eb, overleden op de leeftijd van 92 jaar. Hij was sinds gisteren in het ziekenhuis opgenomen ten gevolge van een hersenbloeding. Hij bevond zich sindsdien in een comateuse toestand. De &hellip; Continued","og_url":"https:\/\/orthodoxia.be\/nl\/2012\/12\/05\/in-memoriam-patriarch-ignatios-van-antiochie-geboren-hazim\/","og_site_name":"Orthodox Aartsbisdom van Belgi\u00eb","article_publisher":"https:\/\/www.facebook.com\/orthobel","article_published_time":"2012-12-05T21:30:37+00:00","article_modified_time":"2017-11-21T12:56:30+00:00","og_image":[{"width":1200,"height":675,"url":"https:\/\/orthodoxia.be\/wp-content\/uploads\/2025\/02\/Orthobel.jpg","type":"image\/jpeg"}],"author":"\u0391\u03c1\u03c7\u03b5\u03af\u03bf \u03a3\u03c5\u03bd\u03b5\u03c1\u03b3\u03b1\u03c4\u03ce\u03bd","twitter_card":"summary_large_image","twitter_creator":"@orthobel","twitter_site":"@orthobel","twitter_misc":{"Geschreven door":"\u0391\u03c1\u03c7\u03b5\u03af\u03bf \u03a3\u03c5\u03bd\u03b5\u03c1\u03b3\u03b1\u03c4\u03ce\u03bd","Geschatte leestijd":"1 minuut"},"schema":{"@context":"https:\/\/schema.org","@graph":[{"@type":"Article","@id":"https:\/\/orthodoxia.be\/nl\/2012\/12\/05\/in-memoriam-patriarch-ignatios-van-antiochie-geboren-hazim\/#article","isPartOf":{"@id":"https:\/\/orthodoxia.be\/nl\/2012\/12\/05\/in-memoriam-patriarch-ignatios-van-antiochie-geboren-hazim\/"},"author":{"name":"\u0391\u03c1\u03c7\u03b5\u03af\u03bf \u03a3\u03c5\u03bd\u03b5\u03c1\u03b3\u03b1\u03c4\u03ce\u03bd","@id":"https:\/\/orthodoxia.be\/#\/schema\/person\/4641c70600fbb1aac968996a0ef6d284"},"headline":"IN MEMORIAM PATRIARCH IGNATIOS VAN ANTIOCHI\u00cb (geboren Hazim)","datePublished":"2012-12-05T21:30:37+00:00","dateModified":"2017-11-21T12:56:30+00:00","mainEntityOfPage":{"@id":"https:\/\/orthodoxia.be\/nl\/2012\/12\/05\/in-memoriam-patriarch-ignatios-van-antiochie-geboren-hazim\/"},"wordCount":297,"commentCount":0,"publisher":{"@id":"https:\/\/orthodoxia.be\/#organization"},"articleSection":["Actualiteit"],"inLanguage":"nl-BE","potentialAction":[{"@type":"CommentAction","name":"Comment","target":["https:\/\/orthodoxia.be\/nl\/2012\/12\/05\/in-memoriam-patriarch-ignatios-van-antiochie-geboren-hazim\/#respond"]}]},{"@type":"WebPage","@id":"https:\/\/orthodoxia.be\/nl\/2012\/12\/05\/in-memoriam-patriarch-ignatios-van-antiochie-geboren-hazim\/","url":"https:\/\/orthodoxia.be\/nl\/2012\/12\/05\/in-memoriam-patriarch-ignatios-van-antiochie-geboren-hazim\/","name":"IN MEMORIAM PATRIARCH IGNATIOS VAN ANTIOCHI\u00cb (geboren Hazim) - Orthodox Aartsbisdom van Belgi\u00eb","isPartOf":{"@id":"https:\/\/orthodoxia.be\/#website"},"datePublished":"2012-12-05T21:30:37+00:00","dateModified":"2017-11-21T12:56:30+00:00","breadcrumb":{"@id":"https:\/\/orthodoxia.be\/nl\/2012\/12\/05\/in-memoriam-patriarch-ignatios-van-antiochie-geboren-hazim\/#breadcrumb"},"inLanguage":"nl-BE","potentialAction":[{"@type":"ReadAction","target":["https:\/\/orthodoxia.be\/nl\/2012\/12\/05\/in-memoriam-patriarch-ignatios-van-antiochie-geboren-hazim\/"]}]},{"@type":"BreadcrumbList","@id":"https:\/\/orthodoxia.be\/nl\/2012\/12\/05\/in-memoriam-patriarch-ignatios-van-antiochie-geboren-hazim\/#breadcrumb","itemListElement":[{"@type":"ListItem","position":1,"name":"Home","item":"https:\/\/orthodoxia.be\/nl\/"},{"@type":"ListItem","position":2,"name":"IN MEMORIAM PATRIARCH IGNATIOS VAN ANTIOCHI\u00cb (geboren Hazim)"}]},{"@type":"WebSite","@id":"https:\/\/orthodoxia.be\/#website","url":"https:\/\/orthodoxia.be\/","name":"Orthodox Archdiocese of Belgium (Benelux)","description":"Exarch of the Nederland en Luxemburg","publisher":{"@id":"https:\/\/orthodoxia.be\/#organization"},"alternateName":"IMB","potentialAction":[{"@type":"SearchAction","target":{"@type":"EntryPoint","urlTemplate":"https:\/\/orthodoxia.be\/?s={search_term_string}"},"query-input":{"@type":"PropertyValueSpecification","valueRequired":true,"valueName":"search_term_string"}}],"inLanguage":"nl-BE"},{"@type":"Organization","@id":"https:\/\/orthodoxia.be\/#organization","name":"Orthodox Archdiocese of Belgium (Benelux)","url":"https:\/\/orthodoxia.be\/","logo":{"@type":"ImageObject","inLanguage":"nl-BE","@id":"https:\/\/orthodoxia.be\/#\/schema\/logo\/image\/","url":"https:\/\/orthodoxia.be\/wp-content\/uploads\/2024\/02\/cropped-IMB-logo-512-cl-1.png","contentUrl":"https:\/\/orthodoxia.be\/wp-content\/uploads\/2024\/02\/cropped-IMB-logo-512-cl-1.png","width":512,"height":512,"caption":"Orthodox Archdiocese of Belgium (Benelux)"},"image":{"@id":"https:\/\/orthodoxia.be\/#\/schema\/logo\/image\/"},"sameAs":["https:\/\/www.facebook.com\/orthobel","https:\/\/x.com\/orthobel","https:\/\/www.youtube.com\/c\/orthobel","https:\/\/www.mixcloud.com\/orthobel\/","https:\/\/www.flickr.com\/photos\/148264890@N07\/albums","https:\/\/www.dailymotion.com\/Orthobel"]},{"@type":"Person","@id":"https:\/\/orthodoxia.be\/#\/schema\/person\/4641c70600fbb1aac968996a0ef6d284","name":"\u0391\u03c1\u03c7\u03b5\u03af\u03bf \u03a3\u03c5\u03bd\u03b5\u03c1\u03b3\u03b1\u03c4\u03ce\u03bd","image":{"@type":"ImageObject","inLanguage":"nl-BE","@id":"https:\/\/orthodoxia.be\/#\/schema\/person\/image\/","url":"https:\/\/secure.gravatar.com\/avatar\/0bf791bec6a55758e3ee18a1fc90f09b?s=96&d=mm&r=g","contentUrl":"https:\/\/secure.gravatar.com\/avatar\/0bf791bec6a55758e3ee18a1fc90f09b?s=96&d=mm&r=g","caption":"\u0391\u03c1\u03c7\u03b5\u03af\u03bf \u03a3\u03c5\u03bd\u03b5\u03c1\u03b3\u03b1\u03c4\u03ce\u03bd"},"url":"https:\/\/orthodoxia.be\/nl\/author\/archives\/"}]}},"_links":{"self":[{"href":"https:\/\/orthodoxia.be\/nl\/wp-json\/wp\/v2\/posts\/4797","targetHints":{"allow":["GET"]}}],"collection":[{"href":"https:\/\/orthodoxia.be\/nl\/wp-json\/wp\/v2\/posts"}],"about":[{"href":"https:\/\/orthodoxia.be\/nl\/wp-json\/wp\/v2\/types\/post"}],"author":[{"embeddable":true,"href":"https:\/\/orthodoxia.be\/nl\/wp-json\/wp\/v2\/users\/12"}],"replies":[{"embeddable":true,"href":"https:\/\/orthodoxia.be\/nl\/wp-json\/wp\/v2\/comments?post=4797"}],"version-history":[{"count":1,"href":"https:\/\/orthodoxia.be\/nl\/wp-json\/wp\/v2\/posts\/4797\/revisions"}],"predecessor-version":[{"id":4798,"href":"https:\/\/orthodoxia.be\/nl\/wp-json\/wp\/v2\/posts\/4797\/revisions\/4798"}],"wp:attachment":[{"href":"https:\/\/orthodoxia.be\/nl\/wp-json\/wp\/v2\/media?parent=4797"}],"wp:term":[{"taxonomy":"category","embeddable":true,"href":"https:\/\/orthodoxia.be\/nl\/wp-json\/wp\/v2\/categories?post=4797"},{"taxonomy":"post_tag","embeddable":true,"href":"https:\/\/orthodoxia.be\/nl\/wp-json\/wp\/v2\/tags?post=4797"}],"curies":[{"name":"wp","href":"https:\/\/api.w.org\/{rel}","templated":true}]}}