{"id":4800,"date":"2012-11-13T19:58:08","date_gmt":"2012-11-13T18:58:08","guid":{"rendered":"http:\/\/new.orthodoxia.be\/?p=4800"},"modified":"2017-11-21T09:34:06","modified_gmt":"2017-11-21T09:34:06","slug":"ive-bijeenkomst-van-de-orthodoxe-bisschoppenconferentie-van-de-benelux","status":"publish","type":"post","link":"https:\/\/orthodoxia.be\/nl\/2012\/11\/13\/ive-bijeenkomst-van-de-orthodoxe-bisschoppenconferentie-van-de-benelux\/","title":{"rendered":"IVe BIJEENKOMST VAN DE ORTHODOXE BISSCHOPPENCONFERENTIE VAN DE BENELUX"},"content":{"rendered":"<p>Brussel &#8211; De Orthodoxe Bisschoppenconferentie van de Benelux (OBB) is op dinsdag 13 november 2012 in vergadering bijeengekomen, te Brussel, in de zetel van het Orthodox Aartsbisdom, Charbolaan 71, en onder het voorzitterschap van Zijne Eminentie Metropoliet Panteleimon van Belgi\u00eb (Oecumenisch Patriarchaat). Naast de voorzitter waren aanwezig : Aartsbisschop Simon, onder-voorzitter (Patriarchaat van Moskou), Aartsbisschop Gabri\u00ebl van Komana, (Exarch van de parochies van Russische traditie van het Oecumenisch Patriarchaat), Bisschop Luka (Patriarchaat van Servi\u00eb), Metropoliet Joseph, penningmeester (Patriarchaat van Roemeni\u00eb), Aartsbisschop Michel (Russische Kerk buiten de grenzen &#8211; Patriarchaat van Moskou), Bisschop Maximos van Evmenia (Oecumenisch Patriarchaat) en Bisschop Athenagoras van Sinope, secretaris (Oecumenisch Patriarchaat).<\/p>\n<p>Het betreft de vierde bijeenkomst van de OBB sinds haar oprichting in juni 2010. De leden van de Bisschoppenconferentie hebben allereerst hun droefheid betuigd bij het recent overlijden van Zijne Gelukzaligheid Patriarch Maxim van Bulgarije en gebeden voor zijn eeuwige zielerust. Vervolgens hebben de hi\u00ebrarchen-leden van de Bisschoppenconferentie samen gezocht naar mogelijkheden om hun \u00e9\u00e9nheid op pastoraal vlak nog te versterken, vooral door gezamenlijk getuigenis af te leggen van een effectieve \u00e9\u00e9nheid van de Orthodoxie in de drie landen van de Benelux en door hun inspanningen hiervoor nog beter te co\u00f6rdineren.<\/p>\n<p>De laatste ontwikkelingen met betrekking tot de aanwezigheid en de organisatie van de Orthodoxe Kerk in Nederland stond nogmaals in het centrum van de belangstelling op de vergadering van de Bisschoppenconferentie. Het statuut van de Orthodoxe Kerk in Nederland werd goedgekeurd en de offici\u00eble benaming van de Orthodoxe Kerk in Nederland is voortaan \u00abOrthodoxe Kerk in Nederland\u00bb. De vertegewoordiger van de Orthodoxe Kerk in Nederland is Zijne Excellentie Bisschop Athenagoras van Sinope (Oecumenisch Patriarchaat).<\/p>\n<p>De andere onderwerpen die besproken werden waren de samenstelling en doeltreffende werking van de diverse commissies die geplaatst werden onder de bescherming van de Bisschoppenconferentie, evenals het nemen van gezamenlijk standpunten betreffende diverse gebeurtenissen of belangrijke teksten in het kader van de inter-religieuze en interchristelijke dialogen. De bisschoppen hebben tevens beslist een sterke getuigenis af te leggen van de orthodoxe \u00e9\u00e9nheid in de Benelux door het inrichten van een grootse bijeenkomst van orthodoxe geestelijken en leken, onder de noemer van \u00abDag van de Orthodoxie\u00bb, die een geestelijk karakter moet hebben en zal plaatsvinden op 1 april 2013 binnen de Brusselse aglomeratie.<\/p>\n<p>De leden van de Orthodoxe Bisschoppenconferentie van de Benelux hebben in het bijzonder hun grote bekommernis geuit inzake de uiterst onrustige situatie van de orthodoxe en andere christenen, die doelwit lijken te zijn van allerlei fanatisme en gewapende conflicten in Syri\u00eb, in Egypte en in het Midden-Oosten. De ontvangen informatie, voornamelijk van het Orthodoxe Patriarchaat van Antiochi\u00eb, maar ook andere bronnen spreken van bloedige vervolgingen en wreedheden tegen georganiseerd de christenen en uitgevoerd door troepen van extremisten. De bisschoppen bidden opdat er ook in deze landen vrede en respect voor het menselijk leven zou heersen en zij benadrukken de noodzaak dat de politieke en religieuze leiders van de internationale gemeenschap dringend en doeltreffend zouden reageren tegen alle vormen van geweld ten overstaan van onschuldige mensen; dat zij alles wat in hun bereik ligt in het werk zouden stellen om het bloedvergieten halt toe te roepen en opdat zij erover zouden waken dat iedereen het recht heeft om in alle vrijheid en zonder enige vorm van angst zijn geloof in waardigheid te beleven en dat dit door iedereen zou worden ge\u00eberbiedigd.<\/p>\n<p>De vierde vergadering van de Orthodoxe Bisschoppenconferentie van de Benelux werd besloten met de uitwisseling van andere informatie, adviezen en nieuws over het leven van de Orthodoxie in de drie landen van de Benelux.<\/p>\n<p>Deze conferentie werd opgericht bij besluit van de Vierde Panorthodoxe Preconciliaire Conferentie, die bijeenkwam in Chambesy (Gen\u00e8ve) in juni 2009.<\/p>\n<p>Deze vergadering van de CEOB vond plaats in een klimaat van ware broederschap en getuigde &#8211; eens te meer &#8211; van de \u00e9\u00e9nheid in het geloof en van een voorbeeldige samenwerking.<\/p>\n<p>&nbsp;<\/p>\n<p>13 november 2012<\/p>\n<p>&nbsp;<\/p>\n","protected":false},"excerpt":{"rendered":"<p>Brussel &#8211; De Orthodoxe Bisschoppenconferentie van de Benelux (OBB) is op dinsdag 13 november 2012 in vergadering bijeengekomen, te Brussel, in de zetel van het Orthodox Aartsbisdom, Charbolaan 71, en onder het voorzitterschap van Zijne Eminentie Metropoliet Panteleimon van Belgi\u00eb (Oecumenisch Patriarchaat). Naast de voorzitter waren aanwezig : Aartsbisschop Simon, onder-voorzitter (Patriarchaat van Moskou), Aartsbisschop &hellip; <a href=\"https:\/\/orthodoxia.be\/nl\/2012\/11\/13\/ive-bijeenkomst-van-de-orthodoxe-bisschoppenconferentie-van-de-benelux\/\">Continued<\/a><\/p>\n","protected":false},"author":12,"featured_media":0,"comment_status":"open","ping_status":"open","sticky":false,"template":"","format":"standard","meta":{"_acf_changed":false,"footnotes":""},"categories":[18,310],"tags":[],"class_list":["post-4800","post","type-post","status-publish","format-standard","hentry","category-actualiteit","category-obb"],"acf":[],"yoast_head":"<!-- This site is optimized with the Yoast SEO plugin v24.3 - https:\/\/yoast.com\/wordpress\/plugins\/seo\/ -->\n<title>IVe BIJEENKOMST VAN DE ORTHODOXE BISSCHOPPENCONFERENTIE VAN DE BENELUX - Orthodox Aartsbisdom van Belgi\u00eb<\/title>\n<meta name=\"robots\" content=\"index, follow, max-snippet:-1, max-image-preview:large, max-video-preview:-1\" \/>\n<link rel=\"canonical\" href=\"https:\/\/orthodoxia.be\/2012\/11\/13\/\u03b1\u03bd\u03b1\u03ba\u03bf\u03b9\u03bd\u03c9\u03c3\u03b9\u03c3-\u03c4\u03b7\u03c3-\u03bf\u03c1\u03b8\u03bf\u03b4\u03bf\u03be\u03bf\u03c5-\u03b5\u03c0\u03b9\u03c3\u03ba\u03bf\u03c0\u03b9\u03ba-2\/\" \/>\n<meta property=\"og:locale\" content=\"nl_BE\" \/>\n<meta property=\"og:type\" content=\"article\" \/>\n<meta property=\"og:title\" content=\"IVe BIJEENKOMST VAN DE ORTHODOXE BISSCHOPPENCONFERENTIE VAN DE BENELUX - Orthodox Aartsbisdom van Belgi\u00eb\" \/>\n<meta property=\"og:description\" content=\"Brussel &#8211; De Orthodoxe Bisschoppenconferentie van de Benelux (OBB) is op dinsdag 13 november 2012 in vergadering bijeengekomen, te Brussel, in de zetel van het Orthodox Aartsbisdom, Charbolaan 71, en onder het voorzitterschap van Zijne Eminentie Metropoliet Panteleimon van Belgi\u00eb (Oecumenisch Patriarchaat). Naast de voorzitter waren aanwezig : Aartsbisschop Simon, onder-voorzitter (Patriarchaat van Moskou), Aartsbisschop &hellip; Continued\" \/>\n<meta property=\"og:url\" content=\"https:\/\/orthodoxia.be\/2012\/11\/13\/\u03b1\u03bd\u03b1\u03ba\u03bf\u03b9\u03bd\u03c9\u03c3\u03b9\u03c3-\u03c4\u03b7\u03c3-\u03bf\u03c1\u03b8\u03bf\u03b4\u03bf\u03be\u03bf\u03c5-\u03b5\u03c0\u03b9\u03c3\u03ba\u03bf\u03c0\u03b9\u03ba-2\/\" \/>\n<meta property=\"og:site_name\" content=\"Orthodox Aartsbisdom van Belgi\u00eb\" \/>\n<meta property=\"article:publisher\" content=\"https:\/\/www.facebook.com\/orthobel\" \/>\n<meta property=\"article:published_time\" content=\"2012-11-13T18:58:08+00:00\" \/>\n<meta property=\"article:modified_time\" content=\"2017-11-21T09:34:06+00:00\" \/>\n<meta property=\"og:image\" content=\"https:\/\/orthodoxia.be\/wp-content\/uploads\/2025\/02\/Orthobel.jpg\" \/>\n\t<meta property=\"og:image:width\" content=\"1200\" \/>\n\t<meta property=\"og:image:height\" content=\"675\" \/>\n\t<meta property=\"og:image:type\" content=\"image\/jpeg\" \/>\n<meta name=\"author\" content=\"\u0391\u03c1\u03c7\u03b5\u03af\u03bf \u03a3\u03c5\u03bd\u03b5\u03c1\u03b3\u03b1\u03c4\u03ce\u03bd\" \/>\n<meta name=\"twitter:card\" content=\"summary_large_image\" \/>\n<meta name=\"twitter:creator\" content=\"@orthobel\" \/>\n<meta name=\"twitter:site\" content=\"@orthobel\" \/>\n<meta name=\"twitter:label1\" content=\"Geschreven door\" \/>\n\t<meta name=\"twitter:data1\" content=\"\u0391\u03c1\u03c7\u03b5\u03af\u03bf \u03a3\u03c5\u03bd\u03b5\u03c1\u03b3\u03b1\u03c4\u03ce\u03bd\" \/>\n\t<meta name=\"twitter:label2\" content=\"Geschatte leestijd\" \/>\n\t<meta name=\"twitter:data2\" content=\"3 minuten\" \/>\n<script type=\"application\/ld+json\" class=\"yoast-schema-graph\">{\"@context\":\"https:\/\/schema.org\",\"@graph\":[{\"@type\":\"Article\",\"@id\":\"https:\/\/orthodoxia.be\/2012\/11\/13\/%ce%b1%ce%bd%ce%b1%ce%ba%ce%bf%ce%b9%ce%bd%cf%89%cf%83%ce%b9%cf%83-%cf%84%ce%b7%cf%83-%ce%bf%cf%81%ce%b8%ce%bf%ce%b4%ce%bf%ce%be%ce%bf%cf%85-%ce%b5%cf%80%ce%b9%cf%83%ce%ba%ce%bf%cf%80%ce%b9%ce%ba-2\/#article\",\"isPartOf\":{\"@id\":\"https:\/\/orthodoxia.be\/2012\/11\/13\/%ce%b1%ce%bd%ce%b1%ce%ba%ce%bf%ce%b9%ce%bd%cf%89%cf%83%ce%b9%cf%83-%cf%84%ce%b7%cf%83-%ce%bf%cf%81%ce%b8%ce%bf%ce%b4%ce%bf%ce%be%ce%bf%cf%85-%ce%b5%cf%80%ce%b9%cf%83%ce%ba%ce%bf%cf%80%ce%b9%ce%ba-2\/\"},\"author\":{\"name\":\"\u0391\u03c1\u03c7\u03b5\u03af\u03bf \u03a3\u03c5\u03bd\u03b5\u03c1\u03b3\u03b1\u03c4\u03ce\u03bd\",\"@id\":\"https:\/\/orthodoxia.be\/#\/schema\/person\/4641c70600fbb1aac968996a0ef6d284\"},\"headline\":\"IVe BIJEENKOMST VAN DE ORTHODOXE BISSCHOPPENCONFERENTIE VAN DE BENELUX\",\"datePublished\":\"2012-11-13T18:58:08+00:00\",\"dateModified\":\"2017-11-21T09:34:06+00:00\",\"mainEntityOfPage\":{\"@id\":\"https:\/\/orthodoxia.be\/2012\/11\/13\/%ce%b1%ce%bd%ce%b1%ce%ba%ce%bf%ce%b9%ce%bd%cf%89%cf%83%ce%b9%cf%83-%cf%84%ce%b7%cf%83-%ce%bf%cf%81%ce%b8%ce%bf%ce%b4%ce%bf%ce%be%ce%bf%cf%85-%ce%b5%cf%80%ce%b9%cf%83%ce%ba%ce%bf%cf%80%ce%b9%ce%ba-2\/\"},\"wordCount\":646,\"commentCount\":0,\"publisher\":{\"@id\":\"https:\/\/orthodoxia.be\/#organization\"},\"articleSection\":[\"Actualiteit\",\"Orthodoxe Bisschoppenconferentie van de Benelux\"],\"inLanguage\":\"nl-BE\",\"potentialAction\":[{\"@type\":\"CommentAction\",\"name\":\"Comment\",\"target\":[\"https:\/\/orthodoxia.be\/2012\/11\/13\/%ce%b1%ce%bd%ce%b1%ce%ba%ce%bf%ce%b9%ce%bd%cf%89%cf%83%ce%b9%cf%83-%cf%84%ce%b7%cf%83-%ce%bf%cf%81%ce%b8%ce%bf%ce%b4%ce%bf%ce%be%ce%bf%cf%85-%ce%b5%cf%80%ce%b9%cf%83%ce%ba%ce%bf%cf%80%ce%b9%ce%ba-2\/#respond\"]}]},{\"@type\":\"WebPage\",\"@id\":\"https:\/\/orthodoxia.be\/2012\/11\/13\/%ce%b1%ce%bd%ce%b1%ce%ba%ce%bf%ce%b9%ce%bd%cf%89%cf%83%ce%b9%cf%83-%cf%84%ce%b7%cf%83-%ce%bf%cf%81%ce%b8%ce%bf%ce%b4%ce%bf%ce%be%ce%bf%cf%85-%ce%b5%cf%80%ce%b9%cf%83%ce%ba%ce%bf%cf%80%ce%b9%ce%ba-2\/\",\"url\":\"https:\/\/orthodoxia.be\/2012\/11\/13\/%ce%b1%ce%bd%ce%b1%ce%ba%ce%bf%ce%b9%ce%bd%cf%89%cf%83%ce%b9%cf%83-%cf%84%ce%b7%cf%83-%ce%bf%cf%81%ce%b8%ce%bf%ce%b4%ce%bf%ce%be%ce%bf%cf%85-%ce%b5%cf%80%ce%b9%cf%83%ce%ba%ce%bf%cf%80%ce%b9%ce%ba-2\/\",\"name\":\"IVe BIJEENKOMST VAN DE ORTHODOXE BISSCHOPPENCONFERENTIE VAN DE BENELUX - Orthodox Aartsbisdom van Belgi\u00eb\",\"isPartOf\":{\"@id\":\"https:\/\/orthodoxia.be\/#website\"},\"datePublished\":\"2012-11-13T18:58:08+00:00\",\"dateModified\":\"2017-11-21T09:34:06+00:00\",\"breadcrumb\":{\"@id\":\"https:\/\/orthodoxia.be\/2012\/11\/13\/%ce%b1%ce%bd%ce%b1%ce%ba%ce%bf%ce%b9%ce%bd%cf%89%cf%83%ce%b9%cf%83-%cf%84%ce%b7%cf%83-%ce%bf%cf%81%ce%b8%ce%bf%ce%b4%ce%bf%ce%be%ce%bf%cf%85-%ce%b5%cf%80%ce%b9%cf%83%ce%ba%ce%bf%cf%80%ce%b9%ce%ba-2\/#breadcrumb\"},\"inLanguage\":\"nl-BE\",\"potentialAction\":[{\"@type\":\"ReadAction\",\"target\":[\"https:\/\/orthodoxia.be\/2012\/11\/13\/%ce%b1%ce%bd%ce%b1%ce%ba%ce%bf%ce%b9%ce%bd%cf%89%cf%83%ce%b9%cf%83-%cf%84%ce%b7%cf%83-%ce%bf%cf%81%ce%b8%ce%bf%ce%b4%ce%bf%ce%be%ce%bf%cf%85-%ce%b5%cf%80%ce%b9%cf%83%ce%ba%ce%bf%cf%80%ce%b9%ce%ba-2\/\"]}]},{\"@type\":\"BreadcrumbList\",\"@id\":\"https:\/\/orthodoxia.be\/2012\/11\/13\/%ce%b1%ce%bd%ce%b1%ce%ba%ce%bf%ce%b9%ce%bd%cf%89%cf%83%ce%b9%cf%83-%cf%84%ce%b7%cf%83-%ce%bf%cf%81%ce%b8%ce%bf%ce%b4%ce%bf%ce%be%ce%bf%cf%85-%ce%b5%cf%80%ce%b9%cf%83%ce%ba%ce%bf%cf%80%ce%b9%ce%ba-2\/#breadcrumb\",\"itemListElement\":[{\"@type\":\"ListItem\",\"position\":1,\"name\":\"Home\",\"item\":\"https:\/\/orthodoxia.be\/nl\/\"},{\"@type\":\"ListItem\",\"position\":2,\"name\":\"IVe BIJEENKOMST VAN DE ORTHODOXE BISSCHOPPENCONFERENTIE VAN DE BENELUX\"}]},{\"@type\":\"WebSite\",\"@id\":\"https:\/\/orthodoxia.be\/#website\",\"url\":\"https:\/\/orthodoxia.be\/\",\"name\":\"Orthodox Archdiocese of Belgium (Benelux)\",\"description\":\"Exarch of the Nederland en Luxemburg\",\"publisher\":{\"@id\":\"https:\/\/orthodoxia.be\/#organization\"},\"alternateName\":\"IMB\",\"potentialAction\":[{\"@type\":\"SearchAction\",\"target\":{\"@type\":\"EntryPoint\",\"urlTemplate\":\"https:\/\/orthodoxia.be\/?s={search_term_string}\"},\"query-input\":{\"@type\":\"PropertyValueSpecification\",\"valueRequired\":true,\"valueName\":\"search_term_string\"}}],\"inLanguage\":\"nl-BE\"},{\"@type\":\"Organization\",\"@id\":\"https:\/\/orthodoxia.be\/#organization\",\"name\":\"Orthodox Archdiocese of Belgium (Benelux)\",\"url\":\"https:\/\/orthodoxia.be\/\",\"logo\":{\"@type\":\"ImageObject\",\"inLanguage\":\"nl-BE\",\"@id\":\"https:\/\/orthodoxia.be\/#\/schema\/logo\/image\/\",\"url\":\"https:\/\/orthodoxia.be\/wp-content\/uploads\/2024\/02\/cropped-IMB-logo-512-cl-1.png\",\"contentUrl\":\"https:\/\/orthodoxia.be\/wp-content\/uploads\/2024\/02\/cropped-IMB-logo-512-cl-1.png\",\"width\":512,\"height\":512,\"caption\":\"Orthodox Archdiocese of Belgium (Benelux)\"},\"image\":{\"@id\":\"https:\/\/orthodoxia.be\/#\/schema\/logo\/image\/\"},\"sameAs\":[\"https:\/\/www.facebook.com\/orthobel\",\"https:\/\/x.com\/orthobel\",\"https:\/\/www.youtube.com\/c\/orthobel\",\"https:\/\/www.mixcloud.com\/orthobel\/\",\"https:\/\/www.flickr.com\/photos\/148264890@N07\/albums\",\"https:\/\/www.dailymotion.com\/Orthobel\"]},{\"@type\":\"Person\",\"@id\":\"https:\/\/orthodoxia.be\/#\/schema\/person\/4641c70600fbb1aac968996a0ef6d284\",\"name\":\"\u0391\u03c1\u03c7\u03b5\u03af\u03bf \u03a3\u03c5\u03bd\u03b5\u03c1\u03b3\u03b1\u03c4\u03ce\u03bd\",\"image\":{\"@type\":\"ImageObject\",\"inLanguage\":\"nl-BE\",\"@id\":\"https:\/\/orthodoxia.be\/#\/schema\/person\/image\/\",\"url\":\"https:\/\/secure.gravatar.com\/avatar\/0bf791bec6a55758e3ee18a1fc90f09b?s=96&d=mm&r=g\",\"contentUrl\":\"https:\/\/secure.gravatar.com\/avatar\/0bf791bec6a55758e3ee18a1fc90f09b?s=96&d=mm&r=g\",\"caption\":\"\u0391\u03c1\u03c7\u03b5\u03af\u03bf \u03a3\u03c5\u03bd\u03b5\u03c1\u03b3\u03b1\u03c4\u03ce\u03bd\"},\"url\":\"https:\/\/orthodoxia.be\/nl\/author\/archives\/\"}]}<\/script>\n<!-- \/ Yoast SEO plugin. -->","yoast_head_json":{"title":"IVe BIJEENKOMST VAN DE ORTHODOXE BISSCHOPPENCONFERENTIE VAN DE BENELUX - Orthodox Aartsbisdom van Belgi\u00eb","robots":{"index":"index","follow":"follow","max-snippet":"max-snippet:-1","max-image-preview":"max-image-preview:large","max-video-preview":"max-video-preview:-1"},"canonical":"https:\/\/orthodoxia.be\/2012\/11\/13\/\u03b1\u03bd\u03b1\u03ba\u03bf\u03b9\u03bd\u03c9\u03c3\u03b9\u03c3-\u03c4\u03b7\u03c3-\u03bf\u03c1\u03b8\u03bf\u03b4\u03bf\u03be\u03bf\u03c5-\u03b5\u03c0\u03b9\u03c3\u03ba\u03bf\u03c0\u03b9\u03ba-2\/","og_locale":"nl_BE","og_type":"article","og_title":"IVe BIJEENKOMST VAN DE ORTHODOXE BISSCHOPPENCONFERENTIE VAN DE BENELUX - Orthodox Aartsbisdom van Belgi\u00eb","og_description":"Brussel &#8211; De Orthodoxe Bisschoppenconferentie van de Benelux (OBB) is op dinsdag 13 november 2012 in vergadering bijeengekomen, te Brussel, in de zetel van het Orthodox Aartsbisdom, Charbolaan 71, en onder het voorzitterschap van Zijne Eminentie Metropoliet Panteleimon van Belgi\u00eb (Oecumenisch Patriarchaat). Naast de voorzitter waren aanwezig : Aartsbisschop Simon, onder-voorzitter (Patriarchaat van Moskou), Aartsbisschop &hellip; Continued","og_url":"https:\/\/orthodoxia.be\/2012\/11\/13\/\u03b1\u03bd\u03b1\u03ba\u03bf\u03b9\u03bd\u03c9\u03c3\u03b9\u03c3-\u03c4\u03b7\u03c3-\u03bf\u03c1\u03b8\u03bf\u03b4\u03bf\u03be\u03bf\u03c5-\u03b5\u03c0\u03b9\u03c3\u03ba\u03bf\u03c0\u03b9\u03ba-2\/","og_site_name":"Orthodox Aartsbisdom van Belgi\u00eb","article_publisher":"https:\/\/www.facebook.com\/orthobel","article_published_time":"2012-11-13T18:58:08+00:00","article_modified_time":"2017-11-21T09:34:06+00:00","og_image":[{"width":1200,"height":675,"url":"https:\/\/orthodoxia.be\/wp-content\/uploads\/2025\/02\/Orthobel.jpg","type":"image\/jpeg"}],"author":"\u0391\u03c1\u03c7\u03b5\u03af\u03bf \u03a3\u03c5\u03bd\u03b5\u03c1\u03b3\u03b1\u03c4\u03ce\u03bd","twitter_card":"summary_large_image","twitter_creator":"@orthobel","twitter_site":"@orthobel","twitter_misc":{"Geschreven door":"\u0391\u03c1\u03c7\u03b5\u03af\u03bf \u03a3\u03c5\u03bd\u03b5\u03c1\u03b3\u03b1\u03c4\u03ce\u03bd","Geschatte leestijd":"3 minuten"},"schema":{"@context":"https:\/\/schema.org","@graph":[{"@type":"Article","@id":"https:\/\/orthodoxia.be\/2012\/11\/13\/%ce%b1%ce%bd%ce%b1%ce%ba%ce%bf%ce%b9%ce%bd%cf%89%cf%83%ce%b9%cf%83-%cf%84%ce%b7%cf%83-%ce%bf%cf%81%ce%b8%ce%bf%ce%b4%ce%bf%ce%be%ce%bf%cf%85-%ce%b5%cf%80%ce%b9%cf%83%ce%ba%ce%bf%cf%80%ce%b9%ce%ba-2\/#article","isPartOf":{"@id":"https:\/\/orthodoxia.be\/2012\/11\/13\/%ce%b1%ce%bd%ce%b1%ce%ba%ce%bf%ce%b9%ce%bd%cf%89%cf%83%ce%b9%cf%83-%cf%84%ce%b7%cf%83-%ce%bf%cf%81%ce%b8%ce%bf%ce%b4%ce%bf%ce%be%ce%bf%cf%85-%ce%b5%cf%80%ce%b9%cf%83%ce%ba%ce%bf%cf%80%ce%b9%ce%ba-2\/"},"author":{"name":"\u0391\u03c1\u03c7\u03b5\u03af\u03bf \u03a3\u03c5\u03bd\u03b5\u03c1\u03b3\u03b1\u03c4\u03ce\u03bd","@id":"https:\/\/orthodoxia.be\/#\/schema\/person\/4641c70600fbb1aac968996a0ef6d284"},"headline":"IVe BIJEENKOMST VAN DE ORTHODOXE BISSCHOPPENCONFERENTIE VAN DE BENELUX","datePublished":"2012-11-13T18:58:08+00:00","dateModified":"2017-11-21T09:34:06+00:00","mainEntityOfPage":{"@id":"https:\/\/orthodoxia.be\/2012\/11\/13\/%ce%b1%ce%bd%ce%b1%ce%ba%ce%bf%ce%b9%ce%bd%cf%89%cf%83%ce%b9%cf%83-%cf%84%ce%b7%cf%83-%ce%bf%cf%81%ce%b8%ce%bf%ce%b4%ce%bf%ce%be%ce%bf%cf%85-%ce%b5%cf%80%ce%b9%cf%83%ce%ba%ce%bf%cf%80%ce%b9%ce%ba-2\/"},"wordCount":646,"commentCount":0,"publisher":{"@id":"https:\/\/orthodoxia.be\/#organization"},"articleSection":["Actualiteit","Orthodoxe Bisschoppenconferentie van de Benelux"],"inLanguage":"nl-BE","potentialAction":[{"@type":"CommentAction","name":"Comment","target":["https:\/\/orthodoxia.be\/2012\/11\/13\/%ce%b1%ce%bd%ce%b1%ce%ba%ce%bf%ce%b9%ce%bd%cf%89%cf%83%ce%b9%cf%83-%cf%84%ce%b7%cf%83-%ce%bf%cf%81%ce%b8%ce%bf%ce%b4%ce%bf%ce%be%ce%bf%cf%85-%ce%b5%cf%80%ce%b9%cf%83%ce%ba%ce%bf%cf%80%ce%b9%ce%ba-2\/#respond"]}]},{"@type":"WebPage","@id":"https:\/\/orthodoxia.be\/2012\/11\/13\/%ce%b1%ce%bd%ce%b1%ce%ba%ce%bf%ce%b9%ce%bd%cf%89%cf%83%ce%b9%cf%83-%cf%84%ce%b7%cf%83-%ce%bf%cf%81%ce%b8%ce%bf%ce%b4%ce%bf%ce%be%ce%bf%cf%85-%ce%b5%cf%80%ce%b9%cf%83%ce%ba%ce%bf%cf%80%ce%b9%ce%ba-2\/","url":"https:\/\/orthodoxia.be\/2012\/11\/13\/%ce%b1%ce%bd%ce%b1%ce%ba%ce%bf%ce%b9%ce%bd%cf%89%cf%83%ce%b9%cf%83-%cf%84%ce%b7%cf%83-%ce%bf%cf%81%ce%b8%ce%bf%ce%b4%ce%bf%ce%be%ce%bf%cf%85-%ce%b5%cf%80%ce%b9%cf%83%ce%ba%ce%bf%cf%80%ce%b9%ce%ba-2\/","name":"IVe BIJEENKOMST VAN DE ORTHODOXE BISSCHOPPENCONFERENTIE VAN DE BENELUX - Orthodox Aartsbisdom van Belgi\u00eb","isPartOf":{"@id":"https:\/\/orthodoxia.be\/#website"},"datePublished":"2012-11-13T18:58:08+00:00","dateModified":"2017-11-21T09:34:06+00:00","breadcrumb":{"@id":"https:\/\/orthodoxia.be\/2012\/11\/13\/%ce%b1%ce%bd%ce%b1%ce%ba%ce%bf%ce%b9%ce%bd%cf%89%cf%83%ce%b9%cf%83-%cf%84%ce%b7%cf%83-%ce%bf%cf%81%ce%b8%ce%bf%ce%b4%ce%bf%ce%be%ce%bf%cf%85-%ce%b5%cf%80%ce%b9%cf%83%ce%ba%ce%bf%cf%80%ce%b9%ce%ba-2\/#breadcrumb"},"inLanguage":"nl-BE","potentialAction":[{"@type":"ReadAction","target":["https:\/\/orthodoxia.be\/2012\/11\/13\/%ce%b1%ce%bd%ce%b1%ce%ba%ce%bf%ce%b9%ce%bd%cf%89%cf%83%ce%b9%cf%83-%cf%84%ce%b7%cf%83-%ce%bf%cf%81%ce%b8%ce%bf%ce%b4%ce%bf%ce%be%ce%bf%cf%85-%ce%b5%cf%80%ce%b9%cf%83%ce%ba%ce%bf%cf%80%ce%b9%ce%ba-2\/"]}]},{"@type":"BreadcrumbList","@id":"https:\/\/orthodoxia.be\/2012\/11\/13\/%ce%b1%ce%bd%ce%b1%ce%ba%ce%bf%ce%b9%ce%bd%cf%89%cf%83%ce%b9%cf%83-%cf%84%ce%b7%cf%83-%ce%bf%cf%81%ce%b8%ce%bf%ce%b4%ce%bf%ce%be%ce%bf%cf%85-%ce%b5%cf%80%ce%b9%cf%83%ce%ba%ce%bf%cf%80%ce%b9%ce%ba-2\/#breadcrumb","itemListElement":[{"@type":"ListItem","position":1,"name":"Home","item":"https:\/\/orthodoxia.be\/nl\/"},{"@type":"ListItem","position":2,"name":"IVe BIJEENKOMST VAN DE ORTHODOXE BISSCHOPPENCONFERENTIE VAN DE BENELUX"}]},{"@type":"WebSite","@id":"https:\/\/orthodoxia.be\/#website","url":"https:\/\/orthodoxia.be\/","name":"Orthodox Archdiocese of Belgium (Benelux)","description":"Exarch of the Nederland en Luxemburg","publisher":{"@id":"https:\/\/orthodoxia.be\/#organization"},"alternateName":"IMB","potentialAction":[{"@type":"SearchAction","target":{"@type":"EntryPoint","urlTemplate":"https:\/\/orthodoxia.be\/?s={search_term_string}"},"query-input":{"@type":"PropertyValueSpecification","valueRequired":true,"valueName":"search_term_string"}}],"inLanguage":"nl-BE"},{"@type":"Organization","@id":"https:\/\/orthodoxia.be\/#organization","name":"Orthodox Archdiocese of Belgium (Benelux)","url":"https:\/\/orthodoxia.be\/","logo":{"@type":"ImageObject","inLanguage":"nl-BE","@id":"https:\/\/orthodoxia.be\/#\/schema\/logo\/image\/","url":"https:\/\/orthodoxia.be\/wp-content\/uploads\/2024\/02\/cropped-IMB-logo-512-cl-1.png","contentUrl":"https:\/\/orthodoxia.be\/wp-content\/uploads\/2024\/02\/cropped-IMB-logo-512-cl-1.png","width":512,"height":512,"caption":"Orthodox Archdiocese of Belgium (Benelux)"},"image":{"@id":"https:\/\/orthodoxia.be\/#\/schema\/logo\/image\/"},"sameAs":["https:\/\/www.facebook.com\/orthobel","https:\/\/x.com\/orthobel","https:\/\/www.youtube.com\/c\/orthobel","https:\/\/www.mixcloud.com\/orthobel\/","https:\/\/www.flickr.com\/photos\/148264890@N07\/albums","https:\/\/www.dailymotion.com\/Orthobel"]},{"@type":"Person","@id":"https:\/\/orthodoxia.be\/#\/schema\/person\/4641c70600fbb1aac968996a0ef6d284","name":"\u0391\u03c1\u03c7\u03b5\u03af\u03bf \u03a3\u03c5\u03bd\u03b5\u03c1\u03b3\u03b1\u03c4\u03ce\u03bd","image":{"@type":"ImageObject","inLanguage":"nl-BE","@id":"https:\/\/orthodoxia.be\/#\/schema\/person\/image\/","url":"https:\/\/secure.gravatar.com\/avatar\/0bf791bec6a55758e3ee18a1fc90f09b?s=96&d=mm&r=g","contentUrl":"https:\/\/secure.gravatar.com\/avatar\/0bf791bec6a55758e3ee18a1fc90f09b?s=96&d=mm&r=g","caption":"\u0391\u03c1\u03c7\u03b5\u03af\u03bf \u03a3\u03c5\u03bd\u03b5\u03c1\u03b3\u03b1\u03c4\u03ce\u03bd"},"url":"https:\/\/orthodoxia.be\/nl\/author\/archives\/"}]}},"_links":{"self":[{"href":"https:\/\/orthodoxia.be\/nl\/wp-json\/wp\/v2\/posts\/4800","targetHints":{"allow":["GET"]}}],"collection":[{"href":"https:\/\/orthodoxia.be\/nl\/wp-json\/wp\/v2\/posts"}],"about":[{"href":"https:\/\/orthodoxia.be\/nl\/wp-json\/wp\/v2\/types\/post"}],"author":[{"embeddable":true,"href":"https:\/\/orthodoxia.be\/nl\/wp-json\/wp\/v2\/users\/12"}],"replies":[{"embeddable":true,"href":"https:\/\/orthodoxia.be\/nl\/wp-json\/wp\/v2\/comments?post=4800"}],"version-history":[{"count":1,"href":"https:\/\/orthodoxia.be\/nl\/wp-json\/wp\/v2\/posts\/4800\/revisions"}],"predecessor-version":[{"id":4801,"href":"https:\/\/orthodoxia.be\/nl\/wp-json\/wp\/v2\/posts\/4800\/revisions\/4801"}],"wp:attachment":[{"href":"https:\/\/orthodoxia.be\/nl\/wp-json\/wp\/v2\/media?parent=4800"}],"wp:term":[{"taxonomy":"category","embeddable":true,"href":"https:\/\/orthodoxia.be\/nl\/wp-json\/wp\/v2\/categories?post=4800"},{"taxonomy":"post_tag","embeddable":true,"href":"https:\/\/orthodoxia.be\/nl\/wp-json\/wp\/v2\/tags?post=4800"}],"curies":[{"name":"wp","href":"https:\/\/api.w.org\/{rel}","templated":true}]}}