{"id":53630,"date":"2026-04-10T23:54:15","date_gmt":"2026-04-10T21:54:15","guid":{"rendered":"https:\/\/orthodoxia.be\/?p=53630"},"modified":"2026-04-30T17:17:50","modified_gmt":"2026-04-30T15:17:50","slug":"dienst-van-de-graflegging-te-brussel","status":"publish","type":"post","link":"https:\/\/orthodoxia.be\/nl\/2026\/04\/10\/dienst-van-de-graflegging-te-brussel\/","title":{"rendered":"Dienst van de Graflegging te Brussel"},"content":{"rendered":"\n<p>Op vrijdag 10 april 2026 vond de Mettendienst van de Grote Zaterdag plaats in de Kathedraal van de Heilige Aartsengelen Micha\u00ebl en Gabri\u00ebl in Brussel, evenals de processie van de Epitaphios door de straten van Brussel.<\/p>\n\n\n\n<p>Zijne Eminentie Metropoliet van Belgi\u00eb en Exarch van Nederland en Luxemburg, Mgr. Athenagoras, ging voor in de liturgische viering, omringd door de priesters van de kerk en de aartsdiaken van het aartsbisdom.<\/p>\n\n\n\n<p>De dienst werd verfraaid door de gezangen van de koren van de kathedraal, terwijl de bijdrage van het dameskoor zich bijzonder onderscheidde bij de vertolking van de Klaagzangen tijdens de processie van het Graf van Christus.<\/p>\n\n\n\n<p>Talrijke gelovigen kwamen eerbiedig naar voren om deel te nemen aan de diensten van de Goede Week, het Heilige Kruis en het Graf van Christus te vereren en het mysterie van de goddelijke Passie te beleven, in afwachting van de glorieuze Verrijzenis.<\/p>\n\n\n\n\t\t\t\t\t\t\t<style>\n\t\t\t\t\t\t\t\t\t\t\t\t\t.flickr-img-responsive {\n\t\t\t\t\t\t\t\twidth:100% !important;\n\t\t\t\t\t\t\t\theight:auto !important;\n\t\t\t\t\t\t\t\tdisplay:block !important;\n\t\t\t\t\t\t\t}\n\t\t\t\t\t\t\t.LoadingImg img {\n\t\t\t\t\t\t\t\tmax-width: 45px;\n\t\t\t\t\t\t\t\tmax-height: 45px;\n\t\t\t\t\t\t\t\tbox-shadow:  none;\n\t\t\t\t\t\t\t}\n\t\t\t\t\t\t\t.wpfrank-flickr-div{\n\t\t\t\t\t\t\t\tpadding:15px;\n\t\t\t\t\t\t\t}\n\t\t\t\t\t\t\t@media (max-width: 786px){\n\t\t\t\t\t\t\t\t.col-md-3 {\n\t\t\t\t\t\t\t\t\twidth:49.9%;\n\t\t\t\t\t\t\t\t\tfloat:left;\n\t\t\t\t\t\t\t\t}\n\t\t\t\t\t\t\t}\n\t\t\t\t\t\t\t.play-pause {\n\t\t\t\t\t\t\t\tdisplay: none !important;\n\t\t\t\t\t\t\t}\n\t\t\t\t\t\t\t.gallery53430 {\n\t\t\t\t\t\t\t\toverflow:hidden;\n\t\t\t\t\t\t\t\tclear: both;\n\t\t\t\t\t\t\t}\n\t\t\t\t\t\t\t.fnf{\n\t\t\t\t\t\t\t\tbackground-color: #a92929;\n\t\t\t\t\t\t\t\tborder-radius: 5px;\n\t\t\t\t\t\t\t\tcolor: #fff;\n\t\t\t\t\t\t\t\tfont-family: initial;\n\t\t\t\t\t\t\t\ttext-align: center;\n\t\t\t\t\t\t\t\tpadding:12px;\n\t\t\t\t\t\t\t}\n\t\t\t\t\t\t\t<\/style>\n\t\t\t\t\t\t\t<script type=\"text\/javascript\">\n\t\t\t\t\t\t\tjQuery(function() {\n\t\t\t\t\t\t\t\tjQuery('.gallery53430').flickr({\n\t\t\t\t\t\t\t\t\tapiKey: '037c012784565c3b5691cc5a0aa912b7',\n\t\t\t\t\t\t\t\t\tphotosetId: '72177720333046088'\n\t\t\t\t\t\t\t\t});\n\t\t\t\t\t\t\t});\n\n\t\t\t\t\t\t\t;(function ($, window, document, undefined) {\n\t\t\t\t\t\t\t\t'use strict';\n\t\t\t\t\t\t\t\tvar pluginName = \"flickr\",\n\t\t\t\t\t\t\t\t\tdefaults = {\n\t\t\t\t\t\t\t\t\t\tapiKey: \"\",\n\t\t\t\t\t\t\t\t\t\tphotosetId: \"\",\n\t\t\t\t\t\t\t\t\t\terrorText: \"<div class='fnf'><i class='far fa-times-circle'><\/i> Error generating gallery.<\/div>\",\n\t\t\t\t\t\t\t\t\t\tloadingSpeed: 38,\n\t\t\t\t\t\t\t\t\t\tphotosLimit: 200\n\t\t\t\t\t\t\t\t\t},\n\t\t\t\t\t\t\t\t\tapiUrl = 'https:\/\/api.flickr.com\/services\/rest\/',\n\t\t\t\t\t\t\t\t\tphotos = [];\n\n\t\t\t\t\t\t\t\t\/\/ The actual plugin constructor\n\t\t\t\t\t\t\t\tfunction Plugin(element, options) {\n\t\t\t\t\t\t\t\t\tthis.element = $(element);\n\t\t\t\t\t\t\t\t\tthis.settings = $.extend({}, defaults, options);\n\t\t\t\t\t\t\t\t\tthis._defaults = defaults;\n\t\t\t\t\t\t\t\t\tthis._name = pluginName;\n\n\t\t\t\t\t\t\t\t\tthis._hideSpinner = function() {\n\t\t\t\t\t\t\t\t\t\tthis.element.find('.spinner-wrapper').hide().find('*').hide();\n\t\t\t\t\t\t\t\t\t};\n\n\t\t\t\t\t\t\t\t\tthis._printError = function() {\n\t\t\t\t\t\t\t\t\t\t \/\/this.element.find('.gallery-container').append($(\"<div><\/div>\", { \"class\": \"col-lg-12 col-lg-offset-1\" })\n\t\t\t\t\t\t\t\t\t\tthis.element.find('.gallery-container').append($(\"<div><\/div>\", { \"class\": \"col-lg-12\" })\n\t\t\t\t\t\t\t\t\t\t\t.append($(\"<div><\/div>\", { \"class\": \"error-wrapper\" })\n\t\t\t\t\t\t\t\t\t\t\t\t.append($(\"<span><\/span>\", { \"class\": \"label label-danger error\" })\n\t\t\t\t\t\t\t\t\t\t\t\t\t.html(this.settings.errorText))));\n\t\t\t\t\t\t\t\t\t};\n\n\t\t\t\t\t\t\t\t\tthis._flickrAnimate = function() {\n\t\t\t\t\t\t\t\t\t\tthis.element.find('.gallery-container img').each($.proxy(function(index, el) {\n\t\t\t\t\t\t\t\t\t\t\tvar image = el;\n\t\t\t\t\t\t\t\t\t\t\tsetTimeout(function() {\n\t\t\t\t\t\t\t\t\t\t\t\t$(image).parent().fadeIn();\n\t\t\t\t\t\t\t\t\t\t\t}, this.settings.loadingSpeed * index);\n\t\t\t\t\t\t\t\t\t\t}, this));\n\t\t\t\t\t\t\t\t\t};\n\n\t\t\t\t\t\t\t\t\tthis._printGallery = function(photos) {\n\t\t\t\t\t\t\t\t\t\tvar element = this.element.find('.gallery-container');\n\t\t\t\t\t\t\t\t\t\t$.each(photos, function(key, photo) {\n\t\t\t\t\t\t\t\t\t\t\tvar img = $('<img>', { 'class': 'thumb img-thumbnail flickr-img-responsive', src: photo.thumbnail, 'alt': photo.title });\n\t\t\t\t\t\t\t\t\t\t\telement.append($('<div><\/div>', { 'class': ' col-md-3 col-sm-4 col-center wpfrank-flickr-div' })\n\t\t\t\t\t\t\t\t\t\t\t\t.append($('<a><\/a>', { 'class': '', href: photo.href, 'data-gallery': '', 'title': photo.title }).hide()\n\t\t\t\t\t\t\t\t\t\t\t\t\t.append(img)));\n\t\t\t\t\t\t\t\t\t\t});\n\n\t\t\t\t\t\t\t\t\t\telement.imagesLoaded()\n\t\t\t\t\t\t\t\t\t\t\t.done($.proxy(this._flickrAnimate, this))\n\t\t\t\t\t\t\t\t\t\t\t.always($.proxy(this._hideSpinner, this));\n\t\t\t\t\t\t\t\t\t};\n\n\t\t\t\t\t\t\t\t\tthis._flickrPhotoset = function(photoset) {\n\t\t\t\t\t\t\t\t\t\tvar _this = this;\n\t\t\t\t\t\t\t\t\t\t\n\t\t\t\t\t\t\t\t\t\tphotos[photoset.id] = [];\n\t\t\t\t\t\t\t\t\t\t$.each(photoset.photo, function(key, photo) {\n\t\t\t\t\t\t\t\t\t\t\t\/\/ Limit number of photos.\n\t\t\t\t\t\t\t\t\t\t\tif(key >= _this.settings.photosLimit) {\n\t\t\t\t\t\t\t\t\t\t\t\treturn false;\n\t\t\t\t\t\t\t\t\t\t\t}\n\n\t\t\t\t\t\t\t\t\t\t\tphotos[photoset.id][key] = {\n\t\t\t\t\t\t\t\t\t\t\t\tthumbnail: 'https:\/\/farm' + photo.farm + '.static.flickr.com\/' + photo.server + '\/' + photo.id + '_' + photo.secret + '_q.jpg',\n\t\t\t\t\t\t\t\t\t\t\t\thref: 'https:\/\/farm' + photo.farm + '.static.flickr.com\/' + photo.server + '\/' + photo.id + '_' + photo.secret + '_b.jpg',\n\t\t\t\t\t\t\t\t\t\t\t\ttitle: photo.title\n\t\t\t\t\t\t\t\t\t\t\t};\n\t\t\t\t\t\t\t\t\t\t});\n\n\t\t\t\t\t\t\t\t\t\tthis._printGallery(photos[photoset.id]);\n\t\t\t\t\t\t\t\t\t};\n\n\t\t\t\t\t\t\t\t\tthis._onFlickrResponse = function(response) {\n\t\t\t\t\t\t\t\t\t\tif(response.stat === \"ok\") {\n\t\t\t\t\t\t\t\t\t\t\t this._flickrPhotoset(response.photoset);\n\t\t\t\t\t\t\t\t\t\t}\n\t\t\t\t\t\t\t\t\t\telse {\n\t\t\t\t\t\t\t\t\t\t\tthis._hideSpinner();\n\t\t\t\t\t\t\t\t\t\t\tthis._printError();\n\t\t\t\t\t\t\t\t\t\t}\n\t\t\t\t\t\t\t\t\t};\n\n\t\t\t\t\t\t\t\t\tthis._flickrRequest = function(method, data) {\n\t\t\t\t\t\t\t\t\t\tvar url = apiUrl + \"?format=json&jsoncallback=?&method=\" + method + \"&api_key=\" + this.settings.apiKey;\n\n\t\t\t\t\t\t\t\t\t\t$.each(data, function(key, value) {\n\t\t\t\t\t\t\t\t\t\t\turl += \"&\" + key + \"=\" + value;\n\t\t\t\t\t\t\t\t\t\t});\n\n\t\t\t\t\t\t\t\t\t\t$.ajax({\n\t\t\t\t\t\t\t\t\t\t\tdataType: \"json\",\n\t\t\t\t\t\t\t\t\t\t\turl: url,\n\t\t\t\t\t\t\t\t\t\t\tcontext: this,\n\t\t\t\t\t\t\t\t\t\t\tsuccess: this._onFlickrResponse\n\t\t\t\t\t\t\t\t\t\t});\n\t\t\t\t\t\t\t\t\t};\n\n\t\t\t\t\t\t\t\t\tthis._flickrInit = function () {\n\t\t\t\t\t\t\t\t\t\tthis._flickrRequest('flickr.photosets.getPhotos', {\n\t\t\t\t\t\t\t\t\t\t\tphotoset_id: this.settings.photosetId\n\t\t\t\t\t\t\t\t\t\t});\n\t\t\t\t\t\t\t\t\t};\n\n\t\t\t\t\t\t\t\t\t\/\/ Init\n\t\t\t\t\t\t\t\t\tthis.init();\n\t\t\t\t\t\t\t\t}\n\n\t\t\t\t\t\t\t\tPlugin.prototype = {\n\t\t\t\t\t\t\t\t\tinit: function () {\n\t\t\t\t\t\t\t\t\t\tthis._flickrInit();\n\t\t\t\t\t\t\t\t\t}\n\t\t\t\t\t\t\t\t};\n\n\t\t\t\t\t\t\t\t\/\/ Wrapper\n\t\t\t\t\t\t\t\t$.fn[pluginName] = function (options) {\n\t\t\t\t\t\t\t\t\tthis.each(function () {\n\t\t\t\t\t\t\t\t\t\tif (!$.data(this, \"plugin_\" + pluginName)) {\n\t\t\t\t\t\t\t\t\t\t\t$.data(this, \"plugin_\" + pluginName, new Plugin(this, options));\n\t\t\t\t\t\t\t\t\t\t}\n\t\t\t\t\t\t\t\t\t});\n\n\t\t\t\t\t\t\t\t\t\/\/ Chain\n\t\t\t\t\t\t\t\t\treturn this;\n\t\t\t\t\t\t\t\t};\n\t\t\t\t\t\t\t})(jQuery, window, document);\n\t\t\t\t\t\t\t<\/script>\n\t\t\t\t\t\t\t<div class=\"gallery53430\">\n\t\t\t\t\t\t\t\t<!-- Gallery Thumbnails -->\n\t\t\t\t\t\t\t\t\t\t\t\t\t\t<h3>The Servise of the Lamentations at the Tomb in Brussels (10-04-2026)<\/h3>\n\t\t\t\t\t\t\t\t\t\t\t\t\t\t\t\t<div class=\"row\">\n\t\t\t\t\t\t\t\t\t<div class=\"col-xs-12 spinner-wrapper\">\n\t\t\t\t\t\t\t\t\t\t<div class=\"LoadingImg\"><img decoding=\"async\" src=\"https:\/\/orthodoxia.be\/wp-content\/plugins\/flickr-album-gallery\/img\/loading.gif\" \/><\/div>\n\t\t\t\t\t\t\t\t\t<\/div>\n\t\t\t\t\t\t\t\t\t<div align=\"center\" class=\"gallery-container\"><\/div>\n\t\t\t\t\t\t\t\t<\/div>\n\t\t\t\t\t\t\t<\/div>\n\t\t\t\t\t\t\t\t\t\n\t\t\t<!-- Blueimp gallery -->\n\t\t\t<div id=\"blueimp-gallery\" class=\"blueimp-gallery blueimp-gallery-controls\">\n\t\t\t\t<div class=\"slides\"><\/div>\n\t\t\t\t<h3 class=\"title\"><\/h3>\n\t\t\t\t<a class=\"prev\">\u2039<\/a>\n\t\t\t\t<a class=\"next\">\u203a<\/a>\n\t\t\t\t<a class=\"close\">\u00d7<\/a>\n\t\t\t\t<a class=\"play-pause\"><\/a>\n\t\t\t\t<ol class=\"indicator\"><\/ol>\n\t\t\t\t<div class=\"modal fade\">\n\t\t\t\t\t<div class=\"modal-dialog\">\n\t\t\t\t\t\t<div class=\"modal-content\">\n\t\t\t\t\t\t\t<div class=\"modal-header\">\n\t\t\t\t\t\t\t\t<button type=\"button\" class=\"close\" aria-hidden=\"true\">&times;<\/button>\n\t\t\t\t\t\t\t\t<h4 class=\"modal-title\"><\/h4>\n\t\t\t\t\t\t\t<\/div>\n\t\t\t\t\t\t\t<div class=\"modal-body next\"><\/div>\n\t\t\t\t\t\t\t<div class=\"modal-footer\">\n\t\t\t\t\t\t\t\t<button type=\"button\" class=\"btn btn-default pull-left prev\">\n\t\t\t\t\t\t\t\t\t<i class=\"glyphicon glyphicon-chevron-left\"><\/i>\n\t\t\t\t\t\t\t\t\tPrevious\t\t\t\t\t\t\t\t<\/button>\n\t\t\t\t\t\t\t\t<button type=\"button\" class=\"btn btn-primary next\">\n\t\t\t\t\t\t\t\t\tNext\t\t\t\t\t\t\t\t\t<i class=\"glyphicon glyphicon-chevron-right\"><\/i>\n\t\t\t\t\t\t\t\t<\/button>\n\t\t\t\t\t\t\t<\/div>\n\t\t\t\t\t\t<\/div>\n\t\t\t\t\t<\/div>\n\t\t\t\t<\/div>\n\t\t\t<\/div>\n\t\t\t<script type=\"text\/javascript\">\n\t\t\tjQuery(function() {\n\t\t\t\t\/\/ Set blueimp gallery options\n\t\t\t\tjQuery.extend(blueimp.Gallery.prototype.options, {\n\t\t\t\t\tuseBootstrapModal: false,\n\t\t\t\t\thidePageScrollbars: false\n\t\t\t\t});\n\t\t\t});\n\t\t\t<\/script>\n\t\t\t\n","protected":false},"excerpt":{"rendered":"<p>Op vrijdag 10 april 2026 vond de Mettendienst van de Grote Zaterdag plaats in de Kathedraal van de Heilige Aartsengelen Micha\u00ebl en Gabri\u00ebl in Brussel, evenals de processie van de Epitaphios door de straten van Brussel. Zijne Eminentie Metropoliet van Belgi\u00eb en Exarch van Nederland en Luxemburg, Mgr. Athenagoras, ging voor in de liturgische viering, &hellip; <a href=\"https:\/\/orthodoxia.be\/nl\/?p=53430\">Continued<\/a><\/p>\n","protected":false},"author":5,"featured_media":53433,"comment_status":"closed","ping_status":"closed","sticky":false,"template":"","format":"standard","meta":{"_acf_changed":false,"footnotes":""},"categories":[18,152],"tags":[],"class_list":["post-53630","post","type-post","status-publish","format-standard","has-post-thumbnail","hentry","category-actualiteit","category-kathedraal-van-de-heilige-aartsengelen-te-brussel"],"acf":[],"yoast_head":"<!-- This site is optimized with the Yoast SEO plugin v24.3 - https:\/\/yoast.com\/wordpress\/plugins\/seo\/ -->\n<title>Dienst van de Graflegging te Brussel - Orthodox Aartsbisdom van Belgi\u00eb<\/title>\n<meta name=\"robots\" content=\"index, follow, max-snippet:-1, max-image-preview:large, max-video-preview:-1\" \/>\n<link rel=\"canonical\" href=\"https:\/\/orthodoxia.be\/nl\/2026\/04\/10\/dienst-van-de-graflegging-te-brussel\/\" \/>\n<meta property=\"og:locale\" content=\"nl_BE\" \/>\n<meta property=\"og:type\" content=\"article\" \/>\n<meta property=\"og:title\" content=\"Dienst van de Graflegging te Brussel - Orthodox Aartsbisdom van Belgi\u00eb\" \/>\n<meta property=\"og:description\" content=\"Op vrijdag 10 april 2026 vond de Mettendienst van de Grote Zaterdag plaats in de Kathedraal van de Heilige Aartsengelen Micha\u00ebl en Gabri\u00ebl in Brussel, evenals de processie van de Epitaphios door de straten van Brussel. Zijne Eminentie Metropoliet van Belgi\u00eb en Exarch van Nederland en Luxemburg, Mgr. Athenagoras, ging voor in de liturgische viering, &hellip; Continued\" \/>\n<meta property=\"og:url\" content=\"https:\/\/orthodoxia.be\/nl\/2026\/04\/10\/dienst-van-de-graflegging-te-brussel\/\" \/>\n<meta property=\"og:site_name\" content=\"Orthodox Aartsbisdom van Belgi\u00eb\" \/>\n<meta property=\"article:publisher\" content=\"https:\/\/www.facebook.com\/orthobel\" \/>\n<meta property=\"article:published_time\" content=\"2026-04-10T21:54:15+00:00\" \/>\n<meta property=\"article:modified_time\" content=\"2026-04-30T15:17:50+00:00\" \/>\n<meta property=\"og:image\" content=\"https:\/\/orthodoxia.be\/wp-content\/uploads\/2026\/04\/55201299980_c7df79a13b_c.jpg\" \/>\n\t<meta property=\"og:image:width\" content=\"799\" \/>\n\t<meta property=\"og:image:height\" content=\"534\" \/>\n\t<meta property=\"og:image:type\" content=\"image\/jpeg\" \/>\n<meta name=\"author\" content=\"Fr. Filip Boone\" \/>\n<meta name=\"twitter:card\" content=\"summary_large_image\" \/>\n<meta name=\"twitter:creator\" content=\"@orthobel\" \/>\n<meta name=\"twitter:site\" content=\"@orthobel\" \/>\n<meta name=\"twitter:label1\" content=\"Geschreven door\" \/>\n\t<meta name=\"twitter:data1\" content=\"Fr. Filip Boone\" \/>\n\t<meta name=\"twitter:label2\" content=\"Geschatte leestijd\" \/>\n\t<meta name=\"twitter:data2\" content=\"1 minuut\" \/>\n<script type=\"application\/ld+json\" class=\"yoast-schema-graph\">{\"@context\":\"https:\/\/schema.org\",\"@graph\":[{\"@type\":\"Article\",\"@id\":\"https:\/\/orthodoxia.be\/nl\/2026\/04\/10\/dienst-van-de-graflegging-te-brussel\/#article\",\"isPartOf\":{\"@id\":\"https:\/\/orthodoxia.be\/nl\/2026\/04\/10\/dienst-van-de-graflegging-te-brussel\/\"},\"author\":{\"name\":\"Fr. Filip Boone\",\"@id\":\"https:\/\/orthodoxia.be\/#\/schema\/person\/3a3f63a3c164a0dd7642f3baea1f3ca9\"},\"headline\":\"Dienst van de Graflegging te Brussel\",\"datePublished\":\"2026-04-10T21:54:15+00:00\",\"dateModified\":\"2026-04-30T15:17:50+00:00\",\"mainEntityOfPage\":{\"@id\":\"https:\/\/orthodoxia.be\/nl\/2026\/04\/10\/dienst-van-de-graflegging-te-brussel\/\"},\"wordCount\":154,\"publisher\":{\"@id\":\"https:\/\/orthodoxia.be\/#organization\"},\"image\":{\"@id\":\"https:\/\/orthodoxia.be\/nl\/2026\/04\/10\/dienst-van-de-graflegging-te-brussel\/#primaryimage\"},\"thumbnailUrl\":\"https:\/\/orthodoxia.be\/wp-content\/uploads\/2026\/04\/55201299980_c7df79a13b_c.jpg\",\"articleSection\":[\"Actualiteit\",\"Kathedraal van de Heilige Aartsengelen te Brussel\"],\"inLanguage\":\"nl-BE\"},{\"@type\":\"WebPage\",\"@id\":\"https:\/\/orthodoxia.be\/nl\/2026\/04\/10\/dienst-van-de-graflegging-te-brussel\/\",\"url\":\"https:\/\/orthodoxia.be\/nl\/2026\/04\/10\/dienst-van-de-graflegging-te-brussel\/\",\"name\":\"Dienst van de Graflegging te Brussel - Orthodox Aartsbisdom van Belgi\u00eb\",\"isPartOf\":{\"@id\":\"https:\/\/orthodoxia.be\/#website\"},\"primaryImageOfPage\":{\"@id\":\"https:\/\/orthodoxia.be\/nl\/2026\/04\/10\/dienst-van-de-graflegging-te-brussel\/#primaryimage\"},\"image\":{\"@id\":\"https:\/\/orthodoxia.be\/nl\/2026\/04\/10\/dienst-van-de-graflegging-te-brussel\/#primaryimage\"},\"thumbnailUrl\":\"https:\/\/orthodoxia.be\/wp-content\/uploads\/2026\/04\/55201299980_c7df79a13b_c.jpg\",\"datePublished\":\"2026-04-10T21:54:15+00:00\",\"dateModified\":\"2026-04-30T15:17:50+00:00\",\"breadcrumb\":{\"@id\":\"https:\/\/orthodoxia.be\/nl\/2026\/04\/10\/dienst-van-de-graflegging-te-brussel\/#breadcrumb\"},\"inLanguage\":\"nl-BE\",\"potentialAction\":[{\"@type\":\"ReadAction\",\"target\":[\"https:\/\/orthodoxia.be\/nl\/2026\/04\/10\/dienst-van-de-graflegging-te-brussel\/\"]}]},{\"@type\":\"ImageObject\",\"inLanguage\":\"nl-BE\",\"@id\":\"https:\/\/orthodoxia.be\/nl\/2026\/04\/10\/dienst-van-de-graflegging-te-brussel\/#primaryimage\",\"url\":\"https:\/\/orthodoxia.be\/wp-content\/uploads\/2026\/04\/55201299980_c7df79a13b_c.jpg\",\"contentUrl\":\"https:\/\/orthodoxia.be\/wp-content\/uploads\/2026\/04\/55201299980_c7df79a13b_c.jpg\",\"width\":799,\"height\":534},{\"@type\":\"BreadcrumbList\",\"@id\":\"https:\/\/orthodoxia.be\/nl\/2026\/04\/10\/dienst-van-de-graflegging-te-brussel\/#breadcrumb\",\"itemListElement\":[{\"@type\":\"ListItem\",\"position\":1,\"name\":\"Home\",\"item\":\"https:\/\/orthodoxia.be\/nl\/\"},{\"@type\":\"ListItem\",\"position\":2,\"name\":\"Dienst van de Graflegging te Brussel\"}]},{\"@type\":\"WebSite\",\"@id\":\"https:\/\/orthodoxia.be\/#website\",\"url\":\"https:\/\/orthodoxia.be\/\",\"name\":\"Orthodox Archdiocese of Belgium (Benelux)\",\"description\":\"Exarch of the Nederland en Luxemburg\",\"publisher\":{\"@id\":\"https:\/\/orthodoxia.be\/#organization\"},\"alternateName\":\"IMB\",\"potentialAction\":[{\"@type\":\"SearchAction\",\"target\":{\"@type\":\"EntryPoint\",\"urlTemplate\":\"https:\/\/orthodoxia.be\/?s={search_term_string}\"},\"query-input\":{\"@type\":\"PropertyValueSpecification\",\"valueRequired\":true,\"valueName\":\"search_term_string\"}}],\"inLanguage\":\"nl-BE\"},{\"@type\":\"Organization\",\"@id\":\"https:\/\/orthodoxia.be\/#organization\",\"name\":\"Orthodox Archdiocese of Belgium (Benelux)\",\"url\":\"https:\/\/orthodoxia.be\/\",\"logo\":{\"@type\":\"ImageObject\",\"inLanguage\":\"nl-BE\",\"@id\":\"https:\/\/orthodoxia.be\/#\/schema\/logo\/image\/\",\"url\":\"https:\/\/orthodoxia.be\/wp-content\/uploads\/2024\/02\/cropped-IMB-logo-512-cl-1.png\",\"contentUrl\":\"https:\/\/orthodoxia.be\/wp-content\/uploads\/2024\/02\/cropped-IMB-logo-512-cl-1.png\",\"width\":512,\"height\":512,\"caption\":\"Orthodox Archdiocese of Belgium (Benelux)\"},\"image\":{\"@id\":\"https:\/\/orthodoxia.be\/#\/schema\/logo\/image\/\"},\"sameAs\":[\"https:\/\/www.facebook.com\/orthobel\",\"https:\/\/x.com\/orthobel\",\"https:\/\/www.youtube.com\/c\/orthobel\",\"https:\/\/www.mixcloud.com\/orthobel\/\",\"https:\/\/www.flickr.com\/photos\/148264890@N07\/albums\",\"https:\/\/www.dailymotion.com\/Orthobel\"]},{\"@type\":\"Person\",\"@id\":\"https:\/\/orthodoxia.be\/#\/schema\/person\/3a3f63a3c164a0dd7642f3baea1f3ca9\",\"name\":\"Fr. Filip Boone\",\"image\":{\"@type\":\"ImageObject\",\"inLanguage\":\"nl-BE\",\"@id\":\"https:\/\/orthodoxia.be\/#\/schema\/person\/image\/\",\"url\":\"https:\/\/secure.gravatar.com\/avatar\/d4b0dfcddd0a8b04d3eba1449f997873?s=96&d=mm&r=g\",\"contentUrl\":\"https:\/\/secure.gravatar.com\/avatar\/d4b0dfcddd0a8b04d3eba1449f997873?s=96&d=mm&r=g\",\"caption\":\"Fr. Filip Boone\"},\"sameAs\":[\"http:\/\/orthodoxia.be\"],\"url\":\"https:\/\/orthodoxia.be\/nl\/author\/secretariaat\/\"}]}<\/script>\n<!-- \/ Yoast SEO plugin. -->","yoast_head_json":{"title":"Dienst van de Graflegging te Brussel - Orthodox Aartsbisdom van Belgi\u00eb","robots":{"index":"index","follow":"follow","max-snippet":"max-snippet:-1","max-image-preview":"max-image-preview:large","max-video-preview":"max-video-preview:-1"},"canonical":"https:\/\/orthodoxia.be\/nl\/2026\/04\/10\/dienst-van-de-graflegging-te-brussel\/","og_locale":"nl_BE","og_type":"article","og_title":"Dienst van de Graflegging te Brussel - Orthodox Aartsbisdom van Belgi\u00eb","og_description":"Op vrijdag 10 april 2026 vond de Mettendienst van de Grote Zaterdag plaats in de Kathedraal van de Heilige Aartsengelen Micha\u00ebl en Gabri\u00ebl in Brussel, evenals de processie van de Epitaphios door de straten van Brussel. Zijne Eminentie Metropoliet van Belgi\u00eb en Exarch van Nederland en Luxemburg, Mgr. Athenagoras, ging voor in de liturgische viering, &hellip; Continued","og_url":"https:\/\/orthodoxia.be\/nl\/2026\/04\/10\/dienst-van-de-graflegging-te-brussel\/","og_site_name":"Orthodox Aartsbisdom van Belgi\u00eb","article_publisher":"https:\/\/www.facebook.com\/orthobel","article_published_time":"2026-04-10T21:54:15+00:00","article_modified_time":"2026-04-30T15:17:50+00:00","og_image":[{"width":799,"height":534,"url":"https:\/\/orthodoxia.be\/wp-content\/uploads\/2026\/04\/55201299980_c7df79a13b_c.jpg","type":"image\/jpeg"}],"author":"Fr. Filip Boone","twitter_card":"summary_large_image","twitter_creator":"@orthobel","twitter_site":"@orthobel","twitter_misc":{"Geschreven door":"Fr. Filip Boone","Geschatte leestijd":"1 minuut"},"schema":{"@context":"https:\/\/schema.org","@graph":[{"@type":"Article","@id":"https:\/\/orthodoxia.be\/nl\/2026\/04\/10\/dienst-van-de-graflegging-te-brussel\/#article","isPartOf":{"@id":"https:\/\/orthodoxia.be\/nl\/2026\/04\/10\/dienst-van-de-graflegging-te-brussel\/"},"author":{"name":"Fr. Filip Boone","@id":"https:\/\/orthodoxia.be\/#\/schema\/person\/3a3f63a3c164a0dd7642f3baea1f3ca9"},"headline":"Dienst van de Graflegging te Brussel","datePublished":"2026-04-10T21:54:15+00:00","dateModified":"2026-04-30T15:17:50+00:00","mainEntityOfPage":{"@id":"https:\/\/orthodoxia.be\/nl\/2026\/04\/10\/dienst-van-de-graflegging-te-brussel\/"},"wordCount":154,"publisher":{"@id":"https:\/\/orthodoxia.be\/#organization"},"image":{"@id":"https:\/\/orthodoxia.be\/nl\/2026\/04\/10\/dienst-van-de-graflegging-te-brussel\/#primaryimage"},"thumbnailUrl":"https:\/\/orthodoxia.be\/wp-content\/uploads\/2026\/04\/55201299980_c7df79a13b_c.jpg","articleSection":["Actualiteit","Kathedraal van de Heilige Aartsengelen te Brussel"],"inLanguage":"nl-BE"},{"@type":"WebPage","@id":"https:\/\/orthodoxia.be\/nl\/2026\/04\/10\/dienst-van-de-graflegging-te-brussel\/","url":"https:\/\/orthodoxia.be\/nl\/2026\/04\/10\/dienst-van-de-graflegging-te-brussel\/","name":"Dienst van de Graflegging te Brussel - Orthodox Aartsbisdom van Belgi\u00eb","isPartOf":{"@id":"https:\/\/orthodoxia.be\/#website"},"primaryImageOfPage":{"@id":"https:\/\/orthodoxia.be\/nl\/2026\/04\/10\/dienst-van-de-graflegging-te-brussel\/#primaryimage"},"image":{"@id":"https:\/\/orthodoxia.be\/nl\/2026\/04\/10\/dienst-van-de-graflegging-te-brussel\/#primaryimage"},"thumbnailUrl":"https:\/\/orthodoxia.be\/wp-content\/uploads\/2026\/04\/55201299980_c7df79a13b_c.jpg","datePublished":"2026-04-10T21:54:15+00:00","dateModified":"2026-04-30T15:17:50+00:00","breadcrumb":{"@id":"https:\/\/orthodoxia.be\/nl\/2026\/04\/10\/dienst-van-de-graflegging-te-brussel\/#breadcrumb"},"inLanguage":"nl-BE","potentialAction":[{"@type":"ReadAction","target":["https:\/\/orthodoxia.be\/nl\/2026\/04\/10\/dienst-van-de-graflegging-te-brussel\/"]}]},{"@type":"ImageObject","inLanguage":"nl-BE","@id":"https:\/\/orthodoxia.be\/nl\/2026\/04\/10\/dienst-van-de-graflegging-te-brussel\/#primaryimage","url":"https:\/\/orthodoxia.be\/wp-content\/uploads\/2026\/04\/55201299980_c7df79a13b_c.jpg","contentUrl":"https:\/\/orthodoxia.be\/wp-content\/uploads\/2026\/04\/55201299980_c7df79a13b_c.jpg","width":799,"height":534},{"@type":"BreadcrumbList","@id":"https:\/\/orthodoxia.be\/nl\/2026\/04\/10\/dienst-van-de-graflegging-te-brussel\/#breadcrumb","itemListElement":[{"@type":"ListItem","position":1,"name":"Home","item":"https:\/\/orthodoxia.be\/nl\/"},{"@type":"ListItem","position":2,"name":"Dienst van de Graflegging te Brussel"}]},{"@type":"WebSite","@id":"https:\/\/orthodoxia.be\/#website","url":"https:\/\/orthodoxia.be\/","name":"Orthodox Archdiocese of Belgium (Benelux)","description":"Exarch of the Nederland en Luxemburg","publisher":{"@id":"https:\/\/orthodoxia.be\/#organization"},"alternateName":"IMB","potentialAction":[{"@type":"SearchAction","target":{"@type":"EntryPoint","urlTemplate":"https:\/\/orthodoxia.be\/?s={search_term_string}"},"query-input":{"@type":"PropertyValueSpecification","valueRequired":true,"valueName":"search_term_string"}}],"inLanguage":"nl-BE"},{"@type":"Organization","@id":"https:\/\/orthodoxia.be\/#organization","name":"Orthodox Archdiocese of Belgium (Benelux)","url":"https:\/\/orthodoxia.be\/","logo":{"@type":"ImageObject","inLanguage":"nl-BE","@id":"https:\/\/orthodoxia.be\/#\/schema\/logo\/image\/","url":"https:\/\/orthodoxia.be\/wp-content\/uploads\/2024\/02\/cropped-IMB-logo-512-cl-1.png","contentUrl":"https:\/\/orthodoxia.be\/wp-content\/uploads\/2024\/02\/cropped-IMB-logo-512-cl-1.png","width":512,"height":512,"caption":"Orthodox Archdiocese of Belgium (Benelux)"},"image":{"@id":"https:\/\/orthodoxia.be\/#\/schema\/logo\/image\/"},"sameAs":["https:\/\/www.facebook.com\/orthobel","https:\/\/x.com\/orthobel","https:\/\/www.youtube.com\/c\/orthobel","https:\/\/www.mixcloud.com\/orthobel\/","https:\/\/www.flickr.com\/photos\/148264890@N07\/albums","https:\/\/www.dailymotion.com\/Orthobel"]},{"@type":"Person","@id":"https:\/\/orthodoxia.be\/#\/schema\/person\/3a3f63a3c164a0dd7642f3baea1f3ca9","name":"Fr. Filip Boone","image":{"@type":"ImageObject","inLanguage":"nl-BE","@id":"https:\/\/orthodoxia.be\/#\/schema\/person\/image\/","url":"https:\/\/secure.gravatar.com\/avatar\/d4b0dfcddd0a8b04d3eba1449f997873?s=96&d=mm&r=g","contentUrl":"https:\/\/secure.gravatar.com\/avatar\/d4b0dfcddd0a8b04d3eba1449f997873?s=96&d=mm&r=g","caption":"Fr. Filip Boone"},"sameAs":["http:\/\/orthodoxia.be"],"url":"https:\/\/orthodoxia.be\/nl\/author\/secretariaat\/"}]}},"_links":{"self":[{"href":"https:\/\/orthodoxia.be\/nl\/wp-json\/wp\/v2\/posts\/53630","targetHints":{"allow":["GET"]}}],"collection":[{"href":"https:\/\/orthodoxia.be\/nl\/wp-json\/wp\/v2\/posts"}],"about":[{"href":"https:\/\/orthodoxia.be\/nl\/wp-json\/wp\/v2\/types\/post"}],"author":[{"embeddable":true,"href":"https:\/\/orthodoxia.be\/nl\/wp-json\/wp\/v2\/users\/5"}],"replies":[{"embeddable":true,"href":"https:\/\/orthodoxia.be\/nl\/wp-json\/wp\/v2\/comments?post=53630"}],"version-history":[{"count":1,"href":"https:\/\/orthodoxia.be\/nl\/wp-json\/wp\/v2\/posts\/53630\/revisions"}],"predecessor-version":[{"id":53631,"href":"https:\/\/orthodoxia.be\/nl\/wp-json\/wp\/v2\/posts\/53630\/revisions\/53631"}],"wp:featuredmedia":[{"embeddable":true,"href":"https:\/\/orthodoxia.be\/nl\/wp-json\/wp\/v2\/media\/53433"}],"wp:attachment":[{"href":"https:\/\/orthodoxia.be\/nl\/wp-json\/wp\/v2\/media?parent=53630"}],"wp:term":[{"taxonomy":"category","embeddable":true,"href":"https:\/\/orthodoxia.be\/nl\/wp-json\/wp\/v2\/categories?post=53630"},{"taxonomy":"post_tag","embeddable":true,"href":"https:\/\/orthodoxia.be\/nl\/wp-json\/wp\/v2\/tags?post=53630"}],"curies":[{"name":"wp","href":"https:\/\/api.w.org\/{rel}","templated":true}]}}