{"id":25295,"date":"2020-04-18T15:48:36","date_gmt":"2020-04-18T13:48:36","guid":{"rendered":"http:\/\/orthodoxia.be\/?p=25295"},"modified":"2020-04-18T16:26:04","modified_gmt":"2020-04-18T14:26:04","slug":"wiadomosc-patriarchalna-z-okazji-swieta-paschy-2020","status":"publish","type":"post","link":"https:\/\/orthodoxia.be\/pl\/2020\/04\/18\/wiadomosc-patriarchalna-z-okazji-swieta-paschy-2020\/","title":{"rendered":"Wiadomo\u015b\u0107 Patriarchalna Z Okazji \u015awi\u0119ta Paschy (2020)"},"content":{"rendered":"<p style=\"text-align: justify;\"><strong>WIADOMO\u015a\u0106 PATRIARCHALNA<\/strong><br \/>\n<strong>Z OKAZJI \u015aWI\u0118TA PASCHY<\/strong><\/p>\n<p style=\"text-align: justify;\">Nr protoko\u0142u 270<\/p>\n<p style=\"text-align: center;\"><strong>\u2020 BART\u0141OMIEJ<\/strong><br \/>\n<strong>Z \u0141ASKI BO\u017bEJ<\/strong><br \/>\n<strong>ARCYBISKUP KONSTANTYNOPOLA, NOWEGO RZYMU<\/strong><br \/>\n<strong>I PATRIARCHA EKUMENICZNY<\/strong><br \/>\n<strong>NIECH \u0141ASKA, POK\u00d3J I MI\u0141OSIERDZIE<\/strong><br \/>\n<strong>CHWALEBNIE ZMARTWYCHWSTA\u0141EGO CHRYSTUSA<\/strong><br \/>\n<strong>B\u0118D\u0104 Z CA\u0141\u0104 PE\u0141NI\u0104 KO\u015aCIO\u0141A<\/strong><\/p>\n<p style=\"text-align: center;\"><strong>* * *<\/strong><\/p>\n<p style=\"text-align: justify;\">Czcigodni bracia i umi\u0142owane dzieci w Panu,<\/p>\n<p style=\"text-align: justify;\">Po osi\u0105gni\u0119ciu \u015awi\u0119tej Paschy i dziel\u0105c si\u0119 rado\u015bci\u0105 Zmartwychwstania \u015bpiewamy Panu chwa\u0142y, kt\u00f3ry swoj\u0105 \u015bmierci\u0105 odni\u00f3s\u0142 zwyci\u0119stwo nad \u015bmierci\u0105, pod\u017awign\u0105\u0142 ze Sob\u0105 Adama, ka\u017cd\u0105 istot\u0119 ludzk\u0105 i otworzy\u0142 nam bramy raju.<\/p>\n<p style=\"text-align: justify;\">Chwalebne Zmartwychwstanie Chrystusa jest gwarancj\u0105, \u017ce to nie \u015bmier\u0107 dominuje nad \u017cyciem \u015bwiata, ale \u017ce to Pan, kt\u00f3ry obali\u0142 moc \u015bmierci, znany najpierw jako Logos niewcielony, a potem jako S\u0142owo, kt\u00f3re z mi\u0142o\u015bci do ludzko\u015bci wcieli\u0142o si\u0119 dla nas, kt\u00f3re umar\u0142o jako istota ludzka i zmartwychwsta\u0142o z autorytetu jako B\u00f3g, kt\u00f3ry powr\u00f3ci z chwa\u0142\u0105, aby wype\u0142ni\u0107 bosk\u0105 ekonomi\u0119 zbawienia.<\/p>\n<p style=\"text-align: justify;\">B\u0119d\u0105c tajemnic\u0105 i do\u015bwiadczeniem, Zmartwychwstanie stanowi rdze\u0144 \u017cycia ko\u015bcielnego. \u015awietliste uwielbienie, \u015bwi\u0119te sakramenty, \u017cycie modlitw\u0105, postem i ascez\u0105, pos\u0142uga duszpasterska i dobre \u015bwiadectwo w \u015bwiecie &#8211; wszystko to emanuje zapachem paschalnej rado\u015bci. \u017bycie wierz\u0105cych w Ko\u015bciele jest codzienn\u0105 Pasch\u0105; jest to \u201erado\u015b\u0107 z g\u00f3ry\u201d, \u201erado\u015b\u0107 zbawienia\u201d, ale tak\u017ce \u201ezbawienie b\u0119d\u0105ce rado\u015bci\u0105 \u201d.<\/p>\n<p style=\"text-align: justify;\">Dlatego nabo\u017ce\u0144stwa Wielkiego Tygodnia nie s\u0105 ponure, ale pe\u0142ne zwyci\u0119skiej mocy Zmartwychwstania. Objawiaj\u0105, \u017ce krzy\u017c nie jest ostatnim s\u0142owem na temat zbawienia cz\u0142owieka i \u015bwiata. To jest to, co zapowiada sobota \u0141azarza. Zmartwychwstanie bliskiego przyjaciela Chrystusa prefiguruje \u201epowszechne zmartwychwstanie\u201d. Hymn \u201eDzi\u015b wisi na drzewie\u201d osi\u0105ga punkt kulminacyjny wezwaniem: \u201epoka\u017c nam swoje \u015bwi\u0119te zmartwychwstanie\u201d. Przed ca\u0142unem (cs. p\u0142aszczanic\u0105) \u015bpiewamy: \u201ewys\u0142awiam Twoje cierpienia, opiewam w pie\u015bniach pogrzeb Tw\u00f3j ze Zmartwychwstaniem\u201d. A podczas nabo\u017ce\u0144stwa paschalnego dono\u015bnie g\u0142osimy prawdziwe znaczenie Krzy\u017ca: \u201ePrzez krzy\u017c nadesz\u0142a rado\u015b\u0107 dla ca\u0142ego \u015bwiata\u201d.<\/p>\n<p style=\"text-align: justify;\">\u201eDoskonale \u015bwi\u0119ty dzie\u0144\u201d Paschy jest \u015bwitem \u201e\u00f3smego dnia\u201d, pocz\u0105tkiem \u201enowego stworzenia\u201d, do\u015bwiadczenia naszego w\u0142asnego zmartwychwstania, wielkim \u201ecudem zbawienia \u201d. Jest pewne, \u017ce Pan by\u0142 za nas m\u0119czony i ukrzy\u017cowany, \u017ce zmartwychwsta\u0142 dla nas \u201eprzygotowuj\u0105c dla nas wieczne zmartwychwstanie i wniebowst\u0105pienie \u201d. Podczas ca\u0142ego okresu paschalnego hymnologia \u015bpiewa z niepor\u00f3wnywaln\u0105 poezj\u0105 antropologiczne znaczenie chwalebnego Zmartwychwstania Chrystusa, przej\u015bcia cz\u0142owieka z niewoli do prawdziwej wolno\u015bci, \u201ewspinaczk\u0119, post\u0119p w kierunku Ziemi Obiecanej \u201d . Ta zbawcza odnowa w Chrystusie dzieje si\u0119 w Ko\u015bciele jako przed\u0142u\u017cenie etosu Eucharystii w \u015bwiecie, jako \u201ewyznanie prawdy w mi\u0142o\u015bci\u201d, jako wsp\u00f3\u0142praca z Bogiem w celu przemienienia \u015bwiata, tak aby reprezentowa\u0142a pe\u0142ni\u0119 objawienia boskiej mi\u0142o\u015bci w kr\u00f3lestwie czas\u00f3w ostatecznych. \u017bycie w zmartwychwsta\u0142ym Chrystusie oznacza g\u0142oszenie Ewangelii \u201ea\u017c po kra\u0144ce ziemi\u201d, zgodnie z wzorem Aposto\u0142\u00f3w; to \u015bwiadczenie w uczynkach \u0142aski i nadziei \u201enowego stworzenia\u201d, gdzie \u201e\u015bmierci ju\u017c nie b\u0119dzie; gdzie nie b\u0119dzie ju\u017c \u017ca\u0142oby, p\u0142aczu, ani cierpienia \u201d.<\/p>\n<p style=\"text-align: justify;\">Wiara w zmartwychwstanie Chrystusa i wraz z Nim w nasze zmartwychwstanie nie neguje bolesnej obecno\u015bci \u015bmierci, cierpienia i krzy\u017ca w \u017cyciu \u015bwiata. Nie t\u0142umimy okrutnej rzeczywisto\u015bci; przez wiar\u0119 nie zabezpieczamy si\u0119 psychologicznie przed \u015bmierci\u0105. Wiemy jednak, \u017ce obecne \u017cycie nie jest pe\u0142ni\u0105 \u017cycia, \u017ce jeste\u015bmy tutaj tylko \u201eprzechodniami\u201d; \u017ce nale\u017cymy do Chrystusa i zmierzamy w kierunku Jego wiecznego panowania. Obecno\u015b\u0107 cierpienia i \u015bmierci, cho\u0107 tak oczywista, nie jest rzeczywisto\u015bci\u0105 ostateczn\u0105. Ta rzeczywisto\u015b\u0107 jest ostatecznym zniesieniem \u015bmierci. W Kr\u00f3lestwie Bo\u017cym nie ma ani cierpienia, ani \u015bmierci, ale nieko\u0144cz\u0105ce si\u0119 \u017cycie \u201d. \u201ePrzed Twoim chwalebnym ukrzy\u017cowaniem\u201d &#8211; \u015bpiewamy &#8211; \u201eludzie bali si\u0119 \u015bmierci; ale po Twojej chwalebnej m\u0119ce to cz\u0142owiek, zmusi\u0142 si\u0119 ba\u0107 \u015bmierci \u201d. Wiara w Chrystusa zapewnia si\u0142\u0119, wytrwa\u0142o\u015b\u0107 i cierpliwo\u015b\u0107 do przetrwania pr\u00f3by. Chrystus jest tym, kt\u00f3ry \u201eleczy wszelkie choroby i wybawia nas od \u015bmierci \u201d. To On jest tym, kt\u00f3ry cierpia\u0142 za nas, tym, kt\u00f3ry objawi\u0142 ludziom, \u017ce B\u00f3g \u201ejest zawsze dla nas\u201d, \u017ce prawda Boga le\u017cy zasadniczo w Jego przyja\u017ani do cz\u0142owieka. Ten po\u017c\u0105dany g\u0142os boskiej mi\u0142o\u015bci d\u017awi\u0119czy w s\u0142owach: \u201eUfaj, m\u00f3j synu\u201d, kt\u00f3re Chrystus kieruje do sparali\u017cowanego i \u201eUfaj, moja c\u00f3rko! \u201d do kobiety cierpi\u0105cej na krwotok; s\u0142owami \u201emiejcie odwag\u0119, zwyci\u0119\u017cy\u0142em \u015bwiat \u201d przed m\u0119k\u0105 i w s\u0142owach \u201eodwagi, Pawle \u201d skierowanymi do aposto\u0142a Narod\u00f3w w wi\u0119zieniu, kiedy grozi\u0142a mu \u015bmier\u0107.<\/p>\n<p style=\"text-align: justify;\">Pandemia nowego koronawirusa pokaza\u0142a, jak krucha jest ludzka istota, boja\u017aliwa i pozbawiona nadziei, jak s\u0142aba jest jej wiedza i pewno\u015b\u0107 siebie, jak przestarza\u0142a jest idea \u015bmierci oznaczaj\u0105cej koniec \u017cycia, i \u017ce aby temu sprosta\u0107, wystarczy zapomnie\u0107 lub st\u0142umi\u0107 \u015bmier\u0107. Ekstremalne sytuacje pokazuj\u0105, \u017ce ludzie nie s\u0105 w stanie upora\u0107 si\u0119 ze swoim istnieniem, gdy wierz\u0105, \u017ce \u015bmier\u0107 jest niezwyci\u0119\u017con\u0105 rzeczywisto\u015bci\u0105 i granic\u0105, kt\u00f3rej nie mo\u017cna przekroczy\u0107. Trudno nam pozosta\u0107 cz\u0142owiekiem bez nadziei w istnienie wieczno\u015bci. Ta nadzieja \u017cyje w sercach lekarzy, opiekun\u00f3w, wolontariuszy, darczy\u0144c\u00f3w i wszystkich tych, kt\u00f3rzy odwa\u017cnie pomagaj\u0105 swoim cierpi\u0105cym braciom, w duchu bezinteresowno\u015bci i mi\u0142o\u015bci. W tym bezprecedensowym kryzysie, to oni tchn\u0105 zmartwychwstaniem i nadzi\u0119j\u0105. S\u0105 to \u201edobrzy Samarytanie\u201d, kt\u00f3rzy ryzykuj\u0105c \u017cyciem, lecz\u0105 rany, wlewaj\u0105c na nie oliw\u0119 i wino; s\u0105 oni wsp\u00f3\u0142czesnymi \u201em\u0119\u017cami Cyreny\u201d na Golgocie ob\u0142o\u017cnie chorych.<\/p>\n<p style=\"text-align: justify;\">Tymi my\u015blami, czcigodni bracia i umi\u0142owane w Panu dzieci, oddajemy chwa\u0142\u0119 Imieniu &#8211; kt\u00f3re jest ponad wszelkie imi\u0119 &#8211; Zmartwychwsta\u0142ego Pana, kt\u00f3ry wytacza \u017cycie ze Swej \u015bwiat\u0142o\u015bci i kt\u00f3ry sprawia, \u017ce wszystko l\u015bni rado\u015bci\u0105 przez \u015bwiat\u0142o Zmartwychwstania. Prosimy lekarza dusz i cia\u0142, dawc\u0119 \u017cycia i zmartwychwstania, w Jego niewys\u0142owionej przyja\u017ani do cz\u0142owieka, aby raczy\u0142 nas wynagrodzi\u0107 cennym darem zdrowia i pokierowa\u0142 naszymi krokami na w\u0142a\u015bciw\u0105 \u015bcie\u017ck\u0119, tak, nadprzyrodzenie ofiarowana wolno\u015b\u0107 zosta\u0142a uznana w \u015bwiecie, zapowiadaj\u0105c jej spe\u0142nienie w Kr\u00f3lestwie Niebieskim Ojca i Syna i Ducha \u015awi\u0119tego.<\/p>\n<p style=\"text-align: justify;\">Chrystus Zmartwychwsta\u0142!<br \/>\nFanar, \u015awi\u0119ta Pascha 2020<\/p>\n<p style=\"text-align: center;\"><strong>\u2028\u2020 Bart\u0142omiej<\/strong><br \/>\n<strong>wasz \u017carliwy or\u0119downik przed Chrystusem Zmartwychwsta\u0142ym<\/strong><\/p>\n","protected":false},"excerpt":{"rendered":"<p>WIADOMO\u015a\u0106 PATRIARCHALNA Z OKAZJI \u015aWI\u0118TA PASCHY Nr protoko\u0142u 270 \u2020 BART\u0141OMIEJ Z \u0141ASKI BO\u017bEJ ARCYBISKUP KONSTANTYNOPOLA, NOWEGO RZYMU I PATRIARCHA EKUMENICZNY NIECH \u0141ASKA, POK\u00d3J I MI\u0141OSIERDZIE CHWALEBNIE ZMARTWYCHWSTA\u0141EGO CHRYSTUSA B\u0118D\u0104 Z CA\u0141\u0104 PE\u0141NI\u0104 KO\u015aCIO\u0141A * * * Czcigodni bracia i umi\u0142owane dzieci w Panu, Po osi\u0105gni\u0119ciu \u015awi\u0119tej Paschy i dziel\u0105c si\u0119 rado\u015bci\u0105 Zmartwychwstania \u015bpiewamy Panu &hellip; <a href=\"https:\/\/orthodoxia.be\/pl\/2020\/04\/18\/wiadomosc-patriarchalna-z-okazji-swieta-paschy-2020\/\">Continued<\/a><\/p>\n","protected":false},"author":10,"featured_media":4704,"comment_status":"closed","ping_status":"open","sticky":false,"template":"","format":"standard","meta":{"_acf_changed":false,"footnotes":""},"categories":[6],"tags":[],"class_list":["post-25295","post","type-post","status-publish","format-standard","has-post-thumbnail","hentry","category-bez-kategorii"],"acf":[],"yoast_head":"<!-- This site is optimized with the Yoast SEO plugin v24.3 - https:\/\/yoast.com\/wordpress\/plugins\/seo\/ -->\n<title>Wiadomo\u015b\u0107 Patriarchalna Z Okazji \u015awi\u0119ta Paschy (2020) - Orthodox Archdiocese of Belgium<\/title>\n<meta name=\"robots\" content=\"index, follow, max-snippet:-1, max-image-preview:large, max-video-preview:-1\" \/>\n<link rel=\"canonical\" href=\"https:\/\/orthodoxia.be\/pl\/2020\/04\/18\/wiadomosc-patriarchalna-z-okazji-swieta-paschy-2020\/\" \/>\n<meta property=\"og:locale\" content=\"pl_PL\" \/>\n<meta property=\"og:type\" content=\"article\" \/>\n<meta property=\"og:title\" content=\"Wiadomo\u015b\u0107 Patriarchalna Z Okazji \u015awi\u0119ta Paschy (2020) - Orthodox Archdiocese of Belgium\" \/>\n<meta property=\"og:description\" content=\"WIADOMO\u015a\u0106 PATRIARCHALNA Z OKAZJI \u015aWI\u0118TA PASCHY Nr protoko\u0142u 270 \u2020 BART\u0141OMIEJ Z \u0141ASKI BO\u017bEJ ARCYBISKUP KONSTANTYNOPOLA, NOWEGO RZYMU I PATRIARCHA EKUMENICZNY NIECH \u0141ASKA, POK\u00d3J I MI\u0141OSIERDZIE CHWALEBNIE ZMARTWYCHWSTA\u0141EGO CHRYSTUSA B\u0118D\u0104 Z CA\u0141\u0104 PE\u0141NI\u0104 KO\u015aCIO\u0141A * * * Czcigodni bracia i umi\u0142owane dzieci w Panu, Po osi\u0105gni\u0119ciu \u015awi\u0119tej Paschy i dziel\u0105c si\u0119 rado\u015bci\u0105 Zmartwychwstania \u015bpiewamy Panu &hellip; Continued\" \/>\n<meta property=\"og:url\" content=\"https:\/\/orthodoxia.be\/pl\/2020\/04\/18\/wiadomosc-patriarchalna-z-okazji-swieta-paschy-2020\/\" \/>\n<meta property=\"og:site_name\" content=\"Orthodox Archdiocese of Belgium\" \/>\n<meta property=\"article:publisher\" content=\"https:\/\/www.facebook.com\/orthobel\" \/>\n<meta property=\"article:published_time\" content=\"2020-04-18T13:48:36+00:00\" \/>\n<meta property=\"article:modified_time\" content=\"2020-04-18T14:26:04+00:00\" \/>\n<meta property=\"og:image\" content=\"https:\/\/orthodoxia.be\/wp-content\/uploads\/2017\/11\/Oecum.-Patr.-Bartholomeos-1.jpg\" \/>\n\t<meta property=\"og:image:width\" content=\"275\" \/>\n\t<meta property=\"og:image:height\" content=\"314\" \/>\n\t<meta property=\"og:image:type\" content=\"image\/jpeg\" \/>\n<meta name=\"author\" content=\"fr. Emilianos Chatzivasileiou\" \/>\n<meta name=\"twitter:card\" content=\"summary_large_image\" \/>\n<meta name=\"twitter:creator\" content=\"@orthobel\" \/>\n<meta name=\"twitter:site\" content=\"@orthobel\" \/>\n<meta name=\"twitter:label1\" content=\"Napisane przez\" \/>\n\t<meta name=\"twitter:data1\" content=\"fr. Emilianos Chatzivasileiou\" \/>\n\t<meta name=\"twitter:label2\" content=\"Szacowany czas czytania\" \/>\n\t<meta name=\"twitter:data2\" content=\"5 minut\" \/>\n<script type=\"application\/ld+json\" class=\"yoast-schema-graph\">{\"@context\":\"https:\/\/schema.org\",\"@graph\":[{\"@type\":\"Article\",\"@id\":\"https:\/\/orthodoxia.be\/pl\/2020\/04\/18\/wiadomosc-patriarchalna-z-okazji-swieta-paschy-2020\/#article\",\"isPartOf\":{\"@id\":\"https:\/\/orthodoxia.be\/pl\/2020\/04\/18\/wiadomosc-patriarchalna-z-okazji-swieta-paschy-2020\/\"},\"author\":{\"name\":\"fr. Emilianos Chatzivasileiou\",\"@id\":\"https:\/\/orthodoxia.be\/#\/schema\/person\/f6c4fd8f4c3dfc201522ccccede872c4\"},\"headline\":\"Wiadomo\u015b\u0107 Patriarchalna Z Okazji \u015awi\u0119ta Paschy (2020)\",\"datePublished\":\"2020-04-18T13:48:36+00:00\",\"dateModified\":\"2020-04-18T14:26:04+00:00\",\"mainEntityOfPage\":{\"@id\":\"https:\/\/orthodoxia.be\/pl\/2020\/04\/18\/wiadomosc-patriarchalna-z-okazji-swieta-paschy-2020\/\"},\"wordCount\":1057,\"publisher\":{\"@id\":\"https:\/\/orthodoxia.be\/#organization\"},\"image\":{\"@id\":\"https:\/\/orthodoxia.be\/pl\/2020\/04\/18\/wiadomosc-patriarchalna-z-okazji-swieta-paschy-2020\/#primaryimage\"},\"thumbnailUrl\":\"https:\/\/orthodoxia.be\/wp-content\/uploads\/2017\/11\/Oecum.-Patr.-Bartholomeos-1.jpg\",\"inLanguage\":\"pl-PL\"},{\"@type\":\"WebPage\",\"@id\":\"https:\/\/orthodoxia.be\/pl\/2020\/04\/18\/wiadomosc-patriarchalna-z-okazji-swieta-paschy-2020\/\",\"url\":\"https:\/\/orthodoxia.be\/pl\/2020\/04\/18\/wiadomosc-patriarchalna-z-okazji-swieta-paschy-2020\/\",\"name\":\"Wiadomo\u015b\u0107 Patriarchalna Z Okazji \u015awi\u0119ta Paschy (2020) - Orthodox Archdiocese of Belgium\",\"isPartOf\":{\"@id\":\"https:\/\/orthodoxia.be\/#website\"},\"primaryImageOfPage\":{\"@id\":\"https:\/\/orthodoxia.be\/pl\/2020\/04\/18\/wiadomosc-patriarchalna-z-okazji-swieta-paschy-2020\/#primaryimage\"},\"image\":{\"@id\":\"https:\/\/orthodoxia.be\/pl\/2020\/04\/18\/wiadomosc-patriarchalna-z-okazji-swieta-paschy-2020\/#primaryimage\"},\"thumbnailUrl\":\"https:\/\/orthodoxia.be\/wp-content\/uploads\/2017\/11\/Oecum.-Patr.-Bartholomeos-1.jpg\",\"datePublished\":\"2020-04-18T13:48:36+00:00\",\"dateModified\":\"2020-04-18T14:26:04+00:00\",\"breadcrumb\":{\"@id\":\"https:\/\/orthodoxia.be\/pl\/2020\/04\/18\/wiadomosc-patriarchalna-z-okazji-swieta-paschy-2020\/#breadcrumb\"},\"inLanguage\":\"pl-PL\",\"potentialAction\":[{\"@type\":\"ReadAction\",\"target\":[\"https:\/\/orthodoxia.be\/pl\/2020\/04\/18\/wiadomosc-patriarchalna-z-okazji-swieta-paschy-2020\/\"]}]},{\"@type\":\"ImageObject\",\"inLanguage\":\"pl-PL\",\"@id\":\"https:\/\/orthodoxia.be\/pl\/2020\/04\/18\/wiadomosc-patriarchalna-z-okazji-swieta-paschy-2020\/#primaryimage\",\"url\":\"https:\/\/orthodoxia.be\/wp-content\/uploads\/2017\/11\/Oecum.-Patr.-Bartholomeos-1.jpg\",\"contentUrl\":\"https:\/\/orthodoxia.be\/wp-content\/uploads\/2017\/11\/Oecum.-Patr.-Bartholomeos-1.jpg\",\"width\":275,\"height\":314},{\"@type\":\"BreadcrumbList\",\"@id\":\"https:\/\/orthodoxia.be\/pl\/2020\/04\/18\/wiadomosc-patriarchalna-z-okazji-swieta-paschy-2020\/#breadcrumb\",\"itemListElement\":[{\"@type\":\"ListItem\",\"position\":1,\"name\":\"Home\",\"item\":\"https:\/\/orthodoxia.be\/\"},{\"@type\":\"ListItem\",\"position\":2,\"name\":\"Wiadomo\u015b\u0107 Patriarchalna Z Okazji \u015awi\u0119ta Paschy (2020)\"}]},{\"@type\":\"WebSite\",\"@id\":\"https:\/\/orthodoxia.be\/#website\",\"url\":\"https:\/\/orthodoxia.be\/\",\"name\":\"Orthodox Archdiocese of Belgium (Benelux)\",\"description\":\"Orthodox Archdiocese of Belgium\",\"publisher\":{\"@id\":\"https:\/\/orthodoxia.be\/#organization\"},\"alternateName\":\"IMB\",\"potentialAction\":[{\"@type\":\"SearchAction\",\"target\":{\"@type\":\"EntryPoint\",\"urlTemplate\":\"https:\/\/orthodoxia.be\/?s={search_term_string}\"},\"query-input\":{\"@type\":\"PropertyValueSpecification\",\"valueRequired\":true,\"valueName\":\"search_term_string\"}}],\"inLanguage\":\"pl-PL\"},{\"@type\":\"Organization\",\"@id\":\"https:\/\/orthodoxia.be\/#organization\",\"name\":\"Orthodox Archdiocese of Belgium (Benelux)\",\"url\":\"https:\/\/orthodoxia.be\/\",\"logo\":{\"@type\":\"ImageObject\",\"inLanguage\":\"pl-PL\",\"@id\":\"https:\/\/orthodoxia.be\/#\/schema\/logo\/image\/\",\"url\":\"https:\/\/orthodoxia.be\/wp-content\/uploads\/2024\/02\/cropped-IMB-logo-512-cl-1.png\",\"contentUrl\":\"https:\/\/orthodoxia.be\/wp-content\/uploads\/2024\/02\/cropped-IMB-logo-512-cl-1.png\",\"width\":512,\"height\":512,\"caption\":\"Orthodox Archdiocese of Belgium (Benelux)\"},\"image\":{\"@id\":\"https:\/\/orthodoxia.be\/#\/schema\/logo\/image\/\"},\"sameAs\":[\"https:\/\/www.facebook.com\/orthobel\",\"https:\/\/x.com\/orthobel\",\"https:\/\/www.youtube.com\/c\/orthobel\",\"https:\/\/www.mixcloud.com\/orthobel\/\",\"https:\/\/www.flickr.com\/photos\/148264890@N07\/albums\",\"https:\/\/www.dailymotion.com\/Orthobel\"]},{\"@type\":\"Person\",\"@id\":\"https:\/\/orthodoxia.be\/#\/schema\/person\/f6c4fd8f4c3dfc201522ccccede872c4\",\"name\":\"fr. Emilianos Chatzivasileiou\",\"image\":{\"@type\":\"ImageObject\",\"inLanguage\":\"pl-PL\",\"@id\":\"https:\/\/orthodoxia.be\/#\/schema\/person\/image\/\",\"url\":\"https:\/\/secure.gravatar.com\/avatar\/5b67115dbb9ae1579c39e9ae857d39ac?s=96&d=mm&r=g\",\"contentUrl\":\"https:\/\/secure.gravatar.com\/avatar\/5b67115dbb9ae1579c39e9ae857d39ac?s=96&d=mm&r=g\",\"caption\":\"fr. Emilianos Chatzivasileiou\"},\"sameAs\":[\"http:\/\/orthodoxia.be\"],\"url\":\"https:\/\/orthodoxia.be\/pl\/author\/p-emilianos\/\"}]}<\/script>\n<!-- \/ Yoast SEO plugin. -->","yoast_head_json":{"title":"Wiadomo\u015b\u0107 Patriarchalna Z Okazji \u015awi\u0119ta Paschy (2020) - Orthodox Archdiocese of Belgium","robots":{"index":"index","follow":"follow","max-snippet":"max-snippet:-1","max-image-preview":"max-image-preview:large","max-video-preview":"max-video-preview:-1"},"canonical":"https:\/\/orthodoxia.be\/pl\/2020\/04\/18\/wiadomosc-patriarchalna-z-okazji-swieta-paschy-2020\/","og_locale":"pl_PL","og_type":"article","og_title":"Wiadomo\u015b\u0107 Patriarchalna Z Okazji \u015awi\u0119ta Paschy (2020) - Orthodox Archdiocese of Belgium","og_description":"WIADOMO\u015a\u0106 PATRIARCHALNA Z OKAZJI \u015aWI\u0118TA PASCHY Nr protoko\u0142u 270 \u2020 BART\u0141OMIEJ Z \u0141ASKI BO\u017bEJ ARCYBISKUP KONSTANTYNOPOLA, NOWEGO RZYMU I PATRIARCHA EKUMENICZNY NIECH \u0141ASKA, POK\u00d3J I MI\u0141OSIERDZIE CHWALEBNIE ZMARTWYCHWSTA\u0141EGO CHRYSTUSA B\u0118D\u0104 Z CA\u0141\u0104 PE\u0141NI\u0104 KO\u015aCIO\u0141A * * * Czcigodni bracia i umi\u0142owane dzieci w Panu, Po osi\u0105gni\u0119ciu \u015awi\u0119tej Paschy i dziel\u0105c si\u0119 rado\u015bci\u0105 Zmartwychwstania \u015bpiewamy Panu &hellip; Continued","og_url":"https:\/\/orthodoxia.be\/pl\/2020\/04\/18\/wiadomosc-patriarchalna-z-okazji-swieta-paschy-2020\/","og_site_name":"Orthodox Archdiocese of Belgium","article_publisher":"https:\/\/www.facebook.com\/orthobel","article_published_time":"2020-04-18T13:48:36+00:00","article_modified_time":"2020-04-18T14:26:04+00:00","og_image":[{"width":275,"height":314,"url":"https:\/\/orthodoxia.be\/wp-content\/uploads\/2017\/11\/Oecum.-Patr.-Bartholomeos-1.jpg","type":"image\/jpeg"}],"author":"fr. Emilianos Chatzivasileiou","twitter_card":"summary_large_image","twitter_creator":"@orthobel","twitter_site":"@orthobel","twitter_misc":{"Napisane przez":"fr. Emilianos Chatzivasileiou","Szacowany czas czytania":"5 minut"},"schema":{"@context":"https:\/\/schema.org","@graph":[{"@type":"Article","@id":"https:\/\/orthodoxia.be\/pl\/2020\/04\/18\/wiadomosc-patriarchalna-z-okazji-swieta-paschy-2020\/#article","isPartOf":{"@id":"https:\/\/orthodoxia.be\/pl\/2020\/04\/18\/wiadomosc-patriarchalna-z-okazji-swieta-paschy-2020\/"},"author":{"name":"fr. Emilianos Chatzivasileiou","@id":"https:\/\/orthodoxia.be\/#\/schema\/person\/f6c4fd8f4c3dfc201522ccccede872c4"},"headline":"Wiadomo\u015b\u0107 Patriarchalna Z Okazji \u015awi\u0119ta Paschy (2020)","datePublished":"2020-04-18T13:48:36+00:00","dateModified":"2020-04-18T14:26:04+00:00","mainEntityOfPage":{"@id":"https:\/\/orthodoxia.be\/pl\/2020\/04\/18\/wiadomosc-patriarchalna-z-okazji-swieta-paschy-2020\/"},"wordCount":1057,"publisher":{"@id":"https:\/\/orthodoxia.be\/#organization"},"image":{"@id":"https:\/\/orthodoxia.be\/pl\/2020\/04\/18\/wiadomosc-patriarchalna-z-okazji-swieta-paschy-2020\/#primaryimage"},"thumbnailUrl":"https:\/\/orthodoxia.be\/wp-content\/uploads\/2017\/11\/Oecum.-Patr.-Bartholomeos-1.jpg","inLanguage":"pl-PL"},{"@type":"WebPage","@id":"https:\/\/orthodoxia.be\/pl\/2020\/04\/18\/wiadomosc-patriarchalna-z-okazji-swieta-paschy-2020\/","url":"https:\/\/orthodoxia.be\/pl\/2020\/04\/18\/wiadomosc-patriarchalna-z-okazji-swieta-paschy-2020\/","name":"Wiadomo\u015b\u0107 Patriarchalna Z Okazji \u015awi\u0119ta Paschy (2020) - Orthodox Archdiocese of Belgium","isPartOf":{"@id":"https:\/\/orthodoxia.be\/#website"},"primaryImageOfPage":{"@id":"https:\/\/orthodoxia.be\/pl\/2020\/04\/18\/wiadomosc-patriarchalna-z-okazji-swieta-paschy-2020\/#primaryimage"},"image":{"@id":"https:\/\/orthodoxia.be\/pl\/2020\/04\/18\/wiadomosc-patriarchalna-z-okazji-swieta-paschy-2020\/#primaryimage"},"thumbnailUrl":"https:\/\/orthodoxia.be\/wp-content\/uploads\/2017\/11\/Oecum.-Patr.-Bartholomeos-1.jpg","datePublished":"2020-04-18T13:48:36+00:00","dateModified":"2020-04-18T14:26:04+00:00","breadcrumb":{"@id":"https:\/\/orthodoxia.be\/pl\/2020\/04\/18\/wiadomosc-patriarchalna-z-okazji-swieta-paschy-2020\/#breadcrumb"},"inLanguage":"pl-PL","potentialAction":[{"@type":"ReadAction","target":["https:\/\/orthodoxia.be\/pl\/2020\/04\/18\/wiadomosc-patriarchalna-z-okazji-swieta-paschy-2020\/"]}]},{"@type":"ImageObject","inLanguage":"pl-PL","@id":"https:\/\/orthodoxia.be\/pl\/2020\/04\/18\/wiadomosc-patriarchalna-z-okazji-swieta-paschy-2020\/#primaryimage","url":"https:\/\/orthodoxia.be\/wp-content\/uploads\/2017\/11\/Oecum.-Patr.-Bartholomeos-1.jpg","contentUrl":"https:\/\/orthodoxia.be\/wp-content\/uploads\/2017\/11\/Oecum.-Patr.-Bartholomeos-1.jpg","width":275,"height":314},{"@type":"BreadcrumbList","@id":"https:\/\/orthodoxia.be\/pl\/2020\/04\/18\/wiadomosc-patriarchalna-z-okazji-swieta-paschy-2020\/#breadcrumb","itemListElement":[{"@type":"ListItem","position":1,"name":"Home","item":"https:\/\/orthodoxia.be\/"},{"@type":"ListItem","position":2,"name":"Wiadomo\u015b\u0107 Patriarchalna Z Okazji \u015awi\u0119ta Paschy (2020)"}]},{"@type":"WebSite","@id":"https:\/\/orthodoxia.be\/#website","url":"https:\/\/orthodoxia.be\/","name":"Orthodox Archdiocese of Belgium (Benelux)","description":"Orthodox Archdiocese of Belgium","publisher":{"@id":"https:\/\/orthodoxia.be\/#organization"},"alternateName":"IMB","potentialAction":[{"@type":"SearchAction","target":{"@type":"EntryPoint","urlTemplate":"https:\/\/orthodoxia.be\/?s={search_term_string}"},"query-input":{"@type":"PropertyValueSpecification","valueRequired":true,"valueName":"search_term_string"}}],"inLanguage":"pl-PL"},{"@type":"Organization","@id":"https:\/\/orthodoxia.be\/#organization","name":"Orthodox Archdiocese of Belgium (Benelux)","url":"https:\/\/orthodoxia.be\/","logo":{"@type":"ImageObject","inLanguage":"pl-PL","@id":"https:\/\/orthodoxia.be\/#\/schema\/logo\/image\/","url":"https:\/\/orthodoxia.be\/wp-content\/uploads\/2024\/02\/cropped-IMB-logo-512-cl-1.png","contentUrl":"https:\/\/orthodoxia.be\/wp-content\/uploads\/2024\/02\/cropped-IMB-logo-512-cl-1.png","width":512,"height":512,"caption":"Orthodox Archdiocese of Belgium (Benelux)"},"image":{"@id":"https:\/\/orthodoxia.be\/#\/schema\/logo\/image\/"},"sameAs":["https:\/\/www.facebook.com\/orthobel","https:\/\/x.com\/orthobel","https:\/\/www.youtube.com\/c\/orthobel","https:\/\/www.mixcloud.com\/orthobel\/","https:\/\/www.flickr.com\/photos\/148264890@N07\/albums","https:\/\/www.dailymotion.com\/Orthobel"]},{"@type":"Person","@id":"https:\/\/orthodoxia.be\/#\/schema\/person\/f6c4fd8f4c3dfc201522ccccede872c4","name":"fr. Emilianos Chatzivasileiou","image":{"@type":"ImageObject","inLanguage":"pl-PL","@id":"https:\/\/orthodoxia.be\/#\/schema\/person\/image\/","url":"https:\/\/secure.gravatar.com\/avatar\/5b67115dbb9ae1579c39e9ae857d39ac?s=96&d=mm&r=g","contentUrl":"https:\/\/secure.gravatar.com\/avatar\/5b67115dbb9ae1579c39e9ae857d39ac?s=96&d=mm&r=g","caption":"fr. Emilianos Chatzivasileiou"},"sameAs":["http:\/\/orthodoxia.be"],"url":"https:\/\/orthodoxia.be\/pl\/author\/p-emilianos\/"}]}},"_links":{"self":[{"href":"https:\/\/orthodoxia.be\/pl\/wp-json\/wp\/v2\/posts\/25295","targetHints":{"allow":["GET"]}}],"collection":[{"href":"https:\/\/orthodoxia.be\/pl\/wp-json\/wp\/v2\/posts"}],"about":[{"href":"https:\/\/orthodoxia.be\/pl\/wp-json\/wp\/v2\/types\/post"}],"author":[{"embeddable":true,"href":"https:\/\/orthodoxia.be\/pl\/wp-json\/wp\/v2\/users\/10"}],"replies":[{"embeddable":true,"href":"https:\/\/orthodoxia.be\/pl\/wp-json\/wp\/v2\/comments?post=25295"}],"version-history":[{"count":1,"href":"https:\/\/orthodoxia.be\/pl\/wp-json\/wp\/v2\/posts\/25295\/revisions"}],"predecessor-version":[{"id":25296,"href":"https:\/\/orthodoxia.be\/pl\/wp-json\/wp\/v2\/posts\/25295\/revisions\/25296"}],"wp:featuredmedia":[{"embeddable":true,"href":"https:\/\/orthodoxia.be\/pl\/wp-json\/wp\/v2\/media\/4704"}],"wp:attachment":[{"href":"https:\/\/orthodoxia.be\/pl\/wp-json\/wp\/v2\/media?parent=25295"}],"wp:term":[{"taxonomy":"category","embeddable":true,"href":"https:\/\/orthodoxia.be\/pl\/wp-json\/wp\/v2\/categories?post=25295"},{"taxonomy":"post_tag","embeddable":true,"href":"https:\/\/orthodoxia.be\/pl\/wp-json\/wp\/v2\/tags?post=25295"}],"curies":[{"name":"wp","href":"https:\/\/api.w.org\/{rel}","templated":true}]}}