{"id":29385,"date":"2020-12-23T15:16:36","date_gmt":"2020-12-23T14:16:36","guid":{"rendered":"http:\/\/orthodoxia.be\/?p=29385"},"modified":"2020-12-23T15:37:45","modified_gmt":"2020-12-23T14:37:45","slug":"nasterea-domnului-2020","status":"publish","type":"post","link":"https:\/\/orthodoxia.be\/ro\/2020\/12\/23\/nasterea-domnului-2020\/","title":{"rendered":"Nasterea Domnului 2020"},"content":{"rendered":"<p><strong>Dragi fra\u021bi si surori \u00een Hristos,<\/strong><br \/>\n<strong>Hristos s-a n\u0103scut, mariti-l!<\/strong><\/p>\n<p>Va salut \u00een dragostea, bucuria \u0219i n\u0103dejdea care ne-au fost d\u0103ruite cu \u00eendestulare prin \u00centruparea Domnului Nostru Iisus Hristos !<\/p>\n<p>Ast\u0103zi, s\u0103rb\u0103torim Na\u0219terea M\u00e2ntuitorului \u0219i m\u0103rturisim c\u0103 Dumnezeu este \u00eentr-adev\u0103r cu noi! Ast\u0103zi, Fiul lui Dumnezeu, Unul-n\u0103scut asuma firea noastra omeneasca permi\u021b\u00e2ndu-ne s\u0103 participam la naturii Sale divine! Ast\u0103zi, Legea \u0219i Profe\u021bii se \u00eemplinesc, pe c\u00e2nd la \u201cplinirea vremii\u201d Mesia, cel mult a\u0219teptat, inaugureaz\u0103 Pacea care dep\u0103\u0219e\u0219te toat\u0103 mintea!<\/p>\n<p>Ast\u0103zi, s\u0103rb\u0103torim evenimentul pentru care ne-am preg\u0103tit pe durata postului. Postul nostru, rugaciunea noastra sporit\u0103, milosteniile noastre isi g\u0103sesc sensul \u00een \u00eemplinirea Tainei \u00centrup\u0103rii: tot ceea ce suntem \u0219i avem e un dar de la Dumnezeu, d\u0103ruit nou\u0103 ca unor p\u0103zitori de \u00eencredere, pentru ca s\u0103 recunoa\u0219tem prezenta lui Dumnezeu \u00een lume. Chemarea nostru e de \u201ca ne \u00eencarna\u201d fiin\u021ba noastr\u0103 \u00een Logos, \u00een fiecare clipa \u0219i \u00een toate momentele vie\u021bii noastre. Cu siguran\u021ba acest lucru ne este u\u0219or de realizat iar tenta\u021biile lumii vor \u00eencerca mereu s\u0103 ne destabilizeze.<\/p>\n<p>Maica Domnului ne este un exemplu! Un exemplu de ascultare, de discern\u0103m\u00e2nt, de acceptare a ceea ce Tat\u0103l nostru cel ceresc i-a cerut. Acolo unde Eva cea dint\u00e2i a spus \u201cnu\u201d lui Dumnezeu, Maica Domnului din toata inima a spus \u201cda\u201d! F\u0103c\u00e2nd aceasta, ea a urmat tot ceea ce Fiul a \u00eemplinit prin na\u0219terea Sa, devenind un exemplu pentru noi to\u021bi.<\/p>\n<p>Nu lasati ca credinta voastra si flacara evlaviei voastre sa se stinga ! Fie ca evlavia noastra in slujba \u201cCuvantului facut trup\u201d sa fie la fel de puternica ca acea a sus\u021binerii Maicii Sale.<\/p>\n<p>Dragi frati si surori in Hristos,<\/p>\n<p>Acest an 2020 nu seam\u0103n\u0103 cu ceilal\u021bi. Coronavirusul ne-a afectat \u0219i ne-a bulversat f\u0103r\u0103 precedent via\u021ba. Este o incercare temporar\u0103 pentru toti, pe care trebuie sa o induram cu r\u0103bdare \u0219i sperant\u0103. \u00cen aceasta perioada \u00een numeroase slujbe ale Bisericii ne gandim la cei care se \u00eengrijesc de cei care sufer\u0103: medici, asisten\u021bi, infirmieri si to\u021bi aceia care, f\u0103r\u0103 excep\u021bie, ajuta la alinarea suferin\u021bei. Gandurile noastre se indreapta spre cei bolnavi \u0219i sprei cei care sufer\u0103 dar \u0219i c\u0103tre cei care au adormit \u00een Domnul, victime ale acestui virus.<\/p>\n<p>\u00cen aceasta perioad\u0103 de Pandemie Covid-19 s\u0103 nu uit\u0103m c\u0103 suntem cu to\u021bii chema\u021bi s\u0103 fim pruden\u021bi pentru a impiedica propagare virusului, respect\u00e2nd indeaproape masurile luate de guvernele noastre.<\/p>\n<p>Dorindu-v\u0103 fiec\u0103ruia \u00een parte ca \u00centruparea Domnului Nostru Iisus \u0219i Teofania (Ar\u0103tarea) Sa s\u0103 v\u0103 sustin\u0103 in lupta voastra de fiecare zi, V\u0103 rog sa primi\u021bi din partea mea cele mai bune ur\u0103ri pentru un An Nou plin de Sperant\u0103 si \u00cennoire,<\/p>\n<p>Cr\u0103ciun Fericit \u0219i fie ca Anul Nou sa fie unul plin de Har!<br \/>\nCu parinteasca binecuvantare si dragoste in Domnul care s-a facut Om,<\/p>\n<p>Data la Bruxelles in Sfanta Mitropolie de Nasterea Domnului 2020<\/p>\n<p style=\"text-align: center;\"><strong>\u2020 Mitropolitul Arhenagoras al Belgiei,<\/strong><br \/>\n<strong>Exarhul Tarilor de Jos si al Luxemburgului<\/strong><\/p>\n","protected":false},"excerpt":{"rendered":"<p>Dragi fra\u021bi si surori \u00een Hristos, Hristos s-a n\u0103scut, mariti-l! Va salut \u00een dragostea, bucuria \u0219i n\u0103dejdea care ne-au fost d\u0103ruite cu \u00eendestulare prin \u00centruparea Domnului Nostru Iisus Hristos ! Ast\u0103zi, s\u0103rb\u0103torim Na\u0219terea M\u00e2ntuitorului \u0219i m\u0103rturisim c\u0103 Dumnezeu este \u00eentr-adev\u0103r cu noi! Ast\u0103zi, Fiul lui Dumnezeu, Unul-n\u0103scut asuma firea noastra omeneasca permi\u021b\u00e2ndu-ne s\u0103 participam la &hellip; <a href=\"https:\/\/orthodoxia.be\/ro\/2020\/12\/23\/nasterea-domnului-2020\/\">Continued<\/a><\/p>\n","protected":false},"author":10,"featured_media":11372,"comment_status":"closed","ping_status":"open","sticky":false,"template":"","format":"standard","meta":{"_acf_changed":false,"footnotes":""},"categories":[39],"tags":[],"class_list":["post-29385","post","type-post","status-publish","format-standard","has-post-thumbnail","hentry","category-uncategorized-ro"],"acf":[],"yoast_head":"<!-- This site is optimized with the Yoast SEO plugin v24.3 - https:\/\/yoast.com\/wordpress\/plugins\/seo\/ -->\n<title>Nasterea Domnului 2020 - Orthodox Archdiocese of Belgium<\/title>\n<meta name=\"robots\" content=\"index, follow, max-snippet:-1, max-image-preview:large, max-video-preview:-1\" \/>\n<link rel=\"canonical\" href=\"https:\/\/orthodoxia.be\/ro\/2020\/12\/23\/nasterea-domnului-2020\/\" \/>\n<meta property=\"og:locale\" content=\"ro_RO\" \/>\n<meta property=\"og:type\" content=\"article\" \/>\n<meta property=\"og:title\" content=\"Nasterea Domnului 2020 - Orthodox Archdiocese of Belgium\" \/>\n<meta property=\"og:description\" content=\"Dragi fra\u021bi si surori \u00een Hristos, Hristos s-a n\u0103scut, mariti-l! Va salut \u00een dragostea, bucuria \u0219i n\u0103dejdea care ne-au fost d\u0103ruite cu \u00eendestulare prin \u00centruparea Domnului Nostru Iisus Hristos ! Ast\u0103zi, s\u0103rb\u0103torim Na\u0219terea M\u00e2ntuitorului \u0219i m\u0103rturisim c\u0103 Dumnezeu este \u00eentr-adev\u0103r cu noi! Ast\u0103zi, Fiul lui Dumnezeu, Unul-n\u0103scut asuma firea noastra omeneasca permi\u021b\u00e2ndu-ne s\u0103 participam la &hellip; Continued\" \/>\n<meta property=\"og:url\" content=\"https:\/\/orthodoxia.be\/ro\/2020\/12\/23\/nasterea-domnului-2020\/\" \/>\n<meta property=\"og:site_name\" content=\"Orthodox Archdiocese of Belgium\" \/>\n<meta property=\"article:publisher\" content=\"https:\/\/www.facebook.com\/orthobel\" \/>\n<meta property=\"article:published_time\" content=\"2020-12-23T14:16:36+00:00\" \/>\n<meta property=\"article:modified_time\" content=\"2020-12-23T14:37:45+00:00\" \/>\n<meta property=\"og:image\" content=\"https:\/\/orthodoxia.be\/wp-content\/uploads\/2017\/10\/athenagoras-belgiou.jpg\" \/>\n\t<meta property=\"og:image:width\" content=\"500\" \/>\n\t<meta property=\"og:image:height\" content=\"755\" \/>\n\t<meta property=\"og:image:type\" content=\"image\/jpeg\" \/>\n<meta name=\"author\" content=\"fr. Emilianos Chatzivasileiou\" \/>\n<meta name=\"twitter:card\" content=\"summary_large_image\" \/>\n<meta name=\"twitter:creator\" content=\"@orthobel\" \/>\n<meta name=\"twitter:site\" content=\"@orthobel\" \/>\n<meta name=\"twitter:label1\" content=\"Scris de\" \/>\n\t<meta name=\"twitter:data1\" content=\"fr. Emilianos Chatzivasileiou\" \/>\n\t<meta name=\"twitter:label2\" content=\"Timp estimat pentru citire\" \/>\n\t<meta name=\"twitter:data2\" content=\"3 minute\" \/>\n<script type=\"application\/ld+json\" class=\"yoast-schema-graph\">{\"@context\":\"https:\/\/schema.org\",\"@graph\":[{\"@type\":\"Article\",\"@id\":\"https:\/\/orthodoxia.be\/ro\/2020\/12\/23\/nasterea-domnului-2020\/#article\",\"isPartOf\":{\"@id\":\"https:\/\/orthodoxia.be\/ro\/2020\/12\/23\/nasterea-domnului-2020\/\"},\"author\":{\"name\":\"fr. Emilianos Chatzivasileiou\",\"@id\":\"https:\/\/orthodoxia.be\/#\/schema\/person\/f6c4fd8f4c3dfc201522ccccede872c4\"},\"headline\":\"Nasterea Domnului 2020\",\"datePublished\":\"2020-12-23T14:16:36+00:00\",\"dateModified\":\"2020-12-23T14:37:45+00:00\",\"mainEntityOfPage\":{\"@id\":\"https:\/\/orthodoxia.be\/ro\/2020\/12\/23\/nasterea-domnului-2020\/\"},\"wordCount\":537,\"publisher\":{\"@id\":\"https:\/\/orthodoxia.be\/#organization\"},\"image\":{\"@id\":\"https:\/\/orthodoxia.be\/ro\/2020\/12\/23\/nasterea-domnului-2020\/#primaryimage\"},\"thumbnailUrl\":\"https:\/\/orthodoxia.be\/wp-content\/uploads\/2017\/10\/athenagoras-belgiou.jpg\",\"articleSection\":[\"Uncategorized @ro\"],\"inLanguage\":\"ro-RO\"},{\"@type\":\"WebPage\",\"@id\":\"https:\/\/orthodoxia.be\/ro\/2020\/12\/23\/nasterea-domnului-2020\/\",\"url\":\"https:\/\/orthodoxia.be\/ro\/2020\/12\/23\/nasterea-domnului-2020\/\",\"name\":\"Nasterea Domnului 2020 - Orthodox Archdiocese of Belgium\",\"isPartOf\":{\"@id\":\"https:\/\/orthodoxia.be\/#website\"},\"primaryImageOfPage\":{\"@id\":\"https:\/\/orthodoxia.be\/ro\/2020\/12\/23\/nasterea-domnului-2020\/#primaryimage\"},\"image\":{\"@id\":\"https:\/\/orthodoxia.be\/ro\/2020\/12\/23\/nasterea-domnului-2020\/#primaryimage\"},\"thumbnailUrl\":\"https:\/\/orthodoxia.be\/wp-content\/uploads\/2017\/10\/athenagoras-belgiou.jpg\",\"datePublished\":\"2020-12-23T14:16:36+00:00\",\"dateModified\":\"2020-12-23T14:37:45+00:00\",\"breadcrumb\":{\"@id\":\"https:\/\/orthodoxia.be\/ro\/2020\/12\/23\/nasterea-domnului-2020\/#breadcrumb\"},\"inLanguage\":\"ro-RO\",\"potentialAction\":[{\"@type\":\"ReadAction\",\"target\":[\"https:\/\/orthodoxia.be\/ro\/2020\/12\/23\/nasterea-domnului-2020\/\"]}]},{\"@type\":\"ImageObject\",\"inLanguage\":\"ro-RO\",\"@id\":\"https:\/\/orthodoxia.be\/ro\/2020\/12\/23\/nasterea-domnului-2020\/#primaryimage\",\"url\":\"https:\/\/orthodoxia.be\/wp-content\/uploads\/2017\/10\/athenagoras-belgiou.jpg\",\"contentUrl\":\"https:\/\/orthodoxia.be\/wp-content\/uploads\/2017\/10\/athenagoras-belgiou.jpg\",\"width\":500,\"height\":755},{\"@type\":\"BreadcrumbList\",\"@id\":\"https:\/\/orthodoxia.be\/ro\/2020\/12\/23\/nasterea-domnului-2020\/#breadcrumb\",\"itemListElement\":[{\"@type\":\"ListItem\",\"position\":1,\"name\":\"Home\",\"item\":\"https:\/\/orthodoxia.be\/\"},{\"@type\":\"ListItem\",\"position\":2,\"name\":\"Nasterea Domnului 2020\"}]},{\"@type\":\"WebSite\",\"@id\":\"https:\/\/orthodoxia.be\/#website\",\"url\":\"https:\/\/orthodoxia.be\/\",\"name\":\"Orthodox Archdiocese of Belgium (Benelux)\",\"description\":\"Orthodox Archdiocese of Belgium\",\"publisher\":{\"@id\":\"https:\/\/orthodoxia.be\/#organization\"},\"alternateName\":\"IMB\",\"potentialAction\":[{\"@type\":\"SearchAction\",\"target\":{\"@type\":\"EntryPoint\",\"urlTemplate\":\"https:\/\/orthodoxia.be\/?s={search_term_string}\"},\"query-input\":{\"@type\":\"PropertyValueSpecification\",\"valueRequired\":true,\"valueName\":\"search_term_string\"}}],\"inLanguage\":\"ro-RO\"},{\"@type\":\"Organization\",\"@id\":\"https:\/\/orthodoxia.be\/#organization\",\"name\":\"Orthodox Archdiocese of Belgium (Benelux)\",\"url\":\"https:\/\/orthodoxia.be\/\",\"logo\":{\"@type\":\"ImageObject\",\"inLanguage\":\"ro-RO\",\"@id\":\"https:\/\/orthodoxia.be\/#\/schema\/logo\/image\/\",\"url\":\"https:\/\/orthodoxia.be\/wp-content\/uploads\/2024\/02\/cropped-IMB-logo-512-cl-1.png\",\"contentUrl\":\"https:\/\/orthodoxia.be\/wp-content\/uploads\/2024\/02\/cropped-IMB-logo-512-cl-1.png\",\"width\":512,\"height\":512,\"caption\":\"Orthodox Archdiocese of Belgium (Benelux)\"},\"image\":{\"@id\":\"https:\/\/orthodoxia.be\/#\/schema\/logo\/image\/\"},\"sameAs\":[\"https:\/\/www.facebook.com\/orthobel\",\"https:\/\/x.com\/orthobel\",\"https:\/\/www.youtube.com\/c\/orthobel\",\"https:\/\/www.mixcloud.com\/orthobel\/\",\"https:\/\/www.flickr.com\/photos\/148264890@N07\/albums\",\"https:\/\/www.dailymotion.com\/Orthobel\"]},{\"@type\":\"Person\",\"@id\":\"https:\/\/orthodoxia.be\/#\/schema\/person\/f6c4fd8f4c3dfc201522ccccede872c4\",\"name\":\"fr. Emilianos Chatzivasileiou\",\"image\":{\"@type\":\"ImageObject\",\"inLanguage\":\"ro-RO\",\"@id\":\"https:\/\/orthodoxia.be\/#\/schema\/person\/image\/\",\"url\":\"https:\/\/secure.gravatar.com\/avatar\/5b67115dbb9ae1579c39e9ae857d39ac?s=96&d=mm&r=g\",\"contentUrl\":\"https:\/\/secure.gravatar.com\/avatar\/5b67115dbb9ae1579c39e9ae857d39ac?s=96&d=mm&r=g\",\"caption\":\"fr. Emilianos Chatzivasileiou\"},\"sameAs\":[\"http:\/\/orthodoxia.be\"],\"url\":\"https:\/\/orthodoxia.be\/ro\/author\/p-emilianos\/\"}]}<\/script>\n<!-- \/ Yoast SEO plugin. -->","yoast_head_json":{"title":"Nasterea Domnului 2020 - Orthodox Archdiocese of Belgium","robots":{"index":"index","follow":"follow","max-snippet":"max-snippet:-1","max-image-preview":"max-image-preview:large","max-video-preview":"max-video-preview:-1"},"canonical":"https:\/\/orthodoxia.be\/ro\/2020\/12\/23\/nasterea-domnului-2020\/","og_locale":"ro_RO","og_type":"article","og_title":"Nasterea Domnului 2020 - Orthodox Archdiocese of Belgium","og_description":"Dragi fra\u021bi si surori \u00een Hristos, Hristos s-a n\u0103scut, mariti-l! Va salut \u00een dragostea, bucuria \u0219i n\u0103dejdea care ne-au fost d\u0103ruite cu \u00eendestulare prin \u00centruparea Domnului Nostru Iisus Hristos ! Ast\u0103zi, s\u0103rb\u0103torim Na\u0219terea M\u00e2ntuitorului \u0219i m\u0103rturisim c\u0103 Dumnezeu este \u00eentr-adev\u0103r cu noi! Ast\u0103zi, Fiul lui Dumnezeu, Unul-n\u0103scut asuma firea noastra omeneasca permi\u021b\u00e2ndu-ne s\u0103 participam la &hellip; Continued","og_url":"https:\/\/orthodoxia.be\/ro\/2020\/12\/23\/nasterea-domnului-2020\/","og_site_name":"Orthodox Archdiocese of Belgium","article_publisher":"https:\/\/www.facebook.com\/orthobel","article_published_time":"2020-12-23T14:16:36+00:00","article_modified_time":"2020-12-23T14:37:45+00:00","og_image":[{"width":500,"height":755,"url":"https:\/\/orthodoxia.be\/wp-content\/uploads\/2017\/10\/athenagoras-belgiou.jpg","type":"image\/jpeg"}],"author":"fr. Emilianos Chatzivasileiou","twitter_card":"summary_large_image","twitter_creator":"@orthobel","twitter_site":"@orthobel","twitter_misc":{"Scris de":"fr. Emilianos Chatzivasileiou","Timp estimat pentru citire":"3 minute"},"schema":{"@context":"https:\/\/schema.org","@graph":[{"@type":"Article","@id":"https:\/\/orthodoxia.be\/ro\/2020\/12\/23\/nasterea-domnului-2020\/#article","isPartOf":{"@id":"https:\/\/orthodoxia.be\/ro\/2020\/12\/23\/nasterea-domnului-2020\/"},"author":{"name":"fr. Emilianos Chatzivasileiou","@id":"https:\/\/orthodoxia.be\/#\/schema\/person\/f6c4fd8f4c3dfc201522ccccede872c4"},"headline":"Nasterea Domnului 2020","datePublished":"2020-12-23T14:16:36+00:00","dateModified":"2020-12-23T14:37:45+00:00","mainEntityOfPage":{"@id":"https:\/\/orthodoxia.be\/ro\/2020\/12\/23\/nasterea-domnului-2020\/"},"wordCount":537,"publisher":{"@id":"https:\/\/orthodoxia.be\/#organization"},"image":{"@id":"https:\/\/orthodoxia.be\/ro\/2020\/12\/23\/nasterea-domnului-2020\/#primaryimage"},"thumbnailUrl":"https:\/\/orthodoxia.be\/wp-content\/uploads\/2017\/10\/athenagoras-belgiou.jpg","articleSection":["Uncategorized @ro"],"inLanguage":"ro-RO"},{"@type":"WebPage","@id":"https:\/\/orthodoxia.be\/ro\/2020\/12\/23\/nasterea-domnului-2020\/","url":"https:\/\/orthodoxia.be\/ro\/2020\/12\/23\/nasterea-domnului-2020\/","name":"Nasterea Domnului 2020 - Orthodox Archdiocese of Belgium","isPartOf":{"@id":"https:\/\/orthodoxia.be\/#website"},"primaryImageOfPage":{"@id":"https:\/\/orthodoxia.be\/ro\/2020\/12\/23\/nasterea-domnului-2020\/#primaryimage"},"image":{"@id":"https:\/\/orthodoxia.be\/ro\/2020\/12\/23\/nasterea-domnului-2020\/#primaryimage"},"thumbnailUrl":"https:\/\/orthodoxia.be\/wp-content\/uploads\/2017\/10\/athenagoras-belgiou.jpg","datePublished":"2020-12-23T14:16:36+00:00","dateModified":"2020-12-23T14:37:45+00:00","breadcrumb":{"@id":"https:\/\/orthodoxia.be\/ro\/2020\/12\/23\/nasterea-domnului-2020\/#breadcrumb"},"inLanguage":"ro-RO","potentialAction":[{"@type":"ReadAction","target":["https:\/\/orthodoxia.be\/ro\/2020\/12\/23\/nasterea-domnului-2020\/"]}]},{"@type":"ImageObject","inLanguage":"ro-RO","@id":"https:\/\/orthodoxia.be\/ro\/2020\/12\/23\/nasterea-domnului-2020\/#primaryimage","url":"https:\/\/orthodoxia.be\/wp-content\/uploads\/2017\/10\/athenagoras-belgiou.jpg","contentUrl":"https:\/\/orthodoxia.be\/wp-content\/uploads\/2017\/10\/athenagoras-belgiou.jpg","width":500,"height":755},{"@type":"BreadcrumbList","@id":"https:\/\/orthodoxia.be\/ro\/2020\/12\/23\/nasterea-domnului-2020\/#breadcrumb","itemListElement":[{"@type":"ListItem","position":1,"name":"Home","item":"https:\/\/orthodoxia.be\/"},{"@type":"ListItem","position":2,"name":"Nasterea Domnului 2020"}]},{"@type":"WebSite","@id":"https:\/\/orthodoxia.be\/#website","url":"https:\/\/orthodoxia.be\/","name":"Orthodox Archdiocese of Belgium (Benelux)","description":"Orthodox Archdiocese of Belgium","publisher":{"@id":"https:\/\/orthodoxia.be\/#organization"},"alternateName":"IMB","potentialAction":[{"@type":"SearchAction","target":{"@type":"EntryPoint","urlTemplate":"https:\/\/orthodoxia.be\/?s={search_term_string}"},"query-input":{"@type":"PropertyValueSpecification","valueRequired":true,"valueName":"search_term_string"}}],"inLanguage":"ro-RO"},{"@type":"Organization","@id":"https:\/\/orthodoxia.be\/#organization","name":"Orthodox Archdiocese of Belgium (Benelux)","url":"https:\/\/orthodoxia.be\/","logo":{"@type":"ImageObject","inLanguage":"ro-RO","@id":"https:\/\/orthodoxia.be\/#\/schema\/logo\/image\/","url":"https:\/\/orthodoxia.be\/wp-content\/uploads\/2024\/02\/cropped-IMB-logo-512-cl-1.png","contentUrl":"https:\/\/orthodoxia.be\/wp-content\/uploads\/2024\/02\/cropped-IMB-logo-512-cl-1.png","width":512,"height":512,"caption":"Orthodox Archdiocese of Belgium (Benelux)"},"image":{"@id":"https:\/\/orthodoxia.be\/#\/schema\/logo\/image\/"},"sameAs":["https:\/\/www.facebook.com\/orthobel","https:\/\/x.com\/orthobel","https:\/\/www.youtube.com\/c\/orthobel","https:\/\/www.mixcloud.com\/orthobel\/","https:\/\/www.flickr.com\/photos\/148264890@N07\/albums","https:\/\/www.dailymotion.com\/Orthobel"]},{"@type":"Person","@id":"https:\/\/orthodoxia.be\/#\/schema\/person\/f6c4fd8f4c3dfc201522ccccede872c4","name":"fr. Emilianos Chatzivasileiou","image":{"@type":"ImageObject","inLanguage":"ro-RO","@id":"https:\/\/orthodoxia.be\/#\/schema\/person\/image\/","url":"https:\/\/secure.gravatar.com\/avatar\/5b67115dbb9ae1579c39e9ae857d39ac?s=96&d=mm&r=g","contentUrl":"https:\/\/secure.gravatar.com\/avatar\/5b67115dbb9ae1579c39e9ae857d39ac?s=96&d=mm&r=g","caption":"fr. Emilianos Chatzivasileiou"},"sameAs":["http:\/\/orthodoxia.be"],"url":"https:\/\/orthodoxia.be\/ro\/author\/p-emilianos\/"}]}},"_links":{"self":[{"href":"https:\/\/orthodoxia.be\/ro\/wp-json\/wp\/v2\/posts\/29385","targetHints":{"allow":["GET"]}}],"collection":[{"href":"https:\/\/orthodoxia.be\/ro\/wp-json\/wp\/v2\/posts"}],"about":[{"href":"https:\/\/orthodoxia.be\/ro\/wp-json\/wp\/v2\/types\/post"}],"author":[{"embeddable":true,"href":"https:\/\/orthodoxia.be\/ro\/wp-json\/wp\/v2\/users\/10"}],"replies":[{"embeddable":true,"href":"https:\/\/orthodoxia.be\/ro\/wp-json\/wp\/v2\/comments?post=29385"}],"version-history":[{"count":1,"href":"https:\/\/orthodoxia.be\/ro\/wp-json\/wp\/v2\/posts\/29385\/revisions"}],"predecessor-version":[{"id":29386,"href":"https:\/\/orthodoxia.be\/ro\/wp-json\/wp\/v2\/posts\/29385\/revisions\/29386"}],"wp:featuredmedia":[{"embeddable":true,"href":"https:\/\/orthodoxia.be\/ro\/wp-json\/wp\/v2\/media\/11372"}],"wp:attachment":[{"href":"https:\/\/orthodoxia.be\/ro\/wp-json\/wp\/v2\/media?parent=29385"}],"wp:term":[{"taxonomy":"category","embeddable":true,"href":"https:\/\/orthodoxia.be\/ro\/wp-json\/wp\/v2\/categories?post=29385"},{"taxonomy":"post_tag","embeddable":true,"href":"https:\/\/orthodoxia.be\/ro\/wp-json\/wp\/v2\/tags?post=29385"}],"curies":[{"name":"wp","href":"https:\/\/api.w.org\/{rel}","templated":true}]}}